{"id":34341,"date":"2019-09-19T22:37:59","date_gmt":"2019-09-19T21:37:59","guid":{"rendered":"http:\/\/www.altominho.tv\/site\/?p=34341"},"modified":"2019-09-20T00:03:33","modified_gmt":"2019-09-19T23:03:33","slug":"eliminar-carne-de-vaca-nas-cantinas-de-coimbra-e-cuidar-do-futuro","status":"publish","type":"post","link":"https:\/\/www.altominho.tv\/site\/2019\/09\/19\/eliminar-carne-de-vaca-nas-cantinas-de-coimbra-e-cuidar-do-futuro\/","title":{"rendered":"Eliminar carne de vaca nas cantinas de Coimbra \u00e9 \u201ccuidar do futuro\u201d"},"content":{"rendered":"\n<p>O reitor da Universidade de Coimbra (UC) disse que a academia est\u00e1 a \u201ccuidar do futuro\u201d dos jovens ao decidir eliminar, a partir de janeiro de 2020, a carne de vaca das ementas das suas cantinas.<br><\/p>\n\n\n\n<p>Questionado pela ag\u00eancia Lusa sobre a contesta\u00e7\u00e3o \u00e0 decis\u00e3o, por si anunciada na ter\u00e7a-feira, Am\u00edlcar Falc\u00e3o considerou que este \u201c\u00e9 um assunto que j\u00e1 est\u00e1 ultrapassado\u201d.<br><\/p>\n\n\n\n<p>A vis\u00e3o da Universidade de Coimbra em rela\u00e7\u00e3o a essa mat\u00e9ria \u201ctem a ver com as altera\u00e7\u00f5es clim\u00e1ticas, n\u00e3o tem a ver com nenhuma quest\u00e3o financeira, nem nenhum grupo econ\u00f3mico, nem com partidos pol\u00edticos\u201d, assegurou.<br><\/p>\n\n\n\n<p>\u201cIsso \u00e9 especula\u00e7\u00e3o que n\u00e3o vou alimentar\u201d, sublinhou o reitor, que falava \u00e0 margem da sess\u00e3o de assinatura de um protocolo da UC com a Altice, para a cria\u00e7\u00e3o de um laborat\u00f3rio na \u00e1rea das telecomunica\u00e7\u00f5es e sistemas de informa\u00e7\u00e3o, em Coimbra.<br><\/p>\n\n\n\n<p>\u201cO que estamos a fazer \u00e9 olhar para o futuro, cuidar do futuro dos jovens, \u00e9 um problema de gera\u00e7\u00e3o. Quem quiser entender que as universidades e a nossa, no caso concreto, t\u00eam responsabilidade social, entende. Quem n\u00e3o quiser entender, pois com certeza, \u00e9 livre de ter opini\u00e3o diferente\u201d, acrescentou.<br>N\u00e3o esteve nem est\u00e1 no \u201chorizonte da Universidade intrometer-se em assuntos que n\u00e3o lhe dizem respeito\u201d.<br><\/p>\n\n\n\n<p>Por\u00e9m, referiu, a sa\u00fade, a educa\u00e7\u00e3o e o futuro dos jovens s\u00e3o assuntos que dizem respeito \u00e0 academia, j\u00e1 que atender&nbsp; \u00e0s componentes \u201ccient\u00edfica, educacional e de forma\u00e7\u00e3o dos futuros profissionais e quadros\u201d do pa\u00eds \u00e9 \u201cobriga\u00e7\u00e3o\u201d da institui\u00e7\u00e3o.<br><\/p>\n\n\n\n<p>Segundo o reitor, \u201ca maioria da juventude est\u00e1 a favor\u201d da medida agora adotada pela UC, pois \u201csabe, percebe, pressente\u201d os perigos para o seu futuro: \u201cSe n\u00e3o cuidarmos do planeta &#8211; e \u00e9 isso que est\u00e1 em causa, n\u00e3o \u00e9 mais nada \u2013 todo o resto s\u00e3o aproveitamentos colaterais\u201d.<br><\/p>\n\n\n\n<p>O fim da carne de bovino nas 14 cantinas da UC \u00e9 \u201capenas uma parte da quest\u00e3o\u201d, advertiu Am\u00edlcar Falc\u00e3o, recordando que quando anunciou esta medida tamb\u00e9m deu conta de outras decis\u00f5es no mesmo sentido, como a \u201ctentativa de elimina\u00e7\u00e3o do pl\u00e1stico, a todos os n\u00edveis, nos laborat\u00f3rios, nas cantinas, nas resid\u00eancias, em toda a atividade da universidade\u201d e a redu\u00e7\u00e3o do tr\u00e1fego na universidade.<br><\/p>\n\n\n\n<p>A contesta\u00e7\u00e3o \u00e9 uma \u201crea\u00e7\u00e3o natural\u201d a este tipo de medidas, reconheceu o reitor, recordando casos como as relacionadas com os sacos de pl\u00e1stico nos supermercados ou a venda de produtos com sal ou a\u00e7\u00facar em excesso em produtos vendidos atrav\u00e9s de m\u00e1quinas instaladas em hospitais, que tamb\u00e9m foram contestadas e acabaram por ser compreendidas e bem aceites.<br><\/p>\n\n\n\n<p>\u201cImportante \u00e9 tamb\u00e9m perceber que a academia e os estudantes est\u00e3o satisfeitos com a posi\u00e7\u00e3o da universidade, que pretende dentro de 10 anos ser neutra do ponto de vista carb\u00f3nico\u201d, afirmou, sublinhando que este \u00e9 um dos \u201cobjetivos para o desenvolvimento sustent\u00e1vel da Agenda 2030 das Na\u00e7\u00f5es Unidas\u201d.<br><\/p>\n\n\n\n<p>A Universidade de Coimbra \u201cn\u00e3o est\u00e1 a inventar nada, apenas a alinhar pelas pol\u00edticas definidas a n\u00edveis muito superiores\u201d.<br><\/p>\n\n\n\n<p>Se o ambiente n\u00e3o for preservado, insistiu, entrar-se-\u00e1 num \u201cprocesso que \u00e9 irrevers\u00edvel\u201d, concluiu.<br><\/p>\n\n\n\n<p>Desde que em 17 de setembro o reitor anunciou a elimina\u00e7\u00e3o da carne de vaca das ementas das cantinas da UC, a medida foi contestada pelas confedera\u00e7\u00f5es dos Agricultores de Portugal (CAP), Nacional da Agricultura (CNA) e Nacional das Cooperativas Agr\u00edcolas e do Cr\u00e9dito Agr\u00edcola de Portugal (Confagri), e pelas associa\u00e7\u00f5es Portuguesa dos Industriais de Curtumes (APIC), dos Produtores de Leite de Portugal (APROLEP), Empresarial da Regi\u00e3o de Coimbra (NERC), dos Jovens Agricultores de Portugal (APAJ), Nacional de Criadores de Su\u00ednos da Ra\u00e7a B\u00edsara (ANCSUB) e de Criadores de Ovinos Mirandeses (ACOM)&nbsp; .<br><\/p>\n\n\n\n<p>Tamb\u00e9m as federa\u00e7\u00f5es das Associa\u00e7\u00f5es de Agricultores do Baixo Alentejo (FAABA) e Agr\u00edcola dos A\u00e7ores e a Cooperativa Agr\u00edcola de Arcos de Valdevez e Ponte da Barca, entre outras organiza\u00e7\u00f5es, se manifestaram contra a medida.<br><\/p>\n\n\n\n<p>O l\u00edder distrital de Coimbra do CDS, Rui Nuno Castro, reagiu hoje &#8220;com desalentada surpresa&#8221; \u00e0 decis\u00e3o da UC, tal como a deputada Patr\u00edcia Fonseca, recandidata ao lugar pelo CDS por Santar\u00e9m.<br><\/p>\n\n\n\n<p>O cabe\u00e7a de lista do PSD por Beja, Henrique Silvestre, considerou que a UC \u201cperdeu uma oportunidade de incentivar\u201d os empres\u00e1rios agr\u00edcolas portugueses a aderirem a pr\u00e1ticas ambientalmente sustent\u00e1veis.<br><\/p>\n","protected":false},"excerpt":{"rendered":"<p>O reitor da Universidade de Coimbra (UC) disse que a academia est\u00e1 a \u201ccuidar do futuro\u201d dos jovens ao decidir eliminar, a partir de janeiro de 2020, a carne de vaca das ementas das suas cantinas. Questionado pela ag\u00eancia Lusa sobre a contesta\u00e7\u00e3o \u00e0 decis\u00e3o, por si anunciada na ter\u00e7a-feira, Am\u00edlcar Falc\u00e3o considerou que este [&hellip;]<\/p>\n","protected":false},"author":7,"featured_media":34356,"comment_status":"closed","ping_status":"closed","sticky":false,"template":"","format":"standard","meta":{"_exactmetrics_skip_tracking":false,"_exactmetrics_sitenote_active":false,"_exactmetrics_sitenote_note":"","_exactmetrics_sitenote_category":0,"footnotes":""},"categories":[73],"tags":[21,27],"class_list":["post-34341","post","type-post","status-publish","format-standard","has-post-thumbnail","hentry","category-alto-minho","tag-economia","tag-sociedade"],"yoast_head":"<!-- This site is optimized with the Yoast SEO Premium plugin v27.4 (Yoast SEO v27.4) - https:\/\/yoast.com\/product\/yoast-seo-premium-wordpress\/ -->\n<title>Eliminar carne de vaca nas cantinas de Coimbra \u00e9 \u201ccuidar do futuro\u201d<\/title>\n<meta name=\"robots\" content=\"index, follow, max-snippet:-1, max-image-preview:large, max-video-preview:-1\" \/>\n<link rel=\"canonical\" href=\"https:\/\/www.altominho.tv\/site\/2019\/09\/19\/eliminar-carne-de-vaca-nas-cantinas-de-coimbra-e-cuidar-do-futuro\/\" \/>\n<meta property=\"og:locale\" content=\"pt_PT\" \/>\n<meta property=\"og:type\" content=\"article\" \/>\n<meta property=\"og:title\" content=\"Eliminar carne de vaca nas cantinas de Coimbra \u00e9 \u201ccuidar do futuro\u201d\" \/>\n<meta property=\"og:description\" content=\"O reitor da Universidade de Coimbra (UC) disse que a academia est\u00e1 a \u201ccuidar do futuro\u201d dos jovens ao decidir eliminar, a partir de janeiro de 2020, a carne de vaca das ementas das suas cantinas. Questionado pela ag\u00eancia Lusa sobre a contesta\u00e7\u00e3o \u00e0 decis\u00e3o, por si anunciada na ter\u00e7a-feira, Am\u00edlcar Falc\u00e3o considerou que este [&hellip;]\" \/>\n<meta property=\"og:url\" content=\"https:\/\/www.altominho.tv\/site\/2019\/09\/19\/eliminar-carne-de-vaca-nas-cantinas-de-coimbra-e-cuidar-do-futuro\/\" \/>\n<meta property=\"og:site_name\" content=\"Altominho.tv\" \/>\n<meta property=\"article:publisher\" content=\"https:\/\/www.facebook.com\/altominhotv\" \/>\n<meta property=\"article:published_time\" content=\"2019-09-19T21:37:59+00:00\" \/>\n<meta property=\"article:modified_time\" content=\"2019-09-19T23:03:33+00:00\" \/>\n<meta property=\"og:image\" content=\"https:\/\/www.altominho.tv\/site\/wp-content\/uploads\/2019\/09\/cropped-Matadouro_Carne.jpg\" \/>\n\t<meta property=\"og:image:width\" content=\"808\" \/>\n\t<meta property=\"og:image:height\" content=\"455\" \/>\n\t<meta property=\"og:image:type\" content=\"image\/jpeg\" \/>\n<meta name=\"author\" content=\"Andreia Cunha\" \/>\n<meta name=\"twitter:card\" content=\"summary_large_image\" \/>\n<meta name=\"twitter:creator\" content=\"@altominhoTV\" \/>\n<meta name=\"twitter:site\" content=\"@altominhoTV\" \/>\n<meta name=\"twitter:label1\" content=\"Escrito por\" \/>\n\t<meta name=\"twitter:data1\" content=\"Andreia Cunha\" \/>\n\t<meta name=\"twitter:label2\" content=\"Tempo estimado de leitura\" \/>\n\t<meta name=\"twitter:data2\" content=\"4 minutos\" \/>\n<script type=\"application\/ld+json\" class=\"yoast-schema-graph\">{\"@context\":\"https:\\\/\\\/schema.org\",\"@graph\":[{\"@type\":\"Article\",\"@id\":\"https:\\\/\\\/www.altominho.tv\\\/site\\\/2019\\\/09\\\/19\\\/eliminar-carne-de-vaca-nas-cantinas-de-coimbra-e-cuidar-do-futuro\\\/#article\",\"isPartOf\":{\"@id\":\"https:\\\/\\\/www.altominho.tv\\\/site\\\/2019\\\/09\\\/19\\\/eliminar-carne-de-vaca-nas-cantinas-de-coimbra-e-cuidar-do-futuro\\\/\"},\"author\":{\"name\":\"Andreia Cunha\",\"@id\":\"https:\\\/\\\/www.altominho.tv\\\/site\\\/#\\\/schema\\\/person\\\/a0e4ef6d041f98ca284393d8f1d97153\"},\"headline\":\"Eliminar carne de vaca nas cantinas de Coimbra \u00e9 \u201ccuidar do futuro\u201d\",\"datePublished\":\"2019-09-19T21:37:59+00:00\",\"dateModified\":\"2019-09-19T23:03:33+00:00\",\"mainEntityOfPage\":{\"@id\":\"https:\\\/\\\/www.altominho.tv\\\/site\\\/2019\\\/09\\\/19\\\/eliminar-carne-de-vaca-nas-cantinas-de-coimbra-e-cuidar-do-futuro\\\/\"},\"wordCount\":772,\"image\":{\"@id\":\"https:\\\/\\\/www.altominho.tv\\\/site\\\/2019\\\/09\\\/19\\\/eliminar-carne-de-vaca-nas-cantinas-de-coimbra-e-cuidar-do-futuro\\\/#primaryimage\"},\"thumbnailUrl\":\"https:\\\/\\\/www.altominho.tv\\\/site\\\/wp-content\\\/uploads\\\/2019\\\/09\\\/cropped-Matadouro_Carne.jpg\",\"keywords\":[\"Economia\",\"Sociedade\"],\"articleSection\":[\"Alto Minho\"],\"inLanguage\":\"pt-PT\",\"copyrightYear\":\"2019\",\"copyrightHolder\":{\"@id\":\"https:\\\/\\\/www.altominho.tv\\\/site\\\/#organization\"}},{\"@type\":\"WebPage\",\"@id\":\"https:\\\/\\\/www.altominho.tv\\\/site\\\/2019\\\/09\\\/19\\\/eliminar-carne-de-vaca-nas-cantinas-de-coimbra-e-cuidar-do-futuro\\\/\",\"url\":\"https:\\\/\\\/www.altominho.tv\\\/site\\\/2019\\\/09\\\/19\\\/eliminar-carne-de-vaca-nas-cantinas-de-coimbra-e-cuidar-do-futuro\\\/\",\"name\":\"Eliminar carne de vaca nas cantinas de Coimbra \u00e9 \u201ccuidar do futuro\u201d\",\"isPartOf\":{\"@id\":\"https:\\\/\\\/www.altominho.tv\\\/site\\\/#website\"},\"primaryImageOfPage\":{\"@id\":\"https:\\\/\\\/www.altominho.tv\\\/site\\\/2019\\\/09\\\/19\\\/eliminar-carne-de-vaca-nas-cantinas-de-coimbra-e-cuidar-do-futuro\\\/#primaryimage\"},\"image\":{\"@id\":\"https:\\\/\\\/www.altominho.tv\\\/site\\\/2019\\\/09\\\/19\\\/eliminar-carne-de-vaca-nas-cantinas-de-coimbra-e-cuidar-do-futuro\\\/#primaryimage\"},\"thumbnailUrl\":\"https:\\\/\\\/www.altominho.tv\\\/site\\\/wp-content\\\/uploads\\\/2019\\\/09\\\/cropped-Matadouro_Carne.jpg\",\"datePublished\":\"2019-09-19T21:37:59+00:00\",\"dateModified\":\"2019-09-19T23:03:33+00:00\",\"author\":{\"@id\":\"https:\\\/\\\/www.altominho.tv\\\/site\\\/#\\\/schema\\\/person\\\/a0e4ef6d041f98ca284393d8f1d97153\"},\"breadcrumb\":{\"@id\":\"https:\\\/\\\/www.altominho.tv\\\/site\\\/2019\\\/09\\\/19\\\/eliminar-carne-de-vaca-nas-cantinas-de-coimbra-e-cuidar-do-futuro\\\/#breadcrumb\"},\"inLanguage\":\"pt-PT\",\"potentialAction\":[{\"@type\":\"ReadAction\",\"target\":[\"https:\\\/\\\/www.altominho.tv\\\/site\\\/2019\\\/09\\\/19\\\/eliminar-carne-de-vaca-nas-cantinas-de-coimbra-e-cuidar-do-futuro\\\/\"]}]},{\"@type\":\"ImageObject\",\"inLanguage\":\"pt-PT\",\"@id\":\"https:\\\/\\\/www.altominho.tv\\\/site\\\/2019\\\/09\\\/19\\\/eliminar-carne-de-vaca-nas-cantinas-de-coimbra-e-cuidar-do-futuro\\\/#primaryimage\",\"url\":\"https:\\\/\\\/www.altominho.tv\\\/site\\\/wp-content\\\/uploads\\\/2019\\\/09\\\/cropped-Matadouro_Carne.jpg\",\"contentUrl\":\"https:\\\/\\\/www.altominho.tv\\\/site\\\/wp-content\\\/uploads\\\/2019\\\/09\\\/cropped-Matadouro_Carne.jpg\",\"width\":808,\"height\":455},{\"@type\":\"BreadcrumbList\",\"@id\":\"https:\\\/\\\/www.altominho.tv\\\/site\\\/2019\\\/09\\\/19\\\/eliminar-carne-de-vaca-nas-cantinas-de-coimbra-e-cuidar-do-futuro\\\/#breadcrumb\",\"itemListElement\":[{\"@type\":\"ListItem\",\"position\":1,\"name\":\"In\u00edcio\",\"item\":\"https:\\\/\\\/www.altominho.tv\\\/site\\\/\"},{\"@type\":\"ListItem\",\"position\":2,\"name\":\"Eliminar carne de vaca nas cantinas de Coimbra \u00e9 \u201ccuidar do futuro\u201d\"}]},{\"@type\":\"WebSite\",\"@id\":\"https:\\\/\\\/www.altominho.tv\\\/site\\\/#website\",\"url\":\"https:\\\/\\\/www.altominho.tv\\\/site\\\/\",\"name\":\"Altominho.tv\",\"description\":\"A sua regi\u00e3o \u00e0 dist\u00e2ncia de um clique...\",\"potentialAction\":[{\"@type\":\"SearchAction\",\"target\":{\"@type\":\"EntryPoint\",\"urlTemplate\":\"https:\\\/\\\/www.altominho.tv\\\/site\\\/?s={search_term_string}\"},\"query-input\":{\"@type\":\"PropertyValueSpecification\",\"valueRequired\":true,\"valueName\":\"search_term_string\"}}],\"inLanguage\":\"pt-PT\"},{\"@type\":\"Person\",\"@id\":\"https:\\\/\\\/www.altominho.tv\\\/site\\\/#\\\/schema\\\/person\\\/a0e4ef6d041f98ca284393d8f1d97153\",\"name\":\"Andreia Cunha\",\"image\":{\"@type\":\"ImageObject\",\"inLanguage\":\"pt-PT\",\"@id\":\"https:\\\/\\\/www.altominho.tv\\\/site\\\/wp-content\\\/uploads\\\/2017\\\/11\\\/Andreia_Cunha-1-150x150.jpg\",\"url\":\"https:\\\/\\\/www.altominho.tv\\\/site\\\/wp-content\\\/uploads\\\/2017\\\/11\\\/Andreia_Cunha-1-150x150.jpg\",\"contentUrl\":\"https:\\\/\\\/www.altominho.tv\\\/site\\\/wp-content\\\/uploads\\\/2017\\\/11\\\/Andreia_Cunha-1-150x150.jpg\",\"caption\":\"Andreia Cunha\"},\"url\":\"https:\\\/\\\/www.altominho.tv\\\/site\\\/author\\\/andreiacunha\\\/\"}]}<\/script>\n<!-- \/ Yoast SEO Premium plugin. -->","yoast_head_json":{"title":"Eliminar carne de vaca nas cantinas de Coimbra \u00e9 \u201ccuidar do futuro\u201d","robots":{"index":"index","follow":"follow","max-snippet":"max-snippet:-1","max-image-preview":"max-image-preview:large","max-video-preview":"max-video-preview:-1"},"canonical":"https:\/\/www.altominho.tv\/site\/2019\/09\/19\/eliminar-carne-de-vaca-nas-cantinas-de-coimbra-e-cuidar-do-futuro\/","og_locale":"pt_PT","og_type":"article","og_title":"Eliminar carne de vaca nas cantinas de Coimbra \u00e9 \u201ccuidar do futuro\u201d","og_description":"O reitor da Universidade de Coimbra (UC) disse que a academia est\u00e1 a \u201ccuidar do futuro\u201d dos jovens ao decidir eliminar, a partir de janeiro de 2020, a carne de vaca das ementas das suas cantinas. Questionado pela ag\u00eancia Lusa sobre a contesta\u00e7\u00e3o \u00e0 decis\u00e3o, por si anunciada na ter\u00e7a-feira, Am\u00edlcar Falc\u00e3o considerou que este [&hellip;]","og_url":"https:\/\/www.altominho.tv\/site\/2019\/09\/19\/eliminar-carne-de-vaca-nas-cantinas-de-coimbra-e-cuidar-do-futuro\/","og_site_name":"Altominho.tv","article_publisher":"https:\/\/www.facebook.com\/altominhotv","article_published_time":"2019-09-19T21:37:59+00:00","article_modified_time":"2019-09-19T23:03:33+00:00","og_image":[{"width":808,"height":455,"url":"https:\/\/www.altominho.tv\/site\/wp-content\/uploads\/2019\/09\/cropped-Matadouro_Carne.jpg","type":"image\/jpeg"}],"author":"Andreia Cunha","twitter_card":"summary_large_image","twitter_creator":"@altominhoTV","twitter_site":"@altominhoTV","twitter_misc":{"Escrito por":"Andreia Cunha","Tempo estimado de leitura":"4 minutos"},"schema":{"@context":"https:\/\/schema.org","@graph":[{"@type":"Article","@id":"https:\/\/www.altominho.tv\/site\/2019\/09\/19\/eliminar-carne-de-vaca-nas-cantinas-de-coimbra-e-cuidar-do-futuro\/#article","isPartOf":{"@id":"https:\/\/www.altominho.tv\/site\/2019\/09\/19\/eliminar-carne-de-vaca-nas-cantinas-de-coimbra-e-cuidar-do-futuro\/"},"author":{"name":"Andreia Cunha","@id":"https:\/\/www.altominho.tv\/site\/#\/schema\/person\/a0e4ef6d041f98ca284393d8f1d97153"},"headline":"Eliminar carne de vaca nas cantinas de Coimbra \u00e9 \u201ccuidar do futuro\u201d","datePublished":"2019-09-19T21:37:59+00:00","dateModified":"2019-09-19T23:03:33+00:00","mainEntityOfPage":{"@id":"https:\/\/www.altominho.tv\/site\/2019\/09\/19\/eliminar-carne-de-vaca-nas-cantinas-de-coimbra-e-cuidar-do-futuro\/"},"wordCount":772,"image":{"@id":"https:\/\/www.altominho.tv\/site\/2019\/09\/19\/eliminar-carne-de-vaca-nas-cantinas-de-coimbra-e-cuidar-do-futuro\/#primaryimage"},"thumbnailUrl":"https:\/\/www.altominho.tv\/site\/wp-content\/uploads\/2019\/09\/cropped-Matadouro_Carne.jpg","keywords":["Economia","Sociedade"],"articleSection":["Alto Minho"],"inLanguage":"pt-PT","copyrightYear":"2019","copyrightHolder":{"@id":"https:\/\/www.altominho.tv\/site\/#organization"}},{"@type":"WebPage","@id":"https:\/\/www.altominho.tv\/site\/2019\/09\/19\/eliminar-carne-de-vaca-nas-cantinas-de-coimbra-e-cuidar-do-futuro\/","url":"https:\/\/www.altominho.tv\/site\/2019\/09\/19\/eliminar-carne-de-vaca-nas-cantinas-de-coimbra-e-cuidar-do-futuro\/","name":"Eliminar carne de vaca nas cantinas de Coimbra \u00e9 \u201ccuidar do futuro\u201d","isPartOf":{"@id":"https:\/\/www.altominho.tv\/site\/#website"},"primaryImageOfPage":{"@id":"https:\/\/www.altominho.tv\/site\/2019\/09\/19\/eliminar-carne-de-vaca-nas-cantinas-de-coimbra-e-cuidar-do-futuro\/#primaryimage"},"image":{"@id":"https:\/\/www.altominho.tv\/site\/2019\/09\/19\/eliminar-carne-de-vaca-nas-cantinas-de-coimbra-e-cuidar-do-futuro\/#primaryimage"},"thumbnailUrl":"https:\/\/www.altominho.tv\/site\/wp-content\/uploads\/2019\/09\/cropped-Matadouro_Carne.jpg","datePublished":"2019-09-19T21:37:59+00:00","dateModified":"2019-09-19T23:03:33+00:00","author":{"@id":"https:\/\/www.altominho.tv\/site\/#\/schema\/person\/a0e4ef6d041f98ca284393d8f1d97153"},"breadcrumb":{"@id":"https:\/\/www.altominho.tv\/site\/2019\/09\/19\/eliminar-carne-de-vaca-nas-cantinas-de-coimbra-e-cuidar-do-futuro\/#breadcrumb"},"inLanguage":"pt-PT","potentialAction":[{"@type":"ReadAction","target":["https:\/\/www.altominho.tv\/site\/2019\/09\/19\/eliminar-carne-de-vaca-nas-cantinas-de-coimbra-e-cuidar-do-futuro\/"]}]},{"@type":"ImageObject","inLanguage":"pt-PT","@id":"https:\/\/www.altominho.tv\/site\/2019\/09\/19\/eliminar-carne-de-vaca-nas-cantinas-de-coimbra-e-cuidar-do-futuro\/#primaryimage","url":"https:\/\/www.altominho.tv\/site\/wp-content\/uploads\/2019\/09\/cropped-Matadouro_Carne.jpg","contentUrl":"https:\/\/www.altominho.tv\/site\/wp-content\/uploads\/2019\/09\/cropped-Matadouro_Carne.jpg","width":808,"height":455},{"@type":"BreadcrumbList","@id":"https:\/\/www.altominho.tv\/site\/2019\/09\/19\/eliminar-carne-de-vaca-nas-cantinas-de-coimbra-e-cuidar-do-futuro\/#breadcrumb","itemListElement":[{"@type":"ListItem","position":1,"name":"In\u00edcio","item":"https:\/\/www.altominho.tv\/site\/"},{"@type":"ListItem","position":2,"name":"Eliminar carne de vaca nas cantinas de Coimbra \u00e9 \u201ccuidar do futuro\u201d"}]},{"@type":"WebSite","@id":"https:\/\/www.altominho.tv\/site\/#website","url":"https:\/\/www.altominho.tv\/site\/","name":"Altominho.tv","description":"A sua regi\u00e3o \u00e0 dist\u00e2ncia de um clique...","potentialAction":[{"@type":"SearchAction","target":{"@type":"EntryPoint","urlTemplate":"https:\/\/www.altominho.tv\/site\/?s={search_term_string}"},"query-input":{"@type":"PropertyValueSpecification","valueRequired":true,"valueName":"search_term_string"}}],"inLanguage":"pt-PT"},{"@type":"Person","@id":"https:\/\/www.altominho.tv\/site\/#\/schema\/person\/a0e4ef6d041f98ca284393d8f1d97153","name":"Andreia Cunha","image":{"@type":"ImageObject","inLanguage":"pt-PT","@id":"https:\/\/www.altominho.tv\/site\/wp-content\/uploads\/2017\/11\/Andreia_Cunha-1-150x150.jpg","url":"https:\/\/www.altominho.tv\/site\/wp-content\/uploads\/2017\/11\/Andreia_Cunha-1-150x150.jpg","contentUrl":"https:\/\/www.altominho.tv\/site\/wp-content\/uploads\/2017\/11\/Andreia_Cunha-1-150x150.jpg","caption":"Andreia Cunha"},"url":"https:\/\/www.altominho.tv\/site\/author\/andreiacunha\/"}]}},"_links":{"self":[{"href":"https:\/\/www.altominho.tv\/site\/wp-json\/wp\/v2\/posts\/34341","targetHints":{"allow":["GET"]}}],"collection":[{"href":"https:\/\/www.altominho.tv\/site\/wp-json\/wp\/v2\/posts"}],"about":[{"href":"https:\/\/www.altominho.tv\/site\/wp-json\/wp\/v2\/types\/post"}],"author":[{"embeddable":true,"href":"https:\/\/www.altominho.tv\/site\/wp-json\/wp\/v2\/users\/7"}],"replies":[{"embeddable":true,"href":"https:\/\/www.altominho.tv\/site\/wp-json\/wp\/v2\/comments?post=34341"}],"version-history":[{"count":0,"href":"https:\/\/www.altominho.tv\/site\/wp-json\/wp\/v2\/posts\/34341\/revisions"}],"wp:featuredmedia":[{"embeddable":true,"href":"https:\/\/www.altominho.tv\/site\/wp-json\/wp\/v2\/media\/34356"}],"wp:attachment":[{"href":"https:\/\/www.altominho.tv\/site\/wp-json\/wp\/v2\/media?parent=34341"}],"wp:term":[{"taxonomy":"category","embeddable":true,"href":"https:\/\/www.altominho.tv\/site\/wp-json\/wp\/v2\/categories?post=34341"},{"taxonomy":"post_tag","embeddable":true,"href":"https:\/\/www.altominho.tv\/site\/wp-json\/wp\/v2\/tags?post=34341"}],"curies":[{"name":"wp","href":"https:\/\/api.w.org\/{rel}","templated":true}]}}