{"id":34232,"date":"2019-09-18T09:41:52","date_gmt":"2019-09-18T08:41:52","guid":{"rendered":"http:\/\/www.altominho.tv\/site\/?p=34232"},"modified":"2019-09-18T09:41:55","modified_gmt":"2019-09-18T08:41:55","slug":"bootcamp-e-outras-iniciativas-marcam-rececao-integradora-e-positiva-no-politecnico-de-viana","status":"publish","type":"post","link":"https:\/\/www.altominho.tv\/site\/2019\/09\/18\/bootcamp-e-outras-iniciativas-marcam-rececao-integradora-e-positiva-no-politecnico-de-viana\/","title":{"rendered":"BootCamp e outras iniciativas marcam &#8220;rece\u00e7\u00e3o integradora e positiva&#8221; no Polit\u00e9cnico de Viana"},"content":{"rendered":"\n<p>Os estudantes colocados nas Escolas Superiores do Instituto Polit\u00e9cnico de Viana do Castelo (IPVC) est\u00e3o a ser recebidos e inseridos em atividades de &#8220;integra\u00e7\u00e3o pela positiva&#8221;. <\/p>\n\n\n\n<p>Com o objetivo claro de \u201ctornar mais f\u00e1cil\u201d esta nova fase da vida dos novos estudantes, de Viana do Castelo at\u00e9 Melga\u00e7o, s\u00e3o diversas as atividades programadas com destaque para os tr\u00eas dias de BootCamp organizado pela Escola de Ci\u00eancias Empresariais, em Valen\u00e7a, informou o IPVC em comunicado.<\/p>\n\n\n\n<p>&#8220;Destaque igualmente para a rece\u00e7\u00e3o aos estudantes Internacionais e alunos do Programa Erasmus+ assim como a participa\u00e7\u00e3o da Comunidade IPVC na iniciativa \u201cM\u00e3os \u00e0 Obra, vamos Limpar Portugal\u201d que ir\u00e1 decorrer no pr\u00f3ximo dia 22&#8221;.<\/p>\n\n\n\n<p>O acolhimento aos novos alunos da ESCE IPVC surge este ano na modalidade de\u00a0<em>bootcamp<\/em>, entre os dias 17 e 19 de setembro. <\/p>\n\n\n\n<p>\u201cEsta iniciativa tem como objetivo incentivar os novos alunos que ingressam no ensino superior atrav\u00e9s da ESCE para duas grandes tem\u00e1ticas &#8211; Empreendedorismo e Inova\u00e7\u00e3o, e tamb\u00e9m proporcionar-lhes novas experi\u00eancias. Ao longo de tr\u00eas dias, iremos promover um conjunto de a\u00e7\u00f5es que visam estimular, junto dos novos estudantes das 4 licenciaturas da ESCE-IPVC, novas compet\u00eancias e abertura a novos desafios, bem como uma integra\u00e7\u00e3o mais f\u00e1cil\u201d, explica Lu\u00eds Barreto diretor da ESCE.<\/p>\n\n\n\n<p>A ESCE Welcome Week est\u00e1 dividida em Workshops, MasterClass e Visitas de Campo. <\/p>\n\n\n\n<p>Um programa, que segundo a organiza\u00e7\u00e3o, ir\u00e1 permitir trabalhar cada tema em duas perspetivas, ou seja, \u201ccom os Workshops, uma vertente mais acad\u00e9mica, e com as MasterClass, uma vertente mais empresarial\u201d. J\u00e1 as visitas de campo, visam aproximar os alunos da realidade empresarial da regi\u00e3o do Alto Minho. O BootCamp tem ainda como finalidade \u201cpromover a colabora\u00e7\u00e3o entre dois territ\u00f3rios pr\u00f3ximos atrav\u00e9s dos seus Munic\u00edpios: o Munic\u00edpio de Valen\u00e7a, institui\u00e7\u00e3o nuclear e estrat\u00e9gica, parceira de longa data da Escola Superior de Ci\u00eancias Empresarias; e o Munic\u00edpio de Paredes de Coura, que assumir\u00e1 a fun\u00e7\u00e3o de territ\u00f3rio-\u00e2ncora e centro operacional do Welcome Week\u201d.<\/p>\n\n\n\n<p>&#8220;O BotCamp da ESCE IPVC encontra-se alinhado com o objetivo do Polit\u00e9cnico de Viana do Castelo em promover uma integra\u00e7\u00e3o positiva dos seus estudantes quer na academia quer na regi\u00e3o&#8221;, pode ler-se ainda na nota.<\/p>\n\n\n\n<p>A Escola Superior de Educa\u00e7\u00e3o dedica igualmente tr\u00eas dias ao acolhimento dos novos alunos desafiando-os para peddy pappers, workshops sobre integra\u00e7\u00e3o acad\u00e9mica e um Sunset, para al\u00e9m de uma atividade no \u00e2mbito do projeto URBACT e Eco Escola: Via(na) Ecol\u00f3gica.<\/p>\n\n\n\n<p>Inserir os novos alunos e toda a academia em atividades de integra\u00e7\u00e3o \u00e9 igualmente o objetivo da Escola Superior Agr\u00e1ria. <\/p>\n\n\n\n<p>Em Refoios do Lima os estudantes s\u00e3o desafiados a participar nas atividades agr\u00edcolas, tais como, vindimas, desfolhada do milho e na celebra\u00e7\u00e3o do S\u00e3o Martinho com as castanhas assadas colhidas na Quinta do Mosteiro. <\/p>\n\n\n\n<p>Segundo o Polit\u00e9cnico, estas s\u00e3o &#8220;atividades que envolvem n\u00e3o s\u00f3 a comunidade IPVC, mas outras associa\u00e7\u00f5es da regi\u00e3o&#8221;.<\/p>\n\n\n\n<p>A Escola Superior de Desporto e Lazer tamb\u00e9m delineou um programa de acolhimento aos novos estudantes &#8220;que passa por visitas aos pontos mais importante de Melga\u00e7o aliando atividades desportivas de forma a envolver todo o grupo&#8221;. <\/p>\n\n\n\n<p>Rafting, arborismo s\u00e3o apenas duas das atividades que os alunos ir\u00e3o experimentar em Castro Laboreiro, entre muitas outras previstas at\u00e9 sexta-feira.<\/p>\n\n\n\n<p>Os programas de acolhimento repetem-se igualmente nas Escolas Superiores de Tecnologia e Gest\u00e3o e na de Sa\u00fade. <\/p>\n\n\n\n<p>A sess\u00e3o de boas vindas, visitas aos museus, centro hist\u00f3rico e outros pontos de interesse s\u00e3o algumas das iniciativas previstas.<\/p>\n\n\n\n<p>Com o objetivo de recolher o m\u00e1ximo de lixo poss\u00edvel, o IPVC vai associar-se \u00e0 iniciativa \u201cM\u00e3os \u00e0 obra \u2013 Vamos Limpar Portugal\u201d, j\u00e1 no pr\u00f3ximo dia 22 de setembro, com in\u00edcio agendado para as 10 horas. <\/p>\n\n\n\n<p>O projeto solid\u00e1rio que partiu da ideia de uma jovem, In\u00eas Dur\u00e3o, consiste na limpeza geral de Portugal (inteiro) ao mesmo tempo. <\/p>\n\n\n\n<p>A p\u00e9, ou a pedalar uma BIRA IPVC, os estudantes ir\u00e3o ajudar na limpeza de ruas e praias em Viana do Castelo. <\/p>\n\n\n\n<p>No final da manh\u00e3 e no final da tarde, ser\u00e1 feita a separa\u00e7\u00e3o do lixo recolhido.<\/p>\n","protected":false},"excerpt":{"rendered":"<p>Os estudantes colocados nas Escolas Superiores do Instituto Polit\u00e9cnico de Viana do Castelo (IPVC) est\u00e3o a ser recebidos e inseridos em atividades de &#8220;integra\u00e7\u00e3o pela positiva&#8221;. Com o objetivo claro de \u201ctornar mais f\u00e1cil\u201d esta nova fase da vida dos novos estudantes, de Viana do Castelo at\u00e9 Melga\u00e7o, s\u00e3o diversas as atividades programadas com destaque [&hellip;]<\/p>\n","protected":false},"author":7,"featured_media":34234,"comment_status":"closed","ping_status":"closed","sticky":false,"template":"","format":"standard","meta":{"_exactmetrics_skip_tracking":false,"_exactmetrics_sitenote_active":false,"_exactmetrics_sitenote_note":"","_exactmetrics_sitenote_category":0,"footnotes":""},"categories":[14],"tags":[22,27],"class_list":["post-34232","post","type-post","status-publish","format-standard","has-post-thumbnail","hentry","category-viana-do-castelo","tag-educacao","tag-sociedade"],"yoast_head":"<!-- This site is optimized with the Yoast SEO Premium plugin v27.5 (Yoast SEO v27.5) - https:\/\/yoast.com\/product\/yoast-seo-premium-wordpress\/ -->\n<title>BootCamp e outras iniciativas marcam &quot;rece\u00e7\u00e3o integradora e positiva&quot; no Polit\u00e9cnico de Viana<\/title>\n<meta name=\"robots\" content=\"index, follow, max-snippet:-1, max-image-preview:large, max-video-preview:-1\" \/>\n<link rel=\"canonical\" href=\"https:\/\/www.altominho.tv\/site\/2019\/09\/18\/bootcamp-e-outras-iniciativas-marcam-rececao-integradora-e-positiva-no-politecnico-de-viana\/\" \/>\n<meta property=\"og:locale\" content=\"pt_PT\" \/>\n<meta property=\"og:type\" content=\"article\" \/>\n<meta property=\"og:title\" content=\"BootCamp e outras iniciativas marcam &quot;rece\u00e7\u00e3o integradora e positiva&quot; no Polit\u00e9cnico de Viana\" \/>\n<meta property=\"og:description\" content=\"Os estudantes colocados nas Escolas Superiores do Instituto Polit\u00e9cnico de Viana do Castelo (IPVC) est\u00e3o a ser recebidos e inseridos em atividades de &#8220;integra\u00e7\u00e3o pela positiva&#8221;. Com o objetivo claro de \u201ctornar mais f\u00e1cil\u201d esta nova fase da vida dos novos estudantes, de Viana do Castelo at\u00e9 Melga\u00e7o, s\u00e3o diversas as atividades programadas com destaque [&hellip;]\" \/>\n<meta property=\"og:url\" content=\"https:\/\/www.altominho.tv\/site\/2019\/09\/18\/bootcamp-e-outras-iniciativas-marcam-rececao-integradora-e-positiva-no-politecnico-de-viana\/\" \/>\n<meta property=\"og:site_name\" content=\"Altominho.tv\" \/>\n<meta property=\"article:publisher\" content=\"https:\/\/www.facebook.com\/altominhotv\" \/>\n<meta property=\"article:published_time\" content=\"2019-09-18T08:41:52+00:00\" \/>\n<meta property=\"article:modified_time\" content=\"2019-09-18T08:41:55+00:00\" \/>\n<meta property=\"og:image\" content=\"https:\/\/www.altominho.tv\/site\/wp-content\/uploads\/2019\/09\/cropped-vindimasagr\u00e1ria.jpg\" \/>\n\t<meta property=\"og:image:width\" content=\"1280\" \/>\n\t<meta property=\"og:image:height\" content=\"720\" \/>\n\t<meta property=\"og:image:type\" content=\"image\/jpeg\" \/>\n<meta name=\"author\" content=\"Andreia Cunha\" \/>\n<meta name=\"twitter:card\" content=\"summary_large_image\" \/>\n<meta name=\"twitter:creator\" content=\"@altominhoTV\" \/>\n<meta name=\"twitter:site\" content=\"@altominhoTV\" \/>\n<meta name=\"twitter:label1\" content=\"Escrito por\" \/>\n\t<meta name=\"twitter:data1\" content=\"Andreia Cunha\" \/>\n\t<meta name=\"twitter:label2\" content=\"Tempo estimado de leitura\" \/>\n\t<meta name=\"twitter:data2\" content=\"4 minutos\" \/>\n<script type=\"application\/ld+json\" class=\"yoast-schema-graph\">{\"@context\":\"https:\\\/\\\/schema.org\",\"@graph\":[{\"@type\":\"Article\",\"@id\":\"https:\\\/\\\/www.altominho.tv\\\/site\\\/2019\\\/09\\\/18\\\/bootcamp-e-outras-iniciativas-marcam-rececao-integradora-e-positiva-no-politecnico-de-viana\\\/#article\",\"isPartOf\":{\"@id\":\"https:\\\/\\\/www.altominho.tv\\\/site\\\/2019\\\/09\\\/18\\\/bootcamp-e-outras-iniciativas-marcam-rececao-integradora-e-positiva-no-politecnico-de-viana\\\/\"},\"author\":{\"name\":\"Andreia Cunha\",\"@id\":\"https:\\\/\\\/www.altominho.tv\\\/site\\\/#\\\/schema\\\/person\\\/a0e4ef6d041f98ca284393d8f1d97153\"},\"headline\":\"BootCamp e outras iniciativas marcam &#8220;rece\u00e7\u00e3o integradora e positiva&#8221; no Polit\u00e9cnico de Viana\",\"datePublished\":\"2019-09-18T08:41:52+00:00\",\"dateModified\":\"2019-09-18T08:41:55+00:00\",\"mainEntityOfPage\":{\"@id\":\"https:\\\/\\\/www.altominho.tv\\\/site\\\/2019\\\/09\\\/18\\\/bootcamp-e-outras-iniciativas-marcam-rececao-integradora-e-positiva-no-politecnico-de-viana\\\/\"},\"wordCount\":742,\"image\":{\"@id\":\"https:\\\/\\\/www.altominho.tv\\\/site\\\/2019\\\/09\\\/18\\\/bootcamp-e-outras-iniciativas-marcam-rececao-integradora-e-positiva-no-politecnico-de-viana\\\/#primaryimage\"},\"thumbnailUrl\":\"https:\\\/\\\/www.altominho.tv\\\/site\\\/wp-content\\\/uploads\\\/2019\\\/09\\\/cropped-vindimasagr\u00e1ria.jpg\",\"keywords\":[\"Educa\u00e7\u00e3o\",\"Sociedade\"],\"articleSection\":[\"Viana do Castelo\"],\"inLanguage\":\"pt-PT\",\"copyrightYear\":\"2019\",\"copyrightHolder\":{\"@id\":\"https:\\\/\\\/www.altominho.tv\\\/site\\\/#organization\"}},{\"@type\":\"WebPage\",\"@id\":\"https:\\\/\\\/www.altominho.tv\\\/site\\\/2019\\\/09\\\/18\\\/bootcamp-e-outras-iniciativas-marcam-rececao-integradora-e-positiva-no-politecnico-de-viana\\\/\",\"url\":\"https:\\\/\\\/www.altominho.tv\\\/site\\\/2019\\\/09\\\/18\\\/bootcamp-e-outras-iniciativas-marcam-rececao-integradora-e-positiva-no-politecnico-de-viana\\\/\",\"name\":\"BootCamp e outras iniciativas marcam \\\"rece\u00e7\u00e3o integradora e positiva\\\" no Polit\u00e9cnico de Viana\",\"isPartOf\":{\"@id\":\"https:\\\/\\\/www.altominho.tv\\\/site\\\/#website\"},\"primaryImageOfPage\":{\"@id\":\"https:\\\/\\\/www.altominho.tv\\\/site\\\/2019\\\/09\\\/18\\\/bootcamp-e-outras-iniciativas-marcam-rececao-integradora-e-positiva-no-politecnico-de-viana\\\/#primaryimage\"},\"image\":{\"@id\":\"https:\\\/\\\/www.altominho.tv\\\/site\\\/2019\\\/09\\\/18\\\/bootcamp-e-outras-iniciativas-marcam-rececao-integradora-e-positiva-no-politecnico-de-viana\\\/#primaryimage\"},\"thumbnailUrl\":\"https:\\\/\\\/www.altominho.tv\\\/site\\\/wp-content\\\/uploads\\\/2019\\\/09\\\/cropped-vindimasagr\u00e1ria.jpg\",\"datePublished\":\"2019-09-18T08:41:52+00:00\",\"dateModified\":\"2019-09-18T08:41:55+00:00\",\"author\":{\"@id\":\"https:\\\/\\\/www.altominho.tv\\\/site\\\/#\\\/schema\\\/person\\\/a0e4ef6d041f98ca284393d8f1d97153\"},\"breadcrumb\":{\"@id\":\"https:\\\/\\\/www.altominho.tv\\\/site\\\/2019\\\/09\\\/18\\\/bootcamp-e-outras-iniciativas-marcam-rececao-integradora-e-positiva-no-politecnico-de-viana\\\/#breadcrumb\"},\"inLanguage\":\"pt-PT\",\"potentialAction\":[{\"@type\":\"ReadAction\",\"target\":[\"https:\\\/\\\/www.altominho.tv\\\/site\\\/2019\\\/09\\\/18\\\/bootcamp-e-outras-iniciativas-marcam-rececao-integradora-e-positiva-no-politecnico-de-viana\\\/\"]}]},{\"@type\":\"ImageObject\",\"inLanguage\":\"pt-PT\",\"@id\":\"https:\\\/\\\/www.altominho.tv\\\/site\\\/2019\\\/09\\\/18\\\/bootcamp-e-outras-iniciativas-marcam-rececao-integradora-e-positiva-no-politecnico-de-viana\\\/#primaryimage\",\"url\":\"https:\\\/\\\/www.altominho.tv\\\/site\\\/wp-content\\\/uploads\\\/2019\\\/09\\\/cropped-vindimasagr\u00e1ria.jpg\",\"contentUrl\":\"https:\\\/\\\/www.altominho.tv\\\/site\\\/wp-content\\\/uploads\\\/2019\\\/09\\\/cropped-vindimasagr\u00e1ria.jpg\",\"width\":1280,\"height\":720},{\"@type\":\"BreadcrumbList\",\"@id\":\"https:\\\/\\\/www.altominho.tv\\\/site\\\/2019\\\/09\\\/18\\\/bootcamp-e-outras-iniciativas-marcam-rececao-integradora-e-positiva-no-politecnico-de-viana\\\/#breadcrumb\",\"itemListElement\":[{\"@type\":\"ListItem\",\"position\":1,\"name\":\"In\u00edcio\",\"item\":\"https:\\\/\\\/www.altominho.tv\\\/site\\\/\"},{\"@type\":\"ListItem\",\"position\":2,\"name\":\"BootCamp e outras iniciativas marcam &#8220;rece\u00e7\u00e3o integradora e positiva&#8221; no Polit\u00e9cnico de Viana\"}]},{\"@type\":\"WebSite\",\"@id\":\"https:\\\/\\\/www.altominho.tv\\\/site\\\/#website\",\"url\":\"https:\\\/\\\/www.altominho.tv\\\/site\\\/\",\"name\":\"Altominho.tv\",\"description\":\"A sua regi\u00e3o \u00e0 dist\u00e2ncia de um clique...\",\"potentialAction\":[{\"@type\":\"SearchAction\",\"target\":{\"@type\":\"EntryPoint\",\"urlTemplate\":\"https:\\\/\\\/www.altominho.tv\\\/site\\\/?s={search_term_string}\"},\"query-input\":{\"@type\":\"PropertyValueSpecification\",\"valueRequired\":true,\"valueName\":\"search_term_string\"}}],\"inLanguage\":\"pt-PT\"},{\"@type\":\"Person\",\"@id\":\"https:\\\/\\\/www.altominho.tv\\\/site\\\/#\\\/schema\\\/person\\\/a0e4ef6d041f98ca284393d8f1d97153\",\"name\":\"Andreia Cunha\",\"image\":{\"@type\":\"ImageObject\",\"inLanguage\":\"pt-PT\",\"@id\":\"https:\\\/\\\/www.altominho.tv\\\/site\\\/wp-content\\\/uploads\\\/2017\\\/11\\\/Andreia_Cunha-1-150x150.jpg\",\"url\":\"https:\\\/\\\/www.altominho.tv\\\/site\\\/wp-content\\\/uploads\\\/2017\\\/11\\\/Andreia_Cunha-1-150x150.jpg\",\"contentUrl\":\"https:\\\/\\\/www.altominho.tv\\\/site\\\/wp-content\\\/uploads\\\/2017\\\/11\\\/Andreia_Cunha-1-150x150.jpg\",\"caption\":\"Andreia Cunha\"},\"url\":\"https:\\\/\\\/www.altominho.tv\\\/site\\\/author\\\/andreiacunha\\\/\"}]}<\/script>\n<!-- \/ Yoast SEO Premium plugin. -->","yoast_head_json":{"title":"BootCamp e outras iniciativas marcam \"rece\u00e7\u00e3o integradora e positiva\" no Polit\u00e9cnico de Viana","robots":{"index":"index","follow":"follow","max-snippet":"max-snippet:-1","max-image-preview":"max-image-preview:large","max-video-preview":"max-video-preview:-1"},"canonical":"https:\/\/www.altominho.tv\/site\/2019\/09\/18\/bootcamp-e-outras-iniciativas-marcam-rececao-integradora-e-positiva-no-politecnico-de-viana\/","og_locale":"pt_PT","og_type":"article","og_title":"BootCamp e outras iniciativas marcam \"rece\u00e7\u00e3o integradora e positiva\" no Polit\u00e9cnico de Viana","og_description":"Os estudantes colocados nas Escolas Superiores do Instituto Polit\u00e9cnico de Viana do Castelo (IPVC) est\u00e3o a ser recebidos e inseridos em atividades de &#8220;integra\u00e7\u00e3o pela positiva&#8221;. Com o objetivo claro de \u201ctornar mais f\u00e1cil\u201d esta nova fase da vida dos novos estudantes, de Viana do Castelo at\u00e9 Melga\u00e7o, s\u00e3o diversas as atividades programadas com destaque [&hellip;]","og_url":"https:\/\/www.altominho.tv\/site\/2019\/09\/18\/bootcamp-e-outras-iniciativas-marcam-rececao-integradora-e-positiva-no-politecnico-de-viana\/","og_site_name":"Altominho.tv","article_publisher":"https:\/\/www.facebook.com\/altominhotv","article_published_time":"2019-09-18T08:41:52+00:00","article_modified_time":"2019-09-18T08:41:55+00:00","og_image":[{"width":1280,"height":720,"url":"https:\/\/www.altominho.tv\/site\/wp-content\/uploads\/2019\/09\/cropped-vindimasagr\u00e1ria.jpg","type":"image\/jpeg"}],"author":"Andreia Cunha","twitter_card":"summary_large_image","twitter_creator":"@altominhoTV","twitter_site":"@altominhoTV","twitter_misc":{"Escrito por":"Andreia Cunha","Tempo estimado de leitura":"4 minutos"},"schema":{"@context":"https:\/\/schema.org","@graph":[{"@type":"Article","@id":"https:\/\/www.altominho.tv\/site\/2019\/09\/18\/bootcamp-e-outras-iniciativas-marcam-rececao-integradora-e-positiva-no-politecnico-de-viana\/#article","isPartOf":{"@id":"https:\/\/www.altominho.tv\/site\/2019\/09\/18\/bootcamp-e-outras-iniciativas-marcam-rececao-integradora-e-positiva-no-politecnico-de-viana\/"},"author":{"name":"Andreia Cunha","@id":"https:\/\/www.altominho.tv\/site\/#\/schema\/person\/a0e4ef6d041f98ca284393d8f1d97153"},"headline":"BootCamp e outras iniciativas marcam &#8220;rece\u00e7\u00e3o integradora e positiva&#8221; no Polit\u00e9cnico de Viana","datePublished":"2019-09-18T08:41:52+00:00","dateModified":"2019-09-18T08:41:55+00:00","mainEntityOfPage":{"@id":"https:\/\/www.altominho.tv\/site\/2019\/09\/18\/bootcamp-e-outras-iniciativas-marcam-rececao-integradora-e-positiva-no-politecnico-de-viana\/"},"wordCount":742,"image":{"@id":"https:\/\/www.altominho.tv\/site\/2019\/09\/18\/bootcamp-e-outras-iniciativas-marcam-rececao-integradora-e-positiva-no-politecnico-de-viana\/#primaryimage"},"thumbnailUrl":"https:\/\/www.altominho.tv\/site\/wp-content\/uploads\/2019\/09\/cropped-vindimasagr\u00e1ria.jpg","keywords":["Educa\u00e7\u00e3o","Sociedade"],"articleSection":["Viana do Castelo"],"inLanguage":"pt-PT","copyrightYear":"2019","copyrightHolder":{"@id":"https:\/\/www.altominho.tv\/site\/#organization"}},{"@type":"WebPage","@id":"https:\/\/www.altominho.tv\/site\/2019\/09\/18\/bootcamp-e-outras-iniciativas-marcam-rececao-integradora-e-positiva-no-politecnico-de-viana\/","url":"https:\/\/www.altominho.tv\/site\/2019\/09\/18\/bootcamp-e-outras-iniciativas-marcam-rececao-integradora-e-positiva-no-politecnico-de-viana\/","name":"BootCamp e outras iniciativas marcam \"rece\u00e7\u00e3o integradora e positiva\" no Polit\u00e9cnico de Viana","isPartOf":{"@id":"https:\/\/www.altominho.tv\/site\/#website"},"primaryImageOfPage":{"@id":"https:\/\/www.altominho.tv\/site\/2019\/09\/18\/bootcamp-e-outras-iniciativas-marcam-rececao-integradora-e-positiva-no-politecnico-de-viana\/#primaryimage"},"image":{"@id":"https:\/\/www.altominho.tv\/site\/2019\/09\/18\/bootcamp-e-outras-iniciativas-marcam-rececao-integradora-e-positiva-no-politecnico-de-viana\/#primaryimage"},"thumbnailUrl":"https:\/\/www.altominho.tv\/site\/wp-content\/uploads\/2019\/09\/cropped-vindimasagr\u00e1ria.jpg","datePublished":"2019-09-18T08:41:52+00:00","dateModified":"2019-09-18T08:41:55+00:00","author":{"@id":"https:\/\/www.altominho.tv\/site\/#\/schema\/person\/a0e4ef6d041f98ca284393d8f1d97153"},"breadcrumb":{"@id":"https:\/\/www.altominho.tv\/site\/2019\/09\/18\/bootcamp-e-outras-iniciativas-marcam-rececao-integradora-e-positiva-no-politecnico-de-viana\/#breadcrumb"},"inLanguage":"pt-PT","potentialAction":[{"@type":"ReadAction","target":["https:\/\/www.altominho.tv\/site\/2019\/09\/18\/bootcamp-e-outras-iniciativas-marcam-rececao-integradora-e-positiva-no-politecnico-de-viana\/"]}]},{"@type":"ImageObject","inLanguage":"pt-PT","@id":"https:\/\/www.altominho.tv\/site\/2019\/09\/18\/bootcamp-e-outras-iniciativas-marcam-rececao-integradora-e-positiva-no-politecnico-de-viana\/#primaryimage","url":"https:\/\/www.altominho.tv\/site\/wp-content\/uploads\/2019\/09\/cropped-vindimasagr\u00e1ria.jpg","contentUrl":"https:\/\/www.altominho.tv\/site\/wp-content\/uploads\/2019\/09\/cropped-vindimasagr\u00e1ria.jpg","width":1280,"height":720},{"@type":"BreadcrumbList","@id":"https:\/\/www.altominho.tv\/site\/2019\/09\/18\/bootcamp-e-outras-iniciativas-marcam-rececao-integradora-e-positiva-no-politecnico-de-viana\/#breadcrumb","itemListElement":[{"@type":"ListItem","position":1,"name":"In\u00edcio","item":"https:\/\/www.altominho.tv\/site\/"},{"@type":"ListItem","position":2,"name":"BootCamp e outras iniciativas marcam &#8220;rece\u00e7\u00e3o integradora e positiva&#8221; no Polit\u00e9cnico de Viana"}]},{"@type":"WebSite","@id":"https:\/\/www.altominho.tv\/site\/#website","url":"https:\/\/www.altominho.tv\/site\/","name":"Altominho.tv","description":"A sua regi\u00e3o \u00e0 dist\u00e2ncia de um clique...","potentialAction":[{"@type":"SearchAction","target":{"@type":"EntryPoint","urlTemplate":"https:\/\/www.altominho.tv\/site\/?s={search_term_string}"},"query-input":{"@type":"PropertyValueSpecification","valueRequired":true,"valueName":"search_term_string"}}],"inLanguage":"pt-PT"},{"@type":"Person","@id":"https:\/\/www.altominho.tv\/site\/#\/schema\/person\/a0e4ef6d041f98ca284393d8f1d97153","name":"Andreia Cunha","image":{"@type":"ImageObject","inLanguage":"pt-PT","@id":"https:\/\/www.altominho.tv\/site\/wp-content\/uploads\/2017\/11\/Andreia_Cunha-1-150x150.jpg","url":"https:\/\/www.altominho.tv\/site\/wp-content\/uploads\/2017\/11\/Andreia_Cunha-1-150x150.jpg","contentUrl":"https:\/\/www.altominho.tv\/site\/wp-content\/uploads\/2017\/11\/Andreia_Cunha-1-150x150.jpg","caption":"Andreia Cunha"},"url":"https:\/\/www.altominho.tv\/site\/author\/andreiacunha\/"}]}},"_links":{"self":[{"href":"https:\/\/www.altominho.tv\/site\/wp-json\/wp\/v2\/posts\/34232","targetHints":{"allow":["GET"]}}],"collection":[{"href":"https:\/\/www.altominho.tv\/site\/wp-json\/wp\/v2\/posts"}],"about":[{"href":"https:\/\/www.altominho.tv\/site\/wp-json\/wp\/v2\/types\/post"}],"author":[{"embeddable":true,"href":"https:\/\/www.altominho.tv\/site\/wp-json\/wp\/v2\/users\/7"}],"replies":[{"embeddable":true,"href":"https:\/\/www.altominho.tv\/site\/wp-json\/wp\/v2\/comments?post=34232"}],"version-history":[{"count":0,"href":"https:\/\/www.altominho.tv\/site\/wp-json\/wp\/v2\/posts\/34232\/revisions"}],"wp:featuredmedia":[{"embeddable":true,"href":"https:\/\/www.altominho.tv\/site\/wp-json\/wp\/v2\/media\/34234"}],"wp:attachment":[{"href":"https:\/\/www.altominho.tv\/site\/wp-json\/wp\/v2\/media?parent=34232"}],"wp:term":[{"taxonomy":"category","embeddable":true,"href":"https:\/\/www.altominho.tv\/site\/wp-json\/wp\/v2\/categories?post=34232"},{"taxonomy":"post_tag","embeddable":true,"href":"https:\/\/www.altominho.tv\/site\/wp-json\/wp\/v2\/tags?post=34232"}],"curies":[{"name":"wp","href":"https:\/\/api.w.org\/{rel}","templated":true}]}}