{"id":34050,"date":"2019-09-13T12:25:33","date_gmt":"2019-09-13T11:25:33","guid":{"rendered":"http:\/\/www.altominho.tv\/site\/?p=34050"},"modified":"2019-09-13T12:25:36","modified_gmt":"2019-09-13T11:25:36","slug":"recolhidas-45-toneladas-de-residuos-reciclaveis-no-festival-de-vilar-de-mouros","status":"publish","type":"post","link":"https:\/\/www.altominho.tv\/site\/2019\/09\/13\/recolhidas-45-toneladas-de-residuos-reciclaveis-no-festival-de-vilar-de-mouros\/","title":{"rendered":"Recolhidas 4,5 toneladas de res\u00edduos recicl\u00e1veis no Festival de Vilar de Mouros"},"content":{"rendered":"<p>A Valorminho informou hoje ter recolhido 4,5 toneladas de res\u00edduos recicl\u00e1veis durante os tr\u00eas dias do festival de Vilar de Mouros, no concelho de Caminha.<\/p>\n<p>Em comunicado, a sociedade que gere o aterro sanit\u00e1rio do Vale do Minho contabilizou, entre os res\u00edduos recolhidos, 3.180 quilogramas de vidro, 1.200 de papel\/cart\u00e3o e 120 quilogramas de embalagens de pl\u00e1stico e metal.<\/p>\n<p>Durante o evento, a Valorminho desenvolveu \u201cuma campanha de sensibiliza\u00e7\u00e3o ambiental atrav\u00e9s de monitores que abordaram os festivaleiros no sentido de promover uma melhor separa\u00e7\u00e3o de res\u00edduos, bem como fomentar a implementa\u00e7\u00e3o destas pr\u00e1ticas no dia-a-dia de cada um dos cidad\u00e3os\u201d.<\/p>\n<p>As campanhas de sensibiliza\u00e7\u00e3o ambiental que a Valorminho realizou no festival de Vilar de Mouros e no de Paredes de Coura, entre outros eventos, t\u00eam o apoio do Fundo de Coes\u00e3o da Uni\u00e3o Europeia atrav\u00e9s do PO SEUR &#8211; Programa Operacional Sustentabilidade e Efici\u00eancia no Uso de Recursos.<\/p>\n\n\n<p><\/p>\n","protected":false},"excerpt":{"rendered":"<p>A Valorminho informou hoje ter recolhido 4,5 toneladas de res\u00edduos recicl\u00e1veis durante os tr\u00eas dias do festival de Vilar de Mouros, no concelho de Caminha. Em comunicado, a sociedade que gere o aterro sanit\u00e1rio do Vale do Minho contabilizou, entre os res\u00edduos recolhidos, 3.180 quilogramas de vidro, 1.200 de papel\/cart\u00e3o e 120 quilogramas de embalagens [&hellip;]<\/p>\n","protected":false},"author":15,"featured_media":34052,"comment_status":"closed","ping_status":"closed","sticky":false,"template":"","format":"standard","meta":{"_exactmetrics_skip_tracking":false,"_exactmetrics_sitenote_active":false,"_exactmetrics_sitenote_note":"","_exactmetrics_sitenote_category":0,"footnotes":""},"categories":[7],"tags":[27],"class_list":["post-34050","post","type-post","status-publish","format-standard","has-post-thumbnail","hentry","category-caminha","tag-sociedade"],"yoast_head":"<!-- This site is optimized with the Yoast SEO Premium plugin v27.4 (Yoast SEO v27.4) - https:\/\/yoast.com\/product\/yoast-seo-premium-wordpress\/ -->\n<title>Recolhidas 4,5 toneladas de res\u00edduos recicl\u00e1veis no Festival de Vilar de Mouros<\/title>\n<meta name=\"robots\" content=\"index, follow, max-snippet:-1, max-image-preview:large, max-video-preview:-1\" \/>\n<link rel=\"canonical\" href=\"https:\/\/www.altominho.tv\/site\/2019\/09\/13\/recolhidas-45-toneladas-de-residuos-reciclaveis-no-festival-de-vilar-de-mouros\/\" \/>\n<meta property=\"og:locale\" content=\"pt_PT\" \/>\n<meta property=\"og:type\" content=\"article\" \/>\n<meta property=\"og:title\" content=\"Recolhidas 4,5 toneladas de res\u00edduos recicl\u00e1veis no Festival de Vilar de Mouros\" \/>\n<meta property=\"og:description\" content=\"A Valorminho informou hoje ter recolhido 4,5 toneladas de res\u00edduos recicl\u00e1veis durante os tr\u00eas dias do festival de Vilar de Mouros, no concelho de Caminha. Em comunicado, a sociedade que gere o aterro sanit\u00e1rio do Vale do Minho contabilizou, entre os res\u00edduos recolhidos, 3.180 quilogramas de vidro, 1.200 de papel\/cart\u00e3o e 120 quilogramas de embalagens [&hellip;]\" \/>\n<meta property=\"og:url\" content=\"https:\/\/www.altominho.tv\/site\/2019\/09\/13\/recolhidas-45-toneladas-de-residuos-reciclaveis-no-festival-de-vilar-de-mouros\/\" \/>\n<meta property=\"og:site_name\" content=\"Altominho.tv\" \/>\n<meta property=\"article:publisher\" content=\"https:\/\/www.facebook.com\/altominhotv\" \/>\n<meta property=\"article:published_time\" content=\"2019-09-13T11:25:33+00:00\" \/>\n<meta property=\"article:modified_time\" content=\"2019-09-13T11:25:36+00:00\" \/>\n<meta property=\"og:image\" content=\"https:\/\/www.altominho.tv\/site\/wp-content\/uploads\/2019\/09\/cropped-69034216_2347922211911046_1650124459438243840_n.jpg\" \/>\n\t<meta property=\"og:image:width\" content=\"910\" \/>\n\t<meta property=\"og:image:height\" content=\"512\" \/>\n\t<meta property=\"og:image:type\" content=\"image\/jpeg\" \/>\n<meta name=\"author\" content=\"Andreia Ferreira | Lusa\" \/>\n<meta name=\"twitter:card\" content=\"summary_large_image\" \/>\n<meta name=\"twitter:creator\" content=\"@altominhoTV\" \/>\n<meta name=\"twitter:site\" content=\"@altominhoTV\" \/>\n<meta name=\"twitter:label1\" content=\"Escrito por\" \/>\n\t<meta name=\"twitter:data1\" content=\"Andreia Ferreira | Lusa\" \/>\n\t<meta name=\"twitter:label2\" content=\"Tempo estimado de leitura\" \/>\n\t<meta name=\"twitter:data2\" content=\"1 minuto\" \/>\n<script type=\"application\/ld+json\" class=\"yoast-schema-graph\">{\"@context\":\"https:\\\/\\\/schema.org\",\"@graph\":[{\"@type\":\"Article\",\"@id\":\"https:\\\/\\\/www.altominho.tv\\\/site\\\/2019\\\/09\\\/13\\\/recolhidas-45-toneladas-de-residuos-reciclaveis-no-festival-de-vilar-de-mouros\\\/#article\",\"isPartOf\":{\"@id\":\"https:\\\/\\\/www.altominho.tv\\\/site\\\/2019\\\/09\\\/13\\\/recolhidas-45-toneladas-de-residuos-reciclaveis-no-festival-de-vilar-de-mouros\\\/\"},\"author\":{\"name\":\"Andreia Ferreira | Lusa\",\"@id\":\"https:\\\/\\\/www.altominho.tv\\\/site\\\/#\\\/schema\\\/person\\\/a0bff6dc1041aadd46fa81887444b017\"},\"headline\":\"Recolhidas 4,5 toneladas de res\u00edduos recicl\u00e1veis no Festival de Vilar de Mouros\",\"datePublished\":\"2019-09-13T11:25:33+00:00\",\"dateModified\":\"2019-09-13T11:25:36+00:00\",\"mainEntityOfPage\":{\"@id\":\"https:\\\/\\\/www.altominho.tv\\\/site\\\/2019\\\/09\\\/13\\\/recolhidas-45-toneladas-de-residuos-reciclaveis-no-festival-de-vilar-de-mouros\\\/\"},\"wordCount\":178,\"image\":{\"@id\":\"https:\\\/\\\/www.altominho.tv\\\/site\\\/2019\\\/09\\\/13\\\/recolhidas-45-toneladas-de-residuos-reciclaveis-no-festival-de-vilar-de-mouros\\\/#primaryimage\"},\"thumbnailUrl\":\"https:\\\/\\\/www.altominho.tv\\\/site\\\/wp-content\\\/uploads\\\/2019\\\/09\\\/cropped-69034216_2347922211911046_1650124459438243840_n.jpg\",\"keywords\":[\"Sociedade\"],\"articleSection\":[\"Caminha\"],\"inLanguage\":\"pt-PT\",\"copyrightYear\":\"2019\",\"copyrightHolder\":{\"@id\":\"https:\\\/\\\/www.altominho.tv\\\/site\\\/#organization\"}},{\"@type\":\"WebPage\",\"@id\":\"https:\\\/\\\/www.altominho.tv\\\/site\\\/2019\\\/09\\\/13\\\/recolhidas-45-toneladas-de-residuos-reciclaveis-no-festival-de-vilar-de-mouros\\\/\",\"url\":\"https:\\\/\\\/www.altominho.tv\\\/site\\\/2019\\\/09\\\/13\\\/recolhidas-45-toneladas-de-residuos-reciclaveis-no-festival-de-vilar-de-mouros\\\/\",\"name\":\"Recolhidas 4,5 toneladas de res\u00edduos recicl\u00e1veis no Festival de Vilar de Mouros\",\"isPartOf\":{\"@id\":\"https:\\\/\\\/www.altominho.tv\\\/site\\\/#website\"},\"primaryImageOfPage\":{\"@id\":\"https:\\\/\\\/www.altominho.tv\\\/site\\\/2019\\\/09\\\/13\\\/recolhidas-45-toneladas-de-residuos-reciclaveis-no-festival-de-vilar-de-mouros\\\/#primaryimage\"},\"image\":{\"@id\":\"https:\\\/\\\/www.altominho.tv\\\/site\\\/2019\\\/09\\\/13\\\/recolhidas-45-toneladas-de-residuos-reciclaveis-no-festival-de-vilar-de-mouros\\\/#primaryimage\"},\"thumbnailUrl\":\"https:\\\/\\\/www.altominho.tv\\\/site\\\/wp-content\\\/uploads\\\/2019\\\/09\\\/cropped-69034216_2347922211911046_1650124459438243840_n.jpg\",\"datePublished\":\"2019-09-13T11:25:33+00:00\",\"dateModified\":\"2019-09-13T11:25:36+00:00\",\"author\":{\"@id\":\"https:\\\/\\\/www.altominho.tv\\\/site\\\/#\\\/schema\\\/person\\\/a0bff6dc1041aadd46fa81887444b017\"},\"breadcrumb\":{\"@id\":\"https:\\\/\\\/www.altominho.tv\\\/site\\\/2019\\\/09\\\/13\\\/recolhidas-45-toneladas-de-residuos-reciclaveis-no-festival-de-vilar-de-mouros\\\/#breadcrumb\"},\"inLanguage\":\"pt-PT\",\"potentialAction\":[{\"@type\":\"ReadAction\",\"target\":[\"https:\\\/\\\/www.altominho.tv\\\/site\\\/2019\\\/09\\\/13\\\/recolhidas-45-toneladas-de-residuos-reciclaveis-no-festival-de-vilar-de-mouros\\\/\"]}]},{\"@type\":\"ImageObject\",\"inLanguage\":\"pt-PT\",\"@id\":\"https:\\\/\\\/www.altominho.tv\\\/site\\\/2019\\\/09\\\/13\\\/recolhidas-45-toneladas-de-residuos-reciclaveis-no-festival-de-vilar-de-mouros\\\/#primaryimage\",\"url\":\"https:\\\/\\\/www.altominho.tv\\\/site\\\/wp-content\\\/uploads\\\/2019\\\/09\\\/cropped-69034216_2347922211911046_1650124459438243840_n.jpg\",\"contentUrl\":\"https:\\\/\\\/www.altominho.tv\\\/site\\\/wp-content\\\/uploads\\\/2019\\\/09\\\/cropped-69034216_2347922211911046_1650124459438243840_n.jpg\",\"width\":910,\"height\":512},{\"@type\":\"BreadcrumbList\",\"@id\":\"https:\\\/\\\/www.altominho.tv\\\/site\\\/2019\\\/09\\\/13\\\/recolhidas-45-toneladas-de-residuos-reciclaveis-no-festival-de-vilar-de-mouros\\\/#breadcrumb\",\"itemListElement\":[{\"@type\":\"ListItem\",\"position\":1,\"name\":\"In\u00edcio\",\"item\":\"https:\\\/\\\/www.altominho.tv\\\/site\\\/\"},{\"@type\":\"ListItem\",\"position\":2,\"name\":\"Recolhidas 4,5 toneladas de res\u00edduos recicl\u00e1veis no Festival de Vilar de Mouros\"}]},{\"@type\":\"WebSite\",\"@id\":\"https:\\\/\\\/www.altominho.tv\\\/site\\\/#website\",\"url\":\"https:\\\/\\\/www.altominho.tv\\\/site\\\/\",\"name\":\"Altominho.tv\",\"description\":\"A sua regi\u00e3o \u00e0 dist\u00e2ncia de um clique...\",\"potentialAction\":[{\"@type\":\"SearchAction\",\"target\":{\"@type\":\"EntryPoint\",\"urlTemplate\":\"https:\\\/\\\/www.altominho.tv\\\/site\\\/?s={search_term_string}\"},\"query-input\":{\"@type\":\"PropertyValueSpecification\",\"valueRequired\":true,\"valueName\":\"search_term_string\"}}],\"inLanguage\":\"pt-PT\"},{\"@type\":\"Person\",\"@id\":\"https:\\\/\\\/www.altominho.tv\\\/site\\\/#\\\/schema\\\/person\\\/a0bff6dc1041aadd46fa81887444b017\",\"name\":\"Andreia Ferreira | Lusa\",\"image\":{\"@type\":\"ImageObject\",\"inLanguage\":\"pt-PT\",\"@id\":\"https:\\\/\\\/www.altominho.tv\\\/site\\\/wp-content\\\/uploads\\\/2018\\\/04\\\/Andreia-150x150.jpg\",\"url\":\"https:\\\/\\\/www.altominho.tv\\\/site\\\/wp-content\\\/uploads\\\/2018\\\/04\\\/Andreia-150x150.jpg\",\"contentUrl\":\"https:\\\/\\\/www.altominho.tv\\\/site\\\/wp-content\\\/uploads\\\/2018\\\/04\\\/Andreia-150x150.jpg\",\"caption\":\"Andreia Ferreira | Lusa\"},\"sameAs\":[\"https:\\\/\\\/www.altominho.tv\\\/site\"],\"url\":\"https:\\\/\\\/www.altominho.tv\\\/site\\\/author\\\/andreiaferreiralusa\\\/\"}]}<\/script>\n<!-- \/ Yoast SEO Premium plugin. -->","yoast_head_json":{"title":"Recolhidas 4,5 toneladas de res\u00edduos recicl\u00e1veis no Festival de Vilar de Mouros","robots":{"index":"index","follow":"follow","max-snippet":"max-snippet:-1","max-image-preview":"max-image-preview:large","max-video-preview":"max-video-preview:-1"},"canonical":"https:\/\/www.altominho.tv\/site\/2019\/09\/13\/recolhidas-45-toneladas-de-residuos-reciclaveis-no-festival-de-vilar-de-mouros\/","og_locale":"pt_PT","og_type":"article","og_title":"Recolhidas 4,5 toneladas de res\u00edduos recicl\u00e1veis no Festival de Vilar de Mouros","og_description":"A Valorminho informou hoje ter recolhido 4,5 toneladas de res\u00edduos recicl\u00e1veis durante os tr\u00eas dias do festival de Vilar de Mouros, no concelho de Caminha. Em comunicado, a sociedade que gere o aterro sanit\u00e1rio do Vale do Minho contabilizou, entre os res\u00edduos recolhidos, 3.180 quilogramas de vidro, 1.200 de papel\/cart\u00e3o e 120 quilogramas de embalagens [&hellip;]","og_url":"https:\/\/www.altominho.tv\/site\/2019\/09\/13\/recolhidas-45-toneladas-de-residuos-reciclaveis-no-festival-de-vilar-de-mouros\/","og_site_name":"Altominho.tv","article_publisher":"https:\/\/www.facebook.com\/altominhotv","article_published_time":"2019-09-13T11:25:33+00:00","article_modified_time":"2019-09-13T11:25:36+00:00","og_image":[{"width":910,"height":512,"url":"https:\/\/www.altominho.tv\/site\/wp-content\/uploads\/2019\/09\/cropped-69034216_2347922211911046_1650124459438243840_n.jpg","type":"image\/jpeg"}],"author":"Andreia Ferreira | Lusa","twitter_card":"summary_large_image","twitter_creator":"@altominhoTV","twitter_site":"@altominhoTV","twitter_misc":{"Escrito por":"Andreia Ferreira | Lusa","Tempo estimado de leitura":"1 minuto"},"schema":{"@context":"https:\/\/schema.org","@graph":[{"@type":"Article","@id":"https:\/\/www.altominho.tv\/site\/2019\/09\/13\/recolhidas-45-toneladas-de-residuos-reciclaveis-no-festival-de-vilar-de-mouros\/#article","isPartOf":{"@id":"https:\/\/www.altominho.tv\/site\/2019\/09\/13\/recolhidas-45-toneladas-de-residuos-reciclaveis-no-festival-de-vilar-de-mouros\/"},"author":{"name":"Andreia Ferreira | Lusa","@id":"https:\/\/www.altominho.tv\/site\/#\/schema\/person\/a0bff6dc1041aadd46fa81887444b017"},"headline":"Recolhidas 4,5 toneladas de res\u00edduos recicl\u00e1veis no Festival de Vilar de Mouros","datePublished":"2019-09-13T11:25:33+00:00","dateModified":"2019-09-13T11:25:36+00:00","mainEntityOfPage":{"@id":"https:\/\/www.altominho.tv\/site\/2019\/09\/13\/recolhidas-45-toneladas-de-residuos-reciclaveis-no-festival-de-vilar-de-mouros\/"},"wordCount":178,"image":{"@id":"https:\/\/www.altominho.tv\/site\/2019\/09\/13\/recolhidas-45-toneladas-de-residuos-reciclaveis-no-festival-de-vilar-de-mouros\/#primaryimage"},"thumbnailUrl":"https:\/\/www.altominho.tv\/site\/wp-content\/uploads\/2019\/09\/cropped-69034216_2347922211911046_1650124459438243840_n.jpg","keywords":["Sociedade"],"articleSection":["Caminha"],"inLanguage":"pt-PT","copyrightYear":"2019","copyrightHolder":{"@id":"https:\/\/www.altominho.tv\/site\/#organization"}},{"@type":"WebPage","@id":"https:\/\/www.altominho.tv\/site\/2019\/09\/13\/recolhidas-45-toneladas-de-residuos-reciclaveis-no-festival-de-vilar-de-mouros\/","url":"https:\/\/www.altominho.tv\/site\/2019\/09\/13\/recolhidas-45-toneladas-de-residuos-reciclaveis-no-festival-de-vilar-de-mouros\/","name":"Recolhidas 4,5 toneladas de res\u00edduos recicl\u00e1veis no Festival de Vilar de Mouros","isPartOf":{"@id":"https:\/\/www.altominho.tv\/site\/#website"},"primaryImageOfPage":{"@id":"https:\/\/www.altominho.tv\/site\/2019\/09\/13\/recolhidas-45-toneladas-de-residuos-reciclaveis-no-festival-de-vilar-de-mouros\/#primaryimage"},"image":{"@id":"https:\/\/www.altominho.tv\/site\/2019\/09\/13\/recolhidas-45-toneladas-de-residuos-reciclaveis-no-festival-de-vilar-de-mouros\/#primaryimage"},"thumbnailUrl":"https:\/\/www.altominho.tv\/site\/wp-content\/uploads\/2019\/09\/cropped-69034216_2347922211911046_1650124459438243840_n.jpg","datePublished":"2019-09-13T11:25:33+00:00","dateModified":"2019-09-13T11:25:36+00:00","author":{"@id":"https:\/\/www.altominho.tv\/site\/#\/schema\/person\/a0bff6dc1041aadd46fa81887444b017"},"breadcrumb":{"@id":"https:\/\/www.altominho.tv\/site\/2019\/09\/13\/recolhidas-45-toneladas-de-residuos-reciclaveis-no-festival-de-vilar-de-mouros\/#breadcrumb"},"inLanguage":"pt-PT","potentialAction":[{"@type":"ReadAction","target":["https:\/\/www.altominho.tv\/site\/2019\/09\/13\/recolhidas-45-toneladas-de-residuos-reciclaveis-no-festival-de-vilar-de-mouros\/"]}]},{"@type":"ImageObject","inLanguage":"pt-PT","@id":"https:\/\/www.altominho.tv\/site\/2019\/09\/13\/recolhidas-45-toneladas-de-residuos-reciclaveis-no-festival-de-vilar-de-mouros\/#primaryimage","url":"https:\/\/www.altominho.tv\/site\/wp-content\/uploads\/2019\/09\/cropped-69034216_2347922211911046_1650124459438243840_n.jpg","contentUrl":"https:\/\/www.altominho.tv\/site\/wp-content\/uploads\/2019\/09\/cropped-69034216_2347922211911046_1650124459438243840_n.jpg","width":910,"height":512},{"@type":"BreadcrumbList","@id":"https:\/\/www.altominho.tv\/site\/2019\/09\/13\/recolhidas-45-toneladas-de-residuos-reciclaveis-no-festival-de-vilar-de-mouros\/#breadcrumb","itemListElement":[{"@type":"ListItem","position":1,"name":"In\u00edcio","item":"https:\/\/www.altominho.tv\/site\/"},{"@type":"ListItem","position":2,"name":"Recolhidas 4,5 toneladas de res\u00edduos recicl\u00e1veis no Festival de Vilar de Mouros"}]},{"@type":"WebSite","@id":"https:\/\/www.altominho.tv\/site\/#website","url":"https:\/\/www.altominho.tv\/site\/","name":"Altominho.tv","description":"A sua regi\u00e3o \u00e0 dist\u00e2ncia de um clique...","potentialAction":[{"@type":"SearchAction","target":{"@type":"EntryPoint","urlTemplate":"https:\/\/www.altominho.tv\/site\/?s={search_term_string}"},"query-input":{"@type":"PropertyValueSpecification","valueRequired":true,"valueName":"search_term_string"}}],"inLanguage":"pt-PT"},{"@type":"Person","@id":"https:\/\/www.altominho.tv\/site\/#\/schema\/person\/a0bff6dc1041aadd46fa81887444b017","name":"Andreia Ferreira | Lusa","image":{"@type":"ImageObject","inLanguage":"pt-PT","@id":"https:\/\/www.altominho.tv\/site\/wp-content\/uploads\/2018\/04\/Andreia-150x150.jpg","url":"https:\/\/www.altominho.tv\/site\/wp-content\/uploads\/2018\/04\/Andreia-150x150.jpg","contentUrl":"https:\/\/www.altominho.tv\/site\/wp-content\/uploads\/2018\/04\/Andreia-150x150.jpg","caption":"Andreia Ferreira | Lusa"},"sameAs":["https:\/\/www.altominho.tv\/site"],"url":"https:\/\/www.altominho.tv\/site\/author\/andreiaferreiralusa\/"}]}},"_links":{"self":[{"href":"https:\/\/www.altominho.tv\/site\/wp-json\/wp\/v2\/posts\/34050","targetHints":{"allow":["GET"]}}],"collection":[{"href":"https:\/\/www.altominho.tv\/site\/wp-json\/wp\/v2\/posts"}],"about":[{"href":"https:\/\/www.altominho.tv\/site\/wp-json\/wp\/v2\/types\/post"}],"author":[{"embeddable":true,"href":"https:\/\/www.altominho.tv\/site\/wp-json\/wp\/v2\/users\/15"}],"replies":[{"embeddable":true,"href":"https:\/\/www.altominho.tv\/site\/wp-json\/wp\/v2\/comments?post=34050"}],"version-history":[{"count":0,"href":"https:\/\/www.altominho.tv\/site\/wp-json\/wp\/v2\/posts\/34050\/revisions"}],"wp:featuredmedia":[{"embeddable":true,"href":"https:\/\/www.altominho.tv\/site\/wp-json\/wp\/v2\/media\/34052"}],"wp:attachment":[{"href":"https:\/\/www.altominho.tv\/site\/wp-json\/wp\/v2\/media?parent=34050"}],"wp:term":[{"taxonomy":"category","embeddable":true,"href":"https:\/\/www.altominho.tv\/site\/wp-json\/wp\/v2\/categories?post=34050"},{"taxonomy":"post_tag","embeddable":true,"href":"https:\/\/www.altominho.tv\/site\/wp-json\/wp\/v2\/tags?post=34050"}],"curies":[{"name":"wp","href":"https:\/\/api.w.org\/{rel}","templated":true}]}}