{"id":34032,"date":"2019-09-13T10:26:22","date_gmt":"2019-09-13T09:26:22","guid":{"rendered":"http:\/\/www.altominho.tv\/site\/?p=34032"},"modified":"2019-09-13T10:26:26","modified_gmt":"2019-09-13T09:26:26","slug":"viana-do-castelo-tem-os-primeiros-docentes-do-pais-formados-para-promover-a-flexibilidade-curricular","status":"publish","type":"post","link":"https:\/\/www.altominho.tv\/site\/2019\/09\/13\/viana-do-castelo-tem-os-primeiros-docentes-do-pais-formados-para-promover-a-flexibilidade-curricular\/","title":{"rendered":"Viana do Castelo tem os primeiros docentes do pa\u00eds formados para promover a flexibilidade curricular"},"content":{"rendered":"<p>Viana do Castelo \u00e9 o primeiro concelho do pa\u00eds com um corpo de 28 docentes formado para promover a flexibilidade curricular no letivo 2019\/2020 nos sete agrupamentos do munic\u00edpio.<\/p>\n<p>&#8220;N\u00e3o h\u00e1 nenhum concelho no pa\u00eds que tenha um corpo de docentes selecionado, formado, numa institui\u00e7\u00e3o de ensino superior, com uma p\u00f3s-gradua\u00e7\u00e3o desenhada para dar resposta a este modelo pedag\u00f3gico&#8221;, garantiu \u00e0 Lusa o vereador da Ci\u00eancia, Inova\u00e7\u00e3o e Conhecimento, Ricardo Carvalhido.<\/p>\n<p>A p\u00f3s-gradua\u00e7\u00e3o em Educa\u00e7\u00e3o, Ci\u00eancia e Patrim\u00f3nio Local, financiada pela c\u00e2mara e ministrada pela Escola Superior de Educa\u00e7\u00e3o (ESE) do Instituto Polit\u00e9cnico de Viana do Castelo (IPVC), come\u00e7ou em novembro de 2018 e terminou em julho.<\/p>\n<p>&#8220;Identific\u00e1mos, juntamente com os diretores dos sete agrupamentos, quatro professores por agrupamento com base em caracter\u00edsticas pessoais e no perfil acad\u00e9mico e profissional. Estes docentes t\u00eam uma miss\u00e3o muito importante porque est\u00e3o no epicentro deste modelo de flexibiliza\u00e7\u00e3o curricular&#8221;, sustentou.\u00a0<\/p>\n<p>O &#8220;ano zero&#8221; daquela estrat\u00e9gia municipal, inserida na Agenda para a Inova\u00e7\u00e3o e na Agenda para a Ci\u00eancia e o Conhecimento (quadri\u00e9nio 2017-2020), resultou na &#8220;capacita\u00e7\u00e3o&#8221; dos docentes, agora distribu\u00eddos em grupos de quatro, e a integrar as sete equipas promotoras de flexibilidade curricular.<\/p>\n<p>Com o arranque do ano novo letivo come\u00e7aram a executar &#8220;sete projetos multidisciplinares, envolvendo 1.920 alunos do primeiro ciclo ao ensino secund\u00e1rio e 245 professores&#8221;, dos agrupamentos de Santa Maria Maior, Monte da Ola, Monserrate, Pintor Jos\u00e9 de Brito, Arga e Lima, Barroselas e Abelheira.<\/p>\n<p>&#8220;Como \u00e9 o primeiro ano deste modelo pedag\u00f3gico, os sete projetos foram propostos durante a p\u00f3s-gradua\u00e7\u00e3o, mas com o decorrer do ano letivo \u00e9 expect\u00e1vel que o n\u00famero venha a ultrapassar os 23 realizados no ano transato, ainda antes da cria\u00e7\u00e3o das equipas promotoras&#8221;, sublinhou.<\/p>\n<p>Ricardo Carvalhido explicou que a estrat\u00e9gia municipal para a diferencia\u00e7\u00e3o e flexibilidade curricular &#8220;vem responder \u00e0s orienta\u00e7\u00f5es do Minist\u00e9rio da Educa\u00e7\u00e3o, de garantia que todos os alunos adquirem os conhecimentos e desenvolvem as capacidades e atitudes que contribuam para alcan\u00e7ar as compet\u00eancias previstas no final da escolaridade obrigat\u00f3ria&#8221;.<\/p>\n<p>Para apoiar \u00e0s equipas promotoras, o munic\u00edpio &#8220;criou uma comiss\u00e3o municipal, composta por 16 t\u00e9cnicos superiores&#8221;, disponibiliza &#8220;equipamentos&#8221; e garante o &#8220;transporte dos alunos&#8221; envolvidos em projetos de flexibilidade.<\/p>\n<p>Os laborat\u00f3rios da Rede Escolar de Ci\u00eancia de Apoio \u00e0 Investiga\u00e7\u00e3o Cient\u00edfica, os museus e n\u00facleos museol\u00f3gicos, o centro de mar, centros n\u00e1uticos, Centro de Monitoriza\u00e7\u00e3o e Interpreta\u00e7\u00e3o Ambiental (CMIA) e Biblioteca Municipal, s\u00e3o alguns dos equipamentos municipais que apoiam os alunos.<\/p>\n<p>A Rede Escolar de Ci\u00eancia e de Apoio \u00e0 Investiga\u00e7\u00e3o Cient\u00edfica foi a primeira a ser criada no pa\u00eds, em 2018. Est\u00e1 instalada nas sedes de sete agrupamentos. Integra &#8220;um conjunto de laborat\u00f3rios instalados nas sete escolas sede de agrupamento, funcionando como elemento essencial \u00e0 promo\u00e7\u00e3o da experimenta\u00e7\u00e3o em ci\u00eancia, sobretudo no patrim\u00f3nio local&#8221;.<\/p>\n<p>&#8220;Viana do Castelo \u00e9 o \u00fanico concelho do pa\u00eds que tem conclu\u00eddo o invent\u00e1rio e classifica\u00e7\u00e3o dos locais de valor cient\u00edfico para a natureza (tr\u00eas s\u00edtios Natura 2000, 13 monumentos naturais, e arqueoss\u00edtios), sendo considerado desde setembro de 2017 como Geoparque e aspirando integrar a rede mundial de Geoparques da UNESCO&#8221;, referiu.<\/p>\n<p>A rede integra laborat\u00f3rios de processamento de amostras em sedimentologia, de sondagem mec\u00e2nica e geof\u00edsica, de comunica\u00e7\u00e3o de ci\u00eancia, de processamento de amostras em petrologia, de microscopia e petrografia, de fotogrametria e da mem\u00f3ria.<\/p>\n<p>Aquelas unidades de investiga\u00e7\u00e3o descentralizada permitem &#8220;aos alunos trabalharem com cientistas, consolidando a aproxima\u00e7\u00e3o das escolas \u00e0 ci\u00eancia, aos seus equipamentos, e aos problemas e metodologias em ci\u00eancia&#8221;.<\/p>\n<p>Estimular &#8220;o conhecimento cient\u00edfico atrav\u00e9s da descoberta do meio local, promover o gosto e a pr\u00e1tica da ci\u00eancia em contexto fora da sala de aula, incentivar o interc\u00e2mbio de conhecimentos entre alunos e docentes do concelho e investigadores e desenvolver a interdisciplinaridade&#8221;, s\u00e3o outras das apostas daquela rede.<\/p>\n\n\n<p><\/p>\n","protected":false},"excerpt":{"rendered":"<p>Viana do Castelo \u00e9 o primeiro concelho do pa\u00eds com um corpo de 28 docentes formado para promover a flexibilidade curricular no letivo 2019\/2020 nos sete agrupamentos do munic\u00edpio. &#8220;N\u00e3o h\u00e1 nenhum concelho no pa\u00eds que tenha um corpo de docentes selecionado, formado, numa institui\u00e7\u00e3o de ensino superior, com uma p\u00f3s-gradua\u00e7\u00e3o desenhada para dar resposta [&hellip;]<\/p>\n","protected":false},"author":13,"featured_media":34034,"comment_status":"closed","ping_status":"closed","sticky":false,"template":"","format":"standard","meta":{"_exactmetrics_skip_tracking":false,"_exactmetrics_sitenote_active":false,"_exactmetrics_sitenote_note":"","_exactmetrics_sitenote_category":0,"footnotes":""},"categories":[14],"tags":[22],"class_list":["post-34032","post","type-post","status-publish","format-standard","has-post-thumbnail","hentry","category-viana-do-castelo","tag-educacao"],"yoast_head":"<!-- This site is optimized with the Yoast SEO Premium plugin v27.5 (Yoast SEO v27.5) - https:\/\/yoast.com\/product\/yoast-seo-premium-wordpress\/ -->\n<title>Viana do Castelo tem os primeiros docentes do pa\u00eds formados para promover a flexibilidade curricular<\/title>\n<meta name=\"robots\" content=\"index, follow, max-snippet:-1, max-image-preview:large, max-video-preview:-1\" \/>\n<link rel=\"canonical\" href=\"https:\/\/www.altominho.tv\/site\/2019\/09\/13\/viana-do-castelo-tem-os-primeiros-docentes-do-pais-formados-para-promover-a-flexibilidade-curricular\/\" \/>\n<meta property=\"og:locale\" content=\"pt_PT\" \/>\n<meta property=\"og:type\" content=\"article\" \/>\n<meta property=\"og:title\" content=\"Viana do Castelo tem os primeiros docentes do pa\u00eds formados para promover a flexibilidade curricular\" \/>\n<meta property=\"og:description\" content=\"Viana do Castelo \u00e9 o primeiro concelho do pa\u00eds com um corpo de 28 docentes formado para promover a flexibilidade curricular no letivo 2019\/2020 nos sete agrupamentos do munic\u00edpio. &#8220;N\u00e3o h\u00e1 nenhum concelho no pa\u00eds que tenha um corpo de docentes selecionado, formado, numa institui\u00e7\u00e3o de ensino superior, com uma p\u00f3s-gradua\u00e7\u00e3o desenhada para dar resposta [&hellip;]\" \/>\n<meta property=\"og:url\" content=\"https:\/\/www.altominho.tv\/site\/2019\/09\/13\/viana-do-castelo-tem-os-primeiros-docentes-do-pais-formados-para-promover-a-flexibilidade-curricular\/\" \/>\n<meta property=\"og:site_name\" content=\"Altominho.tv\" \/>\n<meta property=\"article:publisher\" content=\"https:\/\/www.facebook.com\/altominhotv\" \/>\n<meta property=\"article:published_time\" content=\"2019-09-13T09:26:22+00:00\" \/>\n<meta property=\"article:modified_time\" content=\"2019-09-13T09:26:26+00:00\" \/>\n<meta property=\"og:image\" content=\"https:\/\/www.altominho.tv\/site\/wp-content\/uploads\/2019\/09\/cropped-esm.jpg\" \/>\n\t<meta property=\"og:image:width\" content=\"1559\" \/>\n\t<meta property=\"og:image:height\" content=\"877\" \/>\n\t<meta property=\"og:image:type\" content=\"image\/jpeg\" \/>\n<meta name=\"author\" content=\"Lusa\" \/>\n<meta name=\"twitter:card\" content=\"summary_large_image\" \/>\n<meta name=\"twitter:creator\" content=\"@altominhoTV\" \/>\n<meta name=\"twitter:site\" content=\"@altominhoTV\" \/>\n<meta name=\"twitter:label1\" content=\"Escrito por\" \/>\n\t<meta name=\"twitter:data1\" content=\"Lusa\" \/>\n\t<meta name=\"twitter:label2\" content=\"Tempo estimado de leitura\" \/>\n\t<meta name=\"twitter:data2\" content=\"3 minutos\" \/>\n<script type=\"application\/ld+json\" class=\"yoast-schema-graph\">{\"@context\":\"https:\\\/\\\/schema.org\",\"@graph\":[{\"@type\":\"Article\",\"@id\":\"https:\\\/\\\/www.altominho.tv\\\/site\\\/2019\\\/09\\\/13\\\/viana-do-castelo-tem-os-primeiros-docentes-do-pais-formados-para-promover-a-flexibilidade-curricular\\\/#article\",\"isPartOf\":{\"@id\":\"https:\\\/\\\/www.altominho.tv\\\/site\\\/2019\\\/09\\\/13\\\/viana-do-castelo-tem-os-primeiros-docentes-do-pais-formados-para-promover-a-flexibilidade-curricular\\\/\"},\"author\":{\"name\":\"Lusa\",\"@id\":\"https:\\\/\\\/www.altominho.tv\\\/site\\\/#\\\/schema\\\/person\\\/63f693da3e1899361cbe955c46f3232e\"},\"headline\":\"Viana do Castelo tem os primeiros docentes do pa\u00eds formados para promover a flexibilidade curricular\",\"datePublished\":\"2019-09-13T09:26:22+00:00\",\"dateModified\":\"2019-09-13T09:26:26+00:00\",\"mainEntityOfPage\":{\"@id\":\"https:\\\/\\\/www.altominho.tv\\\/site\\\/2019\\\/09\\\/13\\\/viana-do-castelo-tem-os-primeiros-docentes-do-pais-formados-para-promover-a-flexibilidade-curricular\\\/\"},\"wordCount\":706,\"image\":{\"@id\":\"https:\\\/\\\/www.altominho.tv\\\/site\\\/2019\\\/09\\\/13\\\/viana-do-castelo-tem-os-primeiros-docentes-do-pais-formados-para-promover-a-flexibilidade-curricular\\\/#primaryimage\"},\"thumbnailUrl\":\"https:\\\/\\\/www.altominho.tv\\\/site\\\/wp-content\\\/uploads\\\/2019\\\/09\\\/cropped-esm.jpg\",\"keywords\":[\"Educa\u00e7\u00e3o\"],\"articleSection\":[\"Viana do Castelo\"],\"inLanguage\":\"pt-PT\",\"copyrightYear\":\"2019\",\"copyrightHolder\":{\"@id\":\"https:\\\/\\\/www.altominho.tv\\\/site\\\/#organization\"}},{\"@type\":\"WebPage\",\"@id\":\"https:\\\/\\\/www.altominho.tv\\\/site\\\/2019\\\/09\\\/13\\\/viana-do-castelo-tem-os-primeiros-docentes-do-pais-formados-para-promover-a-flexibilidade-curricular\\\/\",\"url\":\"https:\\\/\\\/www.altominho.tv\\\/site\\\/2019\\\/09\\\/13\\\/viana-do-castelo-tem-os-primeiros-docentes-do-pais-formados-para-promover-a-flexibilidade-curricular\\\/\",\"name\":\"Viana do Castelo tem os primeiros docentes do pa\u00eds formados para promover a flexibilidade curricular\",\"isPartOf\":{\"@id\":\"https:\\\/\\\/www.altominho.tv\\\/site\\\/#website\"},\"primaryImageOfPage\":{\"@id\":\"https:\\\/\\\/www.altominho.tv\\\/site\\\/2019\\\/09\\\/13\\\/viana-do-castelo-tem-os-primeiros-docentes-do-pais-formados-para-promover-a-flexibilidade-curricular\\\/#primaryimage\"},\"image\":{\"@id\":\"https:\\\/\\\/www.altominho.tv\\\/site\\\/2019\\\/09\\\/13\\\/viana-do-castelo-tem-os-primeiros-docentes-do-pais-formados-para-promover-a-flexibilidade-curricular\\\/#primaryimage\"},\"thumbnailUrl\":\"https:\\\/\\\/www.altominho.tv\\\/site\\\/wp-content\\\/uploads\\\/2019\\\/09\\\/cropped-esm.jpg\",\"datePublished\":\"2019-09-13T09:26:22+00:00\",\"dateModified\":\"2019-09-13T09:26:26+00:00\",\"author\":{\"@id\":\"https:\\\/\\\/www.altominho.tv\\\/site\\\/#\\\/schema\\\/person\\\/63f693da3e1899361cbe955c46f3232e\"},\"breadcrumb\":{\"@id\":\"https:\\\/\\\/www.altominho.tv\\\/site\\\/2019\\\/09\\\/13\\\/viana-do-castelo-tem-os-primeiros-docentes-do-pais-formados-para-promover-a-flexibilidade-curricular\\\/#breadcrumb\"},\"inLanguage\":\"pt-PT\",\"potentialAction\":[{\"@type\":\"ReadAction\",\"target\":[\"https:\\\/\\\/www.altominho.tv\\\/site\\\/2019\\\/09\\\/13\\\/viana-do-castelo-tem-os-primeiros-docentes-do-pais-formados-para-promover-a-flexibilidade-curricular\\\/\"]}]},{\"@type\":\"ImageObject\",\"inLanguage\":\"pt-PT\",\"@id\":\"https:\\\/\\\/www.altominho.tv\\\/site\\\/2019\\\/09\\\/13\\\/viana-do-castelo-tem-os-primeiros-docentes-do-pais-formados-para-promover-a-flexibilidade-curricular\\\/#primaryimage\",\"url\":\"https:\\\/\\\/www.altominho.tv\\\/site\\\/wp-content\\\/uploads\\\/2019\\\/09\\\/cropped-esm.jpg\",\"contentUrl\":\"https:\\\/\\\/www.altominho.tv\\\/site\\\/wp-content\\\/uploads\\\/2019\\\/09\\\/cropped-esm.jpg\",\"width\":1559,\"height\":877},{\"@type\":\"BreadcrumbList\",\"@id\":\"https:\\\/\\\/www.altominho.tv\\\/site\\\/2019\\\/09\\\/13\\\/viana-do-castelo-tem-os-primeiros-docentes-do-pais-formados-para-promover-a-flexibilidade-curricular\\\/#breadcrumb\",\"itemListElement\":[{\"@type\":\"ListItem\",\"position\":1,\"name\":\"In\u00edcio\",\"item\":\"https:\\\/\\\/www.altominho.tv\\\/site\\\/\"},{\"@type\":\"ListItem\",\"position\":2,\"name\":\"Viana do Castelo tem os primeiros docentes do pa\u00eds formados para promover a flexibilidade curricular\"}]},{\"@type\":\"WebSite\",\"@id\":\"https:\\\/\\\/www.altominho.tv\\\/site\\\/#website\",\"url\":\"https:\\\/\\\/www.altominho.tv\\\/site\\\/\",\"name\":\"Altominho.tv\",\"description\":\"A sua regi\u00e3o \u00e0 dist\u00e2ncia de um clique...\",\"potentialAction\":[{\"@type\":\"SearchAction\",\"target\":{\"@type\":\"EntryPoint\",\"urlTemplate\":\"https:\\\/\\\/www.altominho.tv\\\/site\\\/?s={search_term_string}\"},\"query-input\":{\"@type\":\"PropertyValueSpecification\",\"valueRequired\":true,\"valueName\":\"search_term_string\"}}],\"inLanguage\":\"pt-PT\"},{\"@type\":\"Person\",\"@id\":\"https:\\\/\\\/www.altominho.tv\\\/site\\\/#\\\/schema\\\/person\\\/63f693da3e1899361cbe955c46f3232e\",\"name\":\"Lusa\",\"image\":{\"@type\":\"ImageObject\",\"inLanguage\":\"pt-PT\",\"@id\":\"https:\\\/\\\/www.altominho.tv\\\/site\\\/wp-content\\\/uploads\\\/2019\\\/08\\\/LUSA_Logo.gif\",\"url\":\"https:\\\/\\\/www.altominho.tv\\\/site\\\/wp-content\\\/uploads\\\/2019\\\/08\\\/LUSA_Logo.gif\",\"contentUrl\":\"https:\\\/\\\/www.altominho.tv\\\/site\\\/wp-content\\\/uploads\\\/2019\\\/08\\\/LUSA_Logo.gif\",\"caption\":\"Lusa\"},\"sameAs\":[\"http:\\\/\\\/\\\/\\\/www.altominho.tv\\\/site\"],\"url\":\"https:\\\/\\\/www.altominho.tv\\\/site\\\/author\\\/lusa\\\/\"}]}<\/script>\n<!-- \/ Yoast SEO Premium plugin. -->","yoast_head_json":{"title":"Viana do Castelo tem os primeiros docentes do pa\u00eds formados para promover a flexibilidade curricular","robots":{"index":"index","follow":"follow","max-snippet":"max-snippet:-1","max-image-preview":"max-image-preview:large","max-video-preview":"max-video-preview:-1"},"canonical":"https:\/\/www.altominho.tv\/site\/2019\/09\/13\/viana-do-castelo-tem-os-primeiros-docentes-do-pais-formados-para-promover-a-flexibilidade-curricular\/","og_locale":"pt_PT","og_type":"article","og_title":"Viana do Castelo tem os primeiros docentes do pa\u00eds formados para promover a flexibilidade curricular","og_description":"Viana do Castelo \u00e9 o primeiro concelho do pa\u00eds com um corpo de 28 docentes formado para promover a flexibilidade curricular no letivo 2019\/2020 nos sete agrupamentos do munic\u00edpio. &#8220;N\u00e3o h\u00e1 nenhum concelho no pa\u00eds que tenha um corpo de docentes selecionado, formado, numa institui\u00e7\u00e3o de ensino superior, com uma p\u00f3s-gradua\u00e7\u00e3o desenhada para dar resposta [&hellip;]","og_url":"https:\/\/www.altominho.tv\/site\/2019\/09\/13\/viana-do-castelo-tem-os-primeiros-docentes-do-pais-formados-para-promover-a-flexibilidade-curricular\/","og_site_name":"Altominho.tv","article_publisher":"https:\/\/www.facebook.com\/altominhotv","article_published_time":"2019-09-13T09:26:22+00:00","article_modified_time":"2019-09-13T09:26:26+00:00","og_image":[{"width":1559,"height":877,"url":"https:\/\/www.altominho.tv\/site\/wp-content\/uploads\/2019\/09\/cropped-esm.jpg","type":"image\/jpeg"}],"author":"Lusa","twitter_card":"summary_large_image","twitter_creator":"@altominhoTV","twitter_site":"@altominhoTV","twitter_misc":{"Escrito por":"Lusa","Tempo estimado de leitura":"3 minutos"},"schema":{"@context":"https:\/\/schema.org","@graph":[{"@type":"Article","@id":"https:\/\/www.altominho.tv\/site\/2019\/09\/13\/viana-do-castelo-tem-os-primeiros-docentes-do-pais-formados-para-promover-a-flexibilidade-curricular\/#article","isPartOf":{"@id":"https:\/\/www.altominho.tv\/site\/2019\/09\/13\/viana-do-castelo-tem-os-primeiros-docentes-do-pais-formados-para-promover-a-flexibilidade-curricular\/"},"author":{"name":"Lusa","@id":"https:\/\/www.altominho.tv\/site\/#\/schema\/person\/63f693da3e1899361cbe955c46f3232e"},"headline":"Viana do Castelo tem os primeiros docentes do pa\u00eds formados para promover a flexibilidade curricular","datePublished":"2019-09-13T09:26:22+00:00","dateModified":"2019-09-13T09:26:26+00:00","mainEntityOfPage":{"@id":"https:\/\/www.altominho.tv\/site\/2019\/09\/13\/viana-do-castelo-tem-os-primeiros-docentes-do-pais-formados-para-promover-a-flexibilidade-curricular\/"},"wordCount":706,"image":{"@id":"https:\/\/www.altominho.tv\/site\/2019\/09\/13\/viana-do-castelo-tem-os-primeiros-docentes-do-pais-formados-para-promover-a-flexibilidade-curricular\/#primaryimage"},"thumbnailUrl":"https:\/\/www.altominho.tv\/site\/wp-content\/uploads\/2019\/09\/cropped-esm.jpg","keywords":["Educa\u00e7\u00e3o"],"articleSection":["Viana do Castelo"],"inLanguage":"pt-PT","copyrightYear":"2019","copyrightHolder":{"@id":"https:\/\/www.altominho.tv\/site\/#organization"}},{"@type":"WebPage","@id":"https:\/\/www.altominho.tv\/site\/2019\/09\/13\/viana-do-castelo-tem-os-primeiros-docentes-do-pais-formados-para-promover-a-flexibilidade-curricular\/","url":"https:\/\/www.altominho.tv\/site\/2019\/09\/13\/viana-do-castelo-tem-os-primeiros-docentes-do-pais-formados-para-promover-a-flexibilidade-curricular\/","name":"Viana do Castelo tem os primeiros docentes do pa\u00eds formados para promover a flexibilidade curricular","isPartOf":{"@id":"https:\/\/www.altominho.tv\/site\/#website"},"primaryImageOfPage":{"@id":"https:\/\/www.altominho.tv\/site\/2019\/09\/13\/viana-do-castelo-tem-os-primeiros-docentes-do-pais-formados-para-promover-a-flexibilidade-curricular\/#primaryimage"},"image":{"@id":"https:\/\/www.altominho.tv\/site\/2019\/09\/13\/viana-do-castelo-tem-os-primeiros-docentes-do-pais-formados-para-promover-a-flexibilidade-curricular\/#primaryimage"},"thumbnailUrl":"https:\/\/www.altominho.tv\/site\/wp-content\/uploads\/2019\/09\/cropped-esm.jpg","datePublished":"2019-09-13T09:26:22+00:00","dateModified":"2019-09-13T09:26:26+00:00","author":{"@id":"https:\/\/www.altominho.tv\/site\/#\/schema\/person\/63f693da3e1899361cbe955c46f3232e"},"breadcrumb":{"@id":"https:\/\/www.altominho.tv\/site\/2019\/09\/13\/viana-do-castelo-tem-os-primeiros-docentes-do-pais-formados-para-promover-a-flexibilidade-curricular\/#breadcrumb"},"inLanguage":"pt-PT","potentialAction":[{"@type":"ReadAction","target":["https:\/\/www.altominho.tv\/site\/2019\/09\/13\/viana-do-castelo-tem-os-primeiros-docentes-do-pais-formados-para-promover-a-flexibilidade-curricular\/"]}]},{"@type":"ImageObject","inLanguage":"pt-PT","@id":"https:\/\/www.altominho.tv\/site\/2019\/09\/13\/viana-do-castelo-tem-os-primeiros-docentes-do-pais-formados-para-promover-a-flexibilidade-curricular\/#primaryimage","url":"https:\/\/www.altominho.tv\/site\/wp-content\/uploads\/2019\/09\/cropped-esm.jpg","contentUrl":"https:\/\/www.altominho.tv\/site\/wp-content\/uploads\/2019\/09\/cropped-esm.jpg","width":1559,"height":877},{"@type":"BreadcrumbList","@id":"https:\/\/www.altominho.tv\/site\/2019\/09\/13\/viana-do-castelo-tem-os-primeiros-docentes-do-pais-formados-para-promover-a-flexibilidade-curricular\/#breadcrumb","itemListElement":[{"@type":"ListItem","position":1,"name":"In\u00edcio","item":"https:\/\/www.altominho.tv\/site\/"},{"@type":"ListItem","position":2,"name":"Viana do Castelo tem os primeiros docentes do pa\u00eds formados para promover a flexibilidade curricular"}]},{"@type":"WebSite","@id":"https:\/\/www.altominho.tv\/site\/#website","url":"https:\/\/www.altominho.tv\/site\/","name":"Altominho.tv","description":"A sua regi\u00e3o \u00e0 dist\u00e2ncia de um clique...","potentialAction":[{"@type":"SearchAction","target":{"@type":"EntryPoint","urlTemplate":"https:\/\/www.altominho.tv\/site\/?s={search_term_string}"},"query-input":{"@type":"PropertyValueSpecification","valueRequired":true,"valueName":"search_term_string"}}],"inLanguage":"pt-PT"},{"@type":"Person","@id":"https:\/\/www.altominho.tv\/site\/#\/schema\/person\/63f693da3e1899361cbe955c46f3232e","name":"Lusa","image":{"@type":"ImageObject","inLanguage":"pt-PT","@id":"https:\/\/www.altominho.tv\/site\/wp-content\/uploads\/2019\/08\/LUSA_Logo.gif","url":"https:\/\/www.altominho.tv\/site\/wp-content\/uploads\/2019\/08\/LUSA_Logo.gif","contentUrl":"https:\/\/www.altominho.tv\/site\/wp-content\/uploads\/2019\/08\/LUSA_Logo.gif","caption":"Lusa"},"sameAs":["http:\/\/\/\/www.altominho.tv\/site"],"url":"https:\/\/www.altominho.tv\/site\/author\/lusa\/"}]}},"_links":{"self":[{"href":"https:\/\/www.altominho.tv\/site\/wp-json\/wp\/v2\/posts\/34032","targetHints":{"allow":["GET"]}}],"collection":[{"href":"https:\/\/www.altominho.tv\/site\/wp-json\/wp\/v2\/posts"}],"about":[{"href":"https:\/\/www.altominho.tv\/site\/wp-json\/wp\/v2\/types\/post"}],"author":[{"embeddable":true,"href":"https:\/\/www.altominho.tv\/site\/wp-json\/wp\/v2\/users\/13"}],"replies":[{"embeddable":true,"href":"https:\/\/www.altominho.tv\/site\/wp-json\/wp\/v2\/comments?post=34032"}],"version-history":[{"count":0,"href":"https:\/\/www.altominho.tv\/site\/wp-json\/wp\/v2\/posts\/34032\/revisions"}],"wp:featuredmedia":[{"embeddable":true,"href":"https:\/\/www.altominho.tv\/site\/wp-json\/wp\/v2\/media\/34034"}],"wp:attachment":[{"href":"https:\/\/www.altominho.tv\/site\/wp-json\/wp\/v2\/media?parent=34032"}],"wp:term":[{"taxonomy":"category","embeddable":true,"href":"https:\/\/www.altominho.tv\/site\/wp-json\/wp\/v2\/categories?post=34032"},{"taxonomy":"post_tag","embeddable":true,"href":"https:\/\/www.altominho.tv\/site\/wp-json\/wp\/v2\/tags?post=34032"}],"curies":[{"name":"wp","href":"https:\/\/api.w.org\/{rel}","templated":true}]}}