{"id":34022,"date":"2019-09-12T16:58:30","date_gmt":"2019-09-12T15:58:30","guid":{"rendered":"http:\/\/www.altominho.tv\/site\/?p=34022"},"modified":"2019-09-12T16:58:36","modified_gmt":"2019-09-12T15:58:36","slug":"moncao-e-valenca-organizam-primeira-eco-meia-maratona","status":"publish","type":"post","link":"https:\/\/www.altominho.tv\/site\/2019\/09\/12\/moncao-e-valenca-organizam-primeira-eco-meia-maratona\/","title":{"rendered":"Mon\u00e7\u00e3o e Valen\u00e7a organizam primeira Eco Meia Maratona"},"content":{"rendered":"\n<p>Os munic\u00edpios de Mon\u00e7\u00e3o e de Valen\u00e7a, recebem no dia 20 de outubro, domingo, a primeira Eco Meia Maratona.<\/p>\n\n\n\n<p>Esta Meia Maratona vai ligar as duas localidades vizinhas pela Ecopista do Rio Minho. <\/p>\n\n\n\n<p>As inscri\u00e7\u00f5es para o evento desportivo promovido pelos dois munic\u00edpios est\u00e3o abertas em:\u00a0<a rel=\"noreferrer noopener\" href=\"https:\/\/l.facebook.com\/l.php?u=http%3A%2F%2Fwww.prozis.com%2Fecovalencamoncao%3Ffbclid%3DIwAR3ffmPMCpIflxXTOaBAZkxFB_2xt98TeHynL8uG-WqJ21mhCw91i46BpXo&amp;h=AT3n8vg0Ev3-iGsPubRo2KvxpGMLzGRwdsS2NbrRV2x3G5T01d-d5pC0YcLSlJMMVBKIWf4t7PvaGVlUqBSwuZGQb2nj56YCODXlsVMKP6u5OusADk3sF-VbQG72hb-V-vowPP5dhSUTo9Sae9mwnbnbVqDRpqRrhU231aHL5qMgebSvHEgH4OOgwzsSAP3wx9RZ1v5F5IxFdaKSVbS5tvNyA_FUkNGFQg-VAZnx5qgUWOiaSTlTFp6Dd8NTzlTjrMhwvOUMSmwkjQqqRUSovuckcrPK4g6jkseuhOCMAF1O-IhwxYIkgado5frIuTijJKtGsmSXEK9Zgz0GVuO7y2fYe8x4_liSOuKH26Q8qwcpmDbF1wL6U39rjzeLlM-lXg-4WYQS8V611trIAP7dCRLVnUroB2yTeWaiQiFK-wqj5WGkvu3JAWG5tqPo0_AFFLi84ipcu_84ydIRzan7Hzip1nU6Pop0svL-UkzxCivAfci10akOfyo4CxqzKZ7mjI_i9wBbTpKLw5l7GF4oVLmXzy9lwQkga6VkqZjkPeOQrbqRTQcA6w1eq2cLIP49yyA_8P1CsvccsvK5GQizBGN1U5NyEYV1osamJmtuLhWxHOXGcT18Erq2UnAy3fDIynORoQ\" target=\"_blank\">www.prozis.com\/ecovalencamoncao<\/a><\/p>\n\n\n\n<p>Al\u00e9m do trajeto de 21,0975 quil\u00f3metros, com partida em Valen\u00e7a e chegada a Mon\u00e7\u00e3o, est\u00e1 ainda prevista uma corrida de 10 quil\u00f3metros e uma caminhada de 5 quil\u00f3metros, ambas com percurso apenas no Munic\u00edpio de Mon\u00e7\u00e3o. <\/p>\n\n\n\n<p>&#8220;O valor de participa\u00e7\u00e3o na Eco Meia Maratona e na corrida s\u00e3o 10 euros, descendo para 5 euros na caminhada&#8221;, informou o Munic\u00edpio de Mon\u00e7\u00e3o em comunicado.<\/p>\n\n\n\n<p>A prova &#8220;representa uma oportunidade \u00fanica de praticar exerc\u00edcio f\u00edsico num percurso com carater\u00edsticas ambientais, monumentais e fluviais muito acentuadas, sendo v\u00e1rios os motivos de interesse que fazem desta via ecol\u00f3gica, a primeira em Portugal a aproveitar linhas f\u00e9rreas desativadas, uma refer\u00eancia para quem gosta de praticar desporto em comunh\u00e3o com a natureza&#8221;, pode ler-se ainda na nota.<\/p>\n\n\n\n<p>Com o primeiro tro\u00e7o inaugurado em 2004, a Ecopista do Rio Minho foi distinguida, em 2009, no IV Encontro de Vias Verdes da Europa, realizado na B\u00e9lgica, como a quarta melhor ecopista da Europa. <\/p>\n\n\n\n<p>Em 2017, nos 8th European Greenway Award, realizados na Irlanda, recebeu o t\u00edtulo de terceira melhor via verde da Europa.<\/p>\n\n\n\n<p>Esta ser\u00e1 a primeira edi\u00e7\u00e3o do evento, que promove a pr\u00e1tica desportiva e as paisagens dos dois munic\u00edpios alto-minhotos.  <\/p>\n","protected":false},"excerpt":{"rendered":"<p>Os munic\u00edpios de Mon\u00e7\u00e3o e de Valen\u00e7a, recebem no dia 20 de outubro, domingo, a primeira Eco Meia Maratona. Esta Meia Maratona vai ligar as duas localidades vizinhas pela Ecopista do Rio Minho. As inscri\u00e7\u00f5es para o evento desportivo promovido pelos dois munic\u00edpios est\u00e3o abertas em:\u00a0www.prozis.com\/ecovalencamoncao Al\u00e9m do trajeto de 21,0975 quil\u00f3metros, com partida em [&hellip;]<\/p>\n","protected":false},"author":7,"featured_media":34027,"comment_status":"closed","ping_status":"closed","sticky":false,"template":"","format":"standard","meta":{"_exactmetrics_skip_tracking":false,"_exactmetrics_sitenote_active":false,"_exactmetrics_sitenote_note":"","_exactmetrics_sitenote_category":0,"footnotes":""},"categories":[73],"tags":[20,24],"class_list":["post-34022","post","type-post","status-publish","format-standard","has-post-thumbnail","hentry","category-alto-minho","tag-desporto","tag-lazer"],"yoast_head":"<!-- This site is optimized with the Yoast SEO Premium plugin v27.5 (Yoast SEO v27.5) - https:\/\/yoast.com\/product\/yoast-seo-premium-wordpress\/ -->\n<title>Mon\u00e7\u00e3o e Valen\u00e7a organizam primeira Eco Meia Maratona<\/title>\n<meta name=\"robots\" content=\"index, follow, max-snippet:-1, max-image-preview:large, max-video-preview:-1\" \/>\n<link rel=\"canonical\" href=\"https:\/\/www.altominho.tv\/site\/2019\/09\/12\/moncao-e-valenca-organizam-primeira-eco-meia-maratona\/\" \/>\n<meta property=\"og:locale\" content=\"pt_PT\" \/>\n<meta property=\"og:type\" content=\"article\" \/>\n<meta property=\"og:title\" content=\"Mon\u00e7\u00e3o e Valen\u00e7a organizam primeira Eco Meia Maratona\" \/>\n<meta property=\"og:description\" content=\"Os munic\u00edpios de Mon\u00e7\u00e3o e de Valen\u00e7a, recebem no dia 20 de outubro, domingo, a primeira Eco Meia Maratona. Esta Meia Maratona vai ligar as duas localidades vizinhas pela Ecopista do Rio Minho. As inscri\u00e7\u00f5es para o evento desportivo promovido pelos dois munic\u00edpios est\u00e3o abertas em:\u00a0www.prozis.com\/ecovalencamoncao Al\u00e9m do trajeto de 21,0975 quil\u00f3metros, com partida em [&hellip;]\" \/>\n<meta property=\"og:url\" content=\"https:\/\/www.altominho.tv\/site\/2019\/09\/12\/moncao-e-valenca-organizam-primeira-eco-meia-maratona\/\" \/>\n<meta property=\"og:site_name\" content=\"Altominho.tv\" \/>\n<meta property=\"article:publisher\" content=\"https:\/\/www.facebook.com\/altominhotv\" \/>\n<meta property=\"article:published_time\" content=\"2019-09-12T15:58:30+00:00\" \/>\n<meta property=\"article:modified_time\" content=\"2019-09-12T15:58:36+00:00\" \/>\n<meta property=\"og:image\" content=\"https:\/\/www.altominho.tv\/site\/wp-content\/uploads\/2019\/09\/cropped-Ecopista-do-rio-Minho.jpg\" \/>\n\t<meta property=\"og:image:width\" content=\"1120\" \/>\n\t<meta property=\"og:image:height\" content=\"630\" \/>\n\t<meta property=\"og:image:type\" content=\"image\/jpeg\" \/>\n<meta name=\"author\" content=\"Andreia Cunha\" \/>\n<meta name=\"twitter:card\" content=\"summary_large_image\" \/>\n<meta name=\"twitter:creator\" content=\"@altominhoTV\" \/>\n<meta name=\"twitter:site\" content=\"@altominhoTV\" \/>\n<meta name=\"twitter:label1\" content=\"Escrito por\" \/>\n\t<meta name=\"twitter:data1\" content=\"Andreia Cunha\" \/>\n\t<meta name=\"twitter:label2\" content=\"Tempo estimado de leitura\" \/>\n\t<meta name=\"twitter:data2\" content=\"1 minuto\" \/>\n<script type=\"application\/ld+json\" class=\"yoast-schema-graph\">{\"@context\":\"https:\\\/\\\/schema.org\",\"@graph\":[{\"@type\":\"Article\",\"@id\":\"https:\\\/\\\/www.altominho.tv\\\/site\\\/2019\\\/09\\\/12\\\/moncao-e-valenca-organizam-primeira-eco-meia-maratona\\\/#article\",\"isPartOf\":{\"@id\":\"https:\\\/\\\/www.altominho.tv\\\/site\\\/2019\\\/09\\\/12\\\/moncao-e-valenca-organizam-primeira-eco-meia-maratona\\\/\"},\"author\":{\"name\":\"Andreia Cunha\",\"@id\":\"https:\\\/\\\/www.altominho.tv\\\/site\\\/#\\\/schema\\\/person\\\/a0e4ef6d041f98ca284393d8f1d97153\"},\"headline\":\"Mon\u00e7\u00e3o e Valen\u00e7a organizam primeira Eco Meia Maratona\",\"datePublished\":\"2019-09-12T15:58:30+00:00\",\"dateModified\":\"2019-09-12T15:58:36+00:00\",\"mainEntityOfPage\":{\"@id\":\"https:\\\/\\\/www.altominho.tv\\\/site\\\/2019\\\/09\\\/12\\\/moncao-e-valenca-organizam-primeira-eco-meia-maratona\\\/\"},\"wordCount\":277,\"image\":{\"@id\":\"https:\\\/\\\/www.altominho.tv\\\/site\\\/2019\\\/09\\\/12\\\/moncao-e-valenca-organizam-primeira-eco-meia-maratona\\\/#primaryimage\"},\"thumbnailUrl\":\"https:\\\/\\\/www.altominho.tv\\\/site\\\/wp-content\\\/uploads\\\/2019\\\/09\\\/cropped-Ecopista-do-rio-Minho.jpg\",\"keywords\":[\"Desporto\",\"Lazer\"],\"articleSection\":[\"Alto Minho\"],\"inLanguage\":\"pt-PT\",\"copyrightYear\":\"2019\",\"copyrightHolder\":{\"@id\":\"https:\\\/\\\/www.altominho.tv\\\/site\\\/#organization\"}},{\"@type\":\"WebPage\",\"@id\":\"https:\\\/\\\/www.altominho.tv\\\/site\\\/2019\\\/09\\\/12\\\/moncao-e-valenca-organizam-primeira-eco-meia-maratona\\\/\",\"url\":\"https:\\\/\\\/www.altominho.tv\\\/site\\\/2019\\\/09\\\/12\\\/moncao-e-valenca-organizam-primeira-eco-meia-maratona\\\/\",\"name\":\"Mon\u00e7\u00e3o e Valen\u00e7a organizam primeira Eco Meia Maratona\",\"isPartOf\":{\"@id\":\"https:\\\/\\\/www.altominho.tv\\\/site\\\/#website\"},\"primaryImageOfPage\":{\"@id\":\"https:\\\/\\\/www.altominho.tv\\\/site\\\/2019\\\/09\\\/12\\\/moncao-e-valenca-organizam-primeira-eco-meia-maratona\\\/#primaryimage\"},\"image\":{\"@id\":\"https:\\\/\\\/www.altominho.tv\\\/site\\\/2019\\\/09\\\/12\\\/moncao-e-valenca-organizam-primeira-eco-meia-maratona\\\/#primaryimage\"},\"thumbnailUrl\":\"https:\\\/\\\/www.altominho.tv\\\/site\\\/wp-content\\\/uploads\\\/2019\\\/09\\\/cropped-Ecopista-do-rio-Minho.jpg\",\"datePublished\":\"2019-09-12T15:58:30+00:00\",\"dateModified\":\"2019-09-12T15:58:36+00:00\",\"author\":{\"@id\":\"https:\\\/\\\/www.altominho.tv\\\/site\\\/#\\\/schema\\\/person\\\/a0e4ef6d041f98ca284393d8f1d97153\"},\"breadcrumb\":{\"@id\":\"https:\\\/\\\/www.altominho.tv\\\/site\\\/2019\\\/09\\\/12\\\/moncao-e-valenca-organizam-primeira-eco-meia-maratona\\\/#breadcrumb\"},\"inLanguage\":\"pt-PT\",\"potentialAction\":[{\"@type\":\"ReadAction\",\"target\":[\"https:\\\/\\\/www.altominho.tv\\\/site\\\/2019\\\/09\\\/12\\\/moncao-e-valenca-organizam-primeira-eco-meia-maratona\\\/\"]}]},{\"@type\":\"ImageObject\",\"inLanguage\":\"pt-PT\",\"@id\":\"https:\\\/\\\/www.altominho.tv\\\/site\\\/2019\\\/09\\\/12\\\/moncao-e-valenca-organizam-primeira-eco-meia-maratona\\\/#primaryimage\",\"url\":\"https:\\\/\\\/www.altominho.tv\\\/site\\\/wp-content\\\/uploads\\\/2019\\\/09\\\/cropped-Ecopista-do-rio-Minho.jpg\",\"contentUrl\":\"https:\\\/\\\/www.altominho.tv\\\/site\\\/wp-content\\\/uploads\\\/2019\\\/09\\\/cropped-Ecopista-do-rio-Minho.jpg\",\"width\":1120,\"height\":630},{\"@type\":\"BreadcrumbList\",\"@id\":\"https:\\\/\\\/www.altominho.tv\\\/site\\\/2019\\\/09\\\/12\\\/moncao-e-valenca-organizam-primeira-eco-meia-maratona\\\/#breadcrumb\",\"itemListElement\":[{\"@type\":\"ListItem\",\"position\":1,\"name\":\"In\u00edcio\",\"item\":\"https:\\\/\\\/www.altominho.tv\\\/site\\\/\"},{\"@type\":\"ListItem\",\"position\":2,\"name\":\"Mon\u00e7\u00e3o e Valen\u00e7a organizam primeira Eco Meia Maratona\"}]},{\"@type\":\"WebSite\",\"@id\":\"https:\\\/\\\/www.altominho.tv\\\/site\\\/#website\",\"url\":\"https:\\\/\\\/www.altominho.tv\\\/site\\\/\",\"name\":\"Altominho.tv\",\"description\":\"A sua regi\u00e3o \u00e0 dist\u00e2ncia de um clique...\",\"potentialAction\":[{\"@type\":\"SearchAction\",\"target\":{\"@type\":\"EntryPoint\",\"urlTemplate\":\"https:\\\/\\\/www.altominho.tv\\\/site\\\/?s={search_term_string}\"},\"query-input\":{\"@type\":\"PropertyValueSpecification\",\"valueRequired\":true,\"valueName\":\"search_term_string\"}}],\"inLanguage\":\"pt-PT\"},{\"@type\":\"Person\",\"@id\":\"https:\\\/\\\/www.altominho.tv\\\/site\\\/#\\\/schema\\\/person\\\/a0e4ef6d041f98ca284393d8f1d97153\",\"name\":\"Andreia Cunha\",\"image\":{\"@type\":\"ImageObject\",\"inLanguage\":\"pt-PT\",\"@id\":\"https:\\\/\\\/www.altominho.tv\\\/site\\\/wp-content\\\/uploads\\\/2017\\\/11\\\/Andreia_Cunha-1-150x150.jpg\",\"url\":\"https:\\\/\\\/www.altominho.tv\\\/site\\\/wp-content\\\/uploads\\\/2017\\\/11\\\/Andreia_Cunha-1-150x150.jpg\",\"contentUrl\":\"https:\\\/\\\/www.altominho.tv\\\/site\\\/wp-content\\\/uploads\\\/2017\\\/11\\\/Andreia_Cunha-1-150x150.jpg\",\"caption\":\"Andreia Cunha\"},\"url\":\"https:\\\/\\\/www.altominho.tv\\\/site\\\/author\\\/andreiacunha\\\/\"}]}<\/script>\n<!-- \/ Yoast SEO Premium plugin. -->","yoast_head_json":{"title":"Mon\u00e7\u00e3o e Valen\u00e7a organizam primeira Eco Meia Maratona","robots":{"index":"index","follow":"follow","max-snippet":"max-snippet:-1","max-image-preview":"max-image-preview:large","max-video-preview":"max-video-preview:-1"},"canonical":"https:\/\/www.altominho.tv\/site\/2019\/09\/12\/moncao-e-valenca-organizam-primeira-eco-meia-maratona\/","og_locale":"pt_PT","og_type":"article","og_title":"Mon\u00e7\u00e3o e Valen\u00e7a organizam primeira Eco Meia Maratona","og_description":"Os munic\u00edpios de Mon\u00e7\u00e3o e de Valen\u00e7a, recebem no dia 20 de outubro, domingo, a primeira Eco Meia Maratona. Esta Meia Maratona vai ligar as duas localidades vizinhas pela Ecopista do Rio Minho. As inscri\u00e7\u00f5es para o evento desportivo promovido pelos dois munic\u00edpios est\u00e3o abertas em:\u00a0www.prozis.com\/ecovalencamoncao Al\u00e9m do trajeto de 21,0975 quil\u00f3metros, com partida em [&hellip;]","og_url":"https:\/\/www.altominho.tv\/site\/2019\/09\/12\/moncao-e-valenca-organizam-primeira-eco-meia-maratona\/","og_site_name":"Altominho.tv","article_publisher":"https:\/\/www.facebook.com\/altominhotv","article_published_time":"2019-09-12T15:58:30+00:00","article_modified_time":"2019-09-12T15:58:36+00:00","og_image":[{"width":1120,"height":630,"url":"https:\/\/www.altominho.tv\/site\/wp-content\/uploads\/2019\/09\/cropped-Ecopista-do-rio-Minho.jpg","type":"image\/jpeg"}],"author":"Andreia Cunha","twitter_card":"summary_large_image","twitter_creator":"@altominhoTV","twitter_site":"@altominhoTV","twitter_misc":{"Escrito por":"Andreia Cunha","Tempo estimado de leitura":"1 minuto"},"schema":{"@context":"https:\/\/schema.org","@graph":[{"@type":"Article","@id":"https:\/\/www.altominho.tv\/site\/2019\/09\/12\/moncao-e-valenca-organizam-primeira-eco-meia-maratona\/#article","isPartOf":{"@id":"https:\/\/www.altominho.tv\/site\/2019\/09\/12\/moncao-e-valenca-organizam-primeira-eco-meia-maratona\/"},"author":{"name":"Andreia Cunha","@id":"https:\/\/www.altominho.tv\/site\/#\/schema\/person\/a0e4ef6d041f98ca284393d8f1d97153"},"headline":"Mon\u00e7\u00e3o e Valen\u00e7a organizam primeira Eco Meia Maratona","datePublished":"2019-09-12T15:58:30+00:00","dateModified":"2019-09-12T15:58:36+00:00","mainEntityOfPage":{"@id":"https:\/\/www.altominho.tv\/site\/2019\/09\/12\/moncao-e-valenca-organizam-primeira-eco-meia-maratona\/"},"wordCount":277,"image":{"@id":"https:\/\/www.altominho.tv\/site\/2019\/09\/12\/moncao-e-valenca-organizam-primeira-eco-meia-maratona\/#primaryimage"},"thumbnailUrl":"https:\/\/www.altominho.tv\/site\/wp-content\/uploads\/2019\/09\/cropped-Ecopista-do-rio-Minho.jpg","keywords":["Desporto","Lazer"],"articleSection":["Alto Minho"],"inLanguage":"pt-PT","copyrightYear":"2019","copyrightHolder":{"@id":"https:\/\/www.altominho.tv\/site\/#organization"}},{"@type":"WebPage","@id":"https:\/\/www.altominho.tv\/site\/2019\/09\/12\/moncao-e-valenca-organizam-primeira-eco-meia-maratona\/","url":"https:\/\/www.altominho.tv\/site\/2019\/09\/12\/moncao-e-valenca-organizam-primeira-eco-meia-maratona\/","name":"Mon\u00e7\u00e3o e Valen\u00e7a organizam primeira Eco Meia Maratona","isPartOf":{"@id":"https:\/\/www.altominho.tv\/site\/#website"},"primaryImageOfPage":{"@id":"https:\/\/www.altominho.tv\/site\/2019\/09\/12\/moncao-e-valenca-organizam-primeira-eco-meia-maratona\/#primaryimage"},"image":{"@id":"https:\/\/www.altominho.tv\/site\/2019\/09\/12\/moncao-e-valenca-organizam-primeira-eco-meia-maratona\/#primaryimage"},"thumbnailUrl":"https:\/\/www.altominho.tv\/site\/wp-content\/uploads\/2019\/09\/cropped-Ecopista-do-rio-Minho.jpg","datePublished":"2019-09-12T15:58:30+00:00","dateModified":"2019-09-12T15:58:36+00:00","author":{"@id":"https:\/\/www.altominho.tv\/site\/#\/schema\/person\/a0e4ef6d041f98ca284393d8f1d97153"},"breadcrumb":{"@id":"https:\/\/www.altominho.tv\/site\/2019\/09\/12\/moncao-e-valenca-organizam-primeira-eco-meia-maratona\/#breadcrumb"},"inLanguage":"pt-PT","potentialAction":[{"@type":"ReadAction","target":["https:\/\/www.altominho.tv\/site\/2019\/09\/12\/moncao-e-valenca-organizam-primeira-eco-meia-maratona\/"]}]},{"@type":"ImageObject","inLanguage":"pt-PT","@id":"https:\/\/www.altominho.tv\/site\/2019\/09\/12\/moncao-e-valenca-organizam-primeira-eco-meia-maratona\/#primaryimage","url":"https:\/\/www.altominho.tv\/site\/wp-content\/uploads\/2019\/09\/cropped-Ecopista-do-rio-Minho.jpg","contentUrl":"https:\/\/www.altominho.tv\/site\/wp-content\/uploads\/2019\/09\/cropped-Ecopista-do-rio-Minho.jpg","width":1120,"height":630},{"@type":"BreadcrumbList","@id":"https:\/\/www.altominho.tv\/site\/2019\/09\/12\/moncao-e-valenca-organizam-primeira-eco-meia-maratona\/#breadcrumb","itemListElement":[{"@type":"ListItem","position":1,"name":"In\u00edcio","item":"https:\/\/www.altominho.tv\/site\/"},{"@type":"ListItem","position":2,"name":"Mon\u00e7\u00e3o e Valen\u00e7a organizam primeira Eco Meia Maratona"}]},{"@type":"WebSite","@id":"https:\/\/www.altominho.tv\/site\/#website","url":"https:\/\/www.altominho.tv\/site\/","name":"Altominho.tv","description":"A sua regi\u00e3o \u00e0 dist\u00e2ncia de um clique...","potentialAction":[{"@type":"SearchAction","target":{"@type":"EntryPoint","urlTemplate":"https:\/\/www.altominho.tv\/site\/?s={search_term_string}"},"query-input":{"@type":"PropertyValueSpecification","valueRequired":true,"valueName":"search_term_string"}}],"inLanguage":"pt-PT"},{"@type":"Person","@id":"https:\/\/www.altominho.tv\/site\/#\/schema\/person\/a0e4ef6d041f98ca284393d8f1d97153","name":"Andreia Cunha","image":{"@type":"ImageObject","inLanguage":"pt-PT","@id":"https:\/\/www.altominho.tv\/site\/wp-content\/uploads\/2017\/11\/Andreia_Cunha-1-150x150.jpg","url":"https:\/\/www.altominho.tv\/site\/wp-content\/uploads\/2017\/11\/Andreia_Cunha-1-150x150.jpg","contentUrl":"https:\/\/www.altominho.tv\/site\/wp-content\/uploads\/2017\/11\/Andreia_Cunha-1-150x150.jpg","caption":"Andreia Cunha"},"url":"https:\/\/www.altominho.tv\/site\/author\/andreiacunha\/"}]}},"_links":{"self":[{"href":"https:\/\/www.altominho.tv\/site\/wp-json\/wp\/v2\/posts\/34022","targetHints":{"allow":["GET"]}}],"collection":[{"href":"https:\/\/www.altominho.tv\/site\/wp-json\/wp\/v2\/posts"}],"about":[{"href":"https:\/\/www.altominho.tv\/site\/wp-json\/wp\/v2\/types\/post"}],"author":[{"embeddable":true,"href":"https:\/\/www.altominho.tv\/site\/wp-json\/wp\/v2\/users\/7"}],"replies":[{"embeddable":true,"href":"https:\/\/www.altominho.tv\/site\/wp-json\/wp\/v2\/comments?post=34022"}],"version-history":[{"count":0,"href":"https:\/\/www.altominho.tv\/site\/wp-json\/wp\/v2\/posts\/34022\/revisions"}],"wp:featuredmedia":[{"embeddable":true,"href":"https:\/\/www.altominho.tv\/site\/wp-json\/wp\/v2\/media\/34027"}],"wp:attachment":[{"href":"https:\/\/www.altominho.tv\/site\/wp-json\/wp\/v2\/media?parent=34022"}],"wp:term":[{"taxonomy":"category","embeddable":true,"href":"https:\/\/www.altominho.tv\/site\/wp-json\/wp\/v2\/categories?post=34022"},{"taxonomy":"post_tag","embeddable":true,"href":"https:\/\/www.altominho.tv\/site\/wp-json\/wp\/v2\/tags?post=34022"}],"curies":[{"name":"wp","href":"https:\/\/api.w.org\/{rel}","templated":true}]}}