{"id":33724,"date":"2019-09-06T10:26:30","date_gmt":"2019-09-06T09:26:30","guid":{"rendered":"http:\/\/www.altominho.tv\/site\/?p=33724"},"modified":"2019-09-06T10:26:35","modified_gmt":"2019-09-06T09:26:35","slug":"selecao-portuguesa-de-sub-20-empata-com-suica-em-jogo-de-preparacao","status":"publish","type":"post","link":"https:\/\/www.altominho.tv\/site\/2019\/09\/06\/selecao-portuguesa-de-sub-20-empata-com-suica-em-jogo-de-preparacao\/","title":{"rendered":"Sele\u00e7\u00e3o portuguesa de sub-20 empata com Su\u00ed\u00e7a em jogo de prepara\u00e7\u00e3o"},"content":{"rendered":"<p>A sele\u00e7\u00e3o portuguesa de sub-20 de futebol empatou, esta quinta-feira, a dois golos com a Su\u00ed\u00e7a no primeiro de dois jogos de prepara\u00e7\u00e3o inseridos no est\u00e1gio que est\u00e1 a realizar no Centro de Est\u00e1gios de Melga\u00e7o.<\/p>\n<p>Depois de uma primeira parte intensa e equilibrada, mas sem golos, a Su\u00ed\u00e7a fez dois golos quase de rajada, aos 47 e aos 51 minutos, por Amel Rustemoski e Yannick Marchand.<\/p>\n<p>A rea\u00e7\u00e3o de Portugal, cuja exibi\u00e7\u00e3o at\u00e9 a\u00ed n\u00e3o justificava estar a perder, n\u00e3o se fez esperar e Rafael Camacho, aos 56 minutos, reduziu para 2-1 com um excelente remate \u00e0 entrada da \u00e1rea, ap\u00f3s uma boa jogada de Jo\u00e3o M\u00e1rio.<\/p>\n<p>Bastaram mais tr\u00eas minutos para a \u2018sele\u00e7\u00e3o das quinas\u2019 restabelecer a igualdade, por Tiago Dantas, mas o resultado n\u00e3o voltou a sofrer altera\u00e7\u00e3o at\u00e9 final, a despeito das oportunidades criadas pelas duas equipas.<\/p>\n<p>A sele\u00e7\u00e3o portuguesa volta a jogar na pr\u00f3xima segunda-feira, na Pol\u00f3nia, frente \u00e0 sele\u00e7\u00e3o anfitri\u00e3, no segundo jogo de prepara\u00e7\u00e3o.<\/p>\n","protected":false},"excerpt":{"rendered":"<p>A sele\u00e7\u00e3o portuguesa de sub-20 de futebol empatou, esta quinta-feira, a dois golos com a Su\u00ed\u00e7a no primeiro de dois jogos de prepara\u00e7\u00e3o inseridos no est\u00e1gio que est\u00e1 a realizar no Centro de Est\u00e1gios de Melga\u00e7o. Depois de uma primeira parte intensa e equilibrada, mas sem golos, a Su\u00ed\u00e7a fez dois golos quase de rajada, [&hellip;]<\/p>\n","protected":false},"author":13,"featured_media":33725,"comment_status":"closed","ping_status":"closed","sticky":false,"template":"","format":"standard","meta":{"_exactmetrics_skip_tracking":false,"_exactmetrics_sitenote_active":false,"_exactmetrics_sitenote_note":"","_exactmetrics_sitenote_category":0,"footnotes":""},"categories":[8],"tags":[20],"class_list":["post-33724","post","type-post","status-publish","format-standard","has-post-thumbnail","hentry","category-melgaco","tag-desporto"],"yoast_head":"<!-- This site is optimized with the Yoast SEO Premium plugin v27.5 (Yoast SEO v27.5) - https:\/\/yoast.com\/product\/yoast-seo-premium-wordpress\/ -->\n<title>Sele\u00e7\u00e3o portuguesa de sub-20 empata com Su\u00ed\u00e7a em jogo de prepara\u00e7\u00e3o<\/title>\n<meta name=\"robots\" content=\"index, follow, max-snippet:-1, max-image-preview:large, max-video-preview:-1\" \/>\n<link rel=\"canonical\" href=\"https:\/\/www.altominho.tv\/site\/2019\/09\/06\/selecao-portuguesa-de-sub-20-empata-com-suica-em-jogo-de-preparacao\/\" \/>\n<meta property=\"og:locale\" content=\"pt_PT\" \/>\n<meta property=\"og:type\" content=\"article\" \/>\n<meta property=\"og:title\" content=\"Sele\u00e7\u00e3o portuguesa de sub-20 empata com Su\u00ed\u00e7a em jogo de prepara\u00e7\u00e3o\" \/>\n<meta property=\"og:description\" content=\"A sele\u00e7\u00e3o portuguesa de sub-20 de futebol empatou, esta quinta-feira, a dois golos com a Su\u00ed\u00e7a no primeiro de dois jogos de prepara\u00e7\u00e3o inseridos no est\u00e1gio que est\u00e1 a realizar no Centro de Est\u00e1gios de Melga\u00e7o. Depois de uma primeira parte intensa e equilibrada, mas sem golos, a Su\u00ed\u00e7a fez dois golos quase de rajada, [&hellip;]\" \/>\n<meta property=\"og:url\" content=\"https:\/\/www.altominho.tv\/site\/2019\/09\/06\/selecao-portuguesa-de-sub-20-empata-com-suica-em-jogo-de-preparacao\/\" \/>\n<meta property=\"og:site_name\" content=\"Altominho.tv\" \/>\n<meta property=\"article:publisher\" content=\"https:\/\/www.facebook.com\/altominhotv\" \/>\n<meta property=\"article:published_time\" content=\"2019-09-06T09:26:30+00:00\" \/>\n<meta property=\"article:modified_time\" content=\"2019-09-06T09:26:35+00:00\" \/>\n<meta property=\"og:image\" content=\"https:\/\/www.altominho.tv\/site\/wp-content\/uploads\/2019\/09\/70087616_2228525267274754_4959885377960673280_o.jpg\" \/>\n\t<meta property=\"og:image:width\" content=\"1772\" \/>\n\t<meta property=\"og:image:height\" content=\"1181\" \/>\n\t<meta property=\"og:image:type\" content=\"image\/jpeg\" \/>\n<meta name=\"author\" content=\"Lusa\" \/>\n<meta name=\"twitter:card\" content=\"summary_large_image\" \/>\n<meta name=\"twitter:creator\" content=\"@altominhoTV\" \/>\n<meta name=\"twitter:site\" content=\"@altominhoTV\" \/>\n<meta name=\"twitter:label1\" content=\"Escrito por\" \/>\n\t<meta name=\"twitter:data1\" content=\"Lusa\" \/>\n\t<meta name=\"twitter:label2\" content=\"Tempo estimado de leitura\" \/>\n\t<meta name=\"twitter:data2\" content=\"1 minuto\" \/>\n<script type=\"application\/ld+json\" class=\"yoast-schema-graph\">{\"@context\":\"https:\\\/\\\/schema.org\",\"@graph\":[{\"@type\":\"Article\",\"@id\":\"https:\\\/\\\/www.altominho.tv\\\/site\\\/2019\\\/09\\\/06\\\/selecao-portuguesa-de-sub-20-empata-com-suica-em-jogo-de-preparacao\\\/#article\",\"isPartOf\":{\"@id\":\"https:\\\/\\\/www.altominho.tv\\\/site\\\/2019\\\/09\\\/06\\\/selecao-portuguesa-de-sub-20-empata-com-suica-em-jogo-de-preparacao\\\/\"},\"author\":{\"name\":\"Lusa\",\"@id\":\"https:\\\/\\\/www.altominho.tv\\\/site\\\/#\\\/schema\\\/person\\\/63f693da3e1899361cbe955c46f3232e\"},\"headline\":\"Sele\u00e7\u00e3o portuguesa de sub-20 empata com Su\u00ed\u00e7a em jogo de prepara\u00e7\u00e3o\",\"datePublished\":\"2019-09-06T09:26:30+00:00\",\"dateModified\":\"2019-09-06T09:26:35+00:00\",\"mainEntityOfPage\":{\"@id\":\"https:\\\/\\\/www.altominho.tv\\\/site\\\/2019\\\/09\\\/06\\\/selecao-portuguesa-de-sub-20-empata-com-suica-em-jogo-de-preparacao\\\/\"},\"wordCount\":193,\"image\":{\"@id\":\"https:\\\/\\\/www.altominho.tv\\\/site\\\/2019\\\/09\\\/06\\\/selecao-portuguesa-de-sub-20-empata-com-suica-em-jogo-de-preparacao\\\/#primaryimage\"},\"thumbnailUrl\":\"https:\\\/\\\/www.altominho.tv\\\/site\\\/wp-content\\\/uploads\\\/2019\\\/09\\\/70087616_2228525267274754_4959885377960673280_o.jpg\",\"keywords\":[\"Desporto\"],\"articleSection\":[\"Melga\u00e7o\"],\"inLanguage\":\"pt-PT\",\"copyrightYear\":\"2019\",\"copyrightHolder\":{\"@id\":\"https:\\\/\\\/www.altominho.tv\\\/site\\\/#organization\"}},{\"@type\":\"WebPage\",\"@id\":\"https:\\\/\\\/www.altominho.tv\\\/site\\\/2019\\\/09\\\/06\\\/selecao-portuguesa-de-sub-20-empata-com-suica-em-jogo-de-preparacao\\\/\",\"url\":\"https:\\\/\\\/www.altominho.tv\\\/site\\\/2019\\\/09\\\/06\\\/selecao-portuguesa-de-sub-20-empata-com-suica-em-jogo-de-preparacao\\\/\",\"name\":\"Sele\u00e7\u00e3o portuguesa de sub-20 empata com Su\u00ed\u00e7a em jogo de prepara\u00e7\u00e3o\",\"isPartOf\":{\"@id\":\"https:\\\/\\\/www.altominho.tv\\\/site\\\/#website\"},\"primaryImageOfPage\":{\"@id\":\"https:\\\/\\\/www.altominho.tv\\\/site\\\/2019\\\/09\\\/06\\\/selecao-portuguesa-de-sub-20-empata-com-suica-em-jogo-de-preparacao\\\/#primaryimage\"},\"image\":{\"@id\":\"https:\\\/\\\/www.altominho.tv\\\/site\\\/2019\\\/09\\\/06\\\/selecao-portuguesa-de-sub-20-empata-com-suica-em-jogo-de-preparacao\\\/#primaryimage\"},\"thumbnailUrl\":\"https:\\\/\\\/www.altominho.tv\\\/site\\\/wp-content\\\/uploads\\\/2019\\\/09\\\/70087616_2228525267274754_4959885377960673280_o.jpg\",\"datePublished\":\"2019-09-06T09:26:30+00:00\",\"dateModified\":\"2019-09-06T09:26:35+00:00\",\"author\":{\"@id\":\"https:\\\/\\\/www.altominho.tv\\\/site\\\/#\\\/schema\\\/person\\\/63f693da3e1899361cbe955c46f3232e\"},\"breadcrumb\":{\"@id\":\"https:\\\/\\\/www.altominho.tv\\\/site\\\/2019\\\/09\\\/06\\\/selecao-portuguesa-de-sub-20-empata-com-suica-em-jogo-de-preparacao\\\/#breadcrumb\"},\"inLanguage\":\"pt-PT\",\"potentialAction\":[{\"@type\":\"ReadAction\",\"target\":[\"https:\\\/\\\/www.altominho.tv\\\/site\\\/2019\\\/09\\\/06\\\/selecao-portuguesa-de-sub-20-empata-com-suica-em-jogo-de-preparacao\\\/\"]}]},{\"@type\":\"ImageObject\",\"inLanguage\":\"pt-PT\",\"@id\":\"https:\\\/\\\/www.altominho.tv\\\/site\\\/2019\\\/09\\\/06\\\/selecao-portuguesa-de-sub-20-empata-com-suica-em-jogo-de-preparacao\\\/#primaryimage\",\"url\":\"https:\\\/\\\/www.altominho.tv\\\/site\\\/wp-content\\\/uploads\\\/2019\\\/09\\\/70087616_2228525267274754_4959885377960673280_o.jpg\",\"contentUrl\":\"https:\\\/\\\/www.altominho.tv\\\/site\\\/wp-content\\\/uploads\\\/2019\\\/09\\\/70087616_2228525267274754_4959885377960673280_o.jpg\",\"width\":1772,\"height\":1181,\"caption\":\"CM MELGA\u00c7O\"},{\"@type\":\"BreadcrumbList\",\"@id\":\"https:\\\/\\\/www.altominho.tv\\\/site\\\/2019\\\/09\\\/06\\\/selecao-portuguesa-de-sub-20-empata-com-suica-em-jogo-de-preparacao\\\/#breadcrumb\",\"itemListElement\":[{\"@type\":\"ListItem\",\"position\":1,\"name\":\"In\u00edcio\",\"item\":\"https:\\\/\\\/www.altominho.tv\\\/site\\\/\"},{\"@type\":\"ListItem\",\"position\":2,\"name\":\"Sele\u00e7\u00e3o portuguesa de sub-20 empata com Su\u00ed\u00e7a em jogo de prepara\u00e7\u00e3o\"}]},{\"@type\":\"WebSite\",\"@id\":\"https:\\\/\\\/www.altominho.tv\\\/site\\\/#website\",\"url\":\"https:\\\/\\\/www.altominho.tv\\\/site\\\/\",\"name\":\"Altominho.tv\",\"description\":\"A sua regi\u00e3o \u00e0 dist\u00e2ncia de um clique...\",\"potentialAction\":[{\"@type\":\"SearchAction\",\"target\":{\"@type\":\"EntryPoint\",\"urlTemplate\":\"https:\\\/\\\/www.altominho.tv\\\/site\\\/?s={search_term_string}\"},\"query-input\":{\"@type\":\"PropertyValueSpecification\",\"valueRequired\":true,\"valueName\":\"search_term_string\"}}],\"inLanguage\":\"pt-PT\"},{\"@type\":\"Person\",\"@id\":\"https:\\\/\\\/www.altominho.tv\\\/site\\\/#\\\/schema\\\/person\\\/63f693da3e1899361cbe955c46f3232e\",\"name\":\"Lusa\",\"image\":{\"@type\":\"ImageObject\",\"inLanguage\":\"pt-PT\",\"@id\":\"https:\\\/\\\/www.altominho.tv\\\/site\\\/wp-content\\\/uploads\\\/2019\\\/08\\\/LUSA_Logo.gif\",\"url\":\"https:\\\/\\\/www.altominho.tv\\\/site\\\/wp-content\\\/uploads\\\/2019\\\/08\\\/LUSA_Logo.gif\",\"contentUrl\":\"https:\\\/\\\/www.altominho.tv\\\/site\\\/wp-content\\\/uploads\\\/2019\\\/08\\\/LUSA_Logo.gif\",\"caption\":\"Lusa\"},\"sameAs\":[\"http:\\\/\\\/\\\/\\\/www.altominho.tv\\\/site\"],\"url\":\"https:\\\/\\\/www.altominho.tv\\\/site\\\/author\\\/lusa\\\/\"}]}<\/script>\n<!-- \/ Yoast SEO Premium plugin. -->","yoast_head_json":{"title":"Sele\u00e7\u00e3o portuguesa de sub-20 empata com Su\u00ed\u00e7a em jogo de prepara\u00e7\u00e3o","robots":{"index":"index","follow":"follow","max-snippet":"max-snippet:-1","max-image-preview":"max-image-preview:large","max-video-preview":"max-video-preview:-1"},"canonical":"https:\/\/www.altominho.tv\/site\/2019\/09\/06\/selecao-portuguesa-de-sub-20-empata-com-suica-em-jogo-de-preparacao\/","og_locale":"pt_PT","og_type":"article","og_title":"Sele\u00e7\u00e3o portuguesa de sub-20 empata com Su\u00ed\u00e7a em jogo de prepara\u00e7\u00e3o","og_description":"A sele\u00e7\u00e3o portuguesa de sub-20 de futebol empatou, esta quinta-feira, a dois golos com a Su\u00ed\u00e7a no primeiro de dois jogos de prepara\u00e7\u00e3o inseridos no est\u00e1gio que est\u00e1 a realizar no Centro de Est\u00e1gios de Melga\u00e7o. Depois de uma primeira parte intensa e equilibrada, mas sem golos, a Su\u00ed\u00e7a fez dois golos quase de rajada, [&hellip;]","og_url":"https:\/\/www.altominho.tv\/site\/2019\/09\/06\/selecao-portuguesa-de-sub-20-empata-com-suica-em-jogo-de-preparacao\/","og_site_name":"Altominho.tv","article_publisher":"https:\/\/www.facebook.com\/altominhotv","article_published_time":"2019-09-06T09:26:30+00:00","article_modified_time":"2019-09-06T09:26:35+00:00","og_image":[{"width":1772,"height":1181,"url":"https:\/\/www.altominho.tv\/site\/wp-content\/uploads\/2019\/09\/70087616_2228525267274754_4959885377960673280_o.jpg","type":"image\/jpeg"}],"author":"Lusa","twitter_card":"summary_large_image","twitter_creator":"@altominhoTV","twitter_site":"@altominhoTV","twitter_misc":{"Escrito por":"Lusa","Tempo estimado de leitura":"1 minuto"},"schema":{"@context":"https:\/\/schema.org","@graph":[{"@type":"Article","@id":"https:\/\/www.altominho.tv\/site\/2019\/09\/06\/selecao-portuguesa-de-sub-20-empata-com-suica-em-jogo-de-preparacao\/#article","isPartOf":{"@id":"https:\/\/www.altominho.tv\/site\/2019\/09\/06\/selecao-portuguesa-de-sub-20-empata-com-suica-em-jogo-de-preparacao\/"},"author":{"name":"Lusa","@id":"https:\/\/www.altominho.tv\/site\/#\/schema\/person\/63f693da3e1899361cbe955c46f3232e"},"headline":"Sele\u00e7\u00e3o portuguesa de sub-20 empata com Su\u00ed\u00e7a em jogo de prepara\u00e7\u00e3o","datePublished":"2019-09-06T09:26:30+00:00","dateModified":"2019-09-06T09:26:35+00:00","mainEntityOfPage":{"@id":"https:\/\/www.altominho.tv\/site\/2019\/09\/06\/selecao-portuguesa-de-sub-20-empata-com-suica-em-jogo-de-preparacao\/"},"wordCount":193,"image":{"@id":"https:\/\/www.altominho.tv\/site\/2019\/09\/06\/selecao-portuguesa-de-sub-20-empata-com-suica-em-jogo-de-preparacao\/#primaryimage"},"thumbnailUrl":"https:\/\/www.altominho.tv\/site\/wp-content\/uploads\/2019\/09\/70087616_2228525267274754_4959885377960673280_o.jpg","keywords":["Desporto"],"articleSection":["Melga\u00e7o"],"inLanguage":"pt-PT","copyrightYear":"2019","copyrightHolder":{"@id":"https:\/\/www.altominho.tv\/site\/#organization"}},{"@type":"WebPage","@id":"https:\/\/www.altominho.tv\/site\/2019\/09\/06\/selecao-portuguesa-de-sub-20-empata-com-suica-em-jogo-de-preparacao\/","url":"https:\/\/www.altominho.tv\/site\/2019\/09\/06\/selecao-portuguesa-de-sub-20-empata-com-suica-em-jogo-de-preparacao\/","name":"Sele\u00e7\u00e3o portuguesa de sub-20 empata com Su\u00ed\u00e7a em jogo de prepara\u00e7\u00e3o","isPartOf":{"@id":"https:\/\/www.altominho.tv\/site\/#website"},"primaryImageOfPage":{"@id":"https:\/\/www.altominho.tv\/site\/2019\/09\/06\/selecao-portuguesa-de-sub-20-empata-com-suica-em-jogo-de-preparacao\/#primaryimage"},"image":{"@id":"https:\/\/www.altominho.tv\/site\/2019\/09\/06\/selecao-portuguesa-de-sub-20-empata-com-suica-em-jogo-de-preparacao\/#primaryimage"},"thumbnailUrl":"https:\/\/www.altominho.tv\/site\/wp-content\/uploads\/2019\/09\/70087616_2228525267274754_4959885377960673280_o.jpg","datePublished":"2019-09-06T09:26:30+00:00","dateModified":"2019-09-06T09:26:35+00:00","author":{"@id":"https:\/\/www.altominho.tv\/site\/#\/schema\/person\/63f693da3e1899361cbe955c46f3232e"},"breadcrumb":{"@id":"https:\/\/www.altominho.tv\/site\/2019\/09\/06\/selecao-portuguesa-de-sub-20-empata-com-suica-em-jogo-de-preparacao\/#breadcrumb"},"inLanguage":"pt-PT","potentialAction":[{"@type":"ReadAction","target":["https:\/\/www.altominho.tv\/site\/2019\/09\/06\/selecao-portuguesa-de-sub-20-empata-com-suica-em-jogo-de-preparacao\/"]}]},{"@type":"ImageObject","inLanguage":"pt-PT","@id":"https:\/\/www.altominho.tv\/site\/2019\/09\/06\/selecao-portuguesa-de-sub-20-empata-com-suica-em-jogo-de-preparacao\/#primaryimage","url":"https:\/\/www.altominho.tv\/site\/wp-content\/uploads\/2019\/09\/70087616_2228525267274754_4959885377960673280_o.jpg","contentUrl":"https:\/\/www.altominho.tv\/site\/wp-content\/uploads\/2019\/09\/70087616_2228525267274754_4959885377960673280_o.jpg","width":1772,"height":1181,"caption":"CM MELGA\u00c7O"},{"@type":"BreadcrumbList","@id":"https:\/\/www.altominho.tv\/site\/2019\/09\/06\/selecao-portuguesa-de-sub-20-empata-com-suica-em-jogo-de-preparacao\/#breadcrumb","itemListElement":[{"@type":"ListItem","position":1,"name":"In\u00edcio","item":"https:\/\/www.altominho.tv\/site\/"},{"@type":"ListItem","position":2,"name":"Sele\u00e7\u00e3o portuguesa de sub-20 empata com Su\u00ed\u00e7a em jogo de prepara\u00e7\u00e3o"}]},{"@type":"WebSite","@id":"https:\/\/www.altominho.tv\/site\/#website","url":"https:\/\/www.altominho.tv\/site\/","name":"Altominho.tv","description":"A sua regi\u00e3o \u00e0 dist\u00e2ncia de um clique...","potentialAction":[{"@type":"SearchAction","target":{"@type":"EntryPoint","urlTemplate":"https:\/\/www.altominho.tv\/site\/?s={search_term_string}"},"query-input":{"@type":"PropertyValueSpecification","valueRequired":true,"valueName":"search_term_string"}}],"inLanguage":"pt-PT"},{"@type":"Person","@id":"https:\/\/www.altominho.tv\/site\/#\/schema\/person\/63f693da3e1899361cbe955c46f3232e","name":"Lusa","image":{"@type":"ImageObject","inLanguage":"pt-PT","@id":"https:\/\/www.altominho.tv\/site\/wp-content\/uploads\/2019\/08\/LUSA_Logo.gif","url":"https:\/\/www.altominho.tv\/site\/wp-content\/uploads\/2019\/08\/LUSA_Logo.gif","contentUrl":"https:\/\/www.altominho.tv\/site\/wp-content\/uploads\/2019\/08\/LUSA_Logo.gif","caption":"Lusa"},"sameAs":["http:\/\/\/\/www.altominho.tv\/site"],"url":"https:\/\/www.altominho.tv\/site\/author\/lusa\/"}]}},"_links":{"self":[{"href":"https:\/\/www.altominho.tv\/site\/wp-json\/wp\/v2\/posts\/33724","targetHints":{"allow":["GET"]}}],"collection":[{"href":"https:\/\/www.altominho.tv\/site\/wp-json\/wp\/v2\/posts"}],"about":[{"href":"https:\/\/www.altominho.tv\/site\/wp-json\/wp\/v2\/types\/post"}],"author":[{"embeddable":true,"href":"https:\/\/www.altominho.tv\/site\/wp-json\/wp\/v2\/users\/13"}],"replies":[{"embeddable":true,"href":"https:\/\/www.altominho.tv\/site\/wp-json\/wp\/v2\/comments?post=33724"}],"version-history":[{"count":0,"href":"https:\/\/www.altominho.tv\/site\/wp-json\/wp\/v2\/posts\/33724\/revisions"}],"wp:featuredmedia":[{"embeddable":true,"href":"https:\/\/www.altominho.tv\/site\/wp-json\/wp\/v2\/media\/33725"}],"wp:attachment":[{"href":"https:\/\/www.altominho.tv\/site\/wp-json\/wp\/v2\/media?parent=33724"}],"wp:term":[{"taxonomy":"category","embeddable":true,"href":"https:\/\/www.altominho.tv\/site\/wp-json\/wp\/v2\/categories?post=33724"},{"taxonomy":"post_tag","embeddable":true,"href":"https:\/\/www.altominho.tv\/site\/wp-json\/wp\/v2\/tags?post=33724"}],"curies":[{"name":"wp","href":"https:\/\/api.w.org\/{rel}","templated":true}]}}