{"id":33707,"date":"2019-09-05T19:23:55","date_gmt":"2019-09-05T18:23:55","guid":{"rendered":"http:\/\/www.altominho.tv\/site\/?p=33707"},"modified":"2019-09-05T19:53:56","modified_gmt":"2019-09-05T18:53:56","slug":"prova-desportiva-na-serra-darga-adiada-devido-a-situacao-de-alerta","status":"publish","type":"post","link":"https:\/\/www.altominho.tv\/site\/2019\/09\/05\/prova-desportiva-na-serra-darga-adiada-devido-a-situacao-de-alerta\/","title":{"rendered":"Prova desportiva na Serra D&#8217;Arga adiada devido \u00e0 situa\u00e7\u00e3o de alerta"},"content":{"rendered":"<div><span class=\"text_exposed_show\"><span lang=\"PT-BR\">O adiamento da prova, surge em virtude do despacho conjunto do Ministro da Administra\u00e7\u00e3o Interna e Ministro da Agricultura Florestas e Desenvolvimento Rural, que declara \u201cSitua\u00e7\u00e3o de Alerta para o per\u00edodo compreendido entre as 00h do dia 4 de Setembro e as 23h59 do dia 8 de setembro de 2019, para todo o territ\u00f3rio de Portugal Continental\u201d e decreta \u201cProibi\u00e7\u00e3o do acesso, circula\u00e7\u00e3o e perman\u00eancia no interior dos espa\u00e7os florestais, previamente definidos nos Planos Municipais de Defesa da Floresta contra Inc\u00eandios (PMDFCI), bem como nos caminhos florestais, caminhos rurais.\u201d, e do parecer desfavor\u00e1vel do ICNF. <\/span><\/span><\/div>\n<div><\/div>\n<div>\n<div class=\"text_exposed_show\">\n<p>A organiza\u00e7\u00e3o informou que, ao longo do dia de hoje, procedeu ao contacto com cada participante inscrito no GTSA Desafio Vertical, com informa\u00e7\u00e3o detalhada sobre o adiamento da prova.<\/p>\n<p>A realiza\u00e7\u00e3o da prova GTSA Desafio Vertical, passar\u00e1 para o <strong>pr\u00f3ximo dia 14 de Setembro, pelas 10h00.<\/strong><\/p>\n<p>A apresenta\u00e7\u00e3o Oficial do evento &#8220;Grande Trail Serra d\u2019Arga 2019&#8221;, que tamb\u00e9m estava agendada para o dia 8, ficou adiada para o pr\u00f3ximo dia 14 de setembro pelas 12h00 na Junta de Freguesia de S\u00e3o Louren\u00e7o da Montaria. As atividades dos dias 21 e 22 de Setembro manter-se-\u00e3o.<\/p>\n<p>A organiza\u00e7\u00e3o lamenta a situa\u00e7\u00e3o e o transtorno causado aos atletas e apela \u00e0 compreens\u00e3o, por ser uma situa\u00e7\u00e3o inesperada, decretada por despacho.<\/p>\n<\/div>\n<\/div>\n","protected":false},"excerpt":{"rendered":"<p>A Carlos S\u00e1 Nature Events, organizadora do GTSA Desafio Vertical Trilho VS Estrada 2019, informou em comunicado que, de acordo com o despacho conjunto dos Minist\u00e9rios da Administra\u00e7\u00e3o Interna e da Agricultura Florestas e Desenvolvimento Rural n\u00e3o ser\u00e1 poss\u00edvel a realiza\u00e7\u00e3o do Desafio Vertical agendada para o pr\u00f3ximo domingo, dia 8.<\/p>\n","protected":false},"author":1,"featured_media":33709,"comment_status":"closed","ping_status":"closed","sticky":false,"template":"","format":"standard","meta":{"_exactmetrics_skip_tracking":false,"_exactmetrics_sitenote_active":false,"_exactmetrics_sitenote_note":"","_exactmetrics_sitenote_category":0,"footnotes":""},"categories":[7],"tags":[20],"class_list":["post-33707","post","type-post","status-publish","format-standard","has-post-thumbnail","hentry","category-caminha","tag-desporto"],"yoast_head":"<!-- This site is optimized with the Yoast SEO Premium plugin v27.4 (Yoast SEO v27.4) - https:\/\/yoast.com\/product\/yoast-seo-premium-wordpress\/ -->\n<title>Prova desportiva na Serra D&#039;Arga adiada devido \u00e0 situa\u00e7\u00e3o de alerta<\/title>\n<meta name=\"robots\" content=\"index, follow, max-snippet:-1, max-image-preview:large, max-video-preview:-1\" \/>\n<link rel=\"canonical\" href=\"https:\/\/www.altominho.tv\/site\/2019\/09\/05\/prova-desportiva-na-serra-darga-adiada-devido-a-situacao-de-alerta\/\" \/>\n<meta property=\"og:locale\" content=\"pt_PT\" \/>\n<meta property=\"og:type\" content=\"article\" \/>\n<meta property=\"og:title\" content=\"Prova desportiva na Serra D&#039;Arga adiada devido \u00e0 situa\u00e7\u00e3o de alerta\" \/>\n<meta property=\"og:description\" content=\"A Carlos S\u00e1 Nature Events, organizadora do GTSA Desafio Vertical Trilho VS Estrada 2019, informou em comunicado que, de acordo com o despacho conjunto dos Minist\u00e9rios da Administra\u00e7\u00e3o Interna e da Agricultura Florestas e Desenvolvimento Rural n\u00e3o ser\u00e1 poss\u00edvel a realiza\u00e7\u00e3o do Desafio Vertical agendada para o pr\u00f3ximo domingo, dia 8.\" \/>\n<meta property=\"og:url\" content=\"https:\/\/www.altominho.tv\/site\/2019\/09\/05\/prova-desportiva-na-serra-darga-adiada-devido-a-situacao-de-alerta\/\" \/>\n<meta property=\"og:site_name\" content=\"Altominho.tv\" \/>\n<meta property=\"article:publisher\" content=\"https:\/\/www.facebook.com\/altominhotv\" \/>\n<meta property=\"article:published_time\" content=\"2019-09-05T18:23:55+00:00\" \/>\n<meta property=\"article:modified_time\" content=\"2019-09-05T18:53:56+00:00\" \/>\n<meta property=\"og:image\" content=\"https:\/\/www.altominho.tv\/site\/wp-content\/uploads\/2019\/09\/Prova_Adiada.jpg\" \/>\n\t<meta property=\"og:image:width\" content=\"1100\" \/>\n\t<meta property=\"og:image:height\" content=\"619\" \/>\n\t<meta property=\"og:image:type\" content=\"image\/jpeg\" \/>\n<meta name=\"author\" content=\"Altominho.tv\" \/>\n<meta name=\"twitter:card\" content=\"summary_large_image\" \/>\n<meta name=\"twitter:creator\" content=\"@altominhoTV\" \/>\n<meta name=\"twitter:site\" content=\"@altominhoTV\" \/>\n<meta name=\"twitter:label1\" content=\"Escrito por\" \/>\n\t<meta name=\"twitter:data1\" content=\"Altominho.tv\" \/>\n\t<meta name=\"twitter:label2\" content=\"Tempo estimado de leitura\" \/>\n\t<meta name=\"twitter:data2\" content=\"1 minuto\" \/>\n<script type=\"application\/ld+json\" class=\"yoast-schema-graph\">{\"@context\":\"https:\\\/\\\/schema.org\",\"@graph\":[{\"@type\":\"Article\",\"@id\":\"https:\\\/\\\/www.altominho.tv\\\/site\\\/2019\\\/09\\\/05\\\/prova-desportiva-na-serra-darga-adiada-devido-a-situacao-de-alerta\\\/#article\",\"isPartOf\":{\"@id\":\"https:\\\/\\\/www.altominho.tv\\\/site\\\/2019\\\/09\\\/05\\\/prova-desportiva-na-serra-darga-adiada-devido-a-situacao-de-alerta\\\/\"},\"author\":{\"name\":\"Altominho.tv\",\"@id\":\"https:\\\/\\\/www.altominho.tv\\\/site\\\/#\\\/schema\\\/person\\\/4e536851627d7914baf3dac752b6af22\"},\"headline\":\"Prova desportiva na Serra D&#8217;Arga adiada devido \u00e0 situa\u00e7\u00e3o de alerta\",\"datePublished\":\"2019-09-05T18:23:55+00:00\",\"dateModified\":\"2019-09-05T18:53:56+00:00\",\"mainEntityOfPage\":{\"@id\":\"https:\\\/\\\/www.altominho.tv\\\/site\\\/2019\\\/09\\\/05\\\/prova-desportiva-na-serra-darga-adiada-devido-a-situacao-de-alerta\\\/\"},\"wordCount\":238,\"image\":{\"@id\":\"https:\\\/\\\/www.altominho.tv\\\/site\\\/2019\\\/09\\\/05\\\/prova-desportiva-na-serra-darga-adiada-devido-a-situacao-de-alerta\\\/#primaryimage\"},\"thumbnailUrl\":\"https:\\\/\\\/www.altominho.tv\\\/site\\\/wp-content\\\/uploads\\\/2019\\\/09\\\/Prova_Adiada.jpg\",\"keywords\":[\"Desporto\"],\"articleSection\":[\"Caminha\"],\"inLanguage\":\"pt-PT\",\"copyrightYear\":\"2019\",\"copyrightHolder\":{\"@id\":\"https:\\\/\\\/www.altominho.tv\\\/site\\\/#organization\"}},{\"@type\":\"WebPage\",\"@id\":\"https:\\\/\\\/www.altominho.tv\\\/site\\\/2019\\\/09\\\/05\\\/prova-desportiva-na-serra-darga-adiada-devido-a-situacao-de-alerta\\\/\",\"url\":\"https:\\\/\\\/www.altominho.tv\\\/site\\\/2019\\\/09\\\/05\\\/prova-desportiva-na-serra-darga-adiada-devido-a-situacao-de-alerta\\\/\",\"name\":\"Prova desportiva na Serra D'Arga adiada devido \u00e0 situa\u00e7\u00e3o de alerta\",\"isPartOf\":{\"@id\":\"https:\\\/\\\/www.altominho.tv\\\/site\\\/#website\"},\"primaryImageOfPage\":{\"@id\":\"https:\\\/\\\/www.altominho.tv\\\/site\\\/2019\\\/09\\\/05\\\/prova-desportiva-na-serra-darga-adiada-devido-a-situacao-de-alerta\\\/#primaryimage\"},\"image\":{\"@id\":\"https:\\\/\\\/www.altominho.tv\\\/site\\\/2019\\\/09\\\/05\\\/prova-desportiva-na-serra-darga-adiada-devido-a-situacao-de-alerta\\\/#primaryimage\"},\"thumbnailUrl\":\"https:\\\/\\\/www.altominho.tv\\\/site\\\/wp-content\\\/uploads\\\/2019\\\/09\\\/Prova_Adiada.jpg\",\"datePublished\":\"2019-09-05T18:23:55+00:00\",\"dateModified\":\"2019-09-05T18:53:56+00:00\",\"author\":{\"@id\":\"https:\\\/\\\/www.altominho.tv\\\/site\\\/#\\\/schema\\\/person\\\/4e536851627d7914baf3dac752b6af22\"},\"breadcrumb\":{\"@id\":\"https:\\\/\\\/www.altominho.tv\\\/site\\\/2019\\\/09\\\/05\\\/prova-desportiva-na-serra-darga-adiada-devido-a-situacao-de-alerta\\\/#breadcrumb\"},\"inLanguage\":\"pt-PT\",\"potentialAction\":[{\"@type\":\"ReadAction\",\"target\":[\"https:\\\/\\\/www.altominho.tv\\\/site\\\/2019\\\/09\\\/05\\\/prova-desportiva-na-serra-darga-adiada-devido-a-situacao-de-alerta\\\/\"]}]},{\"@type\":\"ImageObject\",\"inLanguage\":\"pt-PT\",\"@id\":\"https:\\\/\\\/www.altominho.tv\\\/site\\\/2019\\\/09\\\/05\\\/prova-desportiva-na-serra-darga-adiada-devido-a-situacao-de-alerta\\\/#primaryimage\",\"url\":\"https:\\\/\\\/www.altominho.tv\\\/site\\\/wp-content\\\/uploads\\\/2019\\\/09\\\/Prova_Adiada.jpg\",\"contentUrl\":\"https:\\\/\\\/www.altominho.tv\\\/site\\\/wp-content\\\/uploads\\\/2019\\\/09\\\/Prova_Adiada.jpg\",\"width\":1100,\"height\":619,\"caption\":\"Carlos S\u00e1 Events\"},{\"@type\":\"BreadcrumbList\",\"@id\":\"https:\\\/\\\/www.altominho.tv\\\/site\\\/2019\\\/09\\\/05\\\/prova-desportiva-na-serra-darga-adiada-devido-a-situacao-de-alerta\\\/#breadcrumb\",\"itemListElement\":[{\"@type\":\"ListItem\",\"position\":1,\"name\":\"In\u00edcio\",\"item\":\"https:\\\/\\\/www.altominho.tv\\\/site\\\/\"},{\"@type\":\"ListItem\",\"position\":2,\"name\":\"Prova desportiva na Serra D&#8217;Arga adiada devido \u00e0 situa\u00e7\u00e3o de alerta\"}]},{\"@type\":\"WebSite\",\"@id\":\"https:\\\/\\\/www.altominho.tv\\\/site\\\/#website\",\"url\":\"https:\\\/\\\/www.altominho.tv\\\/site\\\/\",\"name\":\"Altominho.tv\",\"description\":\"A sua regi\u00e3o \u00e0 dist\u00e2ncia de um clique...\",\"potentialAction\":[{\"@type\":\"SearchAction\",\"target\":{\"@type\":\"EntryPoint\",\"urlTemplate\":\"https:\\\/\\\/www.altominho.tv\\\/site\\\/?s={search_term_string}\"},\"query-input\":{\"@type\":\"PropertyValueSpecification\",\"valueRequired\":true,\"valueName\":\"search_term_string\"}}],\"inLanguage\":\"pt-PT\"},{\"@type\":\"Person\",\"@id\":\"https:\\\/\\\/www.altominho.tv\\\/site\\\/#\\\/schema\\\/person\\\/4e536851627d7914baf3dac752b6af22\",\"name\":\"Altominho.tv\",\"image\":{\"@type\":\"ImageObject\",\"inLanguage\":\"pt-PT\",\"@id\":\"https:\\\/\\\/www.altominho.tv\\\/site\\\/wp-content\\\/uploads\\\/2019\\\/11\\\/Logo_Avatar_2-150x150.jpg\",\"url\":\"https:\\\/\\\/www.altominho.tv\\\/site\\\/wp-content\\\/uploads\\\/2019\\\/11\\\/Logo_Avatar_2-150x150.jpg\",\"contentUrl\":\"https:\\\/\\\/www.altominho.tv\\\/site\\\/wp-content\\\/uploads\\\/2019\\\/11\\\/Logo_Avatar_2-150x150.jpg\",\"caption\":\"Altominho.tv\"},\"url\":\"https:\\\/\\\/www.altominho.tv\\\/site\\\/author\\\/altominhotv-tecnico\\\/\"}]}<\/script>\n<!-- \/ Yoast SEO Premium plugin. -->","yoast_head_json":{"title":"Prova desportiva na Serra D'Arga adiada devido \u00e0 situa\u00e7\u00e3o de alerta","robots":{"index":"index","follow":"follow","max-snippet":"max-snippet:-1","max-image-preview":"max-image-preview:large","max-video-preview":"max-video-preview:-1"},"canonical":"https:\/\/www.altominho.tv\/site\/2019\/09\/05\/prova-desportiva-na-serra-darga-adiada-devido-a-situacao-de-alerta\/","og_locale":"pt_PT","og_type":"article","og_title":"Prova desportiva na Serra D'Arga adiada devido \u00e0 situa\u00e7\u00e3o de alerta","og_description":"A Carlos S\u00e1 Nature Events, organizadora do GTSA Desafio Vertical Trilho VS Estrada 2019, informou em comunicado que, de acordo com o despacho conjunto dos Minist\u00e9rios da Administra\u00e7\u00e3o Interna e da Agricultura Florestas e Desenvolvimento Rural n\u00e3o ser\u00e1 poss\u00edvel a realiza\u00e7\u00e3o do Desafio Vertical agendada para o pr\u00f3ximo domingo, dia 8.","og_url":"https:\/\/www.altominho.tv\/site\/2019\/09\/05\/prova-desportiva-na-serra-darga-adiada-devido-a-situacao-de-alerta\/","og_site_name":"Altominho.tv","article_publisher":"https:\/\/www.facebook.com\/altominhotv","article_published_time":"2019-09-05T18:23:55+00:00","article_modified_time":"2019-09-05T18:53:56+00:00","og_image":[{"width":1100,"height":619,"url":"https:\/\/www.altominho.tv\/site\/wp-content\/uploads\/2019\/09\/Prova_Adiada.jpg","type":"image\/jpeg"}],"author":"Altominho.tv","twitter_card":"summary_large_image","twitter_creator":"@altominhoTV","twitter_site":"@altominhoTV","twitter_misc":{"Escrito por":"Altominho.tv","Tempo estimado de leitura":"1 minuto"},"schema":{"@context":"https:\/\/schema.org","@graph":[{"@type":"Article","@id":"https:\/\/www.altominho.tv\/site\/2019\/09\/05\/prova-desportiva-na-serra-darga-adiada-devido-a-situacao-de-alerta\/#article","isPartOf":{"@id":"https:\/\/www.altominho.tv\/site\/2019\/09\/05\/prova-desportiva-na-serra-darga-adiada-devido-a-situacao-de-alerta\/"},"author":{"name":"Altominho.tv","@id":"https:\/\/www.altominho.tv\/site\/#\/schema\/person\/4e536851627d7914baf3dac752b6af22"},"headline":"Prova desportiva na Serra D&#8217;Arga adiada devido \u00e0 situa\u00e7\u00e3o de alerta","datePublished":"2019-09-05T18:23:55+00:00","dateModified":"2019-09-05T18:53:56+00:00","mainEntityOfPage":{"@id":"https:\/\/www.altominho.tv\/site\/2019\/09\/05\/prova-desportiva-na-serra-darga-adiada-devido-a-situacao-de-alerta\/"},"wordCount":238,"image":{"@id":"https:\/\/www.altominho.tv\/site\/2019\/09\/05\/prova-desportiva-na-serra-darga-adiada-devido-a-situacao-de-alerta\/#primaryimage"},"thumbnailUrl":"https:\/\/www.altominho.tv\/site\/wp-content\/uploads\/2019\/09\/Prova_Adiada.jpg","keywords":["Desporto"],"articleSection":["Caminha"],"inLanguage":"pt-PT","copyrightYear":"2019","copyrightHolder":{"@id":"https:\/\/www.altominho.tv\/site\/#organization"}},{"@type":"WebPage","@id":"https:\/\/www.altominho.tv\/site\/2019\/09\/05\/prova-desportiva-na-serra-darga-adiada-devido-a-situacao-de-alerta\/","url":"https:\/\/www.altominho.tv\/site\/2019\/09\/05\/prova-desportiva-na-serra-darga-adiada-devido-a-situacao-de-alerta\/","name":"Prova desportiva na Serra D'Arga adiada devido \u00e0 situa\u00e7\u00e3o de alerta","isPartOf":{"@id":"https:\/\/www.altominho.tv\/site\/#website"},"primaryImageOfPage":{"@id":"https:\/\/www.altominho.tv\/site\/2019\/09\/05\/prova-desportiva-na-serra-darga-adiada-devido-a-situacao-de-alerta\/#primaryimage"},"image":{"@id":"https:\/\/www.altominho.tv\/site\/2019\/09\/05\/prova-desportiva-na-serra-darga-adiada-devido-a-situacao-de-alerta\/#primaryimage"},"thumbnailUrl":"https:\/\/www.altominho.tv\/site\/wp-content\/uploads\/2019\/09\/Prova_Adiada.jpg","datePublished":"2019-09-05T18:23:55+00:00","dateModified":"2019-09-05T18:53:56+00:00","author":{"@id":"https:\/\/www.altominho.tv\/site\/#\/schema\/person\/4e536851627d7914baf3dac752b6af22"},"breadcrumb":{"@id":"https:\/\/www.altominho.tv\/site\/2019\/09\/05\/prova-desportiva-na-serra-darga-adiada-devido-a-situacao-de-alerta\/#breadcrumb"},"inLanguage":"pt-PT","potentialAction":[{"@type":"ReadAction","target":["https:\/\/www.altominho.tv\/site\/2019\/09\/05\/prova-desportiva-na-serra-darga-adiada-devido-a-situacao-de-alerta\/"]}]},{"@type":"ImageObject","inLanguage":"pt-PT","@id":"https:\/\/www.altominho.tv\/site\/2019\/09\/05\/prova-desportiva-na-serra-darga-adiada-devido-a-situacao-de-alerta\/#primaryimage","url":"https:\/\/www.altominho.tv\/site\/wp-content\/uploads\/2019\/09\/Prova_Adiada.jpg","contentUrl":"https:\/\/www.altominho.tv\/site\/wp-content\/uploads\/2019\/09\/Prova_Adiada.jpg","width":1100,"height":619,"caption":"Carlos S\u00e1 Events"},{"@type":"BreadcrumbList","@id":"https:\/\/www.altominho.tv\/site\/2019\/09\/05\/prova-desportiva-na-serra-darga-adiada-devido-a-situacao-de-alerta\/#breadcrumb","itemListElement":[{"@type":"ListItem","position":1,"name":"In\u00edcio","item":"https:\/\/www.altominho.tv\/site\/"},{"@type":"ListItem","position":2,"name":"Prova desportiva na Serra D&#8217;Arga adiada devido \u00e0 situa\u00e7\u00e3o de alerta"}]},{"@type":"WebSite","@id":"https:\/\/www.altominho.tv\/site\/#website","url":"https:\/\/www.altominho.tv\/site\/","name":"Altominho.tv","description":"A sua regi\u00e3o \u00e0 dist\u00e2ncia de um clique...","potentialAction":[{"@type":"SearchAction","target":{"@type":"EntryPoint","urlTemplate":"https:\/\/www.altominho.tv\/site\/?s={search_term_string}"},"query-input":{"@type":"PropertyValueSpecification","valueRequired":true,"valueName":"search_term_string"}}],"inLanguage":"pt-PT"},{"@type":"Person","@id":"https:\/\/www.altominho.tv\/site\/#\/schema\/person\/4e536851627d7914baf3dac752b6af22","name":"Altominho.tv","image":{"@type":"ImageObject","inLanguage":"pt-PT","@id":"https:\/\/www.altominho.tv\/site\/wp-content\/uploads\/2019\/11\/Logo_Avatar_2-150x150.jpg","url":"https:\/\/www.altominho.tv\/site\/wp-content\/uploads\/2019\/11\/Logo_Avatar_2-150x150.jpg","contentUrl":"https:\/\/www.altominho.tv\/site\/wp-content\/uploads\/2019\/11\/Logo_Avatar_2-150x150.jpg","caption":"Altominho.tv"},"url":"https:\/\/www.altominho.tv\/site\/author\/altominhotv-tecnico\/"}]}},"_links":{"self":[{"href":"https:\/\/www.altominho.tv\/site\/wp-json\/wp\/v2\/posts\/33707","targetHints":{"allow":["GET"]}}],"collection":[{"href":"https:\/\/www.altominho.tv\/site\/wp-json\/wp\/v2\/posts"}],"about":[{"href":"https:\/\/www.altominho.tv\/site\/wp-json\/wp\/v2\/types\/post"}],"author":[{"embeddable":true,"href":"https:\/\/www.altominho.tv\/site\/wp-json\/wp\/v2\/users\/1"}],"replies":[{"embeddable":true,"href":"https:\/\/www.altominho.tv\/site\/wp-json\/wp\/v2\/comments?post=33707"}],"version-history":[{"count":0,"href":"https:\/\/www.altominho.tv\/site\/wp-json\/wp\/v2\/posts\/33707\/revisions"}],"wp:featuredmedia":[{"embeddable":true,"href":"https:\/\/www.altominho.tv\/site\/wp-json\/wp\/v2\/media\/33709"}],"wp:attachment":[{"href":"https:\/\/www.altominho.tv\/site\/wp-json\/wp\/v2\/media?parent=33707"}],"wp:term":[{"taxonomy":"category","embeddable":true,"href":"https:\/\/www.altominho.tv\/site\/wp-json\/wp\/v2\/categories?post=33707"},{"taxonomy":"post_tag","embeddable":true,"href":"https:\/\/www.altominho.tv\/site\/wp-json\/wp\/v2\/tags?post=33707"}],"curies":[{"name":"wp","href":"https:\/\/api.w.org\/{rel}","templated":true}]}}