{"id":33672,"date":"2019-09-05T11:34:11","date_gmt":"2019-09-05T10:34:11","guid":{"rendered":"http:\/\/www.altominho.tv\/site\/?p=33672"},"modified":"2019-09-05T11:34:16","modified_gmt":"2019-09-05T10:34:16","slug":"4o-festival-viana-bate-forte-promete-voltar-a-encher-o-centro-historico","status":"publish","type":"post","link":"https:\/\/www.altominho.tv\/site\/2019\/09\/05\/4o-festival-viana-bate-forte-promete-voltar-a-encher-o-centro-historico\/","title":{"rendered":"4\u00ba Festival Viana Bate Forte promete voltar a encher o Centro Hist\u00f3rico"},"content":{"rendered":"\n<p>A quarta edi\u00e7\u00e3o do Viana Bate Forte acontece nos dias 13 e 14 de setembro, em Viana do Castelo.<\/p>\n\n\n\n<p>O Festival promete &#8220;voltar a encher o centro hist\u00f3rico da cidade&#8221;.<\/p>\n\n\n\n<p>Na edi\u00e7\u00e3o deste ano, estar\u00e3o presentes 16 bandas distribu\u00eddas pelos tr\u00eas palcos instalados na Pra\u00e7a da Liberdade, Pra\u00e7a da Rep\u00fablica e Pra\u00e7a da Erva. <\/p>\n\n\n\n<p>O cartaz conta com alguns dos maiores nomes da m\u00fasica nacional, com destaque para Agir, Ana Moura, GNR, M\u00e3o Morta, Valete e Wet Bed Gang.<\/p>\n\n\n\n<p>O Munic\u00edpio de Viana deu nota que &#8220;o cora\u00e7\u00e3o da cidade volta a acolher o evento de entrada livre que colocou Viana do Castelo na rota dos maiores eventos de m\u00fasica em Portugal e que reuniu, no ano passado, mais de 50.000 pessoas em duas noites de muita m\u00fasica&#8221;.<\/p>\n\n\n\n<p>&#8220;Al\u00e9m de mostrar o melhor que se faz na m\u00fasica em Portugal, o Viana Bate Forte destaca-se pela envolv\u00eancia e sinergia criada com o centro hist\u00f3rico da cidade&#8221;.\u00a0<\/p>\n\n\n\n<p>O Viana Bate Forte \u00e9 organizado pela C\u00e2mara Municipal de Viana do Castelo.<\/p>\n\n\n\n<p>O evento tem como cen\u00e1rio &#8220;um patrim\u00f3nio arquitet\u00f3nico \u00fanico&#8221;, com v\u00e1rios monumentos, igrejas e edif\u00edcios centen\u00e1rios, mas tamb\u00e9m o Rio Lima, o oceano Atl\u00e2ntico e &#8220;todo o patrim\u00f3nio cultural, vitivin\u00edcola e gastron\u00f3mico da capital do Alto Minho&#8221;.<\/p>\n\n\n\n<p>O Viana Bate Forte promete duas noites repletas de m\u00fasica e anima\u00e7\u00e3o na capital do Alto Minho.<\/p>\n","protected":false},"excerpt":{"rendered":"<p>A quarta edi\u00e7\u00e3o do Viana Bate Forte acontece nos dias 13 e 14 de setembro, em Viana do Castelo. O Festival promete &#8220;voltar a encher o centro hist\u00f3rico da cidade&#8221;. Na edi\u00e7\u00e3o deste ano, estar\u00e3o presentes 16 bandas distribu\u00eddas pelos tr\u00eas palcos instalados na Pra\u00e7a da Liberdade, Pra\u00e7a da Rep\u00fablica e Pra\u00e7a da Erva. O [&hellip;]<\/p>\n","protected":false},"author":7,"featured_media":33674,"comment_status":"closed","ping_status":"closed","sticky":false,"template":"","format":"standard","meta":{"_exactmetrics_skip_tracking":false,"_exactmetrics_sitenote_active":false,"_exactmetrics_sitenote_note":"","_exactmetrics_sitenote_category":0,"footnotes":""},"categories":[14],"tags":[24,27],"class_list":["post-33672","post","type-post","status-publish","format-standard","has-post-thumbnail","hentry","category-viana-do-castelo","tag-lazer","tag-sociedade"],"yoast_head":"<!-- This site is optimized with the Yoast SEO Premium plugin v27.5 (Yoast SEO v27.5) - https:\/\/yoast.com\/product\/yoast-seo-premium-wordpress\/ -->\n<title>4\u00ba Festival Viana Bate Forte promete voltar a encher o Centro Hist\u00f3rico<\/title>\n<meta name=\"robots\" content=\"index, follow, max-snippet:-1, max-image-preview:large, max-video-preview:-1\" \/>\n<link rel=\"canonical\" href=\"https:\/\/www.altominho.tv\/site\/2019\/09\/05\/4o-festival-viana-bate-forte-promete-voltar-a-encher-o-centro-historico\/\" \/>\n<meta property=\"og:locale\" content=\"pt_PT\" \/>\n<meta property=\"og:type\" content=\"article\" \/>\n<meta property=\"og:title\" content=\"4\u00ba Festival Viana Bate Forte promete voltar a encher o Centro Hist\u00f3rico\" \/>\n<meta property=\"og:description\" content=\"A quarta edi\u00e7\u00e3o do Viana Bate Forte acontece nos dias 13 e 14 de setembro, em Viana do Castelo. O Festival promete &#8220;voltar a encher o centro hist\u00f3rico da cidade&#8221;. Na edi\u00e7\u00e3o deste ano, estar\u00e3o presentes 16 bandas distribu\u00eddas pelos tr\u00eas palcos instalados na Pra\u00e7a da Liberdade, Pra\u00e7a da Rep\u00fablica e Pra\u00e7a da Erva. O [&hellip;]\" \/>\n<meta property=\"og:url\" content=\"https:\/\/www.altominho.tv\/site\/2019\/09\/05\/4o-festival-viana-bate-forte-promete-voltar-a-encher-o-centro-historico\/\" \/>\n<meta property=\"og:site_name\" content=\"Altominho.tv\" \/>\n<meta property=\"article:publisher\" content=\"https:\/\/www.facebook.com\/altominhotv\" \/>\n<meta property=\"article:published_time\" content=\"2019-09-05T10:34:11+00:00\" \/>\n<meta property=\"article:modified_time\" content=\"2019-09-05T10:34:16+00:00\" \/>\n<meta property=\"og:image\" content=\"https:\/\/www.altominho.tv\/site\/wp-content\/uploads\/2019\/09\/cropped-Viana-Bate-forte.jpg\" \/>\n\t<meta property=\"og:image:width\" content=\"1120\" \/>\n\t<meta property=\"og:image:height\" content=\"630\" \/>\n\t<meta property=\"og:image:type\" content=\"image\/jpeg\" \/>\n<meta name=\"author\" content=\"Andreia Cunha\" \/>\n<meta name=\"twitter:card\" content=\"summary_large_image\" \/>\n<meta name=\"twitter:creator\" content=\"@altominhoTV\" \/>\n<meta name=\"twitter:site\" content=\"@altominhoTV\" \/>\n<meta name=\"twitter:label1\" content=\"Escrito por\" \/>\n\t<meta name=\"twitter:data1\" content=\"Andreia Cunha\" \/>\n\t<meta name=\"twitter:label2\" content=\"Tempo estimado de leitura\" \/>\n\t<meta name=\"twitter:data2\" content=\"1 minuto\" \/>\n<script type=\"application\/ld+json\" class=\"yoast-schema-graph\">{\"@context\":\"https:\\\/\\\/schema.org\",\"@graph\":[{\"@type\":\"Article\",\"@id\":\"https:\\\/\\\/www.altominho.tv\\\/site\\\/2019\\\/09\\\/05\\\/4o-festival-viana-bate-forte-promete-voltar-a-encher-o-centro-historico\\\/#article\",\"isPartOf\":{\"@id\":\"https:\\\/\\\/www.altominho.tv\\\/site\\\/2019\\\/09\\\/05\\\/4o-festival-viana-bate-forte-promete-voltar-a-encher-o-centro-historico\\\/\"},\"author\":{\"name\":\"Andreia Cunha\",\"@id\":\"https:\\\/\\\/www.altominho.tv\\\/site\\\/#\\\/schema\\\/person\\\/a0e4ef6d041f98ca284393d8f1d97153\"},\"headline\":\"4\u00ba Festival Viana Bate Forte promete voltar a encher o Centro Hist\u00f3rico\",\"datePublished\":\"2019-09-05T10:34:11+00:00\",\"dateModified\":\"2019-09-05T10:34:16+00:00\",\"mainEntityOfPage\":{\"@id\":\"https:\\\/\\\/www.altominho.tv\\\/site\\\/2019\\\/09\\\/05\\\/4o-festival-viana-bate-forte-promete-voltar-a-encher-o-centro-historico\\\/\"},\"wordCount\":264,\"image\":{\"@id\":\"https:\\\/\\\/www.altominho.tv\\\/site\\\/2019\\\/09\\\/05\\\/4o-festival-viana-bate-forte-promete-voltar-a-encher-o-centro-historico\\\/#primaryimage\"},\"thumbnailUrl\":\"https:\\\/\\\/www.altominho.tv\\\/site\\\/wp-content\\\/uploads\\\/2019\\\/09\\\/cropped-Viana-Bate-forte.jpg\",\"keywords\":[\"Lazer\",\"Sociedade\"],\"articleSection\":[\"Viana do Castelo\"],\"inLanguage\":\"pt-PT\",\"copyrightYear\":\"2019\",\"copyrightHolder\":{\"@id\":\"https:\\\/\\\/www.altominho.tv\\\/site\\\/#organization\"}},{\"@type\":\"WebPage\",\"@id\":\"https:\\\/\\\/www.altominho.tv\\\/site\\\/2019\\\/09\\\/05\\\/4o-festival-viana-bate-forte-promete-voltar-a-encher-o-centro-historico\\\/\",\"url\":\"https:\\\/\\\/www.altominho.tv\\\/site\\\/2019\\\/09\\\/05\\\/4o-festival-viana-bate-forte-promete-voltar-a-encher-o-centro-historico\\\/\",\"name\":\"4\u00ba Festival Viana Bate Forte promete voltar a encher o Centro Hist\u00f3rico\",\"isPartOf\":{\"@id\":\"https:\\\/\\\/www.altominho.tv\\\/site\\\/#website\"},\"primaryImageOfPage\":{\"@id\":\"https:\\\/\\\/www.altominho.tv\\\/site\\\/2019\\\/09\\\/05\\\/4o-festival-viana-bate-forte-promete-voltar-a-encher-o-centro-historico\\\/#primaryimage\"},\"image\":{\"@id\":\"https:\\\/\\\/www.altominho.tv\\\/site\\\/2019\\\/09\\\/05\\\/4o-festival-viana-bate-forte-promete-voltar-a-encher-o-centro-historico\\\/#primaryimage\"},\"thumbnailUrl\":\"https:\\\/\\\/www.altominho.tv\\\/site\\\/wp-content\\\/uploads\\\/2019\\\/09\\\/cropped-Viana-Bate-forte.jpg\",\"datePublished\":\"2019-09-05T10:34:11+00:00\",\"dateModified\":\"2019-09-05T10:34:16+00:00\",\"author\":{\"@id\":\"https:\\\/\\\/www.altominho.tv\\\/site\\\/#\\\/schema\\\/person\\\/a0e4ef6d041f98ca284393d8f1d97153\"},\"breadcrumb\":{\"@id\":\"https:\\\/\\\/www.altominho.tv\\\/site\\\/2019\\\/09\\\/05\\\/4o-festival-viana-bate-forte-promete-voltar-a-encher-o-centro-historico\\\/#breadcrumb\"},\"inLanguage\":\"pt-PT\",\"potentialAction\":[{\"@type\":\"ReadAction\",\"target\":[\"https:\\\/\\\/www.altominho.tv\\\/site\\\/2019\\\/09\\\/05\\\/4o-festival-viana-bate-forte-promete-voltar-a-encher-o-centro-historico\\\/\"]}]},{\"@type\":\"ImageObject\",\"inLanguage\":\"pt-PT\",\"@id\":\"https:\\\/\\\/www.altominho.tv\\\/site\\\/2019\\\/09\\\/05\\\/4o-festival-viana-bate-forte-promete-voltar-a-encher-o-centro-historico\\\/#primaryimage\",\"url\":\"https:\\\/\\\/www.altominho.tv\\\/site\\\/wp-content\\\/uploads\\\/2019\\\/09\\\/cropped-Viana-Bate-forte.jpg\",\"contentUrl\":\"https:\\\/\\\/www.altominho.tv\\\/site\\\/wp-content\\\/uploads\\\/2019\\\/09\\\/cropped-Viana-Bate-forte.jpg\",\"width\":1120,\"height\":630},{\"@type\":\"BreadcrumbList\",\"@id\":\"https:\\\/\\\/www.altominho.tv\\\/site\\\/2019\\\/09\\\/05\\\/4o-festival-viana-bate-forte-promete-voltar-a-encher-o-centro-historico\\\/#breadcrumb\",\"itemListElement\":[{\"@type\":\"ListItem\",\"position\":1,\"name\":\"In\u00edcio\",\"item\":\"https:\\\/\\\/www.altominho.tv\\\/site\\\/\"},{\"@type\":\"ListItem\",\"position\":2,\"name\":\"4\u00ba Festival Viana Bate Forte promete voltar a encher o Centro Hist\u00f3rico\"}]},{\"@type\":\"WebSite\",\"@id\":\"https:\\\/\\\/www.altominho.tv\\\/site\\\/#website\",\"url\":\"https:\\\/\\\/www.altominho.tv\\\/site\\\/\",\"name\":\"Altominho.tv\",\"description\":\"A sua regi\u00e3o \u00e0 dist\u00e2ncia de um clique...\",\"potentialAction\":[{\"@type\":\"SearchAction\",\"target\":{\"@type\":\"EntryPoint\",\"urlTemplate\":\"https:\\\/\\\/www.altominho.tv\\\/site\\\/?s={search_term_string}\"},\"query-input\":{\"@type\":\"PropertyValueSpecification\",\"valueRequired\":true,\"valueName\":\"search_term_string\"}}],\"inLanguage\":\"pt-PT\"},{\"@type\":\"Person\",\"@id\":\"https:\\\/\\\/www.altominho.tv\\\/site\\\/#\\\/schema\\\/person\\\/a0e4ef6d041f98ca284393d8f1d97153\",\"name\":\"Andreia Cunha\",\"image\":{\"@type\":\"ImageObject\",\"inLanguage\":\"pt-PT\",\"@id\":\"https:\\\/\\\/www.altominho.tv\\\/site\\\/wp-content\\\/uploads\\\/2017\\\/11\\\/Andreia_Cunha-1-150x150.jpg\",\"url\":\"https:\\\/\\\/www.altominho.tv\\\/site\\\/wp-content\\\/uploads\\\/2017\\\/11\\\/Andreia_Cunha-1-150x150.jpg\",\"contentUrl\":\"https:\\\/\\\/www.altominho.tv\\\/site\\\/wp-content\\\/uploads\\\/2017\\\/11\\\/Andreia_Cunha-1-150x150.jpg\",\"caption\":\"Andreia Cunha\"},\"url\":\"https:\\\/\\\/www.altominho.tv\\\/site\\\/author\\\/andreiacunha\\\/\"}]}<\/script>\n<!-- \/ Yoast SEO Premium plugin. -->","yoast_head_json":{"title":"4\u00ba Festival Viana Bate Forte promete voltar a encher o Centro Hist\u00f3rico","robots":{"index":"index","follow":"follow","max-snippet":"max-snippet:-1","max-image-preview":"max-image-preview:large","max-video-preview":"max-video-preview:-1"},"canonical":"https:\/\/www.altominho.tv\/site\/2019\/09\/05\/4o-festival-viana-bate-forte-promete-voltar-a-encher-o-centro-historico\/","og_locale":"pt_PT","og_type":"article","og_title":"4\u00ba Festival Viana Bate Forte promete voltar a encher o Centro Hist\u00f3rico","og_description":"A quarta edi\u00e7\u00e3o do Viana Bate Forte acontece nos dias 13 e 14 de setembro, em Viana do Castelo. O Festival promete &#8220;voltar a encher o centro hist\u00f3rico da cidade&#8221;. Na edi\u00e7\u00e3o deste ano, estar\u00e3o presentes 16 bandas distribu\u00eddas pelos tr\u00eas palcos instalados na Pra\u00e7a da Liberdade, Pra\u00e7a da Rep\u00fablica e Pra\u00e7a da Erva. O [&hellip;]","og_url":"https:\/\/www.altominho.tv\/site\/2019\/09\/05\/4o-festival-viana-bate-forte-promete-voltar-a-encher-o-centro-historico\/","og_site_name":"Altominho.tv","article_publisher":"https:\/\/www.facebook.com\/altominhotv","article_published_time":"2019-09-05T10:34:11+00:00","article_modified_time":"2019-09-05T10:34:16+00:00","og_image":[{"width":1120,"height":630,"url":"https:\/\/www.altominho.tv\/site\/wp-content\/uploads\/2019\/09\/cropped-Viana-Bate-forte.jpg","type":"image\/jpeg"}],"author":"Andreia Cunha","twitter_card":"summary_large_image","twitter_creator":"@altominhoTV","twitter_site":"@altominhoTV","twitter_misc":{"Escrito por":"Andreia Cunha","Tempo estimado de leitura":"1 minuto"},"schema":{"@context":"https:\/\/schema.org","@graph":[{"@type":"Article","@id":"https:\/\/www.altominho.tv\/site\/2019\/09\/05\/4o-festival-viana-bate-forte-promete-voltar-a-encher-o-centro-historico\/#article","isPartOf":{"@id":"https:\/\/www.altominho.tv\/site\/2019\/09\/05\/4o-festival-viana-bate-forte-promete-voltar-a-encher-o-centro-historico\/"},"author":{"name":"Andreia Cunha","@id":"https:\/\/www.altominho.tv\/site\/#\/schema\/person\/a0e4ef6d041f98ca284393d8f1d97153"},"headline":"4\u00ba Festival Viana Bate Forte promete voltar a encher o Centro Hist\u00f3rico","datePublished":"2019-09-05T10:34:11+00:00","dateModified":"2019-09-05T10:34:16+00:00","mainEntityOfPage":{"@id":"https:\/\/www.altominho.tv\/site\/2019\/09\/05\/4o-festival-viana-bate-forte-promete-voltar-a-encher-o-centro-historico\/"},"wordCount":264,"image":{"@id":"https:\/\/www.altominho.tv\/site\/2019\/09\/05\/4o-festival-viana-bate-forte-promete-voltar-a-encher-o-centro-historico\/#primaryimage"},"thumbnailUrl":"https:\/\/www.altominho.tv\/site\/wp-content\/uploads\/2019\/09\/cropped-Viana-Bate-forte.jpg","keywords":["Lazer","Sociedade"],"articleSection":["Viana do Castelo"],"inLanguage":"pt-PT","copyrightYear":"2019","copyrightHolder":{"@id":"https:\/\/www.altominho.tv\/site\/#organization"}},{"@type":"WebPage","@id":"https:\/\/www.altominho.tv\/site\/2019\/09\/05\/4o-festival-viana-bate-forte-promete-voltar-a-encher-o-centro-historico\/","url":"https:\/\/www.altominho.tv\/site\/2019\/09\/05\/4o-festival-viana-bate-forte-promete-voltar-a-encher-o-centro-historico\/","name":"4\u00ba Festival Viana Bate Forte promete voltar a encher o Centro Hist\u00f3rico","isPartOf":{"@id":"https:\/\/www.altominho.tv\/site\/#website"},"primaryImageOfPage":{"@id":"https:\/\/www.altominho.tv\/site\/2019\/09\/05\/4o-festival-viana-bate-forte-promete-voltar-a-encher-o-centro-historico\/#primaryimage"},"image":{"@id":"https:\/\/www.altominho.tv\/site\/2019\/09\/05\/4o-festival-viana-bate-forte-promete-voltar-a-encher-o-centro-historico\/#primaryimage"},"thumbnailUrl":"https:\/\/www.altominho.tv\/site\/wp-content\/uploads\/2019\/09\/cropped-Viana-Bate-forte.jpg","datePublished":"2019-09-05T10:34:11+00:00","dateModified":"2019-09-05T10:34:16+00:00","author":{"@id":"https:\/\/www.altominho.tv\/site\/#\/schema\/person\/a0e4ef6d041f98ca284393d8f1d97153"},"breadcrumb":{"@id":"https:\/\/www.altominho.tv\/site\/2019\/09\/05\/4o-festival-viana-bate-forte-promete-voltar-a-encher-o-centro-historico\/#breadcrumb"},"inLanguage":"pt-PT","potentialAction":[{"@type":"ReadAction","target":["https:\/\/www.altominho.tv\/site\/2019\/09\/05\/4o-festival-viana-bate-forte-promete-voltar-a-encher-o-centro-historico\/"]}]},{"@type":"ImageObject","inLanguage":"pt-PT","@id":"https:\/\/www.altominho.tv\/site\/2019\/09\/05\/4o-festival-viana-bate-forte-promete-voltar-a-encher-o-centro-historico\/#primaryimage","url":"https:\/\/www.altominho.tv\/site\/wp-content\/uploads\/2019\/09\/cropped-Viana-Bate-forte.jpg","contentUrl":"https:\/\/www.altominho.tv\/site\/wp-content\/uploads\/2019\/09\/cropped-Viana-Bate-forte.jpg","width":1120,"height":630},{"@type":"BreadcrumbList","@id":"https:\/\/www.altominho.tv\/site\/2019\/09\/05\/4o-festival-viana-bate-forte-promete-voltar-a-encher-o-centro-historico\/#breadcrumb","itemListElement":[{"@type":"ListItem","position":1,"name":"In\u00edcio","item":"https:\/\/www.altominho.tv\/site\/"},{"@type":"ListItem","position":2,"name":"4\u00ba Festival Viana Bate Forte promete voltar a encher o Centro Hist\u00f3rico"}]},{"@type":"WebSite","@id":"https:\/\/www.altominho.tv\/site\/#website","url":"https:\/\/www.altominho.tv\/site\/","name":"Altominho.tv","description":"A sua regi\u00e3o \u00e0 dist\u00e2ncia de um clique...","potentialAction":[{"@type":"SearchAction","target":{"@type":"EntryPoint","urlTemplate":"https:\/\/www.altominho.tv\/site\/?s={search_term_string}"},"query-input":{"@type":"PropertyValueSpecification","valueRequired":true,"valueName":"search_term_string"}}],"inLanguage":"pt-PT"},{"@type":"Person","@id":"https:\/\/www.altominho.tv\/site\/#\/schema\/person\/a0e4ef6d041f98ca284393d8f1d97153","name":"Andreia Cunha","image":{"@type":"ImageObject","inLanguage":"pt-PT","@id":"https:\/\/www.altominho.tv\/site\/wp-content\/uploads\/2017\/11\/Andreia_Cunha-1-150x150.jpg","url":"https:\/\/www.altominho.tv\/site\/wp-content\/uploads\/2017\/11\/Andreia_Cunha-1-150x150.jpg","contentUrl":"https:\/\/www.altominho.tv\/site\/wp-content\/uploads\/2017\/11\/Andreia_Cunha-1-150x150.jpg","caption":"Andreia Cunha"},"url":"https:\/\/www.altominho.tv\/site\/author\/andreiacunha\/"}]}},"_links":{"self":[{"href":"https:\/\/www.altominho.tv\/site\/wp-json\/wp\/v2\/posts\/33672","targetHints":{"allow":["GET"]}}],"collection":[{"href":"https:\/\/www.altominho.tv\/site\/wp-json\/wp\/v2\/posts"}],"about":[{"href":"https:\/\/www.altominho.tv\/site\/wp-json\/wp\/v2\/types\/post"}],"author":[{"embeddable":true,"href":"https:\/\/www.altominho.tv\/site\/wp-json\/wp\/v2\/users\/7"}],"replies":[{"embeddable":true,"href":"https:\/\/www.altominho.tv\/site\/wp-json\/wp\/v2\/comments?post=33672"}],"version-history":[{"count":0,"href":"https:\/\/www.altominho.tv\/site\/wp-json\/wp\/v2\/posts\/33672\/revisions"}],"wp:featuredmedia":[{"embeddable":true,"href":"https:\/\/www.altominho.tv\/site\/wp-json\/wp\/v2\/media\/33674"}],"wp:attachment":[{"href":"https:\/\/www.altominho.tv\/site\/wp-json\/wp\/v2\/media?parent=33672"}],"wp:term":[{"taxonomy":"category","embeddable":true,"href":"https:\/\/www.altominho.tv\/site\/wp-json\/wp\/v2\/categories?post=33672"},{"taxonomy":"post_tag","embeddable":true,"href":"https:\/\/www.altominho.tv\/site\/wp-json\/wp\/v2\/tags?post=33672"}],"curies":[{"name":"wp","href":"https:\/\/api.w.org\/{rel}","templated":true}]}}