{"id":33562,"date":"2019-09-03T11:52:46","date_gmt":"2019-09-03T10:52:46","guid":{"rendered":"http:\/\/www.altominho.tv\/site\/?p=33562"},"modified":"2019-09-03T11:52:49","modified_gmt":"2019-09-03T10:52:49","slug":"orquestras-da-casa-da-musica-tocam-no-espaco-publico-de-sete-cidades","status":"publish","type":"post","link":"https:\/\/www.altominho.tv\/site\/2019\/09\/03\/orquestras-da-casa-da-musica-tocam-no-espaco-publico-de-sete-cidades\/","title":{"rendered":"Orquestras da Casa da M\u00fasica tocam no espa\u00e7o p\u00fablico de sete cidades"},"content":{"rendered":"\n<p>A Orquestra Sinf\u00f3nica do Porto e a Orquestra Barroca, agrupamentos da Casa da M\u00fasica, v\u00e3o atuar em sete cidades do pa\u00eds, em concertos de entrada livre em espa\u00e7o p\u00fablico.<br><\/p>\n\n\n\n<p>A Orquestra Barroca assume cinco dos sete concertos, atuando na quinta-feira em \u00c9vora, na Pra\u00e7a do Giraldo, no s\u00e1bado, em Mafra (Terreiro de D. Jo\u00e3o V), no domingo, em Faro (Pra\u00e7a da S\u00e9), no Museu Francisco J\u00fanior em Castelo Branco, no dia 10, e na Pra\u00e7a da Rep\u00fablica de Viana do Castelo, no dia seguinte, fechando este ciclo.<br><\/p>\n\n\n\n<p>Antes, a Sinf\u00f3nica sobe a palco no s\u00e1bado, na Avenida dos Aliados, no Porto, pelas 22:00, inserido no j\u00e1 habitual programa de Concertos na Avenida que a Casa da M\u00fasica costuma organizar, seguindo-se, no domingo, a cidade de Braga, ambos pelas 21:00.<br><\/p>\n\n\n\n<p>O programa apresentado pela Barroca arranca com a sinfonia \u201cLes \u00e9l\u00e9ments\u201d, do compositor e violinista Jean-F\u00e9ry Rebel (1666-1747), uma figura de proa da corte do rei Lu\u00eds XIV que nesta obra explora a cria\u00e7\u00e3o do mundo e inclui um movimento dedicado ao caos.<br><\/p>\n\n\n\n<p>Seguem-se obras do Georg Friedrich Handel (1685-1759), um dos mais reconhecidos compositores da s\u00edntese do barroco tardio, com uma su\u00edte de \u201cM\u00fasica Aqu\u00e1tica\u201d e partes das \u00f3peras \u201cRadamisto\u201d e \u201cPartenope\u201d.<br><\/p>\n\n\n\n<p>Os concertos, marcados para as 22:00, terminam com o Concerto para violino, dois obo\u00e9s, duas trompas, t\u00edmpanos e cordas do veneziano Antonio Vivaldi (1678-1741), \u201cmelodias contagiantes\u201d e que d\u00e3o protagonismo aos instrumentos de sopro.<br><\/p>\n\n\n\n<p>\u00c0 Barroca junta-se o violinista, contratenor e maestro russo Dmitry Sinkovsky, que em 2017 dirigiu a Sinf\u00f3nica de Seattle, nos Estados Unidos, nas mesmas fun\u00e7\u00f5es, ent\u00e3o tamb\u00e9m em torno da m\u00fasica de Vivaldi.<br><\/p>\n\n\n\n<p>O programa dos dois concertos da Sinf\u00f3nica, dirigida pelo maestro titular Baldur Br\u00f6nnimann, inclui sete pe\u00e7as focadas na m\u00fasica de dan\u00e7a, da festa popular a valsas e a ritmos da m\u00fasica eletr\u00f3nica.<br><\/p>\n\n\n\n<p>O \u201cCarnaval Romano\u201d, do franc\u00eas Hector Berlioz (1803-1869), abre para a \u201cDan\u00e7a das Horas\u201d, do italiano autor da \u00f3pera \u201cA Gioconda\u201d Amilcare Ponchielli (1834-1886), antes de obras dos ingleses Eric Coates e Frederick Delius.<br><\/p>\n\n\n\n<p>\u201cO Chap\u00e9u de Tr\u00eas Bicos\u201d, do espanhol Manuel de Falla, abre a liga\u00e7\u00e3o latina a \u201cLa Milonga del Angel\u201d, do argentino Astor Piazzolla, antes da sonoridade \u2018techno\u2019 da obra do norte-americano Mason Bates, com \u201cMothership\u201d.<br><\/p>\n\n\n\n<p>Segundo comunicado da organiza\u00e7\u00e3o, o objetivo do ciclo \u00e9 \u201ccontribuir para a valoriza\u00e7\u00e3o desses centros hist\u00f3ricos e fomentar o gosto pela m\u00fasica mais erudita, derrubando barreiras e conquistando novos p\u00fablicos\u201d.<br><\/p>\n\n\n\n<p>Na apresenta\u00e7\u00e3o do programa, o diretor art\u00edstico da Casa da M\u00fasica, Ant\u00f3nio Jorge Pacheco, garantiu \u00e0 Lusa a continuidade do programa para 2020, por ser capaz de mudar \u201ca forma como a Casa da M\u00fasica \u00e9 vista em todo o territ\u00f3rio nacional\u201d.<br><\/p>\n\n\n\n<p>Este trabalho, que arrancou em julho com um concerto da Sinf\u00f3nica em Lisboa, envolve \u201cuma log\u00edstica brutal\u201d e um or\u00e7amento \u201cde mais de 500 mil euros\u201d, atrav\u00e9s da parceria com a Funda\u00e7\u00e3o La Caixa.<\/p>\n","protected":false},"excerpt":{"rendered":"<p>A Orquestra Sinf\u00f3nica do Porto e a Orquestra Barroca, agrupamentos da Casa da M\u00fasica, v\u00e3o atuar em sete cidades do pa\u00eds, em concertos de entrada livre em espa\u00e7o p\u00fablico. A Orquestra Barroca assume cinco dos sete concertos, atuando na quinta-feira em \u00c9vora, na Pra\u00e7a do Giraldo, no s\u00e1bado, em Mafra (Terreiro de D. Jo\u00e3o V), [&hellip;]<\/p>\n","protected":false},"author":7,"featured_media":33564,"comment_status":"closed","ping_status":"closed","sticky":false,"template":"","format":"standard","meta":{"_exactmetrics_skip_tracking":false,"_exactmetrics_sitenote_active":false,"_exactmetrics_sitenote_note":"","_exactmetrics_sitenote_category":0,"footnotes":""},"categories":[14],"tags":[24,27],"class_list":["post-33562","post","type-post","status-publish","format-standard","has-post-thumbnail","hentry","category-viana-do-castelo","tag-lazer","tag-sociedade"],"yoast_head":"<!-- This site is optimized with the Yoast SEO Premium plugin v27.5 (Yoast SEO v27.5) - https:\/\/yoast.com\/product\/yoast-seo-premium-wordpress\/ -->\n<title>Orquestras da Casa da M\u00fasica tocam no espa\u00e7o p\u00fablico de sete cidades<\/title>\n<meta name=\"robots\" content=\"index, follow, max-snippet:-1, max-image-preview:large, max-video-preview:-1\" \/>\n<link rel=\"canonical\" href=\"https:\/\/www.altominho.tv\/site\/2019\/09\/03\/orquestras-da-casa-da-musica-tocam-no-espaco-publico-de-sete-cidades\/\" \/>\n<meta property=\"og:locale\" content=\"pt_PT\" \/>\n<meta property=\"og:type\" content=\"article\" \/>\n<meta property=\"og:title\" content=\"Orquestras da Casa da M\u00fasica tocam no espa\u00e7o p\u00fablico de sete cidades\" \/>\n<meta property=\"og:description\" content=\"A Orquestra Sinf\u00f3nica do Porto e a Orquestra Barroca, agrupamentos da Casa da M\u00fasica, v\u00e3o atuar em sete cidades do pa\u00eds, em concertos de entrada livre em espa\u00e7o p\u00fablico. A Orquestra Barroca assume cinco dos sete concertos, atuando na quinta-feira em \u00c9vora, na Pra\u00e7a do Giraldo, no s\u00e1bado, em Mafra (Terreiro de D. Jo\u00e3o V), [&hellip;]\" \/>\n<meta property=\"og:url\" content=\"https:\/\/www.altominho.tv\/site\/2019\/09\/03\/orquestras-da-casa-da-musica-tocam-no-espaco-publico-de-sete-cidades\/\" \/>\n<meta property=\"og:site_name\" content=\"Altominho.tv\" \/>\n<meta property=\"article:publisher\" content=\"https:\/\/www.facebook.com\/altominhotv\" \/>\n<meta property=\"article:published_time\" content=\"2019-09-03T10:52:46+00:00\" \/>\n<meta property=\"article:modified_time\" content=\"2019-09-03T10:52:49+00:00\" \/>\n<meta property=\"og:image\" content=\"https:\/\/www.altominho.tv\/site\/wp-content\/uploads\/2019\/09\/cropped-VIana-do-Castelo-Praca-da-Republica.jpg\" \/>\n\t<meta property=\"og:image:width\" content=\"1120\" \/>\n\t<meta property=\"og:image:height\" content=\"630\" \/>\n\t<meta property=\"og:image:type\" content=\"image\/jpeg\" \/>\n<meta name=\"author\" content=\"Andreia Cunha\" \/>\n<meta name=\"twitter:card\" content=\"summary_large_image\" \/>\n<meta name=\"twitter:creator\" content=\"@altominhoTV\" \/>\n<meta name=\"twitter:site\" content=\"@altominhoTV\" \/>\n<meta name=\"twitter:label1\" content=\"Escrito por\" \/>\n\t<meta name=\"twitter:data1\" content=\"Andreia Cunha\" \/>\n\t<meta name=\"twitter:label2\" content=\"Tempo estimado de leitura\" \/>\n\t<meta name=\"twitter:data2\" content=\"3 minutos\" \/>\n<script type=\"application\/ld+json\" class=\"yoast-schema-graph\">{\"@context\":\"https:\\\/\\\/schema.org\",\"@graph\":[{\"@type\":\"Article\",\"@id\":\"https:\\\/\\\/www.altominho.tv\\\/site\\\/2019\\\/09\\\/03\\\/orquestras-da-casa-da-musica-tocam-no-espaco-publico-de-sete-cidades\\\/#article\",\"isPartOf\":{\"@id\":\"https:\\\/\\\/www.altominho.tv\\\/site\\\/2019\\\/09\\\/03\\\/orquestras-da-casa-da-musica-tocam-no-espaco-publico-de-sete-cidades\\\/\"},\"author\":{\"name\":\"Andreia Cunha\",\"@id\":\"https:\\\/\\\/www.altominho.tv\\\/site\\\/#\\\/schema\\\/person\\\/a0e4ef6d041f98ca284393d8f1d97153\"},\"headline\":\"Orquestras da Casa da M\u00fasica tocam no espa\u00e7o p\u00fablico de sete cidades\",\"datePublished\":\"2019-09-03T10:52:46+00:00\",\"dateModified\":\"2019-09-03T10:52:49+00:00\",\"mainEntityOfPage\":{\"@id\":\"https:\\\/\\\/www.altominho.tv\\\/site\\\/2019\\\/09\\\/03\\\/orquestras-da-casa-da-musica-tocam-no-espaco-publico-de-sete-cidades\\\/\"},\"wordCount\":540,\"image\":{\"@id\":\"https:\\\/\\\/www.altominho.tv\\\/site\\\/2019\\\/09\\\/03\\\/orquestras-da-casa-da-musica-tocam-no-espaco-publico-de-sete-cidades\\\/#primaryimage\"},\"thumbnailUrl\":\"https:\\\/\\\/www.altominho.tv\\\/site\\\/wp-content\\\/uploads\\\/2019\\\/09\\\/cropped-VIana-do-Castelo-Praca-da-Republica.jpg\",\"keywords\":[\"Lazer\",\"Sociedade\"],\"articleSection\":[\"Viana do Castelo\"],\"inLanguage\":\"pt-PT\",\"copyrightYear\":\"2019\",\"copyrightHolder\":{\"@id\":\"https:\\\/\\\/www.altominho.tv\\\/site\\\/#organization\"}},{\"@type\":\"WebPage\",\"@id\":\"https:\\\/\\\/www.altominho.tv\\\/site\\\/2019\\\/09\\\/03\\\/orquestras-da-casa-da-musica-tocam-no-espaco-publico-de-sete-cidades\\\/\",\"url\":\"https:\\\/\\\/www.altominho.tv\\\/site\\\/2019\\\/09\\\/03\\\/orquestras-da-casa-da-musica-tocam-no-espaco-publico-de-sete-cidades\\\/\",\"name\":\"Orquestras da Casa da M\u00fasica tocam no espa\u00e7o p\u00fablico de sete cidades\",\"isPartOf\":{\"@id\":\"https:\\\/\\\/www.altominho.tv\\\/site\\\/#website\"},\"primaryImageOfPage\":{\"@id\":\"https:\\\/\\\/www.altominho.tv\\\/site\\\/2019\\\/09\\\/03\\\/orquestras-da-casa-da-musica-tocam-no-espaco-publico-de-sete-cidades\\\/#primaryimage\"},\"image\":{\"@id\":\"https:\\\/\\\/www.altominho.tv\\\/site\\\/2019\\\/09\\\/03\\\/orquestras-da-casa-da-musica-tocam-no-espaco-publico-de-sete-cidades\\\/#primaryimage\"},\"thumbnailUrl\":\"https:\\\/\\\/www.altominho.tv\\\/site\\\/wp-content\\\/uploads\\\/2019\\\/09\\\/cropped-VIana-do-Castelo-Praca-da-Republica.jpg\",\"datePublished\":\"2019-09-03T10:52:46+00:00\",\"dateModified\":\"2019-09-03T10:52:49+00:00\",\"author\":{\"@id\":\"https:\\\/\\\/www.altominho.tv\\\/site\\\/#\\\/schema\\\/person\\\/a0e4ef6d041f98ca284393d8f1d97153\"},\"breadcrumb\":{\"@id\":\"https:\\\/\\\/www.altominho.tv\\\/site\\\/2019\\\/09\\\/03\\\/orquestras-da-casa-da-musica-tocam-no-espaco-publico-de-sete-cidades\\\/#breadcrumb\"},\"inLanguage\":\"pt-PT\",\"potentialAction\":[{\"@type\":\"ReadAction\",\"target\":[\"https:\\\/\\\/www.altominho.tv\\\/site\\\/2019\\\/09\\\/03\\\/orquestras-da-casa-da-musica-tocam-no-espaco-publico-de-sete-cidades\\\/\"]}]},{\"@type\":\"ImageObject\",\"inLanguage\":\"pt-PT\",\"@id\":\"https:\\\/\\\/www.altominho.tv\\\/site\\\/2019\\\/09\\\/03\\\/orquestras-da-casa-da-musica-tocam-no-espaco-publico-de-sete-cidades\\\/#primaryimage\",\"url\":\"https:\\\/\\\/www.altominho.tv\\\/site\\\/wp-content\\\/uploads\\\/2019\\\/09\\\/cropped-VIana-do-Castelo-Praca-da-Republica.jpg\",\"contentUrl\":\"https:\\\/\\\/www.altominho.tv\\\/site\\\/wp-content\\\/uploads\\\/2019\\\/09\\\/cropped-VIana-do-Castelo-Praca-da-Republica.jpg\",\"width\":1120,\"height\":630},{\"@type\":\"BreadcrumbList\",\"@id\":\"https:\\\/\\\/www.altominho.tv\\\/site\\\/2019\\\/09\\\/03\\\/orquestras-da-casa-da-musica-tocam-no-espaco-publico-de-sete-cidades\\\/#breadcrumb\",\"itemListElement\":[{\"@type\":\"ListItem\",\"position\":1,\"name\":\"In\u00edcio\",\"item\":\"https:\\\/\\\/www.altominho.tv\\\/site\\\/\"},{\"@type\":\"ListItem\",\"position\":2,\"name\":\"Orquestras da Casa da M\u00fasica tocam no espa\u00e7o p\u00fablico de sete cidades\"}]},{\"@type\":\"WebSite\",\"@id\":\"https:\\\/\\\/www.altominho.tv\\\/site\\\/#website\",\"url\":\"https:\\\/\\\/www.altominho.tv\\\/site\\\/\",\"name\":\"Altominho.tv\",\"description\":\"A sua regi\u00e3o \u00e0 dist\u00e2ncia de um clique...\",\"potentialAction\":[{\"@type\":\"SearchAction\",\"target\":{\"@type\":\"EntryPoint\",\"urlTemplate\":\"https:\\\/\\\/www.altominho.tv\\\/site\\\/?s={search_term_string}\"},\"query-input\":{\"@type\":\"PropertyValueSpecification\",\"valueRequired\":true,\"valueName\":\"search_term_string\"}}],\"inLanguage\":\"pt-PT\"},{\"@type\":\"Person\",\"@id\":\"https:\\\/\\\/www.altominho.tv\\\/site\\\/#\\\/schema\\\/person\\\/a0e4ef6d041f98ca284393d8f1d97153\",\"name\":\"Andreia Cunha\",\"image\":{\"@type\":\"ImageObject\",\"inLanguage\":\"pt-PT\",\"@id\":\"https:\\\/\\\/www.altominho.tv\\\/site\\\/wp-content\\\/uploads\\\/2017\\\/11\\\/Andreia_Cunha-1-150x150.jpg\",\"url\":\"https:\\\/\\\/www.altominho.tv\\\/site\\\/wp-content\\\/uploads\\\/2017\\\/11\\\/Andreia_Cunha-1-150x150.jpg\",\"contentUrl\":\"https:\\\/\\\/www.altominho.tv\\\/site\\\/wp-content\\\/uploads\\\/2017\\\/11\\\/Andreia_Cunha-1-150x150.jpg\",\"caption\":\"Andreia Cunha\"},\"url\":\"https:\\\/\\\/www.altominho.tv\\\/site\\\/author\\\/andreiacunha\\\/\"}]}<\/script>\n<!-- \/ Yoast SEO Premium plugin. -->","yoast_head_json":{"title":"Orquestras da Casa da M\u00fasica tocam no espa\u00e7o p\u00fablico de sete cidades","robots":{"index":"index","follow":"follow","max-snippet":"max-snippet:-1","max-image-preview":"max-image-preview:large","max-video-preview":"max-video-preview:-1"},"canonical":"https:\/\/www.altominho.tv\/site\/2019\/09\/03\/orquestras-da-casa-da-musica-tocam-no-espaco-publico-de-sete-cidades\/","og_locale":"pt_PT","og_type":"article","og_title":"Orquestras da Casa da M\u00fasica tocam no espa\u00e7o p\u00fablico de sete cidades","og_description":"A Orquestra Sinf\u00f3nica do Porto e a Orquestra Barroca, agrupamentos da Casa da M\u00fasica, v\u00e3o atuar em sete cidades do pa\u00eds, em concertos de entrada livre em espa\u00e7o p\u00fablico. A Orquestra Barroca assume cinco dos sete concertos, atuando na quinta-feira em \u00c9vora, na Pra\u00e7a do Giraldo, no s\u00e1bado, em Mafra (Terreiro de D. Jo\u00e3o V), [&hellip;]","og_url":"https:\/\/www.altominho.tv\/site\/2019\/09\/03\/orquestras-da-casa-da-musica-tocam-no-espaco-publico-de-sete-cidades\/","og_site_name":"Altominho.tv","article_publisher":"https:\/\/www.facebook.com\/altominhotv","article_published_time":"2019-09-03T10:52:46+00:00","article_modified_time":"2019-09-03T10:52:49+00:00","og_image":[{"width":1120,"height":630,"url":"https:\/\/www.altominho.tv\/site\/wp-content\/uploads\/2019\/09\/cropped-VIana-do-Castelo-Praca-da-Republica.jpg","type":"image\/jpeg"}],"author":"Andreia Cunha","twitter_card":"summary_large_image","twitter_creator":"@altominhoTV","twitter_site":"@altominhoTV","twitter_misc":{"Escrito por":"Andreia Cunha","Tempo estimado de leitura":"3 minutos"},"schema":{"@context":"https:\/\/schema.org","@graph":[{"@type":"Article","@id":"https:\/\/www.altominho.tv\/site\/2019\/09\/03\/orquestras-da-casa-da-musica-tocam-no-espaco-publico-de-sete-cidades\/#article","isPartOf":{"@id":"https:\/\/www.altominho.tv\/site\/2019\/09\/03\/orquestras-da-casa-da-musica-tocam-no-espaco-publico-de-sete-cidades\/"},"author":{"name":"Andreia Cunha","@id":"https:\/\/www.altominho.tv\/site\/#\/schema\/person\/a0e4ef6d041f98ca284393d8f1d97153"},"headline":"Orquestras da Casa da M\u00fasica tocam no espa\u00e7o p\u00fablico de sete cidades","datePublished":"2019-09-03T10:52:46+00:00","dateModified":"2019-09-03T10:52:49+00:00","mainEntityOfPage":{"@id":"https:\/\/www.altominho.tv\/site\/2019\/09\/03\/orquestras-da-casa-da-musica-tocam-no-espaco-publico-de-sete-cidades\/"},"wordCount":540,"image":{"@id":"https:\/\/www.altominho.tv\/site\/2019\/09\/03\/orquestras-da-casa-da-musica-tocam-no-espaco-publico-de-sete-cidades\/#primaryimage"},"thumbnailUrl":"https:\/\/www.altominho.tv\/site\/wp-content\/uploads\/2019\/09\/cropped-VIana-do-Castelo-Praca-da-Republica.jpg","keywords":["Lazer","Sociedade"],"articleSection":["Viana do Castelo"],"inLanguage":"pt-PT","copyrightYear":"2019","copyrightHolder":{"@id":"https:\/\/www.altominho.tv\/site\/#organization"}},{"@type":"WebPage","@id":"https:\/\/www.altominho.tv\/site\/2019\/09\/03\/orquestras-da-casa-da-musica-tocam-no-espaco-publico-de-sete-cidades\/","url":"https:\/\/www.altominho.tv\/site\/2019\/09\/03\/orquestras-da-casa-da-musica-tocam-no-espaco-publico-de-sete-cidades\/","name":"Orquestras da Casa da M\u00fasica tocam no espa\u00e7o p\u00fablico de sete cidades","isPartOf":{"@id":"https:\/\/www.altominho.tv\/site\/#website"},"primaryImageOfPage":{"@id":"https:\/\/www.altominho.tv\/site\/2019\/09\/03\/orquestras-da-casa-da-musica-tocam-no-espaco-publico-de-sete-cidades\/#primaryimage"},"image":{"@id":"https:\/\/www.altominho.tv\/site\/2019\/09\/03\/orquestras-da-casa-da-musica-tocam-no-espaco-publico-de-sete-cidades\/#primaryimage"},"thumbnailUrl":"https:\/\/www.altominho.tv\/site\/wp-content\/uploads\/2019\/09\/cropped-VIana-do-Castelo-Praca-da-Republica.jpg","datePublished":"2019-09-03T10:52:46+00:00","dateModified":"2019-09-03T10:52:49+00:00","author":{"@id":"https:\/\/www.altominho.tv\/site\/#\/schema\/person\/a0e4ef6d041f98ca284393d8f1d97153"},"breadcrumb":{"@id":"https:\/\/www.altominho.tv\/site\/2019\/09\/03\/orquestras-da-casa-da-musica-tocam-no-espaco-publico-de-sete-cidades\/#breadcrumb"},"inLanguage":"pt-PT","potentialAction":[{"@type":"ReadAction","target":["https:\/\/www.altominho.tv\/site\/2019\/09\/03\/orquestras-da-casa-da-musica-tocam-no-espaco-publico-de-sete-cidades\/"]}]},{"@type":"ImageObject","inLanguage":"pt-PT","@id":"https:\/\/www.altominho.tv\/site\/2019\/09\/03\/orquestras-da-casa-da-musica-tocam-no-espaco-publico-de-sete-cidades\/#primaryimage","url":"https:\/\/www.altominho.tv\/site\/wp-content\/uploads\/2019\/09\/cropped-VIana-do-Castelo-Praca-da-Republica.jpg","contentUrl":"https:\/\/www.altominho.tv\/site\/wp-content\/uploads\/2019\/09\/cropped-VIana-do-Castelo-Praca-da-Republica.jpg","width":1120,"height":630},{"@type":"BreadcrumbList","@id":"https:\/\/www.altominho.tv\/site\/2019\/09\/03\/orquestras-da-casa-da-musica-tocam-no-espaco-publico-de-sete-cidades\/#breadcrumb","itemListElement":[{"@type":"ListItem","position":1,"name":"In\u00edcio","item":"https:\/\/www.altominho.tv\/site\/"},{"@type":"ListItem","position":2,"name":"Orquestras da Casa da M\u00fasica tocam no espa\u00e7o p\u00fablico de sete cidades"}]},{"@type":"WebSite","@id":"https:\/\/www.altominho.tv\/site\/#website","url":"https:\/\/www.altominho.tv\/site\/","name":"Altominho.tv","description":"A sua regi\u00e3o \u00e0 dist\u00e2ncia de um clique...","potentialAction":[{"@type":"SearchAction","target":{"@type":"EntryPoint","urlTemplate":"https:\/\/www.altominho.tv\/site\/?s={search_term_string}"},"query-input":{"@type":"PropertyValueSpecification","valueRequired":true,"valueName":"search_term_string"}}],"inLanguage":"pt-PT"},{"@type":"Person","@id":"https:\/\/www.altominho.tv\/site\/#\/schema\/person\/a0e4ef6d041f98ca284393d8f1d97153","name":"Andreia Cunha","image":{"@type":"ImageObject","inLanguage":"pt-PT","@id":"https:\/\/www.altominho.tv\/site\/wp-content\/uploads\/2017\/11\/Andreia_Cunha-1-150x150.jpg","url":"https:\/\/www.altominho.tv\/site\/wp-content\/uploads\/2017\/11\/Andreia_Cunha-1-150x150.jpg","contentUrl":"https:\/\/www.altominho.tv\/site\/wp-content\/uploads\/2017\/11\/Andreia_Cunha-1-150x150.jpg","caption":"Andreia Cunha"},"url":"https:\/\/www.altominho.tv\/site\/author\/andreiacunha\/"}]}},"_links":{"self":[{"href":"https:\/\/www.altominho.tv\/site\/wp-json\/wp\/v2\/posts\/33562","targetHints":{"allow":["GET"]}}],"collection":[{"href":"https:\/\/www.altominho.tv\/site\/wp-json\/wp\/v2\/posts"}],"about":[{"href":"https:\/\/www.altominho.tv\/site\/wp-json\/wp\/v2\/types\/post"}],"author":[{"embeddable":true,"href":"https:\/\/www.altominho.tv\/site\/wp-json\/wp\/v2\/users\/7"}],"replies":[{"embeddable":true,"href":"https:\/\/www.altominho.tv\/site\/wp-json\/wp\/v2\/comments?post=33562"}],"version-history":[{"count":0,"href":"https:\/\/www.altominho.tv\/site\/wp-json\/wp\/v2\/posts\/33562\/revisions"}],"wp:featuredmedia":[{"embeddable":true,"href":"https:\/\/www.altominho.tv\/site\/wp-json\/wp\/v2\/media\/33564"}],"wp:attachment":[{"href":"https:\/\/www.altominho.tv\/site\/wp-json\/wp\/v2\/media?parent=33562"}],"wp:term":[{"taxonomy":"category","embeddable":true,"href":"https:\/\/www.altominho.tv\/site\/wp-json\/wp\/v2\/categories?post=33562"},{"taxonomy":"post_tag","embeddable":true,"href":"https:\/\/www.altominho.tv\/site\/wp-json\/wp\/v2\/tags?post=33562"}],"curies":[{"name":"wp","href":"https:\/\/api.w.org\/{rel}","templated":true}]}}