{"id":33556,"date":"2019-09-03T11:35:20","date_gmt":"2019-09-03T10:35:20","guid":{"rendered":"http:\/\/www.altominho.tv\/site\/?p=33556"},"modified":"2019-09-03T11:42:37","modified_gmt":"2019-09-03T10:42:37","slug":"procissao-naval-e-um-dos-pontos-altos-das-festas-em-honra-da-senhora-da-bonanca","status":"publish","type":"post","link":"https:\/\/www.altominho.tv\/site\/2019\/09\/03\/procissao-naval-e-um-dos-pontos-altos-das-festas-em-honra-da-senhora-da-bonanca\/","title":{"rendered":"Prociss\u00e3o Naval \u00e9 um dos pontos altos das Festas em Honra da Senhora da Bonan\u00e7a"},"content":{"rendered":"\n<p>As Festas em Honra de Nossa Senhora da Bonan\u00e7a, j\u00e1 come\u00e7aram em Vila Praia de \u00c2ncora, no concelho de Caminha.<\/p>\n\n\n\n<p>Na tarde de quinta-feira, dia 5 de setembro, \u00e0s 15h30, tem lugar um dos pontos altos desta Festa: a Prociss\u00e3o Naval seguida de serm\u00e3o no Portinho, e ainda uma homenagem aos pescadores e \u00e0s suas fam\u00edlias. <\/p>\n\n\n\n<p>Ainda na quinta-feira, o programa contempla v\u00e1rios momentos, como a atua\u00e7\u00e3o do grupo de Bombos na Pra\u00e7a da Rep\u00fablica, a Novena em Honra de Nossa Senhora da Bonan\u00e7a, a Prociss\u00e3o de Velas a Nossa Senhora de F\u00e1tima, a atua\u00e7\u00e3o de Augusto Can\u00e1rio e seus Amigos no Portinho e no final da noite uma tenda eletr\u00f3nica no Portinho.<\/p>\n\n\n\n<p>As Festas em Honra de Nossa Senhora da Bonan\u00e7a, decorrem at\u00e9 o pr\u00f3ximo domingo, em Vila Praia de \u00c2ncora.<\/p>\n","protected":false},"excerpt":{"rendered":"<p>As Festas em Honra de Nossa Senhora da Bonan\u00e7a, j\u00e1 come\u00e7aram em Vila Praia de \u00c2ncora, no concelho de Caminha. Na tarde de quinta-feira, dia 5 de setembro, \u00e0s 15h30, tem lugar um dos pontos altos desta Festa: a Prociss\u00e3o Naval seguida de serm\u00e3o no Portinho, e ainda uma homenagem aos pescadores e \u00e0s suas [&hellip;]<\/p>\n","protected":false},"author":7,"featured_media":33558,"comment_status":"closed","ping_status":"closed","sticky":false,"template":"","format":"standard","meta":{"_exactmetrics_skip_tracking":false,"_exactmetrics_sitenote_active":false,"_exactmetrics_sitenote_note":"","_exactmetrics_sitenote_category":0,"footnotes":""},"categories":[7],"tags":[24,27],"class_list":["post-33556","post","type-post","status-publish","format-standard","has-post-thumbnail","hentry","category-caminha","tag-lazer","tag-sociedade"],"yoast_head":"<!-- This site is optimized with the Yoast SEO Premium plugin v27.4 (Yoast SEO v27.4) - https:\/\/yoast.com\/product\/yoast-seo-premium-wordpress\/ -->\n<title>Prociss\u00e3o Naval \u00e9 um dos pontos altos das Festas em Honra da Senhora da Bonan\u00e7a<\/title>\n<meta name=\"robots\" content=\"index, follow, max-snippet:-1, max-image-preview:large, max-video-preview:-1\" \/>\n<link rel=\"canonical\" href=\"https:\/\/www.altominho.tv\/site\/2019\/09\/03\/procissao-naval-e-um-dos-pontos-altos-das-festas-em-honra-da-senhora-da-bonanca\/\" \/>\n<meta property=\"og:locale\" content=\"pt_PT\" \/>\n<meta property=\"og:type\" content=\"article\" \/>\n<meta property=\"og:title\" content=\"Prociss\u00e3o Naval \u00e9 um dos pontos altos das Festas em Honra da Senhora da Bonan\u00e7a\" \/>\n<meta property=\"og:description\" content=\"As Festas em Honra de Nossa Senhora da Bonan\u00e7a, j\u00e1 come\u00e7aram em Vila Praia de \u00c2ncora, no concelho de Caminha. Na tarde de quinta-feira, dia 5 de setembro, \u00e0s 15h30, tem lugar um dos pontos altos desta Festa: a Prociss\u00e3o Naval seguida de serm\u00e3o no Portinho, e ainda uma homenagem aos pescadores e \u00e0s suas [&hellip;]\" \/>\n<meta property=\"og:url\" content=\"https:\/\/www.altominho.tv\/site\/2019\/09\/03\/procissao-naval-e-um-dos-pontos-altos-das-festas-em-honra-da-senhora-da-bonanca\/\" \/>\n<meta property=\"og:site_name\" content=\"Altominho.tv\" \/>\n<meta property=\"article:publisher\" content=\"https:\/\/www.facebook.com\/altominhotv\" \/>\n<meta property=\"article:published_time\" content=\"2019-09-03T10:35:20+00:00\" \/>\n<meta property=\"article:modified_time\" content=\"2019-09-03T10:42:37+00:00\" \/>\n<meta property=\"og:image\" content=\"https:\/\/www.altominho.tv\/site\/wp-content\/uploads\/2019\/09\/cropped-bonan\u00e7a.jpg\" \/>\n\t<meta property=\"og:image:width\" content=\"1280\" \/>\n\t<meta property=\"og:image:height\" content=\"720\" \/>\n\t<meta property=\"og:image:type\" content=\"image\/jpeg\" \/>\n<meta name=\"author\" content=\"Andreia Cunha\" \/>\n<meta name=\"twitter:card\" content=\"summary_large_image\" \/>\n<meta name=\"twitter:creator\" content=\"@altominhoTV\" \/>\n<meta name=\"twitter:site\" content=\"@altominhoTV\" \/>\n<meta name=\"twitter:label1\" content=\"Escrito por\" \/>\n\t<meta name=\"twitter:data1\" content=\"Andreia Cunha\" \/>\n\t<meta name=\"twitter:label2\" content=\"Tempo estimado de leitura\" \/>\n\t<meta name=\"twitter:data2\" content=\"1 minuto\" \/>\n<script type=\"application\/ld+json\" class=\"yoast-schema-graph\">{\"@context\":\"https:\\\/\\\/schema.org\",\"@graph\":[{\"@type\":\"Article\",\"@id\":\"https:\\\/\\\/www.altominho.tv\\\/site\\\/2019\\\/09\\\/03\\\/procissao-naval-e-um-dos-pontos-altos-das-festas-em-honra-da-senhora-da-bonanca\\\/#article\",\"isPartOf\":{\"@id\":\"https:\\\/\\\/www.altominho.tv\\\/site\\\/2019\\\/09\\\/03\\\/procissao-naval-e-um-dos-pontos-altos-das-festas-em-honra-da-senhora-da-bonanca\\\/\"},\"author\":{\"name\":\"Andreia Cunha\",\"@id\":\"https:\\\/\\\/www.altominho.tv\\\/site\\\/#\\\/schema\\\/person\\\/a0e4ef6d041f98ca284393d8f1d97153\"},\"headline\":\"Prociss\u00e3o Naval \u00e9 um dos pontos altos das Festas em Honra da Senhora da Bonan\u00e7a\",\"datePublished\":\"2019-09-03T10:35:20+00:00\",\"dateModified\":\"2019-09-03T10:42:37+00:00\",\"mainEntityOfPage\":{\"@id\":\"https:\\\/\\\/www.altominho.tv\\\/site\\\/2019\\\/09\\\/03\\\/procissao-naval-e-um-dos-pontos-altos-das-festas-em-honra-da-senhora-da-bonanca\\\/\"},\"wordCount\":164,\"image\":{\"@id\":\"https:\\\/\\\/www.altominho.tv\\\/site\\\/2019\\\/09\\\/03\\\/procissao-naval-e-um-dos-pontos-altos-das-festas-em-honra-da-senhora-da-bonanca\\\/#primaryimage\"},\"thumbnailUrl\":\"https:\\\/\\\/www.altominho.tv\\\/site\\\/wp-content\\\/uploads\\\/2019\\\/09\\\/cropped-bonan\u00e7a.jpg\",\"keywords\":[\"Lazer\",\"Sociedade\"],\"articleSection\":[\"Caminha\"],\"inLanguage\":\"pt-PT\",\"copyrightYear\":\"2019\",\"copyrightHolder\":{\"@id\":\"https:\\\/\\\/www.altominho.tv\\\/site\\\/#organization\"}},{\"@type\":\"WebPage\",\"@id\":\"https:\\\/\\\/www.altominho.tv\\\/site\\\/2019\\\/09\\\/03\\\/procissao-naval-e-um-dos-pontos-altos-das-festas-em-honra-da-senhora-da-bonanca\\\/\",\"url\":\"https:\\\/\\\/www.altominho.tv\\\/site\\\/2019\\\/09\\\/03\\\/procissao-naval-e-um-dos-pontos-altos-das-festas-em-honra-da-senhora-da-bonanca\\\/\",\"name\":\"Prociss\u00e3o Naval \u00e9 um dos pontos altos das Festas em Honra da Senhora da Bonan\u00e7a\",\"isPartOf\":{\"@id\":\"https:\\\/\\\/www.altominho.tv\\\/site\\\/#website\"},\"primaryImageOfPage\":{\"@id\":\"https:\\\/\\\/www.altominho.tv\\\/site\\\/2019\\\/09\\\/03\\\/procissao-naval-e-um-dos-pontos-altos-das-festas-em-honra-da-senhora-da-bonanca\\\/#primaryimage\"},\"image\":{\"@id\":\"https:\\\/\\\/www.altominho.tv\\\/site\\\/2019\\\/09\\\/03\\\/procissao-naval-e-um-dos-pontos-altos-das-festas-em-honra-da-senhora-da-bonanca\\\/#primaryimage\"},\"thumbnailUrl\":\"https:\\\/\\\/www.altominho.tv\\\/site\\\/wp-content\\\/uploads\\\/2019\\\/09\\\/cropped-bonan\u00e7a.jpg\",\"datePublished\":\"2019-09-03T10:35:20+00:00\",\"dateModified\":\"2019-09-03T10:42:37+00:00\",\"author\":{\"@id\":\"https:\\\/\\\/www.altominho.tv\\\/site\\\/#\\\/schema\\\/person\\\/a0e4ef6d041f98ca284393d8f1d97153\"},\"breadcrumb\":{\"@id\":\"https:\\\/\\\/www.altominho.tv\\\/site\\\/2019\\\/09\\\/03\\\/procissao-naval-e-um-dos-pontos-altos-das-festas-em-honra-da-senhora-da-bonanca\\\/#breadcrumb\"},\"inLanguage\":\"pt-PT\",\"potentialAction\":[{\"@type\":\"ReadAction\",\"target\":[\"https:\\\/\\\/www.altominho.tv\\\/site\\\/2019\\\/09\\\/03\\\/procissao-naval-e-um-dos-pontos-altos-das-festas-em-honra-da-senhora-da-bonanca\\\/\"]}]},{\"@type\":\"ImageObject\",\"inLanguage\":\"pt-PT\",\"@id\":\"https:\\\/\\\/www.altominho.tv\\\/site\\\/2019\\\/09\\\/03\\\/procissao-naval-e-um-dos-pontos-altos-das-festas-em-honra-da-senhora-da-bonanca\\\/#primaryimage\",\"url\":\"https:\\\/\\\/www.altominho.tv\\\/site\\\/wp-content\\\/uploads\\\/2019\\\/09\\\/cropped-bonan\u00e7a.jpg\",\"contentUrl\":\"https:\\\/\\\/www.altominho.tv\\\/site\\\/wp-content\\\/uploads\\\/2019\\\/09\\\/cropped-bonan\u00e7a.jpg\",\"width\":1280,\"height\":720},{\"@type\":\"BreadcrumbList\",\"@id\":\"https:\\\/\\\/www.altominho.tv\\\/site\\\/2019\\\/09\\\/03\\\/procissao-naval-e-um-dos-pontos-altos-das-festas-em-honra-da-senhora-da-bonanca\\\/#breadcrumb\",\"itemListElement\":[{\"@type\":\"ListItem\",\"position\":1,\"name\":\"In\u00edcio\",\"item\":\"https:\\\/\\\/www.altominho.tv\\\/site\\\/\"},{\"@type\":\"ListItem\",\"position\":2,\"name\":\"Prociss\u00e3o Naval \u00e9 um dos pontos altos das Festas em Honra da Senhora da Bonan\u00e7a\"}]},{\"@type\":\"WebSite\",\"@id\":\"https:\\\/\\\/www.altominho.tv\\\/site\\\/#website\",\"url\":\"https:\\\/\\\/www.altominho.tv\\\/site\\\/\",\"name\":\"Altominho.tv\",\"description\":\"A sua regi\u00e3o \u00e0 dist\u00e2ncia de um clique...\",\"potentialAction\":[{\"@type\":\"SearchAction\",\"target\":{\"@type\":\"EntryPoint\",\"urlTemplate\":\"https:\\\/\\\/www.altominho.tv\\\/site\\\/?s={search_term_string}\"},\"query-input\":{\"@type\":\"PropertyValueSpecification\",\"valueRequired\":true,\"valueName\":\"search_term_string\"}}],\"inLanguage\":\"pt-PT\"},{\"@type\":\"Person\",\"@id\":\"https:\\\/\\\/www.altominho.tv\\\/site\\\/#\\\/schema\\\/person\\\/a0e4ef6d041f98ca284393d8f1d97153\",\"name\":\"Andreia Cunha\",\"image\":{\"@type\":\"ImageObject\",\"inLanguage\":\"pt-PT\",\"@id\":\"https:\\\/\\\/www.altominho.tv\\\/site\\\/wp-content\\\/uploads\\\/2017\\\/11\\\/Andreia_Cunha-1-150x150.jpg\",\"url\":\"https:\\\/\\\/www.altominho.tv\\\/site\\\/wp-content\\\/uploads\\\/2017\\\/11\\\/Andreia_Cunha-1-150x150.jpg\",\"contentUrl\":\"https:\\\/\\\/www.altominho.tv\\\/site\\\/wp-content\\\/uploads\\\/2017\\\/11\\\/Andreia_Cunha-1-150x150.jpg\",\"caption\":\"Andreia Cunha\"},\"url\":\"https:\\\/\\\/www.altominho.tv\\\/site\\\/author\\\/andreiacunha\\\/\"}]}<\/script>\n<!-- \/ Yoast SEO Premium plugin. -->","yoast_head_json":{"title":"Prociss\u00e3o Naval \u00e9 um dos pontos altos das Festas em Honra da Senhora da Bonan\u00e7a","robots":{"index":"index","follow":"follow","max-snippet":"max-snippet:-1","max-image-preview":"max-image-preview:large","max-video-preview":"max-video-preview:-1"},"canonical":"https:\/\/www.altominho.tv\/site\/2019\/09\/03\/procissao-naval-e-um-dos-pontos-altos-das-festas-em-honra-da-senhora-da-bonanca\/","og_locale":"pt_PT","og_type":"article","og_title":"Prociss\u00e3o Naval \u00e9 um dos pontos altos das Festas em Honra da Senhora da Bonan\u00e7a","og_description":"As Festas em Honra de Nossa Senhora da Bonan\u00e7a, j\u00e1 come\u00e7aram em Vila Praia de \u00c2ncora, no concelho de Caminha. Na tarde de quinta-feira, dia 5 de setembro, \u00e0s 15h30, tem lugar um dos pontos altos desta Festa: a Prociss\u00e3o Naval seguida de serm\u00e3o no Portinho, e ainda uma homenagem aos pescadores e \u00e0s suas [&hellip;]","og_url":"https:\/\/www.altominho.tv\/site\/2019\/09\/03\/procissao-naval-e-um-dos-pontos-altos-das-festas-em-honra-da-senhora-da-bonanca\/","og_site_name":"Altominho.tv","article_publisher":"https:\/\/www.facebook.com\/altominhotv","article_published_time":"2019-09-03T10:35:20+00:00","article_modified_time":"2019-09-03T10:42:37+00:00","og_image":[{"width":1280,"height":720,"url":"https:\/\/www.altominho.tv\/site\/wp-content\/uploads\/2019\/09\/cropped-bonan\u00e7a.jpg","type":"image\/jpeg"}],"author":"Andreia Cunha","twitter_card":"summary_large_image","twitter_creator":"@altominhoTV","twitter_site":"@altominhoTV","twitter_misc":{"Escrito por":"Andreia Cunha","Tempo estimado de leitura":"1 minuto"},"schema":{"@context":"https:\/\/schema.org","@graph":[{"@type":"Article","@id":"https:\/\/www.altominho.tv\/site\/2019\/09\/03\/procissao-naval-e-um-dos-pontos-altos-das-festas-em-honra-da-senhora-da-bonanca\/#article","isPartOf":{"@id":"https:\/\/www.altominho.tv\/site\/2019\/09\/03\/procissao-naval-e-um-dos-pontos-altos-das-festas-em-honra-da-senhora-da-bonanca\/"},"author":{"name":"Andreia Cunha","@id":"https:\/\/www.altominho.tv\/site\/#\/schema\/person\/a0e4ef6d041f98ca284393d8f1d97153"},"headline":"Prociss\u00e3o Naval \u00e9 um dos pontos altos das Festas em Honra da Senhora da Bonan\u00e7a","datePublished":"2019-09-03T10:35:20+00:00","dateModified":"2019-09-03T10:42:37+00:00","mainEntityOfPage":{"@id":"https:\/\/www.altominho.tv\/site\/2019\/09\/03\/procissao-naval-e-um-dos-pontos-altos-das-festas-em-honra-da-senhora-da-bonanca\/"},"wordCount":164,"image":{"@id":"https:\/\/www.altominho.tv\/site\/2019\/09\/03\/procissao-naval-e-um-dos-pontos-altos-das-festas-em-honra-da-senhora-da-bonanca\/#primaryimage"},"thumbnailUrl":"https:\/\/www.altominho.tv\/site\/wp-content\/uploads\/2019\/09\/cropped-bonan\u00e7a.jpg","keywords":["Lazer","Sociedade"],"articleSection":["Caminha"],"inLanguage":"pt-PT","copyrightYear":"2019","copyrightHolder":{"@id":"https:\/\/www.altominho.tv\/site\/#organization"}},{"@type":"WebPage","@id":"https:\/\/www.altominho.tv\/site\/2019\/09\/03\/procissao-naval-e-um-dos-pontos-altos-das-festas-em-honra-da-senhora-da-bonanca\/","url":"https:\/\/www.altominho.tv\/site\/2019\/09\/03\/procissao-naval-e-um-dos-pontos-altos-das-festas-em-honra-da-senhora-da-bonanca\/","name":"Prociss\u00e3o Naval \u00e9 um dos pontos altos das Festas em Honra da Senhora da Bonan\u00e7a","isPartOf":{"@id":"https:\/\/www.altominho.tv\/site\/#website"},"primaryImageOfPage":{"@id":"https:\/\/www.altominho.tv\/site\/2019\/09\/03\/procissao-naval-e-um-dos-pontos-altos-das-festas-em-honra-da-senhora-da-bonanca\/#primaryimage"},"image":{"@id":"https:\/\/www.altominho.tv\/site\/2019\/09\/03\/procissao-naval-e-um-dos-pontos-altos-das-festas-em-honra-da-senhora-da-bonanca\/#primaryimage"},"thumbnailUrl":"https:\/\/www.altominho.tv\/site\/wp-content\/uploads\/2019\/09\/cropped-bonan\u00e7a.jpg","datePublished":"2019-09-03T10:35:20+00:00","dateModified":"2019-09-03T10:42:37+00:00","author":{"@id":"https:\/\/www.altominho.tv\/site\/#\/schema\/person\/a0e4ef6d041f98ca284393d8f1d97153"},"breadcrumb":{"@id":"https:\/\/www.altominho.tv\/site\/2019\/09\/03\/procissao-naval-e-um-dos-pontos-altos-das-festas-em-honra-da-senhora-da-bonanca\/#breadcrumb"},"inLanguage":"pt-PT","potentialAction":[{"@type":"ReadAction","target":["https:\/\/www.altominho.tv\/site\/2019\/09\/03\/procissao-naval-e-um-dos-pontos-altos-das-festas-em-honra-da-senhora-da-bonanca\/"]}]},{"@type":"ImageObject","inLanguage":"pt-PT","@id":"https:\/\/www.altominho.tv\/site\/2019\/09\/03\/procissao-naval-e-um-dos-pontos-altos-das-festas-em-honra-da-senhora-da-bonanca\/#primaryimage","url":"https:\/\/www.altominho.tv\/site\/wp-content\/uploads\/2019\/09\/cropped-bonan\u00e7a.jpg","contentUrl":"https:\/\/www.altominho.tv\/site\/wp-content\/uploads\/2019\/09\/cropped-bonan\u00e7a.jpg","width":1280,"height":720},{"@type":"BreadcrumbList","@id":"https:\/\/www.altominho.tv\/site\/2019\/09\/03\/procissao-naval-e-um-dos-pontos-altos-das-festas-em-honra-da-senhora-da-bonanca\/#breadcrumb","itemListElement":[{"@type":"ListItem","position":1,"name":"In\u00edcio","item":"https:\/\/www.altominho.tv\/site\/"},{"@type":"ListItem","position":2,"name":"Prociss\u00e3o Naval \u00e9 um dos pontos altos das Festas em Honra da Senhora da Bonan\u00e7a"}]},{"@type":"WebSite","@id":"https:\/\/www.altominho.tv\/site\/#website","url":"https:\/\/www.altominho.tv\/site\/","name":"Altominho.tv","description":"A sua regi\u00e3o \u00e0 dist\u00e2ncia de um clique...","potentialAction":[{"@type":"SearchAction","target":{"@type":"EntryPoint","urlTemplate":"https:\/\/www.altominho.tv\/site\/?s={search_term_string}"},"query-input":{"@type":"PropertyValueSpecification","valueRequired":true,"valueName":"search_term_string"}}],"inLanguage":"pt-PT"},{"@type":"Person","@id":"https:\/\/www.altominho.tv\/site\/#\/schema\/person\/a0e4ef6d041f98ca284393d8f1d97153","name":"Andreia Cunha","image":{"@type":"ImageObject","inLanguage":"pt-PT","@id":"https:\/\/www.altominho.tv\/site\/wp-content\/uploads\/2017\/11\/Andreia_Cunha-1-150x150.jpg","url":"https:\/\/www.altominho.tv\/site\/wp-content\/uploads\/2017\/11\/Andreia_Cunha-1-150x150.jpg","contentUrl":"https:\/\/www.altominho.tv\/site\/wp-content\/uploads\/2017\/11\/Andreia_Cunha-1-150x150.jpg","caption":"Andreia Cunha"},"url":"https:\/\/www.altominho.tv\/site\/author\/andreiacunha\/"}]}},"_links":{"self":[{"href":"https:\/\/www.altominho.tv\/site\/wp-json\/wp\/v2\/posts\/33556","targetHints":{"allow":["GET"]}}],"collection":[{"href":"https:\/\/www.altominho.tv\/site\/wp-json\/wp\/v2\/posts"}],"about":[{"href":"https:\/\/www.altominho.tv\/site\/wp-json\/wp\/v2\/types\/post"}],"author":[{"embeddable":true,"href":"https:\/\/www.altominho.tv\/site\/wp-json\/wp\/v2\/users\/7"}],"replies":[{"embeddable":true,"href":"https:\/\/www.altominho.tv\/site\/wp-json\/wp\/v2\/comments?post=33556"}],"version-history":[{"count":0,"href":"https:\/\/www.altominho.tv\/site\/wp-json\/wp\/v2\/posts\/33556\/revisions"}],"wp:featuredmedia":[{"embeddable":true,"href":"https:\/\/www.altominho.tv\/site\/wp-json\/wp\/v2\/media\/33558"}],"wp:attachment":[{"href":"https:\/\/www.altominho.tv\/site\/wp-json\/wp\/v2\/media?parent=33556"}],"wp:term":[{"taxonomy":"category","embeddable":true,"href":"https:\/\/www.altominho.tv\/site\/wp-json\/wp\/v2\/categories?post=33556"},{"taxonomy":"post_tag","embeddable":true,"href":"https:\/\/www.altominho.tv\/site\/wp-json\/wp\/v2\/tags?post=33556"}],"curies":[{"name":"wp","href":"https:\/\/api.w.org\/{rel}","templated":true}]}}