{"id":33531,"date":"2019-09-02T16:55:02","date_gmt":"2019-09-02T15:55:02","guid":{"rendered":"http:\/\/www.altominho.tv\/site\/?p=33531"},"modified":"2019-09-02T16:55:07","modified_gmt":"2019-09-02T15:55:07","slug":"teatrao-apresenta-em-viana-do-castelo-ala-de-criados","status":"publish","type":"post","link":"https:\/\/www.altominho.tv\/site\/2019\/09\/02\/teatrao-apresenta-em-viana-do-castelo-ala-de-criados\/","title":{"rendered":"Teatr\u00e3o apresenta em Viana do Castelo, Ala de Criados"},"content":{"rendered":"\n<p>O\u00a0Teatr\u00e3o\u00a0vai apresentar em\u00a0Viana do Castelo,<em>\u00a0<\/em>a &#8220;Ala de Criados&#8221;.<\/p>\n\n\n\n<p>Esta \u00e9 uma pe\u00e7a escrita e dirigida por\u00a0Marco Ant\u00f3nio Rodrigues,\u00a0e que estreia no dia\u00a07\u00a0de\u00a0setembro,\u00a0\u00e0s\u00a021h30, na\u00a0Sala Principal\u00a0do\u00a0Teatro Municipal S\u00e1 de Miranda, em\u00a0Viana do Castelo.<\/p>\n\n\n\n<p>&#8220;Uma pe\u00e7a repleta de ambiguidades, em que a hist\u00f3ria p\u00f5e em confronto o mundo de tr\u00eas primos aristocratas com o empregado e comerciante emergente. H\u00e1 no encontro destas personagens a constru\u00e7\u00e3o de met\u00e1foras que deslocam os seus di\u00e1logos para temas como a situa\u00e7\u00e3o pol\u00edtica, o estado social e de costumes na Am\u00e9rica Latina e a sua rela\u00e7\u00e3o com a coloniza\u00e7\u00e3o europeia&#8221;.\u00a0<br><br>A interpreta\u00e7\u00e3o \u00e9 de\u00a0Isabel Craveiro, Jo\u00e3o Santos, Rui Raposo\u00a0e\u00a0Telmo Ferreira, sendo o espet\u00e1culo classificado para\u00a0maiores de 16 anos.<\/p>\n\n\n\n<p>No final acontece o habitual &#8220;Digestivo&#8221;, uma conversa entre atores e p\u00fablico.<\/p>\n\n\n\n<p>Os bilhetes custam entre 4 e 10 euros.<\/p>\n","protected":false},"excerpt":{"rendered":"<p>O\u00a0Teatr\u00e3o\u00a0vai apresentar em\u00a0Viana do Castelo,\u00a0a &#8220;Ala de Criados&#8221;. Esta \u00e9 uma pe\u00e7a escrita e dirigida por\u00a0Marco Ant\u00f3nio Rodrigues,\u00a0e que estreia no dia\u00a07\u00a0de\u00a0setembro,\u00a0\u00e0s\u00a021h30, na\u00a0Sala Principal\u00a0do\u00a0Teatro Municipal S\u00e1 de Miranda, em\u00a0Viana do Castelo. &#8220;Uma pe\u00e7a repleta de ambiguidades, em que a hist\u00f3ria p\u00f5e em confronto o mundo de tr\u00eas primos aristocratas com o empregado e comerciante emergente. [&hellip;]<\/p>\n","protected":false},"author":7,"featured_media":33533,"comment_status":"closed","ping_status":"closed","sticky":false,"template":"","format":"standard","meta":{"_exactmetrics_skip_tracking":false,"_exactmetrics_sitenote_active":false,"_exactmetrics_sitenote_note":"","_exactmetrics_sitenote_category":0,"footnotes":""},"categories":[14],"tags":[24,27],"class_list":["post-33531","post","type-post","status-publish","format-standard","has-post-thumbnail","hentry","category-viana-do-castelo","tag-lazer","tag-sociedade"],"yoast_head":"<!-- This site is optimized with the Yoast SEO Premium plugin v27.5 (Yoast SEO v27.5) - https:\/\/yoast.com\/product\/yoast-seo-premium-wordpress\/ -->\n<title>Teatr\u00e3o apresenta em Viana do Castelo, Ala de Criados<\/title>\n<meta name=\"robots\" content=\"index, follow, max-snippet:-1, max-image-preview:large, max-video-preview:-1\" \/>\n<link rel=\"canonical\" href=\"https:\/\/www.altominho.tv\/site\/2019\/09\/02\/teatrao-apresenta-em-viana-do-castelo-ala-de-criados\/\" \/>\n<meta property=\"og:locale\" content=\"pt_PT\" \/>\n<meta property=\"og:type\" content=\"article\" \/>\n<meta property=\"og:title\" content=\"Teatr\u00e3o apresenta em Viana do Castelo, Ala de Criados\" \/>\n<meta property=\"og:description\" content=\"O\u00a0Teatr\u00e3o\u00a0vai apresentar em\u00a0Viana do Castelo,\u00a0a &#8220;Ala de Criados&#8221;. Esta \u00e9 uma pe\u00e7a escrita e dirigida por\u00a0Marco Ant\u00f3nio Rodrigues,\u00a0e que estreia no dia\u00a07\u00a0de\u00a0setembro,\u00a0\u00e0s\u00a021h30, na\u00a0Sala Principal\u00a0do\u00a0Teatro Municipal S\u00e1 de Miranda, em\u00a0Viana do Castelo. &#8220;Uma pe\u00e7a repleta de ambiguidades, em que a hist\u00f3ria p\u00f5e em confronto o mundo de tr\u00eas primos aristocratas com o empregado e comerciante emergente. [&hellip;]\" \/>\n<meta property=\"og:url\" content=\"https:\/\/www.altominho.tv\/site\/2019\/09\/02\/teatrao-apresenta-em-viana-do-castelo-ala-de-criados\/\" \/>\n<meta property=\"og:site_name\" content=\"Altominho.tv\" \/>\n<meta property=\"article:publisher\" content=\"https:\/\/www.facebook.com\/altominhotv\" \/>\n<meta property=\"article:published_time\" content=\"2019-09-02T15:55:02+00:00\" \/>\n<meta property=\"article:modified_time\" content=\"2019-09-02T15:55:07+00:00\" \/>\n<meta property=\"og:image\" content=\"https:\/\/www.altominho.tv\/site\/wp-content\/uploads\/2019\/09\/cropped-teatr\u00e3o.jpg\" \/>\n\t<meta property=\"og:image:width\" content=\"566\" \/>\n\t<meta property=\"og:image:height\" content=\"318\" \/>\n\t<meta property=\"og:image:type\" content=\"image\/jpeg\" \/>\n<meta name=\"author\" content=\"Andreia Cunha\" \/>\n<meta name=\"twitter:card\" content=\"summary_large_image\" \/>\n<meta name=\"twitter:creator\" content=\"@altominhoTV\" \/>\n<meta name=\"twitter:site\" content=\"@altominhoTV\" \/>\n<meta name=\"twitter:label1\" content=\"Escrito por\" \/>\n\t<meta name=\"twitter:data1\" content=\"Andreia Cunha\" \/>\n\t<meta name=\"twitter:label2\" content=\"Tempo estimado de leitura\" \/>\n\t<meta name=\"twitter:data2\" content=\"1 minuto\" \/>\n<script type=\"application\/ld+json\" class=\"yoast-schema-graph\">{\"@context\":\"https:\\\/\\\/schema.org\",\"@graph\":[{\"@type\":\"Article\",\"@id\":\"https:\\\/\\\/www.altominho.tv\\\/site\\\/2019\\\/09\\\/02\\\/teatrao-apresenta-em-viana-do-castelo-ala-de-criados\\\/#article\",\"isPartOf\":{\"@id\":\"https:\\\/\\\/www.altominho.tv\\\/site\\\/2019\\\/09\\\/02\\\/teatrao-apresenta-em-viana-do-castelo-ala-de-criados\\\/\"},\"author\":{\"name\":\"Andreia Cunha\",\"@id\":\"https:\\\/\\\/www.altominho.tv\\\/site\\\/#\\\/schema\\\/person\\\/a0e4ef6d041f98ca284393d8f1d97153\"},\"headline\":\"Teatr\u00e3o apresenta em Viana do Castelo, Ala de Criados\",\"datePublished\":\"2019-09-02T15:55:02+00:00\",\"dateModified\":\"2019-09-02T15:55:07+00:00\",\"mainEntityOfPage\":{\"@id\":\"https:\\\/\\\/www.altominho.tv\\\/site\\\/2019\\\/09\\\/02\\\/teatrao-apresenta-em-viana-do-castelo-ala-de-criados\\\/\"},\"wordCount\":172,\"image\":{\"@id\":\"https:\\\/\\\/www.altominho.tv\\\/site\\\/2019\\\/09\\\/02\\\/teatrao-apresenta-em-viana-do-castelo-ala-de-criados\\\/#primaryimage\"},\"thumbnailUrl\":\"https:\\\/\\\/www.altominho.tv\\\/site\\\/wp-content\\\/uploads\\\/2019\\\/09\\\/cropped-teatr\u00e3o.jpg\",\"keywords\":[\"Lazer\",\"Sociedade\"],\"articleSection\":[\"Viana do Castelo\"],\"inLanguage\":\"pt-PT\",\"copyrightYear\":\"2019\",\"copyrightHolder\":{\"@id\":\"https:\\\/\\\/www.altominho.tv\\\/site\\\/#organization\"}},{\"@type\":\"WebPage\",\"@id\":\"https:\\\/\\\/www.altominho.tv\\\/site\\\/2019\\\/09\\\/02\\\/teatrao-apresenta-em-viana-do-castelo-ala-de-criados\\\/\",\"url\":\"https:\\\/\\\/www.altominho.tv\\\/site\\\/2019\\\/09\\\/02\\\/teatrao-apresenta-em-viana-do-castelo-ala-de-criados\\\/\",\"name\":\"Teatr\u00e3o apresenta em Viana do Castelo, Ala de Criados\",\"isPartOf\":{\"@id\":\"https:\\\/\\\/www.altominho.tv\\\/site\\\/#website\"},\"primaryImageOfPage\":{\"@id\":\"https:\\\/\\\/www.altominho.tv\\\/site\\\/2019\\\/09\\\/02\\\/teatrao-apresenta-em-viana-do-castelo-ala-de-criados\\\/#primaryimage\"},\"image\":{\"@id\":\"https:\\\/\\\/www.altominho.tv\\\/site\\\/2019\\\/09\\\/02\\\/teatrao-apresenta-em-viana-do-castelo-ala-de-criados\\\/#primaryimage\"},\"thumbnailUrl\":\"https:\\\/\\\/www.altominho.tv\\\/site\\\/wp-content\\\/uploads\\\/2019\\\/09\\\/cropped-teatr\u00e3o.jpg\",\"datePublished\":\"2019-09-02T15:55:02+00:00\",\"dateModified\":\"2019-09-02T15:55:07+00:00\",\"author\":{\"@id\":\"https:\\\/\\\/www.altominho.tv\\\/site\\\/#\\\/schema\\\/person\\\/a0e4ef6d041f98ca284393d8f1d97153\"},\"breadcrumb\":{\"@id\":\"https:\\\/\\\/www.altominho.tv\\\/site\\\/2019\\\/09\\\/02\\\/teatrao-apresenta-em-viana-do-castelo-ala-de-criados\\\/#breadcrumb\"},\"inLanguage\":\"pt-PT\",\"potentialAction\":[{\"@type\":\"ReadAction\",\"target\":[\"https:\\\/\\\/www.altominho.tv\\\/site\\\/2019\\\/09\\\/02\\\/teatrao-apresenta-em-viana-do-castelo-ala-de-criados\\\/\"]}]},{\"@type\":\"ImageObject\",\"inLanguage\":\"pt-PT\",\"@id\":\"https:\\\/\\\/www.altominho.tv\\\/site\\\/2019\\\/09\\\/02\\\/teatrao-apresenta-em-viana-do-castelo-ala-de-criados\\\/#primaryimage\",\"url\":\"https:\\\/\\\/www.altominho.tv\\\/site\\\/wp-content\\\/uploads\\\/2019\\\/09\\\/cropped-teatr\u00e3o.jpg\",\"contentUrl\":\"https:\\\/\\\/www.altominho.tv\\\/site\\\/wp-content\\\/uploads\\\/2019\\\/09\\\/cropped-teatr\u00e3o.jpg\",\"width\":566,\"height\":318},{\"@type\":\"BreadcrumbList\",\"@id\":\"https:\\\/\\\/www.altominho.tv\\\/site\\\/2019\\\/09\\\/02\\\/teatrao-apresenta-em-viana-do-castelo-ala-de-criados\\\/#breadcrumb\",\"itemListElement\":[{\"@type\":\"ListItem\",\"position\":1,\"name\":\"In\u00edcio\",\"item\":\"https:\\\/\\\/www.altominho.tv\\\/site\\\/\"},{\"@type\":\"ListItem\",\"position\":2,\"name\":\"Teatr\u00e3o apresenta em Viana do Castelo, Ala de Criados\"}]},{\"@type\":\"WebSite\",\"@id\":\"https:\\\/\\\/www.altominho.tv\\\/site\\\/#website\",\"url\":\"https:\\\/\\\/www.altominho.tv\\\/site\\\/\",\"name\":\"Altominho.tv\",\"description\":\"A sua regi\u00e3o \u00e0 dist\u00e2ncia de um clique...\",\"potentialAction\":[{\"@type\":\"SearchAction\",\"target\":{\"@type\":\"EntryPoint\",\"urlTemplate\":\"https:\\\/\\\/www.altominho.tv\\\/site\\\/?s={search_term_string}\"},\"query-input\":{\"@type\":\"PropertyValueSpecification\",\"valueRequired\":true,\"valueName\":\"search_term_string\"}}],\"inLanguage\":\"pt-PT\"},{\"@type\":\"Person\",\"@id\":\"https:\\\/\\\/www.altominho.tv\\\/site\\\/#\\\/schema\\\/person\\\/a0e4ef6d041f98ca284393d8f1d97153\",\"name\":\"Andreia Cunha\",\"image\":{\"@type\":\"ImageObject\",\"inLanguage\":\"pt-PT\",\"@id\":\"https:\\\/\\\/www.altominho.tv\\\/site\\\/wp-content\\\/uploads\\\/2017\\\/11\\\/Andreia_Cunha-1-150x150.jpg\",\"url\":\"https:\\\/\\\/www.altominho.tv\\\/site\\\/wp-content\\\/uploads\\\/2017\\\/11\\\/Andreia_Cunha-1-150x150.jpg\",\"contentUrl\":\"https:\\\/\\\/www.altominho.tv\\\/site\\\/wp-content\\\/uploads\\\/2017\\\/11\\\/Andreia_Cunha-1-150x150.jpg\",\"caption\":\"Andreia Cunha\"},\"url\":\"https:\\\/\\\/www.altominho.tv\\\/site\\\/author\\\/andreiacunha\\\/\"}]}<\/script>\n<!-- \/ Yoast SEO Premium plugin. -->","yoast_head_json":{"title":"Teatr\u00e3o apresenta em Viana do Castelo, Ala de Criados","robots":{"index":"index","follow":"follow","max-snippet":"max-snippet:-1","max-image-preview":"max-image-preview:large","max-video-preview":"max-video-preview:-1"},"canonical":"https:\/\/www.altominho.tv\/site\/2019\/09\/02\/teatrao-apresenta-em-viana-do-castelo-ala-de-criados\/","og_locale":"pt_PT","og_type":"article","og_title":"Teatr\u00e3o apresenta em Viana do Castelo, Ala de Criados","og_description":"O\u00a0Teatr\u00e3o\u00a0vai apresentar em\u00a0Viana do Castelo,\u00a0a &#8220;Ala de Criados&#8221;. Esta \u00e9 uma pe\u00e7a escrita e dirigida por\u00a0Marco Ant\u00f3nio Rodrigues,\u00a0e que estreia no dia\u00a07\u00a0de\u00a0setembro,\u00a0\u00e0s\u00a021h30, na\u00a0Sala Principal\u00a0do\u00a0Teatro Municipal S\u00e1 de Miranda, em\u00a0Viana do Castelo. &#8220;Uma pe\u00e7a repleta de ambiguidades, em que a hist\u00f3ria p\u00f5e em confronto o mundo de tr\u00eas primos aristocratas com o empregado e comerciante emergente. [&hellip;]","og_url":"https:\/\/www.altominho.tv\/site\/2019\/09\/02\/teatrao-apresenta-em-viana-do-castelo-ala-de-criados\/","og_site_name":"Altominho.tv","article_publisher":"https:\/\/www.facebook.com\/altominhotv","article_published_time":"2019-09-02T15:55:02+00:00","article_modified_time":"2019-09-02T15:55:07+00:00","og_image":[{"width":566,"height":318,"url":"https:\/\/www.altominho.tv\/site\/wp-content\/uploads\/2019\/09\/cropped-teatr\u00e3o.jpg","type":"image\/jpeg"}],"author":"Andreia Cunha","twitter_card":"summary_large_image","twitter_creator":"@altominhoTV","twitter_site":"@altominhoTV","twitter_misc":{"Escrito por":"Andreia Cunha","Tempo estimado de leitura":"1 minuto"},"schema":{"@context":"https:\/\/schema.org","@graph":[{"@type":"Article","@id":"https:\/\/www.altominho.tv\/site\/2019\/09\/02\/teatrao-apresenta-em-viana-do-castelo-ala-de-criados\/#article","isPartOf":{"@id":"https:\/\/www.altominho.tv\/site\/2019\/09\/02\/teatrao-apresenta-em-viana-do-castelo-ala-de-criados\/"},"author":{"name":"Andreia Cunha","@id":"https:\/\/www.altominho.tv\/site\/#\/schema\/person\/a0e4ef6d041f98ca284393d8f1d97153"},"headline":"Teatr\u00e3o apresenta em Viana do Castelo, Ala de Criados","datePublished":"2019-09-02T15:55:02+00:00","dateModified":"2019-09-02T15:55:07+00:00","mainEntityOfPage":{"@id":"https:\/\/www.altominho.tv\/site\/2019\/09\/02\/teatrao-apresenta-em-viana-do-castelo-ala-de-criados\/"},"wordCount":172,"image":{"@id":"https:\/\/www.altominho.tv\/site\/2019\/09\/02\/teatrao-apresenta-em-viana-do-castelo-ala-de-criados\/#primaryimage"},"thumbnailUrl":"https:\/\/www.altominho.tv\/site\/wp-content\/uploads\/2019\/09\/cropped-teatr\u00e3o.jpg","keywords":["Lazer","Sociedade"],"articleSection":["Viana do Castelo"],"inLanguage":"pt-PT","copyrightYear":"2019","copyrightHolder":{"@id":"https:\/\/www.altominho.tv\/site\/#organization"}},{"@type":"WebPage","@id":"https:\/\/www.altominho.tv\/site\/2019\/09\/02\/teatrao-apresenta-em-viana-do-castelo-ala-de-criados\/","url":"https:\/\/www.altominho.tv\/site\/2019\/09\/02\/teatrao-apresenta-em-viana-do-castelo-ala-de-criados\/","name":"Teatr\u00e3o apresenta em Viana do Castelo, Ala de Criados","isPartOf":{"@id":"https:\/\/www.altominho.tv\/site\/#website"},"primaryImageOfPage":{"@id":"https:\/\/www.altominho.tv\/site\/2019\/09\/02\/teatrao-apresenta-em-viana-do-castelo-ala-de-criados\/#primaryimage"},"image":{"@id":"https:\/\/www.altominho.tv\/site\/2019\/09\/02\/teatrao-apresenta-em-viana-do-castelo-ala-de-criados\/#primaryimage"},"thumbnailUrl":"https:\/\/www.altominho.tv\/site\/wp-content\/uploads\/2019\/09\/cropped-teatr\u00e3o.jpg","datePublished":"2019-09-02T15:55:02+00:00","dateModified":"2019-09-02T15:55:07+00:00","author":{"@id":"https:\/\/www.altominho.tv\/site\/#\/schema\/person\/a0e4ef6d041f98ca284393d8f1d97153"},"breadcrumb":{"@id":"https:\/\/www.altominho.tv\/site\/2019\/09\/02\/teatrao-apresenta-em-viana-do-castelo-ala-de-criados\/#breadcrumb"},"inLanguage":"pt-PT","potentialAction":[{"@type":"ReadAction","target":["https:\/\/www.altominho.tv\/site\/2019\/09\/02\/teatrao-apresenta-em-viana-do-castelo-ala-de-criados\/"]}]},{"@type":"ImageObject","inLanguage":"pt-PT","@id":"https:\/\/www.altominho.tv\/site\/2019\/09\/02\/teatrao-apresenta-em-viana-do-castelo-ala-de-criados\/#primaryimage","url":"https:\/\/www.altominho.tv\/site\/wp-content\/uploads\/2019\/09\/cropped-teatr\u00e3o.jpg","contentUrl":"https:\/\/www.altominho.tv\/site\/wp-content\/uploads\/2019\/09\/cropped-teatr\u00e3o.jpg","width":566,"height":318},{"@type":"BreadcrumbList","@id":"https:\/\/www.altominho.tv\/site\/2019\/09\/02\/teatrao-apresenta-em-viana-do-castelo-ala-de-criados\/#breadcrumb","itemListElement":[{"@type":"ListItem","position":1,"name":"In\u00edcio","item":"https:\/\/www.altominho.tv\/site\/"},{"@type":"ListItem","position":2,"name":"Teatr\u00e3o apresenta em Viana do Castelo, Ala de Criados"}]},{"@type":"WebSite","@id":"https:\/\/www.altominho.tv\/site\/#website","url":"https:\/\/www.altominho.tv\/site\/","name":"Altominho.tv","description":"A sua regi\u00e3o \u00e0 dist\u00e2ncia de um clique...","potentialAction":[{"@type":"SearchAction","target":{"@type":"EntryPoint","urlTemplate":"https:\/\/www.altominho.tv\/site\/?s={search_term_string}"},"query-input":{"@type":"PropertyValueSpecification","valueRequired":true,"valueName":"search_term_string"}}],"inLanguage":"pt-PT"},{"@type":"Person","@id":"https:\/\/www.altominho.tv\/site\/#\/schema\/person\/a0e4ef6d041f98ca284393d8f1d97153","name":"Andreia Cunha","image":{"@type":"ImageObject","inLanguage":"pt-PT","@id":"https:\/\/www.altominho.tv\/site\/wp-content\/uploads\/2017\/11\/Andreia_Cunha-1-150x150.jpg","url":"https:\/\/www.altominho.tv\/site\/wp-content\/uploads\/2017\/11\/Andreia_Cunha-1-150x150.jpg","contentUrl":"https:\/\/www.altominho.tv\/site\/wp-content\/uploads\/2017\/11\/Andreia_Cunha-1-150x150.jpg","caption":"Andreia Cunha"},"url":"https:\/\/www.altominho.tv\/site\/author\/andreiacunha\/"}]}},"_links":{"self":[{"href":"https:\/\/www.altominho.tv\/site\/wp-json\/wp\/v2\/posts\/33531","targetHints":{"allow":["GET"]}}],"collection":[{"href":"https:\/\/www.altominho.tv\/site\/wp-json\/wp\/v2\/posts"}],"about":[{"href":"https:\/\/www.altominho.tv\/site\/wp-json\/wp\/v2\/types\/post"}],"author":[{"embeddable":true,"href":"https:\/\/www.altominho.tv\/site\/wp-json\/wp\/v2\/users\/7"}],"replies":[{"embeddable":true,"href":"https:\/\/www.altominho.tv\/site\/wp-json\/wp\/v2\/comments?post=33531"}],"version-history":[{"count":0,"href":"https:\/\/www.altominho.tv\/site\/wp-json\/wp\/v2\/posts\/33531\/revisions"}],"wp:featuredmedia":[{"embeddable":true,"href":"https:\/\/www.altominho.tv\/site\/wp-json\/wp\/v2\/media\/33533"}],"wp:attachment":[{"href":"https:\/\/www.altominho.tv\/site\/wp-json\/wp\/v2\/media?parent=33531"}],"wp:term":[{"taxonomy":"category","embeddable":true,"href":"https:\/\/www.altominho.tv\/site\/wp-json\/wp\/v2\/categories?post=33531"},{"taxonomy":"post_tag","embeddable":true,"href":"https:\/\/www.altominho.tv\/site\/wp-json\/wp\/v2\/tags?post=33531"}],"curies":[{"name":"wp","href":"https:\/\/api.w.org\/{rel}","templated":true}]}}