{"id":33290,"date":"2019-08-28T14:34:39","date_gmt":"2019-08-28T13:34:39","guid":{"rendered":"http:\/\/www.altominho.tv\/site\/?p=33290"},"modified":"2019-08-28T14:34:43","modified_gmt":"2019-08-28T13:34:43","slug":"tres-empresas-nacionais-concorrem-a-concessao-do-castelo-de-vila-nova-de-cerveira","status":"publish","type":"post","link":"https:\/\/www.altominho.tv\/site\/2019\/08\/28\/tres-empresas-nacionais-concorrem-a-concessao-do-castelo-de-vila-nova-de-cerveira\/","title":{"rendered":"Tr\u00eas empresas nacionais concorrem a concess\u00e3o do castelo de Vila Nova de Cerveira"},"content":{"rendered":"<p>Fernando Nogueira explicou que as propostas das tr\u00eas empresas, ligadas aos sectores de hotelaria e restaura\u00e7\u00e3o, v\u00e3o agora &#8220;ser analisadas e, posteriormente, submetidas \u00e0 aprecia\u00e7\u00e3o do j\u00fari do concurso para a elabora\u00e7\u00e3o do relat\u00f3rio preliminar&#8221;.<\/p>\n<p>As fases seguintes, passam pela realiza\u00e7\u00e3o de &#8220;uma audi\u00eancia pr\u00e9via, elabora\u00e7\u00e3o do relat\u00f3rio final e adjudica\u00e7\u00e3o&#8221;.<\/p>\n<p>&#8220;A expetativa \u00e9 a de que finalmente possa haver uma solu\u00e7\u00e3o que valorize e dignifique o Castelo de Cerveira, o ex-libris do nosso concelho. Dando seguimento aos procedimentos necess\u00e1rios e aos prazos estabelecidos, \u00e9 expect\u00e1vel que o processo possa estar conclu\u00eddo at\u00e9 ao final do ano&#8221;, referiu Fernando Nogueira.<\/p>\n<p>Em causa est\u00e1 o castelo com origens no s\u00e9culo XIII, mandado construir pelo rei Dom Dinis, classificado como monumento nacional onde at\u00e9 finais de 2008 funcionou a pousada com o mesmo nome. Na altura, enquanto Pousada de Portugal, integrava o grupo Pestana, que a encerrou a pretexto de obras de reabilita\u00e7\u00e3o.<\/p>\n<p>Desde ent\u00e3o, tanto o anterior executivo municipal como o atual t\u00eam tentado ultrapassar o impasse, face a v\u00e1rias manifesta\u00e7\u00f5es de interesse de promotores privados e como forma tamb\u00e9m de travar o estado de degrada\u00e7\u00e3o do im\u00f3vel.<br \/>\nO primeiro concurso para a concess\u00e3o do im\u00f3vel foi lan\u00e7ado pelo Instituto do Turismo de Portugal, em janeiro, a que concorreram duas empresas, mas acabou &#8220;extinto&#8221;, por &#8220;raz\u00f5es administrativas&#8221;.<\/p>\n<blockquote><p>\u00a0Em julho avan\u00e7ou nova tentativa, cujo prazo para a apresenta\u00e7\u00e3o de propostas terminou \u00e0s 23:59 de 27 de agosto, e a que concorreram tr\u00eas empresas.<br \/>\n&#8220;Esperamos que esta not\u00edcia seja a prepara\u00e7\u00e3o da prenda de anivers\u00e1rio dos 700 anos da funda\u00e7\u00e3o de Vila Nova de Cerveira, que se assinala a 01 de outubro de 2021&#8221;, frisou o autarca Fernando Nogueira.<\/p><\/blockquote>\n<p>O im\u00f3vel, propriedade da Dire\u00e7\u00e3o-Geral do Tesouro e Finan\u00e7as (DGTF), \u00e9 um dos 10 edif\u00edcios inclu\u00eddos no programa Revive para serem concessionados a privados, com o compromisso de que sejam recuperados, reabilitados e acess\u00edveis ao p\u00fablico.<\/p>\n<p>O castelo, classificado como monumento nacional, \u00e9 considerado a &#8220;joia da coroa&#8221; de Vila Nova de Cerveira.<br \/>\nO impasse em que o processo se encontra desde 2008 levou mesmo, em 2011, no mandato do executivo anterior, \u00e0 desist\u00eancia de um grupo alem\u00e3o interessado em criar um hotel de charme ligado \u00e0s artes.<\/p>\n<p>O estado de &#8220;avan\u00e7ada degrada\u00e7\u00e3o&#8221; em que se encontra o im\u00f3vel levou a Assembleia Municipal a aprovar, em 2015, uma mo\u00e7\u00e3o intitulada &#8220;Em Defesa da Clarifica\u00e7\u00e3o do Futuro do Castelo&#8221;.<\/p>\n<p>O documento foi enviado ao Presidente da Rep\u00fablica, primeiro-ministro, ministra de Estado e das Finan\u00e7as, secret\u00e1rio de Estado das Finan\u00e7as, Dire\u00e7\u00e3o Geral do Tesouro e Finan\u00e7as, aos grupos parlamentares com assento na Assembleia da Rep\u00fablica, entre outras entidades.<\/p>\n<p>A pousada foi inaugurada a 03 de setembro de 1982 e possu\u00eda restaurante, bar e 29 quartos, alguns com pequenos p\u00e1tios totalmente privados para os seus h\u00f3spedes.<\/p>\n<p>Lan\u00e7ado em 2016, o Revive \u00e9 um programa conjunto dos minist\u00e9rios da Economia, Cultura e Finan\u00e7as, que visa promover a recupera\u00e7\u00e3o e a requalifica\u00e7\u00e3o de im\u00f3veis p\u00fablicos classificados que est\u00e3o sem uso, atrav\u00e9s da concess\u00e3o a privados para explora\u00e7\u00e3o para fins tur\u00edsticos.<\/p>\n","protected":false},"excerpt":{"rendered":"<p>Tr\u00eas empresas nacionais apresentaram propostas ao concurso p\u00fablico para a concess\u00e3o do castelo de Vila Nova de Cerveira, processo que dever\u00e1 estar terminado at\u00e9 final do ano, disse hoje \u00e0 Lusa o presidente da c\u00e2mara.<\/p>\n","protected":false},"author":13,"featured_media":33292,"comment_status":"closed","ping_status":"closed","sticky":false,"template":"","format":"standard","meta":{"_exactmetrics_skip_tracking":false,"_exactmetrics_sitenote_active":false,"_exactmetrics_sitenote_note":"","_exactmetrics_sitenote_category":0,"footnotes":""},"categories":[15],"tags":[21,27],"class_list":["post-33290","post","type-post","status-publish","format-standard","has-post-thumbnail","hentry","category-vila-nova-de-cerveira","tag-economia","tag-sociedade"],"yoast_head":"<!-- This site is optimized with the Yoast SEO Premium plugin v27.5 (Yoast SEO v27.5) - https:\/\/yoast.com\/product\/yoast-seo-premium-wordpress\/ -->\n<title>Tr\u00eas empresas nacionais concorrem a concess\u00e3o do castelo de Vila Nova de Cerveira<\/title>\n<meta name=\"robots\" content=\"index, follow, max-snippet:-1, max-image-preview:large, max-video-preview:-1\" \/>\n<link rel=\"canonical\" href=\"https:\/\/www.altominho.tv\/site\/2019\/08\/28\/tres-empresas-nacionais-concorrem-a-concessao-do-castelo-de-vila-nova-de-cerveira\/\" \/>\n<meta property=\"og:locale\" content=\"pt_PT\" \/>\n<meta property=\"og:type\" content=\"article\" \/>\n<meta property=\"og:title\" content=\"Tr\u00eas empresas nacionais concorrem a concess\u00e3o do castelo de Vila Nova de Cerveira\" \/>\n<meta property=\"og:description\" content=\"Tr\u00eas empresas nacionais apresentaram propostas ao concurso p\u00fablico para a concess\u00e3o do castelo de Vila Nova de Cerveira, processo que dever\u00e1 estar terminado at\u00e9 final do ano, disse hoje \u00e0 Lusa o presidente da c\u00e2mara.\" \/>\n<meta property=\"og:url\" content=\"https:\/\/www.altominho.tv\/site\/2019\/08\/28\/tres-empresas-nacionais-concorrem-a-concessao-do-castelo-de-vila-nova-de-cerveira\/\" \/>\n<meta property=\"og:site_name\" content=\"Altominho.tv\" \/>\n<meta property=\"article:publisher\" content=\"https:\/\/www.facebook.com\/altominhotv\" \/>\n<meta property=\"article:published_time\" content=\"2019-08-28T13:34:39+00:00\" \/>\n<meta property=\"article:modified_time\" content=\"2019-08-28T13:34:43+00:00\" \/>\n<meta property=\"og:image\" content=\"https:\/\/www.altominho.tv\/site\/wp-content\/uploads\/2019\/08\/cropped-Castelo-Cerveira.jpg\" \/>\n\t<meta property=\"og:image:width\" content=\"1280\" \/>\n\t<meta property=\"og:image:height\" content=\"720\" \/>\n\t<meta property=\"og:image:type\" content=\"image\/jpeg\" \/>\n<meta name=\"author\" content=\"Lusa\" \/>\n<meta name=\"twitter:card\" content=\"summary_large_image\" \/>\n<meta name=\"twitter:creator\" content=\"@altominhoTV\" \/>\n<meta name=\"twitter:site\" content=\"@altominhoTV\" \/>\n<meta name=\"twitter:label1\" content=\"Escrito por\" \/>\n\t<meta name=\"twitter:data1\" content=\"Lusa\" \/>\n\t<meta name=\"twitter:label2\" content=\"Tempo estimado de leitura\" \/>\n\t<meta name=\"twitter:data2\" content=\"3 minutos\" \/>\n<script type=\"application\/ld+json\" class=\"yoast-schema-graph\">{\"@context\":\"https:\\\/\\\/schema.org\",\"@graph\":[{\"@type\":\"Article\",\"@id\":\"https:\\\/\\\/www.altominho.tv\\\/site\\\/2019\\\/08\\\/28\\\/tres-empresas-nacionais-concorrem-a-concessao-do-castelo-de-vila-nova-de-cerveira\\\/#article\",\"isPartOf\":{\"@id\":\"https:\\\/\\\/www.altominho.tv\\\/site\\\/2019\\\/08\\\/28\\\/tres-empresas-nacionais-concorrem-a-concessao-do-castelo-de-vila-nova-de-cerveira\\\/\"},\"author\":{\"name\":\"Lusa\",\"@id\":\"https:\\\/\\\/www.altominho.tv\\\/site\\\/#\\\/schema\\\/person\\\/63f693da3e1899361cbe955c46f3232e\"},\"headline\":\"Tr\u00eas empresas nacionais concorrem a concess\u00e3o do castelo de Vila Nova de Cerveira\",\"datePublished\":\"2019-08-28T13:34:39+00:00\",\"dateModified\":\"2019-08-28T13:34:43+00:00\",\"mainEntityOfPage\":{\"@id\":\"https:\\\/\\\/www.altominho.tv\\\/site\\\/2019\\\/08\\\/28\\\/tres-empresas-nacionais-concorrem-a-concessao-do-castelo-de-vila-nova-de-cerveira\\\/\"},\"wordCount\":568,\"image\":{\"@id\":\"https:\\\/\\\/www.altominho.tv\\\/site\\\/2019\\\/08\\\/28\\\/tres-empresas-nacionais-concorrem-a-concessao-do-castelo-de-vila-nova-de-cerveira\\\/#primaryimage\"},\"thumbnailUrl\":\"https:\\\/\\\/www.altominho.tv\\\/site\\\/wp-content\\\/uploads\\\/2019\\\/08\\\/cropped-Castelo-Cerveira.jpg\",\"keywords\":[\"Economia\",\"Sociedade\"],\"articleSection\":[\"Vila Nova de Cerveira\"],\"inLanguage\":\"pt-PT\",\"copyrightYear\":\"2019\",\"copyrightHolder\":{\"@id\":\"https:\\\/\\\/www.altominho.tv\\\/site\\\/#organization\"}},{\"@type\":\"WebPage\",\"@id\":\"https:\\\/\\\/www.altominho.tv\\\/site\\\/2019\\\/08\\\/28\\\/tres-empresas-nacionais-concorrem-a-concessao-do-castelo-de-vila-nova-de-cerveira\\\/\",\"url\":\"https:\\\/\\\/www.altominho.tv\\\/site\\\/2019\\\/08\\\/28\\\/tres-empresas-nacionais-concorrem-a-concessao-do-castelo-de-vila-nova-de-cerveira\\\/\",\"name\":\"Tr\u00eas empresas nacionais concorrem a concess\u00e3o do castelo de Vila Nova de Cerveira\",\"isPartOf\":{\"@id\":\"https:\\\/\\\/www.altominho.tv\\\/site\\\/#website\"},\"primaryImageOfPage\":{\"@id\":\"https:\\\/\\\/www.altominho.tv\\\/site\\\/2019\\\/08\\\/28\\\/tres-empresas-nacionais-concorrem-a-concessao-do-castelo-de-vila-nova-de-cerveira\\\/#primaryimage\"},\"image\":{\"@id\":\"https:\\\/\\\/www.altominho.tv\\\/site\\\/2019\\\/08\\\/28\\\/tres-empresas-nacionais-concorrem-a-concessao-do-castelo-de-vila-nova-de-cerveira\\\/#primaryimage\"},\"thumbnailUrl\":\"https:\\\/\\\/www.altominho.tv\\\/site\\\/wp-content\\\/uploads\\\/2019\\\/08\\\/cropped-Castelo-Cerveira.jpg\",\"datePublished\":\"2019-08-28T13:34:39+00:00\",\"dateModified\":\"2019-08-28T13:34:43+00:00\",\"author\":{\"@id\":\"https:\\\/\\\/www.altominho.tv\\\/site\\\/#\\\/schema\\\/person\\\/63f693da3e1899361cbe955c46f3232e\"},\"breadcrumb\":{\"@id\":\"https:\\\/\\\/www.altominho.tv\\\/site\\\/2019\\\/08\\\/28\\\/tres-empresas-nacionais-concorrem-a-concessao-do-castelo-de-vila-nova-de-cerveira\\\/#breadcrumb\"},\"inLanguage\":\"pt-PT\",\"potentialAction\":[{\"@type\":\"ReadAction\",\"target\":[\"https:\\\/\\\/www.altominho.tv\\\/site\\\/2019\\\/08\\\/28\\\/tres-empresas-nacionais-concorrem-a-concessao-do-castelo-de-vila-nova-de-cerveira\\\/\"]}]},{\"@type\":\"ImageObject\",\"inLanguage\":\"pt-PT\",\"@id\":\"https:\\\/\\\/www.altominho.tv\\\/site\\\/2019\\\/08\\\/28\\\/tres-empresas-nacionais-concorrem-a-concessao-do-castelo-de-vila-nova-de-cerveira\\\/#primaryimage\",\"url\":\"https:\\\/\\\/www.altominho.tv\\\/site\\\/wp-content\\\/uploads\\\/2019\\\/08\\\/cropped-Castelo-Cerveira.jpg\",\"contentUrl\":\"https:\\\/\\\/www.altominho.tv\\\/site\\\/wp-content\\\/uploads\\\/2019\\\/08\\\/cropped-Castelo-Cerveira.jpg\",\"width\":1280,\"height\":720},{\"@type\":\"BreadcrumbList\",\"@id\":\"https:\\\/\\\/www.altominho.tv\\\/site\\\/2019\\\/08\\\/28\\\/tres-empresas-nacionais-concorrem-a-concessao-do-castelo-de-vila-nova-de-cerveira\\\/#breadcrumb\",\"itemListElement\":[{\"@type\":\"ListItem\",\"position\":1,\"name\":\"In\u00edcio\",\"item\":\"https:\\\/\\\/www.altominho.tv\\\/site\\\/\"},{\"@type\":\"ListItem\",\"position\":2,\"name\":\"Tr\u00eas empresas nacionais concorrem a concess\u00e3o do castelo de Vila Nova de Cerveira\"}]},{\"@type\":\"WebSite\",\"@id\":\"https:\\\/\\\/www.altominho.tv\\\/site\\\/#website\",\"url\":\"https:\\\/\\\/www.altominho.tv\\\/site\\\/\",\"name\":\"Altominho.tv\",\"description\":\"A sua regi\u00e3o \u00e0 dist\u00e2ncia de um clique...\",\"potentialAction\":[{\"@type\":\"SearchAction\",\"target\":{\"@type\":\"EntryPoint\",\"urlTemplate\":\"https:\\\/\\\/www.altominho.tv\\\/site\\\/?s={search_term_string}\"},\"query-input\":{\"@type\":\"PropertyValueSpecification\",\"valueRequired\":true,\"valueName\":\"search_term_string\"}}],\"inLanguage\":\"pt-PT\"},{\"@type\":\"Person\",\"@id\":\"https:\\\/\\\/www.altominho.tv\\\/site\\\/#\\\/schema\\\/person\\\/63f693da3e1899361cbe955c46f3232e\",\"name\":\"Lusa\",\"image\":{\"@type\":\"ImageObject\",\"inLanguage\":\"pt-PT\",\"@id\":\"https:\\\/\\\/www.altominho.tv\\\/site\\\/wp-content\\\/uploads\\\/2019\\\/08\\\/LUSA_Logo.gif\",\"url\":\"https:\\\/\\\/www.altominho.tv\\\/site\\\/wp-content\\\/uploads\\\/2019\\\/08\\\/LUSA_Logo.gif\",\"contentUrl\":\"https:\\\/\\\/www.altominho.tv\\\/site\\\/wp-content\\\/uploads\\\/2019\\\/08\\\/LUSA_Logo.gif\",\"caption\":\"Lusa\"},\"sameAs\":[\"http:\\\/\\\/\\\/\\\/www.altominho.tv\\\/site\"],\"url\":\"https:\\\/\\\/www.altominho.tv\\\/site\\\/author\\\/lusa\\\/\"}]}<\/script>\n<!-- \/ Yoast SEO Premium plugin. -->","yoast_head_json":{"title":"Tr\u00eas empresas nacionais concorrem a concess\u00e3o do castelo de Vila Nova de Cerveira","robots":{"index":"index","follow":"follow","max-snippet":"max-snippet:-1","max-image-preview":"max-image-preview:large","max-video-preview":"max-video-preview:-1"},"canonical":"https:\/\/www.altominho.tv\/site\/2019\/08\/28\/tres-empresas-nacionais-concorrem-a-concessao-do-castelo-de-vila-nova-de-cerveira\/","og_locale":"pt_PT","og_type":"article","og_title":"Tr\u00eas empresas nacionais concorrem a concess\u00e3o do castelo de Vila Nova de Cerveira","og_description":"Tr\u00eas empresas nacionais apresentaram propostas ao concurso p\u00fablico para a concess\u00e3o do castelo de Vila Nova de Cerveira, processo que dever\u00e1 estar terminado at\u00e9 final do ano, disse hoje \u00e0 Lusa o presidente da c\u00e2mara.","og_url":"https:\/\/www.altominho.tv\/site\/2019\/08\/28\/tres-empresas-nacionais-concorrem-a-concessao-do-castelo-de-vila-nova-de-cerveira\/","og_site_name":"Altominho.tv","article_publisher":"https:\/\/www.facebook.com\/altominhotv","article_published_time":"2019-08-28T13:34:39+00:00","article_modified_time":"2019-08-28T13:34:43+00:00","og_image":[{"width":1280,"height":720,"url":"https:\/\/www.altominho.tv\/site\/wp-content\/uploads\/2019\/08\/cropped-Castelo-Cerveira.jpg","type":"image\/jpeg"}],"author":"Lusa","twitter_card":"summary_large_image","twitter_creator":"@altominhoTV","twitter_site":"@altominhoTV","twitter_misc":{"Escrito por":"Lusa","Tempo estimado de leitura":"3 minutos"},"schema":{"@context":"https:\/\/schema.org","@graph":[{"@type":"Article","@id":"https:\/\/www.altominho.tv\/site\/2019\/08\/28\/tres-empresas-nacionais-concorrem-a-concessao-do-castelo-de-vila-nova-de-cerveira\/#article","isPartOf":{"@id":"https:\/\/www.altominho.tv\/site\/2019\/08\/28\/tres-empresas-nacionais-concorrem-a-concessao-do-castelo-de-vila-nova-de-cerveira\/"},"author":{"name":"Lusa","@id":"https:\/\/www.altominho.tv\/site\/#\/schema\/person\/63f693da3e1899361cbe955c46f3232e"},"headline":"Tr\u00eas empresas nacionais concorrem a concess\u00e3o do castelo de Vila Nova de Cerveira","datePublished":"2019-08-28T13:34:39+00:00","dateModified":"2019-08-28T13:34:43+00:00","mainEntityOfPage":{"@id":"https:\/\/www.altominho.tv\/site\/2019\/08\/28\/tres-empresas-nacionais-concorrem-a-concessao-do-castelo-de-vila-nova-de-cerveira\/"},"wordCount":568,"image":{"@id":"https:\/\/www.altominho.tv\/site\/2019\/08\/28\/tres-empresas-nacionais-concorrem-a-concessao-do-castelo-de-vila-nova-de-cerveira\/#primaryimage"},"thumbnailUrl":"https:\/\/www.altominho.tv\/site\/wp-content\/uploads\/2019\/08\/cropped-Castelo-Cerveira.jpg","keywords":["Economia","Sociedade"],"articleSection":["Vila Nova de Cerveira"],"inLanguage":"pt-PT","copyrightYear":"2019","copyrightHolder":{"@id":"https:\/\/www.altominho.tv\/site\/#organization"}},{"@type":"WebPage","@id":"https:\/\/www.altominho.tv\/site\/2019\/08\/28\/tres-empresas-nacionais-concorrem-a-concessao-do-castelo-de-vila-nova-de-cerveira\/","url":"https:\/\/www.altominho.tv\/site\/2019\/08\/28\/tres-empresas-nacionais-concorrem-a-concessao-do-castelo-de-vila-nova-de-cerveira\/","name":"Tr\u00eas empresas nacionais concorrem a concess\u00e3o do castelo de Vila Nova de Cerveira","isPartOf":{"@id":"https:\/\/www.altominho.tv\/site\/#website"},"primaryImageOfPage":{"@id":"https:\/\/www.altominho.tv\/site\/2019\/08\/28\/tres-empresas-nacionais-concorrem-a-concessao-do-castelo-de-vila-nova-de-cerveira\/#primaryimage"},"image":{"@id":"https:\/\/www.altominho.tv\/site\/2019\/08\/28\/tres-empresas-nacionais-concorrem-a-concessao-do-castelo-de-vila-nova-de-cerveira\/#primaryimage"},"thumbnailUrl":"https:\/\/www.altominho.tv\/site\/wp-content\/uploads\/2019\/08\/cropped-Castelo-Cerveira.jpg","datePublished":"2019-08-28T13:34:39+00:00","dateModified":"2019-08-28T13:34:43+00:00","author":{"@id":"https:\/\/www.altominho.tv\/site\/#\/schema\/person\/63f693da3e1899361cbe955c46f3232e"},"breadcrumb":{"@id":"https:\/\/www.altominho.tv\/site\/2019\/08\/28\/tres-empresas-nacionais-concorrem-a-concessao-do-castelo-de-vila-nova-de-cerveira\/#breadcrumb"},"inLanguage":"pt-PT","potentialAction":[{"@type":"ReadAction","target":["https:\/\/www.altominho.tv\/site\/2019\/08\/28\/tres-empresas-nacionais-concorrem-a-concessao-do-castelo-de-vila-nova-de-cerveira\/"]}]},{"@type":"ImageObject","inLanguage":"pt-PT","@id":"https:\/\/www.altominho.tv\/site\/2019\/08\/28\/tres-empresas-nacionais-concorrem-a-concessao-do-castelo-de-vila-nova-de-cerveira\/#primaryimage","url":"https:\/\/www.altominho.tv\/site\/wp-content\/uploads\/2019\/08\/cropped-Castelo-Cerveira.jpg","contentUrl":"https:\/\/www.altominho.tv\/site\/wp-content\/uploads\/2019\/08\/cropped-Castelo-Cerveira.jpg","width":1280,"height":720},{"@type":"BreadcrumbList","@id":"https:\/\/www.altominho.tv\/site\/2019\/08\/28\/tres-empresas-nacionais-concorrem-a-concessao-do-castelo-de-vila-nova-de-cerveira\/#breadcrumb","itemListElement":[{"@type":"ListItem","position":1,"name":"In\u00edcio","item":"https:\/\/www.altominho.tv\/site\/"},{"@type":"ListItem","position":2,"name":"Tr\u00eas empresas nacionais concorrem a concess\u00e3o do castelo de Vila Nova de Cerveira"}]},{"@type":"WebSite","@id":"https:\/\/www.altominho.tv\/site\/#website","url":"https:\/\/www.altominho.tv\/site\/","name":"Altominho.tv","description":"A sua regi\u00e3o \u00e0 dist\u00e2ncia de um clique...","potentialAction":[{"@type":"SearchAction","target":{"@type":"EntryPoint","urlTemplate":"https:\/\/www.altominho.tv\/site\/?s={search_term_string}"},"query-input":{"@type":"PropertyValueSpecification","valueRequired":true,"valueName":"search_term_string"}}],"inLanguage":"pt-PT"},{"@type":"Person","@id":"https:\/\/www.altominho.tv\/site\/#\/schema\/person\/63f693da3e1899361cbe955c46f3232e","name":"Lusa","image":{"@type":"ImageObject","inLanguage":"pt-PT","@id":"https:\/\/www.altominho.tv\/site\/wp-content\/uploads\/2019\/08\/LUSA_Logo.gif","url":"https:\/\/www.altominho.tv\/site\/wp-content\/uploads\/2019\/08\/LUSA_Logo.gif","contentUrl":"https:\/\/www.altominho.tv\/site\/wp-content\/uploads\/2019\/08\/LUSA_Logo.gif","caption":"Lusa"},"sameAs":["http:\/\/\/\/www.altominho.tv\/site"],"url":"https:\/\/www.altominho.tv\/site\/author\/lusa\/"}]}},"_links":{"self":[{"href":"https:\/\/www.altominho.tv\/site\/wp-json\/wp\/v2\/posts\/33290","targetHints":{"allow":["GET"]}}],"collection":[{"href":"https:\/\/www.altominho.tv\/site\/wp-json\/wp\/v2\/posts"}],"about":[{"href":"https:\/\/www.altominho.tv\/site\/wp-json\/wp\/v2\/types\/post"}],"author":[{"embeddable":true,"href":"https:\/\/www.altominho.tv\/site\/wp-json\/wp\/v2\/users\/13"}],"replies":[{"embeddable":true,"href":"https:\/\/www.altominho.tv\/site\/wp-json\/wp\/v2\/comments?post=33290"}],"version-history":[{"count":0,"href":"https:\/\/www.altominho.tv\/site\/wp-json\/wp\/v2\/posts\/33290\/revisions"}],"wp:featuredmedia":[{"embeddable":true,"href":"https:\/\/www.altominho.tv\/site\/wp-json\/wp\/v2\/media\/33292"}],"wp:attachment":[{"href":"https:\/\/www.altominho.tv\/site\/wp-json\/wp\/v2\/media?parent=33290"}],"wp:term":[{"taxonomy":"category","embeddable":true,"href":"https:\/\/www.altominho.tv\/site\/wp-json\/wp\/v2\/categories?post=33290"},{"taxonomy":"post_tag","embeddable":true,"href":"https:\/\/www.altominho.tv\/site\/wp-json\/wp\/v2\/tags?post=33290"}],"curies":[{"name":"wp","href":"https:\/\/api.w.org\/{rel}","templated":true}]}}