{"id":33196,"date":"2019-08-25T00:58:04","date_gmt":"2019-08-24T23:58:04","guid":{"rendered":"http:\/\/www.altominho.tv\/site\/?p=33196"},"modified":"2019-08-25T02:43:12","modified_gmt":"2019-08-25T01:43:12","slug":"festival-edp-vilar-de-mouros-ultrapassou-expetativas-e-regressa-em-2020","status":"publish","type":"post","link":"https:\/\/www.altominho.tv\/site\/2019\/08\/25\/festival-edp-vilar-de-mouros-ultrapassou-expetativas-e-regressa-em-2020\/","title":{"rendered":"Festival EDP Vilar de Mouros ultrapassou expetativas e regressa em 2020"},"content":{"rendered":"<p>\u201c\u00c9 um balan\u00e7o superpositivo. Sab\u00edamos que ia ser um cartaz muito bom pelo cartaz e pr\u00e9-venda de bilhetes, mas n\u00e3o esper\u00e1vamos que fosse tanto. Pass\u00e1mos mil pessoas da nossa melhor expectativa, que eram 45 mil pessoas. Na edi\u00e7\u00e3o passada tivemos 32 mil, \u00e9 um salto quantitativo e estamos contentes com isso\u201d, afirmou hoje \u00e0 Lusa o diretor do evento, Diogo Marques.<\/p>\n<p>Segundo o respons\u00e1vel, estes n\u00fameros demonstram que o conceito do festival est\u00e1 \u201cenraizado\u201d e afirmam o evento na \u201cagenda de festivais de ver\u00e3o\u201d, sendo que o cartaz deste ano elevou a fasquia e a responsabilidade e o recinto \u2013 no concelho de Caminha &#8211; foi posto \u00e0 prova, com quase 20 mil pessoas na sexta-feira.<\/p>\n<blockquote><p>\u00a0As pessoas sa\u00edram satisfeit\u00edssimas, comeram bem, ficaram bem alojadas no nosso acampamento, que cresceu tr\u00eas vezes em rela\u00e7\u00e3o ao ano passado. Os parques de estacionamento tamb\u00e9m cresceram, as pessoas ficaram mais c\u00f3modas e perto do recinto. S\u00f3 temos boas cr\u00edticas, o que nos leva a come\u00e7ar j\u00e1 a trabalhar na pr\u00f3xima edi\u00e7\u00e3o\u201d, acrescentou.<\/p><\/blockquote>\n<p>Para 2020, a organiza\u00e7\u00e3o vai seguir o mesmo alinhamento de artistas, tendo j\u00e1 encetado negocia\u00e7\u00f5es com alguns.<\/p>\n<p>Est\u00e3o previstas mais melhorias a n\u00edvel de acessos, campismo e estacionamento, apesar de o recinto ficar com a mesma dimens\u00e3o, com capacidade para 20 mil pessoas por dia.<\/p>\n<blockquote><p>\u00a0A n\u00edvel de infraestruturas exteriores, vamos ter de mudar algumas coisas devido ao crescimento. Vamos adaptar, ocupar mais terrenos, mais estacionamento, uma comunica\u00e7\u00e3o mais direta com as autoridades para a facilidade de as pessoas chegarem ao recinto, isso j\u00e1 est\u00e1 definido. J\u00e1 estamos a trabalhar nisso\u201d, sublinhou.<\/p><\/blockquote>\n<p>O festival cresceu tamb\u00e9m ao n\u00edvel da origem dos participantes, com cerca de 20% do p\u00fablico a pertencer a estrangeiros de 18 nacionalidades.<br \/>\n\u201cTemos 18 nacionalidades diferentes, do Ir\u00e3o, Espanha, Alemanha, Inglaterra, It\u00e1lia, Estados Unidos ou Canad\u00e1. V\u00eam pessoas de todo o mundo. Isso leva a que o projeto n\u00e3o seja s\u00f3 nacional, mas tamb\u00e9m internacional. A nossa comunica\u00e7\u00e3o l\u00e1 fora est\u00e1 melhor e faz com que aumente tamb\u00e9m no pr\u00f3ximo ano\u201d, vincou.<\/p>\n<p>O presidente da Junta de Freguesia de Vilar de Mouros, Carlos Alves, disse que este foi um ano de \u201cafirma\u00e7\u00e3o\u201d do festival que \u201cjamais pode ser interrompida\u201d e prometeu a continuidade do apoio, assim como o presidente da C\u00e2mara de Caminha, Miguel Alves.<\/p>\n<p>J\u00e1 a coordenadora de eventos e patroc\u00ednios da EDP, Marta Marques, vincou que esta \u00e9 \u201cuma aposta ganha da marca e \u00e9 para manter no pr\u00f3ximo ano\u201d.<\/p>\n<p>O festival Vilar de Mouros <a href=\"\/\/www.altominho.tv\/site\/2019\/08\/23\/festival-de-vilar-de-mouros-regressa-com-varios-nomes-nacionais-e-internacionais\/\">come\u00e7ou na quinta-feira<\/a> e termina esta noite com concertos de Prophets of Rage e Gogol Bordello, al\u00e9m de Fischer-Z, Gang of Four e dos portugueses Linda Martini e Jarojupe.<\/p>\n","protected":false},"excerpt":{"rendered":"<p>O festival EDP Vilar de Mouros ultrapassou as expectativas este ano, somando cerca de 46 mil pessoas nos tr\u00eas dias de m\u00fasica, e a pr\u00f3xima edi\u00e7\u00e3o decorre nos dias 27, 28 e 29 de agosto de 2020.<\/p>\n","protected":false},"author":13,"featured_media":33198,"comment_status":"closed","ping_status":"closed","sticky":false,"template":"","format":"standard","meta":{"_exactmetrics_skip_tracking":false,"_exactmetrics_sitenote_active":false,"_exactmetrics_sitenote_note":"","_exactmetrics_sitenote_category":0,"footnotes":""},"categories":[7],"tags":[24],"class_list":["post-33196","post","type-post","status-publish","format-standard","has-post-thumbnail","hentry","category-caminha","tag-lazer"],"yoast_head":"<!-- This site is optimized with the Yoast SEO Premium plugin v27.5 (Yoast SEO v27.5) - https:\/\/yoast.com\/product\/yoast-seo-premium-wordpress\/ -->\n<title>Festival EDP Vilar de Mouros ultrapassou expetativas e regressa em 2020<\/title>\n<meta name=\"robots\" content=\"index, follow, max-snippet:-1, max-image-preview:large, max-video-preview:-1\" \/>\n<link rel=\"canonical\" href=\"https:\/\/www.altominho.tv\/site\/2019\/08\/25\/festival-edp-vilar-de-mouros-ultrapassou-expetativas-e-regressa-em-2020\/\" \/>\n<meta property=\"og:locale\" content=\"pt_PT\" \/>\n<meta property=\"og:type\" content=\"article\" \/>\n<meta property=\"og:title\" content=\"Festival EDP Vilar de Mouros ultrapassou expetativas e regressa em 2020\" \/>\n<meta property=\"og:description\" content=\"O festival EDP Vilar de Mouros ultrapassou as expectativas este ano, somando cerca de 46 mil pessoas nos tr\u00eas dias de m\u00fasica, e a pr\u00f3xima edi\u00e7\u00e3o decorre nos dias 27, 28 e 29 de agosto de 2020.\" \/>\n<meta property=\"og:url\" content=\"https:\/\/www.altominho.tv\/site\/2019\/08\/25\/festival-edp-vilar-de-mouros-ultrapassou-expetativas-e-regressa-em-2020\/\" \/>\n<meta property=\"og:site_name\" content=\"Altominho.tv\" \/>\n<meta property=\"article:publisher\" content=\"https:\/\/www.facebook.com\/altominhotv\" \/>\n<meta property=\"article:published_time\" content=\"2019-08-24T23:58:04+00:00\" \/>\n<meta property=\"article:modified_time\" content=\"2019-08-25T01:43:12+00:00\" \/>\n<meta property=\"og:image\" content=\"https:\/\/www.altominho.tv\/site\/wp-content\/uploads\/2019\/08\/Festival_Vilar_Mouros.jpg\" \/>\n\t<meta property=\"og:image:width\" content=\"1078\" \/>\n\t<meta property=\"og:image:height\" content=\"778\" \/>\n\t<meta property=\"og:image:type\" content=\"image\/jpeg\" \/>\n<meta name=\"author\" content=\"Lusa\" \/>\n<meta name=\"twitter:card\" content=\"summary_large_image\" \/>\n<meta name=\"twitter:creator\" content=\"@altominhoTV\" \/>\n<meta name=\"twitter:site\" content=\"@altominhoTV\" \/>\n<meta name=\"twitter:label1\" content=\"Escrito por\" \/>\n\t<meta name=\"twitter:data1\" content=\"Lusa\" \/>\n\t<meta name=\"twitter:label2\" content=\"Tempo estimado de leitura\" \/>\n\t<meta name=\"twitter:data2\" content=\"2 minutos\" \/>\n<script type=\"application\/ld+json\" class=\"yoast-schema-graph\">{\"@context\":\"https:\\\/\\\/schema.org\",\"@graph\":[{\"@type\":\"Article\",\"@id\":\"https:\\\/\\\/www.altominho.tv\\\/site\\\/2019\\\/08\\\/25\\\/festival-edp-vilar-de-mouros-ultrapassou-expetativas-e-regressa-em-2020\\\/#article\",\"isPartOf\":{\"@id\":\"https:\\\/\\\/www.altominho.tv\\\/site\\\/2019\\\/08\\\/25\\\/festival-edp-vilar-de-mouros-ultrapassou-expetativas-e-regressa-em-2020\\\/\"},\"author\":{\"name\":\"Lusa\",\"@id\":\"https:\\\/\\\/www.altominho.tv\\\/site\\\/#\\\/schema\\\/person\\\/63f693da3e1899361cbe955c46f3232e\"},\"headline\":\"Festival EDP Vilar de Mouros ultrapassou expetativas e regressa em 2020\",\"datePublished\":\"2019-08-24T23:58:04+00:00\",\"dateModified\":\"2019-08-25T01:43:12+00:00\",\"mainEntityOfPage\":{\"@id\":\"https:\\\/\\\/www.altominho.tv\\\/site\\\/2019\\\/08\\\/25\\\/festival-edp-vilar-de-mouros-ultrapassou-expetativas-e-regressa-em-2020\\\/\"},\"wordCount\":477,\"image\":{\"@id\":\"https:\\\/\\\/www.altominho.tv\\\/site\\\/2019\\\/08\\\/25\\\/festival-edp-vilar-de-mouros-ultrapassou-expetativas-e-regressa-em-2020\\\/#primaryimage\"},\"thumbnailUrl\":\"https:\\\/\\\/www.altominho.tv\\\/site\\\/wp-content\\\/uploads\\\/2019\\\/08\\\/Festival_Vilar_Mouros.jpg\",\"keywords\":[\"Lazer\"],\"articleSection\":[\"Caminha\"],\"inLanguage\":\"pt-PT\",\"copyrightYear\":\"2019\",\"copyrightHolder\":{\"@id\":\"https:\\\/\\\/www.altominho.tv\\\/site\\\/#organization\"}},{\"@type\":\"WebPage\",\"@id\":\"https:\\\/\\\/www.altominho.tv\\\/site\\\/2019\\\/08\\\/25\\\/festival-edp-vilar-de-mouros-ultrapassou-expetativas-e-regressa-em-2020\\\/\",\"url\":\"https:\\\/\\\/www.altominho.tv\\\/site\\\/2019\\\/08\\\/25\\\/festival-edp-vilar-de-mouros-ultrapassou-expetativas-e-regressa-em-2020\\\/\",\"name\":\"Festival EDP Vilar de Mouros ultrapassou expetativas e regressa em 2020\",\"isPartOf\":{\"@id\":\"https:\\\/\\\/www.altominho.tv\\\/site\\\/#website\"},\"primaryImageOfPage\":{\"@id\":\"https:\\\/\\\/www.altominho.tv\\\/site\\\/2019\\\/08\\\/25\\\/festival-edp-vilar-de-mouros-ultrapassou-expetativas-e-regressa-em-2020\\\/#primaryimage\"},\"image\":{\"@id\":\"https:\\\/\\\/www.altominho.tv\\\/site\\\/2019\\\/08\\\/25\\\/festival-edp-vilar-de-mouros-ultrapassou-expetativas-e-regressa-em-2020\\\/#primaryimage\"},\"thumbnailUrl\":\"https:\\\/\\\/www.altominho.tv\\\/site\\\/wp-content\\\/uploads\\\/2019\\\/08\\\/Festival_Vilar_Mouros.jpg\",\"datePublished\":\"2019-08-24T23:58:04+00:00\",\"dateModified\":\"2019-08-25T01:43:12+00:00\",\"author\":{\"@id\":\"https:\\\/\\\/www.altominho.tv\\\/site\\\/#\\\/schema\\\/person\\\/63f693da3e1899361cbe955c46f3232e\"},\"breadcrumb\":{\"@id\":\"https:\\\/\\\/www.altominho.tv\\\/site\\\/2019\\\/08\\\/25\\\/festival-edp-vilar-de-mouros-ultrapassou-expetativas-e-regressa-em-2020\\\/#breadcrumb\"},\"inLanguage\":\"pt-PT\",\"potentialAction\":[{\"@type\":\"ReadAction\",\"target\":[\"https:\\\/\\\/www.altominho.tv\\\/site\\\/2019\\\/08\\\/25\\\/festival-edp-vilar-de-mouros-ultrapassou-expetativas-e-regressa-em-2020\\\/\"]}]},{\"@type\":\"ImageObject\",\"inLanguage\":\"pt-PT\",\"@id\":\"https:\\\/\\\/www.altominho.tv\\\/site\\\/2019\\\/08\\\/25\\\/festival-edp-vilar-de-mouros-ultrapassou-expetativas-e-regressa-em-2020\\\/#primaryimage\",\"url\":\"https:\\\/\\\/www.altominho.tv\\\/site\\\/wp-content\\\/uploads\\\/2019\\\/08\\\/Festival_Vilar_Mouros.jpg\",\"contentUrl\":\"https:\\\/\\\/www.altominho.tv\\\/site\\\/wp-content\\\/uploads\\\/2019\\\/08\\\/Festival_Vilar_Mouros.jpg\",\"width\":1078,\"height\":778,\"caption\":\"Lu\u00eds Valadares\"},{\"@type\":\"BreadcrumbList\",\"@id\":\"https:\\\/\\\/www.altominho.tv\\\/site\\\/2019\\\/08\\\/25\\\/festival-edp-vilar-de-mouros-ultrapassou-expetativas-e-regressa-em-2020\\\/#breadcrumb\",\"itemListElement\":[{\"@type\":\"ListItem\",\"position\":1,\"name\":\"In\u00edcio\",\"item\":\"https:\\\/\\\/www.altominho.tv\\\/site\\\/\"},{\"@type\":\"ListItem\",\"position\":2,\"name\":\"Festival EDP Vilar de Mouros ultrapassou expetativas e regressa em 2020\"}]},{\"@type\":\"WebSite\",\"@id\":\"https:\\\/\\\/www.altominho.tv\\\/site\\\/#website\",\"url\":\"https:\\\/\\\/www.altominho.tv\\\/site\\\/\",\"name\":\"Altominho.tv\",\"description\":\"A sua regi\u00e3o \u00e0 dist\u00e2ncia de um clique...\",\"potentialAction\":[{\"@type\":\"SearchAction\",\"target\":{\"@type\":\"EntryPoint\",\"urlTemplate\":\"https:\\\/\\\/www.altominho.tv\\\/site\\\/?s={search_term_string}\"},\"query-input\":{\"@type\":\"PropertyValueSpecification\",\"valueRequired\":true,\"valueName\":\"search_term_string\"}}],\"inLanguage\":\"pt-PT\"},{\"@type\":\"Person\",\"@id\":\"https:\\\/\\\/www.altominho.tv\\\/site\\\/#\\\/schema\\\/person\\\/63f693da3e1899361cbe955c46f3232e\",\"name\":\"Lusa\",\"image\":{\"@type\":\"ImageObject\",\"inLanguage\":\"pt-PT\",\"@id\":\"https:\\\/\\\/www.altominho.tv\\\/site\\\/wp-content\\\/uploads\\\/2019\\\/08\\\/LUSA_Logo.gif\",\"url\":\"https:\\\/\\\/www.altominho.tv\\\/site\\\/wp-content\\\/uploads\\\/2019\\\/08\\\/LUSA_Logo.gif\",\"contentUrl\":\"https:\\\/\\\/www.altominho.tv\\\/site\\\/wp-content\\\/uploads\\\/2019\\\/08\\\/LUSA_Logo.gif\",\"caption\":\"Lusa\"},\"sameAs\":[\"http:\\\/\\\/\\\/\\\/www.altominho.tv\\\/site\"],\"url\":\"https:\\\/\\\/www.altominho.tv\\\/site\\\/author\\\/lusa\\\/\"}]}<\/script>\n<!-- \/ Yoast SEO Premium plugin. -->","yoast_head_json":{"title":"Festival EDP Vilar de Mouros ultrapassou expetativas e regressa em 2020","robots":{"index":"index","follow":"follow","max-snippet":"max-snippet:-1","max-image-preview":"max-image-preview:large","max-video-preview":"max-video-preview:-1"},"canonical":"https:\/\/www.altominho.tv\/site\/2019\/08\/25\/festival-edp-vilar-de-mouros-ultrapassou-expetativas-e-regressa-em-2020\/","og_locale":"pt_PT","og_type":"article","og_title":"Festival EDP Vilar de Mouros ultrapassou expetativas e regressa em 2020","og_description":"O festival EDP Vilar de Mouros ultrapassou as expectativas este ano, somando cerca de 46 mil pessoas nos tr\u00eas dias de m\u00fasica, e a pr\u00f3xima edi\u00e7\u00e3o decorre nos dias 27, 28 e 29 de agosto de 2020.","og_url":"https:\/\/www.altominho.tv\/site\/2019\/08\/25\/festival-edp-vilar-de-mouros-ultrapassou-expetativas-e-regressa-em-2020\/","og_site_name":"Altominho.tv","article_publisher":"https:\/\/www.facebook.com\/altominhotv","article_published_time":"2019-08-24T23:58:04+00:00","article_modified_time":"2019-08-25T01:43:12+00:00","og_image":[{"width":1078,"height":778,"url":"https:\/\/www.altominho.tv\/site\/wp-content\/uploads\/2019\/08\/Festival_Vilar_Mouros.jpg","type":"image\/jpeg"}],"author":"Lusa","twitter_card":"summary_large_image","twitter_creator":"@altominhoTV","twitter_site":"@altominhoTV","twitter_misc":{"Escrito por":"Lusa","Tempo estimado de leitura":"2 minutos"},"schema":{"@context":"https:\/\/schema.org","@graph":[{"@type":"Article","@id":"https:\/\/www.altominho.tv\/site\/2019\/08\/25\/festival-edp-vilar-de-mouros-ultrapassou-expetativas-e-regressa-em-2020\/#article","isPartOf":{"@id":"https:\/\/www.altominho.tv\/site\/2019\/08\/25\/festival-edp-vilar-de-mouros-ultrapassou-expetativas-e-regressa-em-2020\/"},"author":{"name":"Lusa","@id":"https:\/\/www.altominho.tv\/site\/#\/schema\/person\/63f693da3e1899361cbe955c46f3232e"},"headline":"Festival EDP Vilar de Mouros ultrapassou expetativas e regressa em 2020","datePublished":"2019-08-24T23:58:04+00:00","dateModified":"2019-08-25T01:43:12+00:00","mainEntityOfPage":{"@id":"https:\/\/www.altominho.tv\/site\/2019\/08\/25\/festival-edp-vilar-de-mouros-ultrapassou-expetativas-e-regressa-em-2020\/"},"wordCount":477,"image":{"@id":"https:\/\/www.altominho.tv\/site\/2019\/08\/25\/festival-edp-vilar-de-mouros-ultrapassou-expetativas-e-regressa-em-2020\/#primaryimage"},"thumbnailUrl":"https:\/\/www.altominho.tv\/site\/wp-content\/uploads\/2019\/08\/Festival_Vilar_Mouros.jpg","keywords":["Lazer"],"articleSection":["Caminha"],"inLanguage":"pt-PT","copyrightYear":"2019","copyrightHolder":{"@id":"https:\/\/www.altominho.tv\/site\/#organization"}},{"@type":"WebPage","@id":"https:\/\/www.altominho.tv\/site\/2019\/08\/25\/festival-edp-vilar-de-mouros-ultrapassou-expetativas-e-regressa-em-2020\/","url":"https:\/\/www.altominho.tv\/site\/2019\/08\/25\/festival-edp-vilar-de-mouros-ultrapassou-expetativas-e-regressa-em-2020\/","name":"Festival EDP Vilar de Mouros ultrapassou expetativas e regressa em 2020","isPartOf":{"@id":"https:\/\/www.altominho.tv\/site\/#website"},"primaryImageOfPage":{"@id":"https:\/\/www.altominho.tv\/site\/2019\/08\/25\/festival-edp-vilar-de-mouros-ultrapassou-expetativas-e-regressa-em-2020\/#primaryimage"},"image":{"@id":"https:\/\/www.altominho.tv\/site\/2019\/08\/25\/festival-edp-vilar-de-mouros-ultrapassou-expetativas-e-regressa-em-2020\/#primaryimage"},"thumbnailUrl":"https:\/\/www.altominho.tv\/site\/wp-content\/uploads\/2019\/08\/Festival_Vilar_Mouros.jpg","datePublished":"2019-08-24T23:58:04+00:00","dateModified":"2019-08-25T01:43:12+00:00","author":{"@id":"https:\/\/www.altominho.tv\/site\/#\/schema\/person\/63f693da3e1899361cbe955c46f3232e"},"breadcrumb":{"@id":"https:\/\/www.altominho.tv\/site\/2019\/08\/25\/festival-edp-vilar-de-mouros-ultrapassou-expetativas-e-regressa-em-2020\/#breadcrumb"},"inLanguage":"pt-PT","potentialAction":[{"@type":"ReadAction","target":["https:\/\/www.altominho.tv\/site\/2019\/08\/25\/festival-edp-vilar-de-mouros-ultrapassou-expetativas-e-regressa-em-2020\/"]}]},{"@type":"ImageObject","inLanguage":"pt-PT","@id":"https:\/\/www.altominho.tv\/site\/2019\/08\/25\/festival-edp-vilar-de-mouros-ultrapassou-expetativas-e-regressa-em-2020\/#primaryimage","url":"https:\/\/www.altominho.tv\/site\/wp-content\/uploads\/2019\/08\/Festival_Vilar_Mouros.jpg","contentUrl":"https:\/\/www.altominho.tv\/site\/wp-content\/uploads\/2019\/08\/Festival_Vilar_Mouros.jpg","width":1078,"height":778,"caption":"Lu\u00eds Valadares"},{"@type":"BreadcrumbList","@id":"https:\/\/www.altominho.tv\/site\/2019\/08\/25\/festival-edp-vilar-de-mouros-ultrapassou-expetativas-e-regressa-em-2020\/#breadcrumb","itemListElement":[{"@type":"ListItem","position":1,"name":"In\u00edcio","item":"https:\/\/www.altominho.tv\/site\/"},{"@type":"ListItem","position":2,"name":"Festival EDP Vilar de Mouros ultrapassou expetativas e regressa em 2020"}]},{"@type":"WebSite","@id":"https:\/\/www.altominho.tv\/site\/#website","url":"https:\/\/www.altominho.tv\/site\/","name":"Altominho.tv","description":"A sua regi\u00e3o \u00e0 dist\u00e2ncia de um clique...","potentialAction":[{"@type":"SearchAction","target":{"@type":"EntryPoint","urlTemplate":"https:\/\/www.altominho.tv\/site\/?s={search_term_string}"},"query-input":{"@type":"PropertyValueSpecification","valueRequired":true,"valueName":"search_term_string"}}],"inLanguage":"pt-PT"},{"@type":"Person","@id":"https:\/\/www.altominho.tv\/site\/#\/schema\/person\/63f693da3e1899361cbe955c46f3232e","name":"Lusa","image":{"@type":"ImageObject","inLanguage":"pt-PT","@id":"https:\/\/www.altominho.tv\/site\/wp-content\/uploads\/2019\/08\/LUSA_Logo.gif","url":"https:\/\/www.altominho.tv\/site\/wp-content\/uploads\/2019\/08\/LUSA_Logo.gif","contentUrl":"https:\/\/www.altominho.tv\/site\/wp-content\/uploads\/2019\/08\/LUSA_Logo.gif","caption":"Lusa"},"sameAs":["http:\/\/\/\/www.altominho.tv\/site"],"url":"https:\/\/www.altominho.tv\/site\/author\/lusa\/"}]}},"_links":{"self":[{"href":"https:\/\/www.altominho.tv\/site\/wp-json\/wp\/v2\/posts\/33196","targetHints":{"allow":["GET"]}}],"collection":[{"href":"https:\/\/www.altominho.tv\/site\/wp-json\/wp\/v2\/posts"}],"about":[{"href":"https:\/\/www.altominho.tv\/site\/wp-json\/wp\/v2\/types\/post"}],"author":[{"embeddable":true,"href":"https:\/\/www.altominho.tv\/site\/wp-json\/wp\/v2\/users\/13"}],"replies":[{"embeddable":true,"href":"https:\/\/www.altominho.tv\/site\/wp-json\/wp\/v2\/comments?post=33196"}],"version-history":[{"count":0,"href":"https:\/\/www.altominho.tv\/site\/wp-json\/wp\/v2\/posts\/33196\/revisions"}],"wp:featuredmedia":[{"embeddable":true,"href":"https:\/\/www.altominho.tv\/site\/wp-json\/wp\/v2\/media\/33198"}],"wp:attachment":[{"href":"https:\/\/www.altominho.tv\/site\/wp-json\/wp\/v2\/media?parent=33196"}],"wp:term":[{"taxonomy":"category","embeddable":true,"href":"https:\/\/www.altominho.tv\/site\/wp-json\/wp\/v2\/categories?post=33196"},{"taxonomy":"post_tag","embeddable":true,"href":"https:\/\/www.altominho.tv\/site\/wp-json\/wp\/v2\/tags?post=33196"}],"curies":[{"name":"wp","href":"https:\/\/api.w.org\/{rel}","templated":true}]}}