{"id":33138,"date":"2019-08-23T18:08:24","date_gmt":"2019-08-23T17:08:24","guid":{"rendered":"http:\/\/www.altominho.tv\/site\/?p=33138"},"modified":"2019-08-23T18:22:19","modified_gmt":"2019-08-23T17:22:19","slug":"candidatos-pelo-ps-por-viana-do-castelo-ja-oficializaram-a-candidatura","status":"publish","type":"post","link":"https:\/\/www.altominho.tv\/site\/2019\/08\/23\/candidatos-pelo-ps-por-viana-do-castelo-ja-oficializaram-a-candidatura\/","title":{"rendered":"Candidatos do PS por Viana do Castelo j\u00e1 oficializaram a candidatura"},"content":{"rendered":"\n<p>Os candidatos pelo Partido Socialista \u00e0s elei\u00e7\u00f5es legislativas do dia 6 de outubro, oficializaram na quarta-feira a sua candidatura.<\/p>\n\n\n\n<p>A entrega da lista no Pal\u00e1cio da Justi\u00e7a de Viana do Castelo foi um momento marcado &#8220;pela confian\u00e7a na vit\u00f3ria nas elei\u00e7\u00f5es que se avizinham, pontuado pela boa disposi\u00e7\u00e3o da mandat\u00e1ria distrital, Manuela Machado, e pela alegria dos candidatos, acompanhados pelo Presidente da Federa\u00e7\u00e3o Distrital do PS, Miguel Alves&#8221;.<\/p>\n\n\n\n<p>Para Tiago Brand\u00e3o Rodrigues, \u201c<em>agora \u00e9 hora de meter m\u00e3os \u00e0 obra e apresentar as nossas propostas aos Alto Minhotos, depois de um mandato em que cumprimos as promessas que fizemos h\u00e1 quatro anos\u00a0<\/em>\u201d. <\/p>\n\n\n\n<p>Aos 42 anos, o cientista courense volta a liderar os candidatos pelo C\u00edrculo Eleitoral de Viana do Castelo.<\/p>\n\n\n\n<p>A lista do PS &#8220;combina experi\u00eancia e juventude&#8221;, sendo constitu\u00edda maioritariamente por mulheres. <\/p>\n\n\n\n<p>A n\u00famero 2 da lista \u00e9 Marina Gon\u00e7alves, uma jovem jurista de Caminha, com experi\u00eancia aut\u00e1rquica e parlamentar, a que junta a responsabilidade de chefiar o Gabinete do atual Ministro das Infraestruturas.<\/p>\n\n\n\n<p>O terceiro lugar \u00e9 ocupado por Anabela Rodrigues, psic\u00f3loga de 46 anos, vereadora da C\u00e2mara Municipal de Valen\u00e7a. <\/p>\n\n\n\n<p>O quarto lugar da lista de Viana do Castelo pertence ao hist\u00f3rico Jos\u00e9 Manuel Carpinteira, atual deputado e antigo Presidente da C\u00e2mara Municipal de Vila Nova de Cerveira.\u00a0<\/p>\n\n\n\n<p>Segue-se S\u00edlvia Torres, vereadora da C\u00e2mara Municipal de Ponte da Barca com 40 anos, professora na EPRALIMA. <\/p>\n\n\n\n<p>A fechar a lista de efetivos, Dora Brand\u00e3o, advogada, vereadora na C\u00e2mara Municipal dos Arcos de Valdevez e Presidente do Departamento das Mulheres Socialistas do Alto Minho, que junta \u00e0 sua experi\u00eancia pol\u00edtica o ativismo c\u00edvico e na \u00e1rea social, com destaque para o apoio \u00e0s pessoas com defici\u00eancia.<\/p>\n\n\n\n<p>A lista conta ainda com Manuel Lu\u00eds Gon\u00e7alves, 41 anos, advogado, Bruno Guimar\u00e3es, 24 anos, gestor empresarial e autarca na freguesia de Vila de Punhe, concelho de Viana do Castelo, Sandra Vieites, 43 anos, professora oriunda de Mon\u00e7\u00e3o, Elizabete Rodrigues, 40 anos, tamb\u00e9m professora, residente em Paredes de Coura e Jo\u00e3o Sim\u00f5es, 31 anos, que combina o exerc\u00edcio da sua atividade de m\u00e9dico com a milit\u00e2ncia pol\u00edtica na defesa dos seus amados Arcos de Valdevez.<\/p>\n\n\n\n<p>Para Miguel Alves, \u201c<em>esta lista garante ao Alto Minho uma representa\u00e7\u00e3o parlamentar de grande qualidade, que mistura o entusiasmo da gente nova com um profundo conhecimento do terreno, tanto a n\u00edvel nacional com nas autarquias do nosso distrito\u201d<\/em>.<\/p>\n\n\n\n<p>J\u00e1 Manuela Machado afirmou estar \u201c<em>honrada com a confian\u00e7a do PS e desta boa gente e empenhada em conseguir mais esta vit\u00f3ria na minha vida<\/em>\u201d.<\/p>\n","protected":false},"excerpt":{"rendered":"<p>Os candidatos pelo Partido Socialista \u00e0s elei\u00e7\u00f5es legislativas do dia 6 de outubro, oficializaram na quarta-feira a sua candidatura. A entrega da lista no Pal\u00e1cio da Justi\u00e7a de Viana do Castelo foi um momento marcado &#8220;pela confian\u00e7a na vit\u00f3ria nas elei\u00e7\u00f5es que se avizinham, pontuado pela boa disposi\u00e7\u00e3o da mandat\u00e1ria distrital, Manuela Machado, e pela [&hellip;]<\/p>\n","protected":false},"author":7,"featured_media":33147,"comment_status":"closed","ping_status":"closed","sticky":false,"template":"","format":"standard","meta":{"_exactmetrics_skip_tracking":false,"_exactmetrics_sitenote_active":false,"_exactmetrics_sitenote_note":"","_exactmetrics_sitenote_category":0,"footnotes":""},"categories":[73],"tags":[27],"class_list":["post-33138","post","type-post","status-publish","format-standard","has-post-thumbnail","hentry","category-alto-minho","tag-sociedade"],"yoast_head":"<!-- This site is optimized with the Yoast SEO Premium plugin v27.4 (Yoast SEO v27.4) - https:\/\/yoast.com\/product\/yoast-seo-premium-wordpress\/ -->\n<title>Candidatos do PS por Viana do Castelo j\u00e1 oficializaram a candidatura<\/title>\n<meta name=\"robots\" content=\"index, follow, max-snippet:-1, max-image-preview:large, max-video-preview:-1\" \/>\n<link rel=\"canonical\" href=\"https:\/\/www.altominho.tv\/site\/2019\/08\/23\/candidatos-pelo-ps-por-viana-do-castelo-ja-oficializaram-a-candidatura\/\" \/>\n<meta property=\"og:locale\" content=\"pt_PT\" \/>\n<meta property=\"og:type\" content=\"article\" \/>\n<meta property=\"og:title\" content=\"Candidatos do PS por Viana do Castelo j\u00e1 oficializaram a candidatura\" \/>\n<meta property=\"og:description\" content=\"Os candidatos pelo Partido Socialista \u00e0s elei\u00e7\u00f5es legislativas do dia 6 de outubro, oficializaram na quarta-feira a sua candidatura. A entrega da lista no Pal\u00e1cio da Justi\u00e7a de Viana do Castelo foi um momento marcado &#8220;pela confian\u00e7a na vit\u00f3ria nas elei\u00e7\u00f5es que se avizinham, pontuado pela boa disposi\u00e7\u00e3o da mandat\u00e1ria distrital, Manuela Machado, e pela [&hellip;]\" \/>\n<meta property=\"og:url\" content=\"https:\/\/www.altominho.tv\/site\/2019\/08\/23\/candidatos-pelo-ps-por-viana-do-castelo-ja-oficializaram-a-candidatura\/\" \/>\n<meta property=\"og:site_name\" content=\"Altominho.tv\" \/>\n<meta property=\"article:publisher\" content=\"https:\/\/www.facebook.com\/altominhotv\" \/>\n<meta property=\"article:published_time\" content=\"2019-08-23T17:08:24+00:00\" \/>\n<meta property=\"article:modified_time\" content=\"2019-08-23T17:22:19+00:00\" \/>\n<meta property=\"og:image\" content=\"https:\/\/www.altominho.tv\/site\/wp-content\/uploads\/2019\/08\/cropped-candidatos-1.jpg\" \/>\n\t<meta property=\"og:image:width\" content=\"1000\" \/>\n\t<meta property=\"og:image:height\" content=\"562\" \/>\n\t<meta property=\"og:image:type\" content=\"image\/jpeg\" \/>\n<meta name=\"author\" content=\"Andreia Cunha\" \/>\n<meta name=\"twitter:card\" content=\"summary_large_image\" \/>\n<meta name=\"twitter:creator\" content=\"@altominhoTV\" \/>\n<meta name=\"twitter:site\" content=\"@altominhoTV\" \/>\n<meta name=\"twitter:label1\" content=\"Escrito por\" \/>\n\t<meta name=\"twitter:data1\" content=\"Andreia Cunha\" \/>\n\t<meta name=\"twitter:label2\" content=\"Tempo estimado de leitura\" \/>\n\t<meta name=\"twitter:data2\" content=\"2 minutos\" \/>\n<script type=\"application\/ld+json\" class=\"yoast-schema-graph\">{\"@context\":\"https:\\\/\\\/schema.org\",\"@graph\":[{\"@type\":\"Article\",\"@id\":\"https:\\\/\\\/www.altominho.tv\\\/site\\\/2019\\\/08\\\/23\\\/candidatos-pelo-ps-por-viana-do-castelo-ja-oficializaram-a-candidatura\\\/#article\",\"isPartOf\":{\"@id\":\"https:\\\/\\\/www.altominho.tv\\\/site\\\/2019\\\/08\\\/23\\\/candidatos-pelo-ps-por-viana-do-castelo-ja-oficializaram-a-candidatura\\\/\"},\"author\":{\"name\":\"Andreia Cunha\",\"@id\":\"https:\\\/\\\/www.altominho.tv\\\/site\\\/#\\\/schema\\\/person\\\/a0e4ef6d041f98ca284393d8f1d97153\"},\"headline\":\"Candidatos do PS por Viana do Castelo j\u00e1 oficializaram a candidatura\",\"datePublished\":\"2019-08-23T17:08:24+00:00\",\"dateModified\":\"2019-08-23T17:22:19+00:00\",\"mainEntityOfPage\":{\"@id\":\"https:\\\/\\\/www.altominho.tv\\\/site\\\/2019\\\/08\\\/23\\\/candidatos-pelo-ps-por-viana-do-castelo-ja-oficializaram-a-candidatura\\\/\"},\"wordCount\":457,\"image\":{\"@id\":\"https:\\\/\\\/www.altominho.tv\\\/site\\\/2019\\\/08\\\/23\\\/candidatos-pelo-ps-por-viana-do-castelo-ja-oficializaram-a-candidatura\\\/#primaryimage\"},\"thumbnailUrl\":\"https:\\\/\\\/www.altominho.tv\\\/site\\\/wp-content\\\/uploads\\\/2019\\\/08\\\/cropped-candidatos-1.jpg\",\"keywords\":[\"Sociedade\"],\"articleSection\":[\"Alto Minho\"],\"inLanguage\":\"pt-PT\",\"copyrightYear\":\"2019\",\"copyrightHolder\":{\"@id\":\"https:\\\/\\\/www.altominho.tv\\\/site\\\/#organization\"}},{\"@type\":\"WebPage\",\"@id\":\"https:\\\/\\\/www.altominho.tv\\\/site\\\/2019\\\/08\\\/23\\\/candidatos-pelo-ps-por-viana-do-castelo-ja-oficializaram-a-candidatura\\\/\",\"url\":\"https:\\\/\\\/www.altominho.tv\\\/site\\\/2019\\\/08\\\/23\\\/candidatos-pelo-ps-por-viana-do-castelo-ja-oficializaram-a-candidatura\\\/\",\"name\":\"Candidatos do PS por Viana do Castelo j\u00e1 oficializaram a candidatura\",\"isPartOf\":{\"@id\":\"https:\\\/\\\/www.altominho.tv\\\/site\\\/#website\"},\"primaryImageOfPage\":{\"@id\":\"https:\\\/\\\/www.altominho.tv\\\/site\\\/2019\\\/08\\\/23\\\/candidatos-pelo-ps-por-viana-do-castelo-ja-oficializaram-a-candidatura\\\/#primaryimage\"},\"image\":{\"@id\":\"https:\\\/\\\/www.altominho.tv\\\/site\\\/2019\\\/08\\\/23\\\/candidatos-pelo-ps-por-viana-do-castelo-ja-oficializaram-a-candidatura\\\/#primaryimage\"},\"thumbnailUrl\":\"https:\\\/\\\/www.altominho.tv\\\/site\\\/wp-content\\\/uploads\\\/2019\\\/08\\\/cropped-candidatos-1.jpg\",\"datePublished\":\"2019-08-23T17:08:24+00:00\",\"dateModified\":\"2019-08-23T17:22:19+00:00\",\"author\":{\"@id\":\"https:\\\/\\\/www.altominho.tv\\\/site\\\/#\\\/schema\\\/person\\\/a0e4ef6d041f98ca284393d8f1d97153\"},\"breadcrumb\":{\"@id\":\"https:\\\/\\\/www.altominho.tv\\\/site\\\/2019\\\/08\\\/23\\\/candidatos-pelo-ps-por-viana-do-castelo-ja-oficializaram-a-candidatura\\\/#breadcrumb\"},\"inLanguage\":\"pt-PT\",\"potentialAction\":[{\"@type\":\"ReadAction\",\"target\":[\"https:\\\/\\\/www.altominho.tv\\\/site\\\/2019\\\/08\\\/23\\\/candidatos-pelo-ps-por-viana-do-castelo-ja-oficializaram-a-candidatura\\\/\"]}]},{\"@type\":\"ImageObject\",\"inLanguage\":\"pt-PT\",\"@id\":\"https:\\\/\\\/www.altominho.tv\\\/site\\\/2019\\\/08\\\/23\\\/candidatos-pelo-ps-por-viana-do-castelo-ja-oficializaram-a-candidatura\\\/#primaryimage\",\"url\":\"https:\\\/\\\/www.altominho.tv\\\/site\\\/wp-content\\\/uploads\\\/2019\\\/08\\\/cropped-candidatos-1.jpg\",\"contentUrl\":\"https:\\\/\\\/www.altominho.tv\\\/site\\\/wp-content\\\/uploads\\\/2019\\\/08\\\/cropped-candidatos-1.jpg\",\"width\":1000,\"height\":562},{\"@type\":\"BreadcrumbList\",\"@id\":\"https:\\\/\\\/www.altominho.tv\\\/site\\\/2019\\\/08\\\/23\\\/candidatos-pelo-ps-por-viana-do-castelo-ja-oficializaram-a-candidatura\\\/#breadcrumb\",\"itemListElement\":[{\"@type\":\"ListItem\",\"position\":1,\"name\":\"In\u00edcio\",\"item\":\"https:\\\/\\\/www.altominho.tv\\\/site\\\/\"},{\"@type\":\"ListItem\",\"position\":2,\"name\":\"Candidatos do PS por Viana do Castelo j\u00e1 oficializaram a candidatura\"}]},{\"@type\":\"WebSite\",\"@id\":\"https:\\\/\\\/www.altominho.tv\\\/site\\\/#website\",\"url\":\"https:\\\/\\\/www.altominho.tv\\\/site\\\/\",\"name\":\"Altominho.tv\",\"description\":\"A sua regi\u00e3o \u00e0 dist\u00e2ncia de um clique...\",\"potentialAction\":[{\"@type\":\"SearchAction\",\"target\":{\"@type\":\"EntryPoint\",\"urlTemplate\":\"https:\\\/\\\/www.altominho.tv\\\/site\\\/?s={search_term_string}\"},\"query-input\":{\"@type\":\"PropertyValueSpecification\",\"valueRequired\":true,\"valueName\":\"search_term_string\"}}],\"inLanguage\":\"pt-PT\"},{\"@type\":\"Person\",\"@id\":\"https:\\\/\\\/www.altominho.tv\\\/site\\\/#\\\/schema\\\/person\\\/a0e4ef6d041f98ca284393d8f1d97153\",\"name\":\"Andreia Cunha\",\"image\":{\"@type\":\"ImageObject\",\"inLanguage\":\"pt-PT\",\"@id\":\"https:\\\/\\\/www.altominho.tv\\\/site\\\/wp-content\\\/uploads\\\/2017\\\/11\\\/Andreia_Cunha-1-150x150.jpg\",\"url\":\"https:\\\/\\\/www.altominho.tv\\\/site\\\/wp-content\\\/uploads\\\/2017\\\/11\\\/Andreia_Cunha-1-150x150.jpg\",\"contentUrl\":\"https:\\\/\\\/www.altominho.tv\\\/site\\\/wp-content\\\/uploads\\\/2017\\\/11\\\/Andreia_Cunha-1-150x150.jpg\",\"caption\":\"Andreia Cunha\"},\"url\":\"https:\\\/\\\/www.altominho.tv\\\/site\\\/author\\\/andreiacunha\\\/\"}]}<\/script>\n<!-- \/ Yoast SEO Premium plugin. -->","yoast_head_json":{"title":"Candidatos do PS por Viana do Castelo j\u00e1 oficializaram a candidatura","robots":{"index":"index","follow":"follow","max-snippet":"max-snippet:-1","max-image-preview":"max-image-preview:large","max-video-preview":"max-video-preview:-1"},"canonical":"https:\/\/www.altominho.tv\/site\/2019\/08\/23\/candidatos-pelo-ps-por-viana-do-castelo-ja-oficializaram-a-candidatura\/","og_locale":"pt_PT","og_type":"article","og_title":"Candidatos do PS por Viana do Castelo j\u00e1 oficializaram a candidatura","og_description":"Os candidatos pelo Partido Socialista \u00e0s elei\u00e7\u00f5es legislativas do dia 6 de outubro, oficializaram na quarta-feira a sua candidatura. A entrega da lista no Pal\u00e1cio da Justi\u00e7a de Viana do Castelo foi um momento marcado &#8220;pela confian\u00e7a na vit\u00f3ria nas elei\u00e7\u00f5es que se avizinham, pontuado pela boa disposi\u00e7\u00e3o da mandat\u00e1ria distrital, Manuela Machado, e pela [&hellip;]","og_url":"https:\/\/www.altominho.tv\/site\/2019\/08\/23\/candidatos-pelo-ps-por-viana-do-castelo-ja-oficializaram-a-candidatura\/","og_site_name":"Altominho.tv","article_publisher":"https:\/\/www.facebook.com\/altominhotv","article_published_time":"2019-08-23T17:08:24+00:00","article_modified_time":"2019-08-23T17:22:19+00:00","og_image":[{"width":1000,"height":562,"url":"https:\/\/www.altominho.tv\/site\/wp-content\/uploads\/2019\/08\/cropped-candidatos-1.jpg","type":"image\/jpeg"}],"author":"Andreia Cunha","twitter_card":"summary_large_image","twitter_creator":"@altominhoTV","twitter_site":"@altominhoTV","twitter_misc":{"Escrito por":"Andreia Cunha","Tempo estimado de leitura":"2 minutos"},"schema":{"@context":"https:\/\/schema.org","@graph":[{"@type":"Article","@id":"https:\/\/www.altominho.tv\/site\/2019\/08\/23\/candidatos-pelo-ps-por-viana-do-castelo-ja-oficializaram-a-candidatura\/#article","isPartOf":{"@id":"https:\/\/www.altominho.tv\/site\/2019\/08\/23\/candidatos-pelo-ps-por-viana-do-castelo-ja-oficializaram-a-candidatura\/"},"author":{"name":"Andreia Cunha","@id":"https:\/\/www.altominho.tv\/site\/#\/schema\/person\/a0e4ef6d041f98ca284393d8f1d97153"},"headline":"Candidatos do PS por Viana do Castelo j\u00e1 oficializaram a candidatura","datePublished":"2019-08-23T17:08:24+00:00","dateModified":"2019-08-23T17:22:19+00:00","mainEntityOfPage":{"@id":"https:\/\/www.altominho.tv\/site\/2019\/08\/23\/candidatos-pelo-ps-por-viana-do-castelo-ja-oficializaram-a-candidatura\/"},"wordCount":457,"image":{"@id":"https:\/\/www.altominho.tv\/site\/2019\/08\/23\/candidatos-pelo-ps-por-viana-do-castelo-ja-oficializaram-a-candidatura\/#primaryimage"},"thumbnailUrl":"https:\/\/www.altominho.tv\/site\/wp-content\/uploads\/2019\/08\/cropped-candidatos-1.jpg","keywords":["Sociedade"],"articleSection":["Alto Minho"],"inLanguage":"pt-PT","copyrightYear":"2019","copyrightHolder":{"@id":"https:\/\/www.altominho.tv\/site\/#organization"}},{"@type":"WebPage","@id":"https:\/\/www.altominho.tv\/site\/2019\/08\/23\/candidatos-pelo-ps-por-viana-do-castelo-ja-oficializaram-a-candidatura\/","url":"https:\/\/www.altominho.tv\/site\/2019\/08\/23\/candidatos-pelo-ps-por-viana-do-castelo-ja-oficializaram-a-candidatura\/","name":"Candidatos do PS por Viana do Castelo j\u00e1 oficializaram a candidatura","isPartOf":{"@id":"https:\/\/www.altominho.tv\/site\/#website"},"primaryImageOfPage":{"@id":"https:\/\/www.altominho.tv\/site\/2019\/08\/23\/candidatos-pelo-ps-por-viana-do-castelo-ja-oficializaram-a-candidatura\/#primaryimage"},"image":{"@id":"https:\/\/www.altominho.tv\/site\/2019\/08\/23\/candidatos-pelo-ps-por-viana-do-castelo-ja-oficializaram-a-candidatura\/#primaryimage"},"thumbnailUrl":"https:\/\/www.altominho.tv\/site\/wp-content\/uploads\/2019\/08\/cropped-candidatos-1.jpg","datePublished":"2019-08-23T17:08:24+00:00","dateModified":"2019-08-23T17:22:19+00:00","author":{"@id":"https:\/\/www.altominho.tv\/site\/#\/schema\/person\/a0e4ef6d041f98ca284393d8f1d97153"},"breadcrumb":{"@id":"https:\/\/www.altominho.tv\/site\/2019\/08\/23\/candidatos-pelo-ps-por-viana-do-castelo-ja-oficializaram-a-candidatura\/#breadcrumb"},"inLanguage":"pt-PT","potentialAction":[{"@type":"ReadAction","target":["https:\/\/www.altominho.tv\/site\/2019\/08\/23\/candidatos-pelo-ps-por-viana-do-castelo-ja-oficializaram-a-candidatura\/"]}]},{"@type":"ImageObject","inLanguage":"pt-PT","@id":"https:\/\/www.altominho.tv\/site\/2019\/08\/23\/candidatos-pelo-ps-por-viana-do-castelo-ja-oficializaram-a-candidatura\/#primaryimage","url":"https:\/\/www.altominho.tv\/site\/wp-content\/uploads\/2019\/08\/cropped-candidatos-1.jpg","contentUrl":"https:\/\/www.altominho.tv\/site\/wp-content\/uploads\/2019\/08\/cropped-candidatos-1.jpg","width":1000,"height":562},{"@type":"BreadcrumbList","@id":"https:\/\/www.altominho.tv\/site\/2019\/08\/23\/candidatos-pelo-ps-por-viana-do-castelo-ja-oficializaram-a-candidatura\/#breadcrumb","itemListElement":[{"@type":"ListItem","position":1,"name":"In\u00edcio","item":"https:\/\/www.altominho.tv\/site\/"},{"@type":"ListItem","position":2,"name":"Candidatos do PS por Viana do Castelo j\u00e1 oficializaram a candidatura"}]},{"@type":"WebSite","@id":"https:\/\/www.altominho.tv\/site\/#website","url":"https:\/\/www.altominho.tv\/site\/","name":"Altominho.tv","description":"A sua regi\u00e3o \u00e0 dist\u00e2ncia de um clique...","potentialAction":[{"@type":"SearchAction","target":{"@type":"EntryPoint","urlTemplate":"https:\/\/www.altominho.tv\/site\/?s={search_term_string}"},"query-input":{"@type":"PropertyValueSpecification","valueRequired":true,"valueName":"search_term_string"}}],"inLanguage":"pt-PT"},{"@type":"Person","@id":"https:\/\/www.altominho.tv\/site\/#\/schema\/person\/a0e4ef6d041f98ca284393d8f1d97153","name":"Andreia Cunha","image":{"@type":"ImageObject","inLanguage":"pt-PT","@id":"https:\/\/www.altominho.tv\/site\/wp-content\/uploads\/2017\/11\/Andreia_Cunha-1-150x150.jpg","url":"https:\/\/www.altominho.tv\/site\/wp-content\/uploads\/2017\/11\/Andreia_Cunha-1-150x150.jpg","contentUrl":"https:\/\/www.altominho.tv\/site\/wp-content\/uploads\/2017\/11\/Andreia_Cunha-1-150x150.jpg","caption":"Andreia Cunha"},"url":"https:\/\/www.altominho.tv\/site\/author\/andreiacunha\/"}]}},"_links":{"self":[{"href":"https:\/\/www.altominho.tv\/site\/wp-json\/wp\/v2\/posts\/33138","targetHints":{"allow":["GET"]}}],"collection":[{"href":"https:\/\/www.altominho.tv\/site\/wp-json\/wp\/v2\/posts"}],"about":[{"href":"https:\/\/www.altominho.tv\/site\/wp-json\/wp\/v2\/types\/post"}],"author":[{"embeddable":true,"href":"https:\/\/www.altominho.tv\/site\/wp-json\/wp\/v2\/users\/7"}],"replies":[{"embeddable":true,"href":"https:\/\/www.altominho.tv\/site\/wp-json\/wp\/v2\/comments?post=33138"}],"version-history":[{"count":0,"href":"https:\/\/www.altominho.tv\/site\/wp-json\/wp\/v2\/posts\/33138\/revisions"}],"wp:featuredmedia":[{"embeddable":true,"href":"https:\/\/www.altominho.tv\/site\/wp-json\/wp\/v2\/media\/33147"}],"wp:attachment":[{"href":"https:\/\/www.altominho.tv\/site\/wp-json\/wp\/v2\/media?parent=33138"}],"wp:term":[{"taxonomy":"category","embeddable":true,"href":"https:\/\/www.altominho.tv\/site\/wp-json\/wp\/v2\/categories?post=33138"},{"taxonomy":"post_tag","embeddable":true,"href":"https:\/\/www.altominho.tv\/site\/wp-json\/wp\/v2\/tags?post=33138"}],"curies":[{"name":"wp","href":"https:\/\/api.w.org\/{rel}","templated":true}]}}