{"id":33115,"date":"2019-08-23T16:12:35","date_gmt":"2019-08-23T15:12:35","guid":{"rendered":"http:\/\/www.altominho.tv\/site\/?p=33115"},"modified":"2019-08-23T16:20:25","modified_gmt":"2019-08-23T15:20:25","slug":"segundo-dia-do-festival-vilar-de-mouros-viaja-desde-o-gotico-ao-punk","status":"publish","type":"post","link":"https:\/\/www.altominho.tv\/site\/2019\/08\/23\/segundo-dia-do-festival-vilar-de-mouros-viaja-desde-o-gotico-ao-punk\/","title":{"rendered":"Segundo dia do festival Vilar de Mouros viaja desde o g\u00f3tico ao punk"},"content":{"rendered":"<p>Longe v\u00e3o os tempos do apogeu para ambas as bandas, mas a legi\u00e3o de f\u00e3s portugueses conquistada pelos Skunk Anansie e The Offspring \u00e9 fiel, encorajada pelas performances ao vivo a que as bandas t\u00eam habituado sempre que pisam palcos portugueses, com novo encontro marcado para o final da noite.<\/p>\n<p>Os concertos come\u00e7am pelas 19:30, com o \u2018darkwave\u2019 g\u00f3tico dos holandeses Clan of Xymox a subir ao palco secund\u00e1rio para uma incurs\u00e3o pelos 16 \u00e1lbuns de est\u00fadio, a come\u00e7ar pelo hom\u00f3nimo, de 1985, e a terminar no mais recente \u201cDays of Black\u201d, de 2017, passando por temas como \u201cA Day\u201d, \u201cLouise\u201d, \u201cNo Words\u201d ou \u201cSomething Wrong\u201d.<\/p>\n<p>Uma hora depois, seguem-se os brit\u00e2nicos The House of Love, no mesmo palco, tamb\u00e9m eles da segunda metade dos anos 1980, haviam lan\u00e7ado cinco \u00e1lbuns entre 1988 e 1993, ano em que compositor, vocalista e guitarrista Guy Chadwick e o cofundador e guitarrista principal Terry Bickers se desentenderam e o grupo acabou por se separar.<\/p>\n<p>Os Nitzer Ebb abrem o palco principal no segundo dia de certame, pelas 21:40. A encerrar o palco secund\u00e1rio, surgem os ingleses Sister of Mercy, considerados pela cr\u00edtica um grupo de culto do \u2018rock\u2019 g\u00f3tico, apesar de n\u00e3o lan\u00e7arem qualquer trabalho desde 1993 e de contarem apenas com um membro do alinhamento inicial \u2013 o vocalista Andrew Eldritch.<\/p>\n<p>\u00c0s 00:00, a vocalista Skin e companhia sobem ao palco principal para novo concerto em Portugal, um espet\u00e1culo que, al\u00e9m de assinalar os 25 anos de exist\u00eancia, marca tamb\u00e9m o regresso dos Skunk Anansie a Vilar de Mouros, depois da presen\u00e7a em 2000, que a organiza\u00e7\u00e3o destacou como um dos momentos \u201cque ficaram na hist\u00f3ria do festival\u201d.<\/p>\n<p>Aos temas cl\u00e1ssicos como \u201cHedonism\u201d, \u201cBecause of You\u201d, \u201cCharlie Big Potato\u201d ou \u201cYou\u2019ll Follow Me Down\u201d, junta-se o novo \u2018single\u2019 da banda, \u201cWhat You Do For Love\u201d, lan\u00e7ado h\u00e1 pouco mais de um m\u00eas, e que perspetiva o primeiro trabalho da banda desde \u201cAnarchytecture\u201d, de 2016.<\/p>\n<p>Uma hora e 45 minutos depois, cabe aos The Offspring encerrarem o segundo dia do festival, na primeira apari\u00e7\u00e3o em Portugal desde 2012, quando atuaram para promover \u201cDays Go By\u201d desse mesmo ano.<\/p>\n<p>A fazer f\u00e9 no que t\u00eam sido os \u00faltimos alinhamentos do coletivo norte-americano, v\u00e3o oferecer ao p\u00fablico uma viagem pelos temas mais marcantes de uma carreira come\u00e7ada em 1984, mas que atingiu o pico \u2018mainstream\u2019 com \u201cSmash\u201d, de 1994, e desde a\u00ed marcou uma gera\u00e7\u00e3o de \u2018punk-rock\u2019, ao som de m\u00fasicas como \u201cSelf Esteem\u201d, \u201cWhy Don\u2019t You Get a Job\u201d ou \u201cOriginal Prankster\u201d.<\/p>\n<p>O <a href=\"\/\/www.altominho.tv\/site\/2019\/08\/21\/edp-vilar-de-mouros-esta-prestes-a-comecar\/\">festival Vilar de Mouros<\/a> encerra no s\u00e1bado com concertos de Prophets of Rage, Gogol Bordello, Gang of Four, Fischer-Z e ainda os portugueses Linda Martini e Jarojupe.<\/p>\n","protected":false},"excerpt":{"rendered":"<p>O segundo dia do festival Vilar de Mouros oferece hoje Skunk Anansie e The Offspring como destaques, num dia que conta ainda com os veteranos Sisters of Mercy, Clan of Xymox, Nitzer Ebb e The House of Love.<\/p>\n","protected":false},"author":1,"featured_media":33117,"comment_status":"closed","ping_status":"closed","sticky":false,"template":"","format":"standard","meta":{"_exactmetrics_skip_tracking":false,"_exactmetrics_sitenote_active":false,"_exactmetrics_sitenote_note":"","_exactmetrics_sitenote_category":0,"footnotes":""},"categories":[7],"tags":[24],"class_list":["post-33115","post","type-post","status-publish","format-standard","has-post-thumbnail","hentry","category-caminha","tag-lazer"],"yoast_head":"<!-- This site is optimized with the Yoast SEO Premium plugin v27.5 (Yoast SEO v27.5) - https:\/\/yoast.com\/product\/yoast-seo-premium-wordpress\/ -->\n<title>Segundo dia do festival Vilar de Mouros viaja desde o g\u00f3tico ao punk<\/title>\n<meta name=\"robots\" content=\"index, follow, max-snippet:-1, max-image-preview:large, max-video-preview:-1\" \/>\n<link rel=\"canonical\" href=\"https:\/\/www.altominho.tv\/site\/2019\/08\/23\/segundo-dia-do-festival-vilar-de-mouros-viaja-desde-o-gotico-ao-punk\/\" \/>\n<meta property=\"og:locale\" content=\"pt_PT\" \/>\n<meta property=\"og:type\" content=\"article\" \/>\n<meta property=\"og:title\" content=\"Segundo dia do festival Vilar de Mouros viaja desde o g\u00f3tico ao punk\" \/>\n<meta property=\"og:description\" content=\"O segundo dia do festival Vilar de Mouros oferece hoje Skunk Anansie e The Offspring como destaques, num dia que conta ainda com os veteranos Sisters of Mercy, Clan of Xymox, Nitzer Ebb e The House of Love.\" \/>\n<meta property=\"og:url\" content=\"https:\/\/www.altominho.tv\/site\/2019\/08\/23\/segundo-dia-do-festival-vilar-de-mouros-viaja-desde-o-gotico-ao-punk\/\" \/>\n<meta property=\"og:site_name\" content=\"Altominho.tv\" \/>\n<meta property=\"article:publisher\" content=\"https:\/\/www.facebook.com\/altominhotv\" \/>\n<meta property=\"article:published_time\" content=\"2019-08-23T15:12:35+00:00\" \/>\n<meta property=\"article:modified_time\" content=\"2019-08-23T15:20:25+00:00\" \/>\n<meta property=\"og:image\" content=\"https:\/\/www.altominho.tv\/site\/wp-content\/uploads\/2019\/08\/cropped-2Dia_VilarMouros.jpg\" \/>\n\t<meta property=\"og:image:width\" content=\"1598\" \/>\n\t<meta property=\"og:image:height\" content=\"899\" \/>\n\t<meta property=\"og:image:type\" content=\"image\/jpeg\" \/>\n<meta name=\"author\" content=\"Altominho.tv\" \/>\n<meta name=\"twitter:card\" content=\"summary_large_image\" \/>\n<meta name=\"twitter:creator\" content=\"@altominhoTV\" \/>\n<meta name=\"twitter:site\" content=\"@altominhoTV\" \/>\n<meta name=\"twitter:label1\" content=\"Escrito por\" \/>\n\t<meta name=\"twitter:data1\" content=\"Altominho.tv\" \/>\n\t<meta name=\"twitter:label2\" content=\"Tempo estimado de leitura\" \/>\n\t<meta name=\"twitter:data2\" content=\"2 minutos\" \/>\n<script type=\"application\/ld+json\" class=\"yoast-schema-graph\">{\"@context\":\"https:\\\/\\\/schema.org\",\"@graph\":[{\"@type\":\"Article\",\"@id\":\"https:\\\/\\\/www.altominho.tv\\\/site\\\/2019\\\/08\\\/23\\\/segundo-dia-do-festival-vilar-de-mouros-viaja-desde-o-gotico-ao-punk\\\/#article\",\"isPartOf\":{\"@id\":\"https:\\\/\\\/www.altominho.tv\\\/site\\\/2019\\\/08\\\/23\\\/segundo-dia-do-festival-vilar-de-mouros-viaja-desde-o-gotico-ao-punk\\\/\"},\"author\":{\"name\":\"Altominho.tv\",\"@id\":\"https:\\\/\\\/www.altominho.tv\\\/site\\\/#\\\/schema\\\/person\\\/4e536851627d7914baf3dac752b6af22\"},\"headline\":\"Segundo dia do festival Vilar de Mouros viaja desde o g\u00f3tico ao punk\",\"datePublished\":\"2019-08-23T15:12:35+00:00\",\"dateModified\":\"2019-08-23T15:20:25+00:00\",\"mainEntityOfPage\":{\"@id\":\"https:\\\/\\\/www.altominho.tv\\\/site\\\/2019\\\/08\\\/23\\\/segundo-dia-do-festival-vilar-de-mouros-viaja-desde-o-gotico-ao-punk\\\/\"},\"wordCount\":480,\"image\":{\"@id\":\"https:\\\/\\\/www.altominho.tv\\\/site\\\/2019\\\/08\\\/23\\\/segundo-dia-do-festival-vilar-de-mouros-viaja-desde-o-gotico-ao-punk\\\/#primaryimage\"},\"thumbnailUrl\":\"https:\\\/\\\/www.altominho.tv\\\/site\\\/wp-content\\\/uploads\\\/2019\\\/08\\\/cropped-2Dia_VilarMouros.jpg\",\"keywords\":[\"Lazer\"],\"articleSection\":[\"Caminha\"],\"inLanguage\":\"pt-PT\",\"copyrightYear\":\"2019\",\"copyrightHolder\":{\"@id\":\"https:\\\/\\\/www.altominho.tv\\\/site\\\/#organization\"}},{\"@type\":\"WebPage\",\"@id\":\"https:\\\/\\\/www.altominho.tv\\\/site\\\/2019\\\/08\\\/23\\\/segundo-dia-do-festival-vilar-de-mouros-viaja-desde-o-gotico-ao-punk\\\/\",\"url\":\"https:\\\/\\\/www.altominho.tv\\\/site\\\/2019\\\/08\\\/23\\\/segundo-dia-do-festival-vilar-de-mouros-viaja-desde-o-gotico-ao-punk\\\/\",\"name\":\"Segundo dia do festival Vilar de Mouros viaja desde o g\u00f3tico ao punk\",\"isPartOf\":{\"@id\":\"https:\\\/\\\/www.altominho.tv\\\/site\\\/#website\"},\"primaryImageOfPage\":{\"@id\":\"https:\\\/\\\/www.altominho.tv\\\/site\\\/2019\\\/08\\\/23\\\/segundo-dia-do-festival-vilar-de-mouros-viaja-desde-o-gotico-ao-punk\\\/#primaryimage\"},\"image\":{\"@id\":\"https:\\\/\\\/www.altominho.tv\\\/site\\\/2019\\\/08\\\/23\\\/segundo-dia-do-festival-vilar-de-mouros-viaja-desde-o-gotico-ao-punk\\\/#primaryimage\"},\"thumbnailUrl\":\"https:\\\/\\\/www.altominho.tv\\\/site\\\/wp-content\\\/uploads\\\/2019\\\/08\\\/cropped-2Dia_VilarMouros.jpg\",\"datePublished\":\"2019-08-23T15:12:35+00:00\",\"dateModified\":\"2019-08-23T15:20:25+00:00\",\"author\":{\"@id\":\"https:\\\/\\\/www.altominho.tv\\\/site\\\/#\\\/schema\\\/person\\\/4e536851627d7914baf3dac752b6af22\"},\"breadcrumb\":{\"@id\":\"https:\\\/\\\/www.altominho.tv\\\/site\\\/2019\\\/08\\\/23\\\/segundo-dia-do-festival-vilar-de-mouros-viaja-desde-o-gotico-ao-punk\\\/#breadcrumb\"},\"inLanguage\":\"pt-PT\",\"potentialAction\":[{\"@type\":\"ReadAction\",\"target\":[\"https:\\\/\\\/www.altominho.tv\\\/site\\\/2019\\\/08\\\/23\\\/segundo-dia-do-festival-vilar-de-mouros-viaja-desde-o-gotico-ao-punk\\\/\"]}]},{\"@type\":\"ImageObject\",\"inLanguage\":\"pt-PT\",\"@id\":\"https:\\\/\\\/www.altominho.tv\\\/site\\\/2019\\\/08\\\/23\\\/segundo-dia-do-festival-vilar-de-mouros-viaja-desde-o-gotico-ao-punk\\\/#primaryimage\",\"url\":\"https:\\\/\\\/www.altominho.tv\\\/site\\\/wp-content\\\/uploads\\\/2019\\\/08\\\/cropped-2Dia_VilarMouros.jpg\",\"contentUrl\":\"https:\\\/\\\/www.altominho.tv\\\/site\\\/wp-content\\\/uploads\\\/2019\\\/08\\\/cropped-2Dia_VilarMouros.jpg\",\"width\":1598,\"height\":899},{\"@type\":\"BreadcrumbList\",\"@id\":\"https:\\\/\\\/www.altominho.tv\\\/site\\\/2019\\\/08\\\/23\\\/segundo-dia-do-festival-vilar-de-mouros-viaja-desde-o-gotico-ao-punk\\\/#breadcrumb\",\"itemListElement\":[{\"@type\":\"ListItem\",\"position\":1,\"name\":\"In\u00edcio\",\"item\":\"https:\\\/\\\/www.altominho.tv\\\/site\\\/\"},{\"@type\":\"ListItem\",\"position\":2,\"name\":\"Segundo dia do festival Vilar de Mouros viaja desde o g\u00f3tico ao punk\"}]},{\"@type\":\"WebSite\",\"@id\":\"https:\\\/\\\/www.altominho.tv\\\/site\\\/#website\",\"url\":\"https:\\\/\\\/www.altominho.tv\\\/site\\\/\",\"name\":\"Altominho.tv\",\"description\":\"A sua regi\u00e3o \u00e0 dist\u00e2ncia de um clique...\",\"potentialAction\":[{\"@type\":\"SearchAction\",\"target\":{\"@type\":\"EntryPoint\",\"urlTemplate\":\"https:\\\/\\\/www.altominho.tv\\\/site\\\/?s={search_term_string}\"},\"query-input\":{\"@type\":\"PropertyValueSpecification\",\"valueRequired\":true,\"valueName\":\"search_term_string\"}}],\"inLanguage\":\"pt-PT\"},{\"@type\":\"Person\",\"@id\":\"https:\\\/\\\/www.altominho.tv\\\/site\\\/#\\\/schema\\\/person\\\/4e536851627d7914baf3dac752b6af22\",\"name\":\"Altominho.tv\",\"image\":{\"@type\":\"ImageObject\",\"inLanguage\":\"pt-PT\",\"@id\":\"https:\\\/\\\/www.altominho.tv\\\/site\\\/wp-content\\\/uploads\\\/2019\\\/11\\\/Logo_Avatar_2-150x150.jpg\",\"url\":\"https:\\\/\\\/www.altominho.tv\\\/site\\\/wp-content\\\/uploads\\\/2019\\\/11\\\/Logo_Avatar_2-150x150.jpg\",\"contentUrl\":\"https:\\\/\\\/www.altominho.tv\\\/site\\\/wp-content\\\/uploads\\\/2019\\\/11\\\/Logo_Avatar_2-150x150.jpg\",\"caption\":\"Altominho.tv\"},\"url\":\"https:\\\/\\\/www.altominho.tv\\\/site\\\/author\\\/altominhotv-tecnico\\\/\"}]}<\/script>\n<!-- \/ Yoast SEO Premium plugin. -->","yoast_head_json":{"title":"Segundo dia do festival Vilar de Mouros viaja desde o g\u00f3tico ao punk","robots":{"index":"index","follow":"follow","max-snippet":"max-snippet:-1","max-image-preview":"max-image-preview:large","max-video-preview":"max-video-preview:-1"},"canonical":"https:\/\/www.altominho.tv\/site\/2019\/08\/23\/segundo-dia-do-festival-vilar-de-mouros-viaja-desde-o-gotico-ao-punk\/","og_locale":"pt_PT","og_type":"article","og_title":"Segundo dia do festival Vilar de Mouros viaja desde o g\u00f3tico ao punk","og_description":"O segundo dia do festival Vilar de Mouros oferece hoje Skunk Anansie e The Offspring como destaques, num dia que conta ainda com os veteranos Sisters of Mercy, Clan of Xymox, Nitzer Ebb e The House of Love.","og_url":"https:\/\/www.altominho.tv\/site\/2019\/08\/23\/segundo-dia-do-festival-vilar-de-mouros-viaja-desde-o-gotico-ao-punk\/","og_site_name":"Altominho.tv","article_publisher":"https:\/\/www.facebook.com\/altominhotv","article_published_time":"2019-08-23T15:12:35+00:00","article_modified_time":"2019-08-23T15:20:25+00:00","og_image":[{"width":1598,"height":899,"url":"https:\/\/www.altominho.tv\/site\/wp-content\/uploads\/2019\/08\/cropped-2Dia_VilarMouros.jpg","type":"image\/jpeg"}],"author":"Altominho.tv","twitter_card":"summary_large_image","twitter_creator":"@altominhoTV","twitter_site":"@altominhoTV","twitter_misc":{"Escrito por":"Altominho.tv","Tempo estimado de leitura":"2 minutos"},"schema":{"@context":"https:\/\/schema.org","@graph":[{"@type":"Article","@id":"https:\/\/www.altominho.tv\/site\/2019\/08\/23\/segundo-dia-do-festival-vilar-de-mouros-viaja-desde-o-gotico-ao-punk\/#article","isPartOf":{"@id":"https:\/\/www.altominho.tv\/site\/2019\/08\/23\/segundo-dia-do-festival-vilar-de-mouros-viaja-desde-o-gotico-ao-punk\/"},"author":{"name":"Altominho.tv","@id":"https:\/\/www.altominho.tv\/site\/#\/schema\/person\/4e536851627d7914baf3dac752b6af22"},"headline":"Segundo dia do festival Vilar de Mouros viaja desde o g\u00f3tico ao punk","datePublished":"2019-08-23T15:12:35+00:00","dateModified":"2019-08-23T15:20:25+00:00","mainEntityOfPage":{"@id":"https:\/\/www.altominho.tv\/site\/2019\/08\/23\/segundo-dia-do-festival-vilar-de-mouros-viaja-desde-o-gotico-ao-punk\/"},"wordCount":480,"image":{"@id":"https:\/\/www.altominho.tv\/site\/2019\/08\/23\/segundo-dia-do-festival-vilar-de-mouros-viaja-desde-o-gotico-ao-punk\/#primaryimage"},"thumbnailUrl":"https:\/\/www.altominho.tv\/site\/wp-content\/uploads\/2019\/08\/cropped-2Dia_VilarMouros.jpg","keywords":["Lazer"],"articleSection":["Caminha"],"inLanguage":"pt-PT","copyrightYear":"2019","copyrightHolder":{"@id":"https:\/\/www.altominho.tv\/site\/#organization"}},{"@type":"WebPage","@id":"https:\/\/www.altominho.tv\/site\/2019\/08\/23\/segundo-dia-do-festival-vilar-de-mouros-viaja-desde-o-gotico-ao-punk\/","url":"https:\/\/www.altominho.tv\/site\/2019\/08\/23\/segundo-dia-do-festival-vilar-de-mouros-viaja-desde-o-gotico-ao-punk\/","name":"Segundo dia do festival Vilar de Mouros viaja desde o g\u00f3tico ao punk","isPartOf":{"@id":"https:\/\/www.altominho.tv\/site\/#website"},"primaryImageOfPage":{"@id":"https:\/\/www.altominho.tv\/site\/2019\/08\/23\/segundo-dia-do-festival-vilar-de-mouros-viaja-desde-o-gotico-ao-punk\/#primaryimage"},"image":{"@id":"https:\/\/www.altominho.tv\/site\/2019\/08\/23\/segundo-dia-do-festival-vilar-de-mouros-viaja-desde-o-gotico-ao-punk\/#primaryimage"},"thumbnailUrl":"https:\/\/www.altominho.tv\/site\/wp-content\/uploads\/2019\/08\/cropped-2Dia_VilarMouros.jpg","datePublished":"2019-08-23T15:12:35+00:00","dateModified":"2019-08-23T15:20:25+00:00","author":{"@id":"https:\/\/www.altominho.tv\/site\/#\/schema\/person\/4e536851627d7914baf3dac752b6af22"},"breadcrumb":{"@id":"https:\/\/www.altominho.tv\/site\/2019\/08\/23\/segundo-dia-do-festival-vilar-de-mouros-viaja-desde-o-gotico-ao-punk\/#breadcrumb"},"inLanguage":"pt-PT","potentialAction":[{"@type":"ReadAction","target":["https:\/\/www.altominho.tv\/site\/2019\/08\/23\/segundo-dia-do-festival-vilar-de-mouros-viaja-desde-o-gotico-ao-punk\/"]}]},{"@type":"ImageObject","inLanguage":"pt-PT","@id":"https:\/\/www.altominho.tv\/site\/2019\/08\/23\/segundo-dia-do-festival-vilar-de-mouros-viaja-desde-o-gotico-ao-punk\/#primaryimage","url":"https:\/\/www.altominho.tv\/site\/wp-content\/uploads\/2019\/08\/cropped-2Dia_VilarMouros.jpg","contentUrl":"https:\/\/www.altominho.tv\/site\/wp-content\/uploads\/2019\/08\/cropped-2Dia_VilarMouros.jpg","width":1598,"height":899},{"@type":"BreadcrumbList","@id":"https:\/\/www.altominho.tv\/site\/2019\/08\/23\/segundo-dia-do-festival-vilar-de-mouros-viaja-desde-o-gotico-ao-punk\/#breadcrumb","itemListElement":[{"@type":"ListItem","position":1,"name":"In\u00edcio","item":"https:\/\/www.altominho.tv\/site\/"},{"@type":"ListItem","position":2,"name":"Segundo dia do festival Vilar de Mouros viaja desde o g\u00f3tico ao punk"}]},{"@type":"WebSite","@id":"https:\/\/www.altominho.tv\/site\/#website","url":"https:\/\/www.altominho.tv\/site\/","name":"Altominho.tv","description":"A sua regi\u00e3o \u00e0 dist\u00e2ncia de um clique...","potentialAction":[{"@type":"SearchAction","target":{"@type":"EntryPoint","urlTemplate":"https:\/\/www.altominho.tv\/site\/?s={search_term_string}"},"query-input":{"@type":"PropertyValueSpecification","valueRequired":true,"valueName":"search_term_string"}}],"inLanguage":"pt-PT"},{"@type":"Person","@id":"https:\/\/www.altominho.tv\/site\/#\/schema\/person\/4e536851627d7914baf3dac752b6af22","name":"Altominho.tv","image":{"@type":"ImageObject","inLanguage":"pt-PT","@id":"https:\/\/www.altominho.tv\/site\/wp-content\/uploads\/2019\/11\/Logo_Avatar_2-150x150.jpg","url":"https:\/\/www.altominho.tv\/site\/wp-content\/uploads\/2019\/11\/Logo_Avatar_2-150x150.jpg","contentUrl":"https:\/\/www.altominho.tv\/site\/wp-content\/uploads\/2019\/11\/Logo_Avatar_2-150x150.jpg","caption":"Altominho.tv"},"url":"https:\/\/www.altominho.tv\/site\/author\/altominhotv-tecnico\/"}]}},"_links":{"self":[{"href":"https:\/\/www.altominho.tv\/site\/wp-json\/wp\/v2\/posts\/33115","targetHints":{"allow":["GET"]}}],"collection":[{"href":"https:\/\/www.altominho.tv\/site\/wp-json\/wp\/v2\/posts"}],"about":[{"href":"https:\/\/www.altominho.tv\/site\/wp-json\/wp\/v2\/types\/post"}],"author":[{"embeddable":true,"href":"https:\/\/www.altominho.tv\/site\/wp-json\/wp\/v2\/users\/1"}],"replies":[{"embeddable":true,"href":"https:\/\/www.altominho.tv\/site\/wp-json\/wp\/v2\/comments?post=33115"}],"version-history":[{"count":0,"href":"https:\/\/www.altominho.tv\/site\/wp-json\/wp\/v2\/posts\/33115\/revisions"}],"wp:featuredmedia":[{"embeddable":true,"href":"https:\/\/www.altominho.tv\/site\/wp-json\/wp\/v2\/media\/33117"}],"wp:attachment":[{"href":"https:\/\/www.altominho.tv\/site\/wp-json\/wp\/v2\/media?parent=33115"}],"wp:term":[{"taxonomy":"category","embeddable":true,"href":"https:\/\/www.altominho.tv\/site\/wp-json\/wp\/v2\/categories?post=33115"},{"taxonomy":"post_tag","embeddable":true,"href":"https:\/\/www.altominho.tv\/site\/wp-json\/wp\/v2\/tags?post=33115"}],"curies":[{"name":"wp","href":"https:\/\/api.w.org\/{rel}","templated":true}]}}