{"id":33092,"date":"2019-08-23T12:38:20","date_gmt":"2019-08-23T11:38:20","guid":{"rendered":"http:\/\/www.altominho.tv\/site\/?p=33092"},"modified":"2019-08-23T12:43:20","modified_gmt":"2019-08-23T11:43:20","slug":"rodas-espontaneas-de-chula-e-cana-verde-devolvem-vira-aos-terreiros-do-alto-minho","status":"publish","type":"post","link":"https:\/\/www.altominho.tv\/site\/2019\/08\/23\/rodas-espontaneas-de-chula-e-cana-verde-devolvem-vira-aos-terreiros-do-alto-minho\/","title":{"rendered":"Rodas espont\u00e2neas de Chula e Cana Verde devolvem Vira aos terreiros do Alto Minho"},"content":{"rendered":"<p>Te\u00f3filo Cerqueira, m\u00fasico, de 65 anos, nascido em Ponte da Barca e criado em Arcos de Valdevez, emigrante v\u00e1rios anos, n\u00e3o dan\u00e7a folclore, mas gosta de observar as &#8220;rodas&#8221;.<\/p>\n<p>Todos os domingos, \u00e0 tarde, o &#8220;v\u00edcio&#8221; junta dezenas de pessoas em Arcos de Valdevez e Ponte da Barca. Em roda, ao som da concertina e do reco-reco, baila-se horas seguidas.<\/p>\n<p>N\u00e3o &#8220;interessa de quem partiu a ideia, quem a come\u00e7ou ou quando come\u00e7ou&#8221;, disse o m\u00fasico, destacando que o &#8220;importante \u00e9 que nasceu, informal, sem regras, e h\u00e1 j\u00e1 alguns anos que ocupa o lugar que lhe pertence, o terreiro&#8221;.<br \/>\nO movimento espont\u00e2neo fez ressurgir uma das mais antigas dan\u00e7as populares das aldeias do Alto Minho em centro urbano.<\/p>\n<p>Em Arcos de Valdevez, &#8220;no ver\u00e3o, dan\u00e7a-se \u00e0 sombra das t\u00edlias do Campo do Traslad\u00e1rio e, no inverno, numa tenda que a C\u00e2mara Municipal montou para abrigar o movimento&#8221;. A cerca de quatro quil\u00f3metros, em Ponte da Barca, o vira dan\u00e7ado em roda acontece no Largo do Curro, onde o munic\u00edpio tamb\u00e9m instalou uma tenda para &#8220;resguardar&#8221; os dan\u00e7arinos &#8220;do rigor do inverno minhoto&#8221;.<\/p>\n<p>Em Ponte da Barca, conta Te\u00f3filo, a faixa et\u00e1ria da &#8220;roda&#8221; muda com a Romaria de S\u00e3o Bartolomeu, a decorrer at\u00e9 domingo. Mas na sua g\u00e9nese &#8220;est\u00e3o, sempre, os emigrantes&#8221;.<\/p>\n<p>&#8220;Se durante o resto do ano as rodas integram, maioritariamente, ex-emigrantes entre os 40 e os 70 anos ou mais que bailam sem parar, durante as festas s\u00e3o, sobretudo, os jovens emigrantes, entre os quatro e os 30 anos, que fazem acontecer o folclore&#8221;, contou Te\u00f3filo Cerqueira.<\/p>\n<p>Te\u00f3filo n\u00e3o tem d\u00favidas em atribuir \u00e0queles conterr\u00e2neos um &#8220;papel decisivo&#8221; no ressurgimento do interesse pelas dan\u00e7as populares, legitimando algo que existia na regi\u00e3o e que se perdeu ap\u00f3s o 25 de Abril, quando a juventude passou a frequentar as discotecas, \u201cporque o rancho era opressivo&#8221;.<\/p>\n<p>Em Ponte da Barca, adiantou, &#8220;a impulsionadora das rodas \u00e9 uma senhora que nasceu no concelho, emigrou para Fran\u00e7a onde apanhou o v\u00edcio e deu nova vida ao folclore espont\u00e2neo&#8221;.<\/p>\n<blockquote><p>&nbsp;Quando emigravam, os pais, num esfor\u00e7o de proteger os filhos e filhas do que consideravam ser a decad\u00eancia e deprava\u00e7\u00e3o dos costumes das sociedades de acolhimento, fundaram sociedades, c\u00f3pias de casas do povo, onde os filhos pudessem estar protegidos. E ensinaram as dan\u00e7as. E aconteceu um milagre. As nossas festas e romarias enchem-se de gente nova e bonita a dan\u00e7ar como nunca se viu dan\u00e7ar&#8221;, explicou.<\/p><\/blockquote>\n<p>Se, refor\u00e7ou, &#8220;a romaria durar sete dias e sete noites, dan\u00e7am-se as sete noites sem parar num transe compar\u00e1vel ao exibido nas \u2018raves&#8217; de m\u00fasica eletr\u00f3nica&#8221;.<br \/>\n&#8220;Um sinal de que a roda veio para ficar passa pela maravilha de ver crian\u00e7as de sete, oito, dez anos a dan\u00e7arem como gente grande, como se lhes estivesse no sangue&#8221;, relatou.<\/p>\n<p>Te\u00f3filo Cerqueira lamenta que &#8220;o folclore do Alto Minho tenha sido muito maltratado&#8221;, at\u00e9 pela &#8220;falta de pesquisa e de subsequente valoriza\u00e7\u00e3o do impacto que teve na m\u00fasica \u00e0 escala mundial&#8221; e que &#8220;s\u00f3 agora esteja voltar ao lugar a que pertence, no terreiro, numa iniciativa urbana&#8221;.<\/p>\n<blockquote><p>&nbsp;A maior parte das pessoas v\u00ea-o como um exerc\u00edcio etnogr\u00e1fico, por vezes rid\u00edculo, com mulheres com saias grossas e meias de l\u00e3 a padecerem sob um sol inclemente, dan\u00e7ando r\u00edgidas e de bra\u00e7os erguidos, ao som de uma tocata amadora e de uma voz esgani\u00e7ada que irritaria os mais insens\u00edveis t\u00edmpanos. Os nossos ranchos folcl\u00f3ricos s\u00e3o talvez uma express\u00e3o da formaliza\u00e7\u00e3o, do institucionalizar um exerc\u00edcio que precisava de ser controlado&#8221;, referiu.<\/p><\/blockquote>\n<p>Atento ao fen\u00f3meno, Te\u00f3filo reconhece que &#8220;ainda vai demorar tempo&#8221; para o vira se transformar em tend\u00eancia, mas admite o &#8220;interesse&#8221; que come\u00e7a a despontar por esta forma espont\u00e2nea de conv\u00edvio urbano, desde que &#8220;sem regras&#8221;.<\/p>\n<p>&#8220;Tudo o que \u00e9 espont\u00e2neo n\u00e3o gosta de regras. Com imposi\u00e7\u00e3o de regras, as pessoas param de aderir. \u00c9 deixar o folclore acontecer, naturalmente, no terreiro&#8221;, acrescentou.<\/p>\n","protected":false},"excerpt":{"rendered":"<p>As &#8220;rodas&#8221; de Chula e Cana Verde que nas 52 semanas do ano se formam, espontaneamente, nas ruas de Arcos de Valdevez e Ponte da Barca devolveram o vira ao lugar onde nasceu, &#8220;no terreiro, bailado pelo povo&#8221;.<\/p>\n","protected":false},"author":13,"featured_media":33094,"comment_status":"closed","ping_status":"closed","sticky":false,"template":"","format":"standard","meta":{"_exactmetrics_skip_tracking":false,"_exactmetrics_sitenote_active":false,"_exactmetrics_sitenote_note":"","_exactmetrics_sitenote_category":0,"footnotes":""},"categories":[73],"tags":[19,24],"class_list":["post-33092","post","type-post","status-publish","format-standard","has-post-thumbnail","hentry","category-alto-minho","tag-cultura","tag-lazer"],"yoast_head":"<!-- This site is optimized with the Yoast SEO Premium plugin v27.4 (Yoast SEO v27.4) - https:\/\/yoast.com\/product\/yoast-seo-premium-wordpress\/ -->\n<title>Rodas espont\u00e2neas de Chula e Cana Verde devolvem Vira aos terreiros do Alto Minho<\/title>\n<meta name=\"robots\" content=\"index, follow, max-snippet:-1, max-image-preview:large, max-video-preview:-1\" \/>\n<link rel=\"canonical\" href=\"https:\/\/www.altominho.tv\/site\/2019\/08\/23\/rodas-espontaneas-de-chula-e-cana-verde-devolvem-vira-aos-terreiros-do-alto-minho\/\" \/>\n<meta property=\"og:locale\" content=\"pt_PT\" \/>\n<meta property=\"og:type\" content=\"article\" \/>\n<meta property=\"og:title\" content=\"Rodas espont\u00e2neas de Chula e Cana Verde devolvem Vira aos terreiros do Alto Minho\" \/>\n<meta property=\"og:description\" content=\"As &quot;rodas&quot; de Chula e Cana Verde que nas 52 semanas do ano se formam, espontaneamente, nas ruas de Arcos de Valdevez e Ponte da Barca devolveram o vira ao lugar onde nasceu, &quot;no terreiro, bailado pelo povo&quot;.\" \/>\n<meta property=\"og:url\" content=\"https:\/\/www.altominho.tv\/site\/2019\/08\/23\/rodas-espontaneas-de-chula-e-cana-verde-devolvem-vira-aos-terreiros-do-alto-minho\/\" \/>\n<meta property=\"og:site_name\" content=\"Altominho.tv\" \/>\n<meta property=\"article:publisher\" content=\"https:\/\/www.facebook.com\/altominhotv\" \/>\n<meta property=\"article:published_time\" content=\"2019-08-23T11:38:20+00:00\" \/>\n<meta property=\"article:modified_time\" content=\"2019-08-23T11:43:20+00:00\" \/>\n<meta property=\"og:image\" content=\"https:\/\/www.altominho.tv\/site\/wp-content\/uploads\/2019\/08\/cropped-Vira_Arcos_Capa.jpg\" \/>\n\t<meta property=\"og:image:width\" content=\"1600\" \/>\n\t<meta property=\"og:image:height\" content=\"900\" \/>\n\t<meta property=\"og:image:type\" content=\"image\/jpeg\" \/>\n<meta name=\"author\" content=\"Lusa\" \/>\n<meta name=\"twitter:card\" content=\"summary_large_image\" \/>\n<meta name=\"twitter:creator\" content=\"@altominhoTV\" \/>\n<meta name=\"twitter:site\" content=\"@altominhoTV\" \/>\n<meta name=\"twitter:label1\" content=\"Escrito por\" \/>\n\t<meta name=\"twitter:data1\" content=\"Lusa\" \/>\n\t<meta name=\"twitter:label2\" content=\"Tempo estimado de leitura\" \/>\n\t<meta name=\"twitter:data2\" content=\"4 minutos\" \/>\n<script type=\"application\/ld+json\" class=\"yoast-schema-graph\">{\"@context\":\"https:\\\/\\\/schema.org\",\"@graph\":[{\"@type\":\"Article\",\"@id\":\"https:\\\/\\\/www.altominho.tv\\\/site\\\/2019\\\/08\\\/23\\\/rodas-espontaneas-de-chula-e-cana-verde-devolvem-vira-aos-terreiros-do-alto-minho\\\/#article\",\"isPartOf\":{\"@id\":\"https:\\\/\\\/www.altominho.tv\\\/site\\\/2019\\\/08\\\/23\\\/rodas-espontaneas-de-chula-e-cana-verde-devolvem-vira-aos-terreiros-do-alto-minho\\\/\"},\"author\":{\"name\":\"Lusa\",\"@id\":\"https:\\\/\\\/www.altominho.tv\\\/site\\\/#\\\/schema\\\/person\\\/63f693da3e1899361cbe955c46f3232e\"},\"headline\":\"Rodas espont\u00e2neas de Chula e Cana Verde devolvem Vira aos terreiros do Alto Minho\",\"datePublished\":\"2019-08-23T11:38:20+00:00\",\"dateModified\":\"2019-08-23T11:43:20+00:00\",\"mainEntityOfPage\":{\"@id\":\"https:\\\/\\\/www.altominho.tv\\\/site\\\/2019\\\/08\\\/23\\\/rodas-espontaneas-de-chula-e-cana-verde-devolvem-vira-aos-terreiros-do-alto-minho\\\/\"},\"wordCount\":726,\"image\":{\"@id\":\"https:\\\/\\\/www.altominho.tv\\\/site\\\/2019\\\/08\\\/23\\\/rodas-espontaneas-de-chula-e-cana-verde-devolvem-vira-aos-terreiros-do-alto-minho\\\/#primaryimage\"},\"thumbnailUrl\":\"https:\\\/\\\/www.altominho.tv\\\/site\\\/wp-content\\\/uploads\\\/2019\\\/08\\\/cropped-Vira_Arcos_Capa.jpg\",\"keywords\":[\"Cultura\",\"Lazer\"],\"articleSection\":[\"Alto Minho\"],\"inLanguage\":\"pt-PT\",\"copyrightYear\":\"2019\",\"copyrightHolder\":{\"@id\":\"https:\\\/\\\/www.altominho.tv\\\/site\\\/#organization\"}},{\"@type\":\"WebPage\",\"@id\":\"https:\\\/\\\/www.altominho.tv\\\/site\\\/2019\\\/08\\\/23\\\/rodas-espontaneas-de-chula-e-cana-verde-devolvem-vira-aos-terreiros-do-alto-minho\\\/\",\"url\":\"https:\\\/\\\/www.altominho.tv\\\/site\\\/2019\\\/08\\\/23\\\/rodas-espontaneas-de-chula-e-cana-verde-devolvem-vira-aos-terreiros-do-alto-minho\\\/\",\"name\":\"Rodas espont\u00e2neas de Chula e Cana Verde devolvem Vira aos terreiros do Alto Minho\",\"isPartOf\":{\"@id\":\"https:\\\/\\\/www.altominho.tv\\\/site\\\/#website\"},\"primaryImageOfPage\":{\"@id\":\"https:\\\/\\\/www.altominho.tv\\\/site\\\/2019\\\/08\\\/23\\\/rodas-espontaneas-de-chula-e-cana-verde-devolvem-vira-aos-terreiros-do-alto-minho\\\/#primaryimage\"},\"image\":{\"@id\":\"https:\\\/\\\/www.altominho.tv\\\/site\\\/2019\\\/08\\\/23\\\/rodas-espontaneas-de-chula-e-cana-verde-devolvem-vira-aos-terreiros-do-alto-minho\\\/#primaryimage\"},\"thumbnailUrl\":\"https:\\\/\\\/www.altominho.tv\\\/site\\\/wp-content\\\/uploads\\\/2019\\\/08\\\/cropped-Vira_Arcos_Capa.jpg\",\"datePublished\":\"2019-08-23T11:38:20+00:00\",\"dateModified\":\"2019-08-23T11:43:20+00:00\",\"author\":{\"@id\":\"https:\\\/\\\/www.altominho.tv\\\/site\\\/#\\\/schema\\\/person\\\/63f693da3e1899361cbe955c46f3232e\"},\"breadcrumb\":{\"@id\":\"https:\\\/\\\/www.altominho.tv\\\/site\\\/2019\\\/08\\\/23\\\/rodas-espontaneas-de-chula-e-cana-verde-devolvem-vira-aos-terreiros-do-alto-minho\\\/#breadcrumb\"},\"inLanguage\":\"pt-PT\",\"potentialAction\":[{\"@type\":\"ReadAction\",\"target\":[\"https:\\\/\\\/www.altominho.tv\\\/site\\\/2019\\\/08\\\/23\\\/rodas-espontaneas-de-chula-e-cana-verde-devolvem-vira-aos-terreiros-do-alto-minho\\\/\"]}]},{\"@type\":\"ImageObject\",\"inLanguage\":\"pt-PT\",\"@id\":\"https:\\\/\\\/www.altominho.tv\\\/site\\\/2019\\\/08\\\/23\\\/rodas-espontaneas-de-chula-e-cana-verde-devolvem-vira-aos-terreiros-do-alto-minho\\\/#primaryimage\",\"url\":\"https:\\\/\\\/www.altominho.tv\\\/site\\\/wp-content\\\/uploads\\\/2019\\\/08\\\/cropped-Vira_Arcos_Capa.jpg\",\"contentUrl\":\"https:\\\/\\\/www.altominho.tv\\\/site\\\/wp-content\\\/uploads\\\/2019\\\/08\\\/cropped-Vira_Arcos_Capa.jpg\",\"width\":1600,\"height\":900},{\"@type\":\"BreadcrumbList\",\"@id\":\"https:\\\/\\\/www.altominho.tv\\\/site\\\/2019\\\/08\\\/23\\\/rodas-espontaneas-de-chula-e-cana-verde-devolvem-vira-aos-terreiros-do-alto-minho\\\/#breadcrumb\",\"itemListElement\":[{\"@type\":\"ListItem\",\"position\":1,\"name\":\"In\u00edcio\",\"item\":\"https:\\\/\\\/www.altominho.tv\\\/site\\\/\"},{\"@type\":\"ListItem\",\"position\":2,\"name\":\"Rodas espont\u00e2neas de Chula e Cana Verde devolvem Vira aos terreiros do Alto Minho\"}]},{\"@type\":\"WebSite\",\"@id\":\"https:\\\/\\\/www.altominho.tv\\\/site\\\/#website\",\"url\":\"https:\\\/\\\/www.altominho.tv\\\/site\\\/\",\"name\":\"Altominho.tv\",\"description\":\"A sua regi\u00e3o \u00e0 dist\u00e2ncia de um clique...\",\"potentialAction\":[{\"@type\":\"SearchAction\",\"target\":{\"@type\":\"EntryPoint\",\"urlTemplate\":\"https:\\\/\\\/www.altominho.tv\\\/site\\\/?s={search_term_string}\"},\"query-input\":{\"@type\":\"PropertyValueSpecification\",\"valueRequired\":true,\"valueName\":\"search_term_string\"}}],\"inLanguage\":\"pt-PT\"},{\"@type\":\"Person\",\"@id\":\"https:\\\/\\\/www.altominho.tv\\\/site\\\/#\\\/schema\\\/person\\\/63f693da3e1899361cbe955c46f3232e\",\"name\":\"Lusa\",\"image\":{\"@type\":\"ImageObject\",\"inLanguage\":\"pt-PT\",\"@id\":\"https:\\\/\\\/www.altominho.tv\\\/site\\\/wp-content\\\/uploads\\\/2019\\\/08\\\/LUSA_Logo.gif\",\"url\":\"https:\\\/\\\/www.altominho.tv\\\/site\\\/wp-content\\\/uploads\\\/2019\\\/08\\\/LUSA_Logo.gif\",\"contentUrl\":\"https:\\\/\\\/www.altominho.tv\\\/site\\\/wp-content\\\/uploads\\\/2019\\\/08\\\/LUSA_Logo.gif\",\"caption\":\"Lusa\"},\"sameAs\":[\"http:\\\/\\\/\\\/\\\/www.altominho.tv\\\/site\"],\"url\":\"https:\\\/\\\/www.altominho.tv\\\/site\\\/author\\\/lusa\\\/\"}]}<\/script>\n<!-- \/ Yoast SEO Premium plugin. -->","yoast_head_json":{"title":"Rodas espont\u00e2neas de Chula e Cana Verde devolvem Vira aos terreiros do Alto Minho","robots":{"index":"index","follow":"follow","max-snippet":"max-snippet:-1","max-image-preview":"max-image-preview:large","max-video-preview":"max-video-preview:-1"},"canonical":"https:\/\/www.altominho.tv\/site\/2019\/08\/23\/rodas-espontaneas-de-chula-e-cana-verde-devolvem-vira-aos-terreiros-do-alto-minho\/","og_locale":"pt_PT","og_type":"article","og_title":"Rodas espont\u00e2neas de Chula e Cana Verde devolvem Vira aos terreiros do Alto Minho","og_description":"As \"rodas\" de Chula e Cana Verde que nas 52 semanas do ano se formam, espontaneamente, nas ruas de Arcos de Valdevez e Ponte da Barca devolveram o vira ao lugar onde nasceu, \"no terreiro, bailado pelo povo\".","og_url":"https:\/\/www.altominho.tv\/site\/2019\/08\/23\/rodas-espontaneas-de-chula-e-cana-verde-devolvem-vira-aos-terreiros-do-alto-minho\/","og_site_name":"Altominho.tv","article_publisher":"https:\/\/www.facebook.com\/altominhotv","article_published_time":"2019-08-23T11:38:20+00:00","article_modified_time":"2019-08-23T11:43:20+00:00","og_image":[{"width":1600,"height":900,"url":"https:\/\/www.altominho.tv\/site\/wp-content\/uploads\/2019\/08\/cropped-Vira_Arcos_Capa.jpg","type":"image\/jpeg"}],"author":"Lusa","twitter_card":"summary_large_image","twitter_creator":"@altominhoTV","twitter_site":"@altominhoTV","twitter_misc":{"Escrito por":"Lusa","Tempo estimado de leitura":"4 minutos"},"schema":{"@context":"https:\/\/schema.org","@graph":[{"@type":"Article","@id":"https:\/\/www.altominho.tv\/site\/2019\/08\/23\/rodas-espontaneas-de-chula-e-cana-verde-devolvem-vira-aos-terreiros-do-alto-minho\/#article","isPartOf":{"@id":"https:\/\/www.altominho.tv\/site\/2019\/08\/23\/rodas-espontaneas-de-chula-e-cana-verde-devolvem-vira-aos-terreiros-do-alto-minho\/"},"author":{"name":"Lusa","@id":"https:\/\/www.altominho.tv\/site\/#\/schema\/person\/63f693da3e1899361cbe955c46f3232e"},"headline":"Rodas espont\u00e2neas de Chula e Cana Verde devolvem Vira aos terreiros do Alto Minho","datePublished":"2019-08-23T11:38:20+00:00","dateModified":"2019-08-23T11:43:20+00:00","mainEntityOfPage":{"@id":"https:\/\/www.altominho.tv\/site\/2019\/08\/23\/rodas-espontaneas-de-chula-e-cana-verde-devolvem-vira-aos-terreiros-do-alto-minho\/"},"wordCount":726,"image":{"@id":"https:\/\/www.altominho.tv\/site\/2019\/08\/23\/rodas-espontaneas-de-chula-e-cana-verde-devolvem-vira-aos-terreiros-do-alto-minho\/#primaryimage"},"thumbnailUrl":"https:\/\/www.altominho.tv\/site\/wp-content\/uploads\/2019\/08\/cropped-Vira_Arcos_Capa.jpg","keywords":["Cultura","Lazer"],"articleSection":["Alto Minho"],"inLanguage":"pt-PT","copyrightYear":"2019","copyrightHolder":{"@id":"https:\/\/www.altominho.tv\/site\/#organization"}},{"@type":"WebPage","@id":"https:\/\/www.altominho.tv\/site\/2019\/08\/23\/rodas-espontaneas-de-chula-e-cana-verde-devolvem-vira-aos-terreiros-do-alto-minho\/","url":"https:\/\/www.altominho.tv\/site\/2019\/08\/23\/rodas-espontaneas-de-chula-e-cana-verde-devolvem-vira-aos-terreiros-do-alto-minho\/","name":"Rodas espont\u00e2neas de Chula e Cana Verde devolvem Vira aos terreiros do Alto Minho","isPartOf":{"@id":"https:\/\/www.altominho.tv\/site\/#website"},"primaryImageOfPage":{"@id":"https:\/\/www.altominho.tv\/site\/2019\/08\/23\/rodas-espontaneas-de-chula-e-cana-verde-devolvem-vira-aos-terreiros-do-alto-minho\/#primaryimage"},"image":{"@id":"https:\/\/www.altominho.tv\/site\/2019\/08\/23\/rodas-espontaneas-de-chula-e-cana-verde-devolvem-vira-aos-terreiros-do-alto-minho\/#primaryimage"},"thumbnailUrl":"https:\/\/www.altominho.tv\/site\/wp-content\/uploads\/2019\/08\/cropped-Vira_Arcos_Capa.jpg","datePublished":"2019-08-23T11:38:20+00:00","dateModified":"2019-08-23T11:43:20+00:00","author":{"@id":"https:\/\/www.altominho.tv\/site\/#\/schema\/person\/63f693da3e1899361cbe955c46f3232e"},"breadcrumb":{"@id":"https:\/\/www.altominho.tv\/site\/2019\/08\/23\/rodas-espontaneas-de-chula-e-cana-verde-devolvem-vira-aos-terreiros-do-alto-minho\/#breadcrumb"},"inLanguage":"pt-PT","potentialAction":[{"@type":"ReadAction","target":["https:\/\/www.altominho.tv\/site\/2019\/08\/23\/rodas-espontaneas-de-chula-e-cana-verde-devolvem-vira-aos-terreiros-do-alto-minho\/"]}]},{"@type":"ImageObject","inLanguage":"pt-PT","@id":"https:\/\/www.altominho.tv\/site\/2019\/08\/23\/rodas-espontaneas-de-chula-e-cana-verde-devolvem-vira-aos-terreiros-do-alto-minho\/#primaryimage","url":"https:\/\/www.altominho.tv\/site\/wp-content\/uploads\/2019\/08\/cropped-Vira_Arcos_Capa.jpg","contentUrl":"https:\/\/www.altominho.tv\/site\/wp-content\/uploads\/2019\/08\/cropped-Vira_Arcos_Capa.jpg","width":1600,"height":900},{"@type":"BreadcrumbList","@id":"https:\/\/www.altominho.tv\/site\/2019\/08\/23\/rodas-espontaneas-de-chula-e-cana-verde-devolvem-vira-aos-terreiros-do-alto-minho\/#breadcrumb","itemListElement":[{"@type":"ListItem","position":1,"name":"In\u00edcio","item":"https:\/\/www.altominho.tv\/site\/"},{"@type":"ListItem","position":2,"name":"Rodas espont\u00e2neas de Chula e Cana Verde devolvem Vira aos terreiros do Alto Minho"}]},{"@type":"WebSite","@id":"https:\/\/www.altominho.tv\/site\/#website","url":"https:\/\/www.altominho.tv\/site\/","name":"Altominho.tv","description":"A sua regi\u00e3o \u00e0 dist\u00e2ncia de um clique...","potentialAction":[{"@type":"SearchAction","target":{"@type":"EntryPoint","urlTemplate":"https:\/\/www.altominho.tv\/site\/?s={search_term_string}"},"query-input":{"@type":"PropertyValueSpecification","valueRequired":true,"valueName":"search_term_string"}}],"inLanguage":"pt-PT"},{"@type":"Person","@id":"https:\/\/www.altominho.tv\/site\/#\/schema\/person\/63f693da3e1899361cbe955c46f3232e","name":"Lusa","image":{"@type":"ImageObject","inLanguage":"pt-PT","@id":"https:\/\/www.altominho.tv\/site\/wp-content\/uploads\/2019\/08\/LUSA_Logo.gif","url":"https:\/\/www.altominho.tv\/site\/wp-content\/uploads\/2019\/08\/LUSA_Logo.gif","contentUrl":"https:\/\/www.altominho.tv\/site\/wp-content\/uploads\/2019\/08\/LUSA_Logo.gif","caption":"Lusa"},"sameAs":["http:\/\/\/\/www.altominho.tv\/site"],"url":"https:\/\/www.altominho.tv\/site\/author\/lusa\/"}]}},"_links":{"self":[{"href":"https:\/\/www.altominho.tv\/site\/wp-json\/wp\/v2\/posts\/33092","targetHints":{"allow":["GET"]}}],"collection":[{"href":"https:\/\/www.altominho.tv\/site\/wp-json\/wp\/v2\/posts"}],"about":[{"href":"https:\/\/www.altominho.tv\/site\/wp-json\/wp\/v2\/types\/post"}],"author":[{"embeddable":true,"href":"https:\/\/www.altominho.tv\/site\/wp-json\/wp\/v2\/users\/13"}],"replies":[{"embeddable":true,"href":"https:\/\/www.altominho.tv\/site\/wp-json\/wp\/v2\/comments?post=33092"}],"version-history":[{"count":0,"href":"https:\/\/www.altominho.tv\/site\/wp-json\/wp\/v2\/posts\/33092\/revisions"}],"wp:featuredmedia":[{"embeddable":true,"href":"https:\/\/www.altominho.tv\/site\/wp-json\/wp\/v2\/media\/33094"}],"wp:attachment":[{"href":"https:\/\/www.altominho.tv\/site\/wp-json\/wp\/v2\/media?parent=33092"}],"wp:term":[{"taxonomy":"category","embeddable":true,"href":"https:\/\/www.altominho.tv\/site\/wp-json\/wp\/v2\/categories?post=33092"},{"taxonomy":"post_tag","embeddable":true,"href":"https:\/\/www.altominho.tv\/site\/wp-json\/wp\/v2\/tags?post=33092"}],"curies":[{"name":"wp","href":"https:\/\/api.w.org\/{rel}","templated":true}]}}