{"id":32978,"date":"2019-08-20T10:24:32","date_gmt":"2019-08-20T09:24:32","guid":{"rendered":"http:\/\/www.altominho.tv\/site\/?p=32978"},"modified":"2019-08-20T10:24:35","modified_gmt":"2019-08-20T09:24:35","slug":"temperaturas-sobem-e-colocam-viana-do-castelo-sob-aviso-amarelo","status":"publish","type":"post","link":"https:\/\/www.altominho.tv\/site\/2019\/08\/20\/temperaturas-sobem-e-colocam-viana-do-castelo-sob-aviso-amarelo\/","title":{"rendered":"Temperaturas sobem e colocam Viana do Castelo sob aviso amarelo"},"content":{"rendered":"<p>Depois de uns dias mais cinzentos, as temperaturas m\u00e1ximas v\u00e3o voltar a subir. A partir desta ter\u00e7a-feira, os term\u00f3metros sobem entre 4\u00baC e 8\u00baC em algumas regi\u00f5es do continente e na quarta-feira prev\u00ea-se um aumento das m\u00ednimas com noites tropicais, segundo o Instituto Portugu\u00eas do Mar e da Atmosfera (IPMA).<\/p>\n<p>Para esta ter\u00e7a-feira prev\u00ea-se c\u00e9u pouco nublado ou limpo e vento fraco a moderado do quadrante norte, sendo de sudoeste no sotavento algarvio durante a tarde, soprando moderado a forte na faixa costeira ocidental a sul do Cabo Carvoeiro e nas terras altas at\u00e9 ao in\u00edcio da manh\u00e3 e durante a tarde.<\/p>\n<p>A previs\u00e3o aponta ainda para a possibilidade de forma\u00e7\u00e3o de neblina ou nevoeiro matinal em alguns locais do litoral Centro e subida da temperatura m\u00e1xima, exceto na costa sul do Algarve, que ser\u00e1 acentuada em algumas regi\u00f5es do Norte e Centro.<\/p>\n<p>As temperaturas m\u00ednimas no continente v\u00e3o oscilar entre os 11 graus Celsius (em Coimbra) e os 18 (em Faro) e as m\u00e1ximas entre os 25 (em Aveiro) e os 34 (em \u00c9vora, Beja, Santar\u00e9m e Castelo Branco). Em Viana do Castelo, os term\u00f3metros podem variar entre os 14 e os 29 graus.\u00a0<\/p>\n<p>Devido \u00e0 previs\u00e3o de tempo quente, dezassete distritos de Portugal continental, com exce\u00e7\u00e3o de Faro, v\u00e3o estar sob aviso amarelo na quarta e quinta-feira.<\/p>\n<p>Na quarta-feira, o aviso amarelo abrange os distritos de \u00c9vora, Porto, Set\u00fabal, Santar\u00e9m, Lisboa, Leiria, Beja, Coimbra e Braga e vai estar em vigor entre as 10h00 e as 18h00 de quinta-feira.<\/p>\n<p>Para quinta-feira, o IPMA emitiu aviso amarelo (entre as 10h00 e as 18h00 deste dia) para os distritos de Bragan\u00e7a, Viseu, Guarda, Vila Real, Viana do Castelo, Aveiro, Castelo Branco e Portalegre.<\/p>\n<p>Ainda de acordo com o IPMA, as temperaturas v\u00e3o manter-se altas at\u00e9 sexta-feira, esperando-se uma descida a partir de s\u00e1bado.\u00a0<\/p>\n<h3>Maior parte do pa\u00eds em risco muito elevado de exposi\u00e7\u00e3o aos raios UV\u00a0<\/h3>\n<p>No continente apenas o distrito de Viana do Castelo apresenta risco elevado de exposi\u00e7\u00e3o \u00e0 radia\u00e7\u00e3o ultravioleta (UV), estando os restantes 17 distritos com n\u00edveis muito elevados, bem como o arquip\u00e9lago da Madeira.<\/p>\n<p>No arquip\u00e9lago dos A\u00e7ores, as ilhas das Flores, Faial e Terceira apresentam hoje risco moderado enquanto S\u00e3o Miguel est\u00e1 com n\u00edveis baixos.<\/p>\n<p>O \u00edndice ultravioleta varia entre 1 e 2, em que o risco de exposi\u00e7\u00e3o \u00e0 radia\u00e7\u00e3o UV \u00e9 baixo, 3 a 5 (moderado), 6 a 7 (elevado), 8 a 10 (muito elevado) e superior a 11 (extremo).<\/p>\n<p>Para as regi\u00f5es com risco muito elevado e elevado, o IPMA recomenda a utiliza\u00e7\u00e3o de \u00f3culos de sol com filtro UV, chap\u00e9u, \u2018t-shirt\u2019, guarda-sol, protetor solar e evitar a exposi\u00e7\u00e3o das crian\u00e7as ao Sol.<\/p>\n<p>O c\u00e1lculo \u00e9 feito com base nos valores observados \u00e0s 13h00 de cada dia relativamente \u00e0 temperatura do ar, humidade relativa, velocidade do vento e quantidade de precipita\u00e7\u00e3o nas \u00faltimas 24 horas.<\/p>\n<h3>Agravamento do risco de inc\u00eandio<\/h3>\n<p>A Autoridade Nacional de Emerg\u00eancia e Prote\u00e7\u00e3o Civil (ANEPC) alertou, esta segunda-feira, para o agravamento do risco de inc\u00eandio at\u00e9 sexta-feira devido a valores \u201cmuito elevados a m\u00e1ximos\u201d em todo o territ\u00f3rio, com o aumento da temperatura e a diminui\u00e7\u00e3o da humidade.<\/p>\n<p>Num \u201caviso \u00e0 popula\u00e7\u00e3o\u201d ANEPC refere que, de acordo com informa\u00e7\u00f5es do IPMA, at\u00e9 sexta-feira a temperatura vai subir, variando entre os 30 e os 35 graus, podendo atingir valores superiores no interior (39).<\/p>\n<p>O IPMA destaca que o valor da humidade relativa do ar diminuir\u00e1 para entre 20% e 30% e mesmo durante a noite n\u00e3o se registar\u00e3o valores superiores a 50%, inclusivamente no litoral.<\/p>\n<p>O vento dever\u00e1 ser fraco a moderado, temporariamente com rajadas fortes, at\u00e9 40 quil\u00f3metros por hora.<\/p>\n<p>Por causa das condi\u00e7\u00f5es meteorol\u00f3gicas, a ANEPC recorda que durante o per\u00edodo cr\u00edtico de inc\u00eandios, entre 01 de julho e 30 de setembro, \u00e9 proibido fazer queimadas extensivas ou queima de amontoados sem autoriza\u00e7\u00e3o, n\u00e3o \u00e9 permitido utilizar fogareiros e grelhadores nas zonas cr\u00edticas do espa\u00e7o rural, nem fumar ou fazer qualquer tipo de lume nos espa\u00e7os florestais.<\/p>\n<p>A ANEPC recomenda ainda \u201ca adequa\u00e7\u00e3o dos comportamentos e atitudes face \u00e0 situa\u00e7\u00e3o de perigo de inc\u00eandio rural, nomeadamente atrav\u00e9s da ado\u00e7\u00e3o das necess\u00e1rias medidas de preven\u00e7\u00e3o e precau\u00e7\u00e3o, na utiliza\u00e7\u00e3o do fogo em espa\u00e7os rurais, observando as restri\u00e7\u00f5es em vigor e tomando especial aten\u00e7\u00e3o \u00e0 evolu\u00e7\u00e3o do perigo de inc\u00eandio para os pr\u00f3ximos dias\u201d.<\/p>\n\n\n<p><\/p>\n","protected":false},"excerpt":{"rendered":"<p>Depois de uns dias mais cinzentos, as temperaturas m\u00e1ximas v\u00e3o voltar a subir. A partir desta ter\u00e7a-feira, os term\u00f3metros sobem entre 4\u00baC e 8\u00baC em algumas regi\u00f5es do continente e na quarta-feira prev\u00ea-se um aumento das m\u00ednimas com noites tropicais, segundo o Instituto Portugu\u00eas do Mar e da Atmosfera (IPMA). Para esta ter\u00e7a-feira prev\u00ea-se c\u00e9u [&hellip;]<\/p>\n","protected":false},"author":15,"featured_media":32979,"comment_status":"closed","ping_status":"closed","sticky":false,"template":"","format":"standard","meta":{"_exactmetrics_skip_tracking":false,"_exactmetrics_sitenote_active":false,"_exactmetrics_sitenote_note":"","_exactmetrics_sitenote_category":0,"footnotes":""},"categories":[73],"tags":[27],"class_list":["post-32978","post","type-post","status-publish","format-standard","has-post-thumbnail","hentry","category-alto-minho","tag-sociedade"],"yoast_head":"<!-- This site is optimized with the Yoast SEO Premium plugin v27.4 (Yoast SEO v27.4) - https:\/\/yoast.com\/product\/yoast-seo-premium-wordpress\/ -->\n<title>Temperaturas sobem e colocam Viana do Castelo sob aviso amarelo<\/title>\n<meta name=\"robots\" content=\"index, follow, max-snippet:-1, max-image-preview:large, max-video-preview:-1\" \/>\n<link rel=\"canonical\" href=\"https:\/\/www.altominho.tv\/site\/2019\/08\/20\/temperaturas-sobem-e-colocam-viana-do-castelo-sob-aviso-amarelo\/\" \/>\n<meta property=\"og:locale\" content=\"pt_PT\" \/>\n<meta property=\"og:type\" content=\"article\" \/>\n<meta property=\"og:title\" content=\"Temperaturas sobem e colocam Viana do Castelo sob aviso amarelo\" \/>\n<meta property=\"og:description\" content=\"Depois de uns dias mais cinzentos, as temperaturas m\u00e1ximas v\u00e3o voltar a subir. A partir desta ter\u00e7a-feira, os term\u00f3metros sobem entre 4\u00baC e 8\u00baC em algumas regi\u00f5es do continente e na quarta-feira prev\u00ea-se um aumento das m\u00ednimas com noites tropicais, segundo o Instituto Portugu\u00eas do Mar e da Atmosfera (IPMA). Para esta ter\u00e7a-feira prev\u00ea-se c\u00e9u [&hellip;]\" \/>\n<meta property=\"og:url\" content=\"https:\/\/www.altominho.tv\/site\/2019\/08\/20\/temperaturas-sobem-e-colocam-viana-do-castelo-sob-aviso-amarelo\/\" \/>\n<meta property=\"og:site_name\" content=\"Altominho.tv\" \/>\n<meta property=\"article:publisher\" content=\"https:\/\/www.facebook.com\/altominhotv\" \/>\n<meta property=\"article:published_time\" content=\"2019-08-20T09:24:32+00:00\" \/>\n<meta property=\"article:modified_time\" content=\"2019-08-20T09:24:35+00:00\" \/>\n<meta property=\"og:image\" content=\"https:\/\/www.altominho.tv\/site\/wp-content\/uploads\/2019\/08\/beach-2342_1920.jpg\" \/>\n\t<meta property=\"og:image:width\" content=\"1920\" \/>\n\t<meta property=\"og:image:height\" content=\"1280\" \/>\n\t<meta property=\"og:image:type\" content=\"image\/jpeg\" \/>\n<meta name=\"author\" content=\"Andreia Ferreira | Lusa\" \/>\n<meta name=\"twitter:card\" content=\"summary_large_image\" \/>\n<meta name=\"twitter:creator\" content=\"@altominhoTV\" \/>\n<meta name=\"twitter:site\" content=\"@altominhoTV\" \/>\n<meta name=\"twitter:label1\" content=\"Escrito por\" \/>\n\t<meta name=\"twitter:data1\" content=\"Andreia Ferreira | Lusa\" \/>\n\t<meta name=\"twitter:label2\" content=\"Tempo estimado de leitura\" \/>\n\t<meta name=\"twitter:data2\" content=\"4 minutos\" \/>\n<script type=\"application\/ld+json\" class=\"yoast-schema-graph\">{\"@context\":\"https:\\\/\\\/schema.org\",\"@graph\":[{\"@type\":\"Article\",\"@id\":\"https:\\\/\\\/www.altominho.tv\\\/site\\\/2019\\\/08\\\/20\\\/temperaturas-sobem-e-colocam-viana-do-castelo-sob-aviso-amarelo\\\/#article\",\"isPartOf\":{\"@id\":\"https:\\\/\\\/www.altominho.tv\\\/site\\\/2019\\\/08\\\/20\\\/temperaturas-sobem-e-colocam-viana-do-castelo-sob-aviso-amarelo\\\/\"},\"author\":{\"name\":\"Andreia Ferreira | Lusa\",\"@id\":\"https:\\\/\\\/www.altominho.tv\\\/site\\\/#\\\/schema\\\/person\\\/a0bff6dc1041aadd46fa81887444b017\"},\"headline\":\"Temperaturas sobem e colocam Viana do Castelo sob aviso amarelo\",\"datePublished\":\"2019-08-20T09:24:32+00:00\",\"dateModified\":\"2019-08-20T09:24:35+00:00\",\"mainEntityOfPage\":{\"@id\":\"https:\\\/\\\/www.altominho.tv\\\/site\\\/2019\\\/08\\\/20\\\/temperaturas-sobem-e-colocam-viana-do-castelo-sob-aviso-amarelo\\\/\"},\"wordCount\":774,\"image\":{\"@id\":\"https:\\\/\\\/www.altominho.tv\\\/site\\\/2019\\\/08\\\/20\\\/temperaturas-sobem-e-colocam-viana-do-castelo-sob-aviso-amarelo\\\/#primaryimage\"},\"thumbnailUrl\":\"https:\\\/\\\/www.altominho.tv\\\/site\\\/wp-content\\\/uploads\\\/2019\\\/08\\\/beach-2342_1920.jpg\",\"keywords\":[\"Sociedade\"],\"articleSection\":[\"Alto Minho\"],\"inLanguage\":\"pt-PT\",\"copyrightYear\":\"2019\",\"copyrightHolder\":{\"@id\":\"https:\\\/\\\/www.altominho.tv\\\/site\\\/#organization\"}},{\"@type\":\"WebPage\",\"@id\":\"https:\\\/\\\/www.altominho.tv\\\/site\\\/2019\\\/08\\\/20\\\/temperaturas-sobem-e-colocam-viana-do-castelo-sob-aviso-amarelo\\\/\",\"url\":\"https:\\\/\\\/www.altominho.tv\\\/site\\\/2019\\\/08\\\/20\\\/temperaturas-sobem-e-colocam-viana-do-castelo-sob-aviso-amarelo\\\/\",\"name\":\"Temperaturas sobem e colocam Viana do Castelo sob aviso amarelo\",\"isPartOf\":{\"@id\":\"https:\\\/\\\/www.altominho.tv\\\/site\\\/#website\"},\"primaryImageOfPage\":{\"@id\":\"https:\\\/\\\/www.altominho.tv\\\/site\\\/2019\\\/08\\\/20\\\/temperaturas-sobem-e-colocam-viana-do-castelo-sob-aviso-amarelo\\\/#primaryimage\"},\"image\":{\"@id\":\"https:\\\/\\\/www.altominho.tv\\\/site\\\/2019\\\/08\\\/20\\\/temperaturas-sobem-e-colocam-viana-do-castelo-sob-aviso-amarelo\\\/#primaryimage\"},\"thumbnailUrl\":\"https:\\\/\\\/www.altominho.tv\\\/site\\\/wp-content\\\/uploads\\\/2019\\\/08\\\/beach-2342_1920.jpg\",\"datePublished\":\"2019-08-20T09:24:32+00:00\",\"dateModified\":\"2019-08-20T09:24:35+00:00\",\"author\":{\"@id\":\"https:\\\/\\\/www.altominho.tv\\\/site\\\/#\\\/schema\\\/person\\\/a0bff6dc1041aadd46fa81887444b017\"},\"breadcrumb\":{\"@id\":\"https:\\\/\\\/www.altominho.tv\\\/site\\\/2019\\\/08\\\/20\\\/temperaturas-sobem-e-colocam-viana-do-castelo-sob-aviso-amarelo\\\/#breadcrumb\"},\"inLanguage\":\"pt-PT\",\"potentialAction\":[{\"@type\":\"ReadAction\",\"target\":[\"https:\\\/\\\/www.altominho.tv\\\/site\\\/2019\\\/08\\\/20\\\/temperaturas-sobem-e-colocam-viana-do-castelo-sob-aviso-amarelo\\\/\"]}]},{\"@type\":\"ImageObject\",\"inLanguage\":\"pt-PT\",\"@id\":\"https:\\\/\\\/www.altominho.tv\\\/site\\\/2019\\\/08\\\/20\\\/temperaturas-sobem-e-colocam-viana-do-castelo-sob-aviso-amarelo\\\/#primaryimage\",\"url\":\"https:\\\/\\\/www.altominho.tv\\\/site\\\/wp-content\\\/uploads\\\/2019\\\/08\\\/beach-2342_1920.jpg\",\"contentUrl\":\"https:\\\/\\\/www.altominho.tv\\\/site\\\/wp-content\\\/uploads\\\/2019\\\/08\\\/beach-2342_1920.jpg\",\"width\":1920,\"height\":1280,\"caption\":\"PIXABAY\"},{\"@type\":\"BreadcrumbList\",\"@id\":\"https:\\\/\\\/www.altominho.tv\\\/site\\\/2019\\\/08\\\/20\\\/temperaturas-sobem-e-colocam-viana-do-castelo-sob-aviso-amarelo\\\/#breadcrumb\",\"itemListElement\":[{\"@type\":\"ListItem\",\"position\":1,\"name\":\"In\u00edcio\",\"item\":\"https:\\\/\\\/www.altominho.tv\\\/site\\\/\"},{\"@type\":\"ListItem\",\"position\":2,\"name\":\"Temperaturas sobem e colocam Viana do Castelo sob aviso amarelo\"}]},{\"@type\":\"WebSite\",\"@id\":\"https:\\\/\\\/www.altominho.tv\\\/site\\\/#website\",\"url\":\"https:\\\/\\\/www.altominho.tv\\\/site\\\/\",\"name\":\"Altominho.tv\",\"description\":\"A sua regi\u00e3o \u00e0 dist\u00e2ncia de um clique...\",\"potentialAction\":[{\"@type\":\"SearchAction\",\"target\":{\"@type\":\"EntryPoint\",\"urlTemplate\":\"https:\\\/\\\/www.altominho.tv\\\/site\\\/?s={search_term_string}\"},\"query-input\":{\"@type\":\"PropertyValueSpecification\",\"valueRequired\":true,\"valueName\":\"search_term_string\"}}],\"inLanguage\":\"pt-PT\"},{\"@type\":\"Person\",\"@id\":\"https:\\\/\\\/www.altominho.tv\\\/site\\\/#\\\/schema\\\/person\\\/a0bff6dc1041aadd46fa81887444b017\",\"name\":\"Andreia Ferreira | Lusa\",\"image\":{\"@type\":\"ImageObject\",\"inLanguage\":\"pt-PT\",\"@id\":\"https:\\\/\\\/www.altominho.tv\\\/site\\\/wp-content\\\/uploads\\\/2018\\\/04\\\/Andreia-150x150.jpg\",\"url\":\"https:\\\/\\\/www.altominho.tv\\\/site\\\/wp-content\\\/uploads\\\/2018\\\/04\\\/Andreia-150x150.jpg\",\"contentUrl\":\"https:\\\/\\\/www.altominho.tv\\\/site\\\/wp-content\\\/uploads\\\/2018\\\/04\\\/Andreia-150x150.jpg\",\"caption\":\"Andreia Ferreira | Lusa\"},\"sameAs\":[\"https:\\\/\\\/www.altominho.tv\\\/site\"],\"url\":\"https:\\\/\\\/www.altominho.tv\\\/site\\\/author\\\/andreiaferreiralusa\\\/\"}]}<\/script>\n<!-- \/ Yoast SEO Premium plugin. -->","yoast_head_json":{"title":"Temperaturas sobem e colocam Viana do Castelo sob aviso amarelo","robots":{"index":"index","follow":"follow","max-snippet":"max-snippet:-1","max-image-preview":"max-image-preview:large","max-video-preview":"max-video-preview:-1"},"canonical":"https:\/\/www.altominho.tv\/site\/2019\/08\/20\/temperaturas-sobem-e-colocam-viana-do-castelo-sob-aviso-amarelo\/","og_locale":"pt_PT","og_type":"article","og_title":"Temperaturas sobem e colocam Viana do Castelo sob aviso amarelo","og_description":"Depois de uns dias mais cinzentos, as temperaturas m\u00e1ximas v\u00e3o voltar a subir. A partir desta ter\u00e7a-feira, os term\u00f3metros sobem entre 4\u00baC e 8\u00baC em algumas regi\u00f5es do continente e na quarta-feira prev\u00ea-se um aumento das m\u00ednimas com noites tropicais, segundo o Instituto Portugu\u00eas do Mar e da Atmosfera (IPMA). Para esta ter\u00e7a-feira prev\u00ea-se c\u00e9u [&hellip;]","og_url":"https:\/\/www.altominho.tv\/site\/2019\/08\/20\/temperaturas-sobem-e-colocam-viana-do-castelo-sob-aviso-amarelo\/","og_site_name":"Altominho.tv","article_publisher":"https:\/\/www.facebook.com\/altominhotv","article_published_time":"2019-08-20T09:24:32+00:00","article_modified_time":"2019-08-20T09:24:35+00:00","og_image":[{"width":1920,"height":1280,"url":"https:\/\/www.altominho.tv\/site\/wp-content\/uploads\/2019\/08\/beach-2342_1920.jpg","type":"image\/jpeg"}],"author":"Andreia Ferreira | Lusa","twitter_card":"summary_large_image","twitter_creator":"@altominhoTV","twitter_site":"@altominhoTV","twitter_misc":{"Escrito por":"Andreia Ferreira | Lusa","Tempo estimado de leitura":"4 minutos"},"schema":{"@context":"https:\/\/schema.org","@graph":[{"@type":"Article","@id":"https:\/\/www.altominho.tv\/site\/2019\/08\/20\/temperaturas-sobem-e-colocam-viana-do-castelo-sob-aviso-amarelo\/#article","isPartOf":{"@id":"https:\/\/www.altominho.tv\/site\/2019\/08\/20\/temperaturas-sobem-e-colocam-viana-do-castelo-sob-aviso-amarelo\/"},"author":{"name":"Andreia Ferreira | Lusa","@id":"https:\/\/www.altominho.tv\/site\/#\/schema\/person\/a0bff6dc1041aadd46fa81887444b017"},"headline":"Temperaturas sobem e colocam Viana do Castelo sob aviso amarelo","datePublished":"2019-08-20T09:24:32+00:00","dateModified":"2019-08-20T09:24:35+00:00","mainEntityOfPage":{"@id":"https:\/\/www.altominho.tv\/site\/2019\/08\/20\/temperaturas-sobem-e-colocam-viana-do-castelo-sob-aviso-amarelo\/"},"wordCount":774,"image":{"@id":"https:\/\/www.altominho.tv\/site\/2019\/08\/20\/temperaturas-sobem-e-colocam-viana-do-castelo-sob-aviso-amarelo\/#primaryimage"},"thumbnailUrl":"https:\/\/www.altominho.tv\/site\/wp-content\/uploads\/2019\/08\/beach-2342_1920.jpg","keywords":["Sociedade"],"articleSection":["Alto Minho"],"inLanguage":"pt-PT","copyrightYear":"2019","copyrightHolder":{"@id":"https:\/\/www.altominho.tv\/site\/#organization"}},{"@type":"WebPage","@id":"https:\/\/www.altominho.tv\/site\/2019\/08\/20\/temperaturas-sobem-e-colocam-viana-do-castelo-sob-aviso-amarelo\/","url":"https:\/\/www.altominho.tv\/site\/2019\/08\/20\/temperaturas-sobem-e-colocam-viana-do-castelo-sob-aviso-amarelo\/","name":"Temperaturas sobem e colocam Viana do Castelo sob aviso amarelo","isPartOf":{"@id":"https:\/\/www.altominho.tv\/site\/#website"},"primaryImageOfPage":{"@id":"https:\/\/www.altominho.tv\/site\/2019\/08\/20\/temperaturas-sobem-e-colocam-viana-do-castelo-sob-aviso-amarelo\/#primaryimage"},"image":{"@id":"https:\/\/www.altominho.tv\/site\/2019\/08\/20\/temperaturas-sobem-e-colocam-viana-do-castelo-sob-aviso-amarelo\/#primaryimage"},"thumbnailUrl":"https:\/\/www.altominho.tv\/site\/wp-content\/uploads\/2019\/08\/beach-2342_1920.jpg","datePublished":"2019-08-20T09:24:32+00:00","dateModified":"2019-08-20T09:24:35+00:00","author":{"@id":"https:\/\/www.altominho.tv\/site\/#\/schema\/person\/a0bff6dc1041aadd46fa81887444b017"},"breadcrumb":{"@id":"https:\/\/www.altominho.tv\/site\/2019\/08\/20\/temperaturas-sobem-e-colocam-viana-do-castelo-sob-aviso-amarelo\/#breadcrumb"},"inLanguage":"pt-PT","potentialAction":[{"@type":"ReadAction","target":["https:\/\/www.altominho.tv\/site\/2019\/08\/20\/temperaturas-sobem-e-colocam-viana-do-castelo-sob-aviso-amarelo\/"]}]},{"@type":"ImageObject","inLanguage":"pt-PT","@id":"https:\/\/www.altominho.tv\/site\/2019\/08\/20\/temperaturas-sobem-e-colocam-viana-do-castelo-sob-aviso-amarelo\/#primaryimage","url":"https:\/\/www.altominho.tv\/site\/wp-content\/uploads\/2019\/08\/beach-2342_1920.jpg","contentUrl":"https:\/\/www.altominho.tv\/site\/wp-content\/uploads\/2019\/08\/beach-2342_1920.jpg","width":1920,"height":1280,"caption":"PIXABAY"},{"@type":"BreadcrumbList","@id":"https:\/\/www.altominho.tv\/site\/2019\/08\/20\/temperaturas-sobem-e-colocam-viana-do-castelo-sob-aviso-amarelo\/#breadcrumb","itemListElement":[{"@type":"ListItem","position":1,"name":"In\u00edcio","item":"https:\/\/www.altominho.tv\/site\/"},{"@type":"ListItem","position":2,"name":"Temperaturas sobem e colocam Viana do Castelo sob aviso amarelo"}]},{"@type":"WebSite","@id":"https:\/\/www.altominho.tv\/site\/#website","url":"https:\/\/www.altominho.tv\/site\/","name":"Altominho.tv","description":"A sua regi\u00e3o \u00e0 dist\u00e2ncia de um clique...","potentialAction":[{"@type":"SearchAction","target":{"@type":"EntryPoint","urlTemplate":"https:\/\/www.altominho.tv\/site\/?s={search_term_string}"},"query-input":{"@type":"PropertyValueSpecification","valueRequired":true,"valueName":"search_term_string"}}],"inLanguage":"pt-PT"},{"@type":"Person","@id":"https:\/\/www.altominho.tv\/site\/#\/schema\/person\/a0bff6dc1041aadd46fa81887444b017","name":"Andreia Ferreira | Lusa","image":{"@type":"ImageObject","inLanguage":"pt-PT","@id":"https:\/\/www.altominho.tv\/site\/wp-content\/uploads\/2018\/04\/Andreia-150x150.jpg","url":"https:\/\/www.altominho.tv\/site\/wp-content\/uploads\/2018\/04\/Andreia-150x150.jpg","contentUrl":"https:\/\/www.altominho.tv\/site\/wp-content\/uploads\/2018\/04\/Andreia-150x150.jpg","caption":"Andreia Ferreira | Lusa"},"sameAs":["https:\/\/www.altominho.tv\/site"],"url":"https:\/\/www.altominho.tv\/site\/author\/andreiaferreiralusa\/"}]}},"_links":{"self":[{"href":"https:\/\/www.altominho.tv\/site\/wp-json\/wp\/v2\/posts\/32978","targetHints":{"allow":["GET"]}}],"collection":[{"href":"https:\/\/www.altominho.tv\/site\/wp-json\/wp\/v2\/posts"}],"about":[{"href":"https:\/\/www.altominho.tv\/site\/wp-json\/wp\/v2\/types\/post"}],"author":[{"embeddable":true,"href":"https:\/\/www.altominho.tv\/site\/wp-json\/wp\/v2\/users\/15"}],"replies":[{"embeddable":true,"href":"https:\/\/www.altominho.tv\/site\/wp-json\/wp\/v2\/comments?post=32978"}],"version-history":[{"count":0,"href":"https:\/\/www.altominho.tv\/site\/wp-json\/wp\/v2\/posts\/32978\/revisions"}],"wp:featuredmedia":[{"embeddable":true,"href":"https:\/\/www.altominho.tv\/site\/wp-json\/wp\/v2\/media\/32979"}],"wp:attachment":[{"href":"https:\/\/www.altominho.tv\/site\/wp-json\/wp\/v2\/media?parent=32978"}],"wp:term":[{"taxonomy":"category","embeddable":true,"href":"https:\/\/www.altominho.tv\/site\/wp-json\/wp\/v2\/categories?post=32978"},{"taxonomy":"post_tag","embeddable":true,"href":"https:\/\/www.altominho.tv\/site\/wp-json\/wp\/v2\/tags?post=32978"}],"curies":[{"name":"wp","href":"https:\/\/api.w.org\/{rel}","templated":true}]}}