{"id":32963,"date":"2019-08-19T20:50:01","date_gmt":"2019-08-19T19:50:01","guid":{"rendered":"http:\/\/www.altominho.tv\/site\/?p=32963"},"modified":"2019-08-19T20:50:05","modified_gmt":"2019-08-19T19:50:05","slug":"protesto-inicialmente-previsto-para-a-procissao-ao-mar-fica-sem-efeito","status":"publish","type":"post","link":"https:\/\/www.altominho.tv\/site\/2019\/08\/19\/protesto-inicialmente-previsto-para-a-procissao-ao-mar-fica-sem-efeito\/","title":{"rendered":"Protesto inicialmente previsto para a prociss\u00e3o ao mar fica sem efeito"},"content":{"rendered":"<p>O socialista Jos\u00e9 Maria Costa, que falava aos jornalistas no final da segunda reuni\u00e3o hoje realizada com uma delega\u00e7\u00e3o de pescadores, disse que, dos 500 mil euros, 400 v\u00e3o ser suportados pela Rede El\u00e9trica Nacional (REN) e os restantes 100 mil euros pela EDP renov\u00e1veis.<\/p>\n<p>Inicialmente a EDP Renov\u00e1veis disponibilizou uma verba de 200 mil euros para compensar essas embarca\u00e7\u00f5es, mas os pescadores n\u00e3o aceitaram aquele valor e chegaram a equacionar n\u00e3o participar, na ter\u00e7a-feira, na prociss\u00e3o ao mar em honra da Senhora d&#8217;Agonia. O protesto ficou hoje sem efeito ap\u00f3s o acordo alcan\u00e7ado.<\/p>\n<p>Em causa est\u00e1 o Windfloat Atlantic (WFA), um projeto de uma central e\u00f3lica &#8216;offshore&#8217; (no mar), em Viana do Castelo, or\u00e7ado em 125 milh\u00f5es de euros, coordenado pela EDP, atrav\u00e9s da EDP Renov\u00e1veis.<\/p>\n<p>As 28 embarca\u00e7\u00f5es de pesca local ser\u00e3o diretamente afetadas pela interdi\u00e7\u00e3o da pesca na envolvente (0,5 quil\u00f3metros de cada lado) do cabo submarino, com cerca de 17 quil\u00f3metros de extens\u00e3o, que vai ligar o parque e\u00f3lico flutuante \u00e0 rede, instalada em Viana do Castelo.<\/p>\n<blockquote><p>\u00a0Penso que \u00e9 uma boa not\u00edcia. Conseguimos ter uma compensa\u00e7\u00e3o justa para os pescadores face aos impedimentos que v\u00e3o ter no futuro&#8221;, afirmou Jos\u00e9 Maria Costa, que sublinhou a &#8220;colabora\u00e7\u00e3o&#8221; das secretarias de Estado das Pescas e da Energia.<\/p><\/blockquote>\n<p>O porta-voz dos 28 pescadores, Ant\u00f3nio Coimbra, disse que &#8220;dentro do poss\u00edvel foi um acordo satisfat\u00f3rio para todos&#8221;.<br \/>\nAnt\u00f3nio Coimbra <strong>garantiu que o protesto inicialmente previsto para a prociss\u00e3o ao mar fica sem efeito e que as 28 embarca\u00e7\u00f5es de pesca local v\u00e3o participar na homenagem \u00e0 padroeira<\/strong>.<\/p>\n<p>&#8220;Vamos participar. Essa posi\u00e7\u00e3o de for\u00e7a [de aus\u00eancia na prociss\u00e3o] foi tomada n\u00e3o de livre vontade, mas de certa maneira empurraram-nos para isso. A \u00fanica maneira de chamar a aten\u00e7\u00e3o das autoridades pol\u00edticas deste pa\u00eds \u00e9 a demonstra\u00e7\u00e3o de for\u00e7a&#8221;, acrescentou.<\/p>\n<p><strong>Al\u00e9m da compensa\u00e7\u00e3o financeira, Ant\u00f3nio Coimbra revelou que o acordo hoje alcan\u00e7ado inclui &#8220;futuras regalias&#8221;<\/strong>, que n\u00e3o quis especificar.<\/p>\n<p>J\u00e1 Jos\u00e9 Maria Costa disse tratar-se de &#8220;melhorias relacionadas com a atividade dos pescadores, no porto de pesca&#8221;, tendo sido identificadas &#8220;algumas situa\u00e7\u00f5es pontuais&#8221; que ir\u00e1 tentar, &#8220;at\u00e9 final do ano, resolver com a administra\u00e7\u00e3o portu\u00e1ria&#8221;.<\/p>\n<p>O representante legal dos pescadores, o advogado Pedro Meira real\u00e7ou &#8220;o papel decisivo do presidente da C\u00e2mara&#8221;. &#8220;Um papel de mediador, discreto. Conseguiu que as partes chegaram a bom porto. Foi fundamental, essencial&#8221;, destacou Pedro Meira.<\/p>\n<p>Recorde-se que, em rela\u00e7\u00e3o a este protesto, o Bispo de Viana do Castelo tinha sublinhado <a href=\"\/\/www.altominho.tv\/site\/2019\/08\/19\/bispo-de-viana-do-castelo-respeitara-protesto-de-pescadores-a-procissao-ao-mar\/\">que n\u00e3o se iria \u201cintrometer\u201d no diferendo<\/a>, mas disse \u201cn\u00e3o admitir\u201d chantagem com a f\u00e9 dos pescadores \u201cpara n\u00e3o lhes conceder os seus direitos\u201d.<\/p>\n","protected":false},"excerpt":{"rendered":"<p>O presidente da C\u00e2mara de Viana do Castelo informou hoje ter sido decidida uma compensa\u00e7\u00e3o financeira de meio milh\u00e3o de euros \u00e0s 28 embarca\u00e7\u00f5es de pesca local diretamente afetadas pela instala\u00e7\u00e3o de um parque e\u00f3lico ao largo do concelho.<\/p>\n","protected":false},"author":13,"featured_media":32966,"comment_status":"closed","ping_status":"closed","sticky":false,"template":"","format":"standard","meta":{"_exactmetrics_skip_tracking":false,"_exactmetrics_sitenote_active":false,"_exactmetrics_sitenote_note":"","_exactmetrics_sitenote_category":0,"footnotes":""},"categories":[14],"tags":[27],"class_list":["post-32963","post","type-post","status-publish","format-standard","has-post-thumbnail","hentry","category-viana-do-castelo","tag-sociedade"],"yoast_head":"<!-- This site is optimized with the Yoast SEO Premium plugin v27.5 (Yoast SEO v27.5) - https:\/\/yoast.com\/product\/yoast-seo-premium-wordpress\/ -->\n<title>Protesto inicialmente previsto para a prociss\u00e3o ao mar fica sem efeito<\/title>\n<meta name=\"robots\" content=\"index, follow, max-snippet:-1, max-image-preview:large, max-video-preview:-1\" \/>\n<link rel=\"canonical\" href=\"https:\/\/www.altominho.tv\/site\/2019\/08\/19\/protesto-inicialmente-previsto-para-a-procissao-ao-mar-fica-sem-efeito\/\" \/>\n<meta property=\"og:locale\" content=\"pt_PT\" \/>\n<meta property=\"og:type\" content=\"article\" \/>\n<meta property=\"og:title\" content=\"Protesto inicialmente previsto para a prociss\u00e3o ao mar fica sem efeito\" \/>\n<meta property=\"og:description\" content=\"O presidente da C\u00e2mara de Viana do Castelo informou hoje ter sido decidida uma compensa\u00e7\u00e3o financeira de meio milh\u00e3o de euros \u00e0s 28 embarca\u00e7\u00f5es de pesca local diretamente afetadas pela instala\u00e7\u00e3o de um parque e\u00f3lico ao largo do concelho.\" \/>\n<meta property=\"og:url\" content=\"https:\/\/www.altominho.tv\/site\/2019\/08\/19\/protesto-inicialmente-previsto-para-a-procissao-ao-mar-fica-sem-efeito\/\" \/>\n<meta property=\"og:site_name\" content=\"Altominho.tv\" \/>\n<meta property=\"article:publisher\" content=\"https:\/\/www.facebook.com\/altominhotv\" \/>\n<meta property=\"article:published_time\" content=\"2019-08-19T19:50:01+00:00\" \/>\n<meta property=\"article:modified_time\" content=\"2019-08-19T19:50:05+00:00\" \/>\n<meta property=\"og:image\" content=\"https:\/\/www.altominho.tv\/site\/wp-content\/uploads\/2019\/08\/cropped-Procissao-ao-Mar-Romaria-Agonia-Viana-do-Castelo-5-740x432-2.jpg\" \/>\n\t<meta property=\"og:image:width\" content=\"740\" \/>\n\t<meta property=\"og:image:height\" content=\"416\" \/>\n\t<meta property=\"og:image:type\" content=\"image\/jpeg\" \/>\n<meta name=\"author\" content=\"Lusa\" \/>\n<meta name=\"twitter:card\" content=\"summary_large_image\" \/>\n<meta name=\"twitter:creator\" content=\"@altominhoTV\" \/>\n<meta name=\"twitter:site\" content=\"@altominhoTV\" \/>\n<meta name=\"twitter:label1\" content=\"Escrito por\" \/>\n\t<meta name=\"twitter:data1\" content=\"Lusa\" \/>\n\t<meta name=\"twitter:label2\" content=\"Tempo estimado de leitura\" \/>\n\t<meta name=\"twitter:data2\" content=\"2 minutos\" \/>\n<script type=\"application\/ld+json\" class=\"yoast-schema-graph\">{\"@context\":\"https:\\\/\\\/schema.org\",\"@graph\":[{\"@type\":\"Article\",\"@id\":\"https:\\\/\\\/www.altominho.tv\\\/site\\\/2019\\\/08\\\/19\\\/protesto-inicialmente-previsto-para-a-procissao-ao-mar-fica-sem-efeito\\\/#article\",\"isPartOf\":{\"@id\":\"https:\\\/\\\/www.altominho.tv\\\/site\\\/2019\\\/08\\\/19\\\/protesto-inicialmente-previsto-para-a-procissao-ao-mar-fica-sem-efeito\\\/\"},\"author\":{\"name\":\"Lusa\",\"@id\":\"https:\\\/\\\/www.altominho.tv\\\/site\\\/#\\\/schema\\\/person\\\/63f693da3e1899361cbe955c46f3232e\"},\"headline\":\"Protesto inicialmente previsto para a prociss\u00e3o ao mar fica sem efeito\",\"datePublished\":\"2019-08-19T19:50:01+00:00\",\"dateModified\":\"2019-08-19T19:50:05+00:00\",\"mainEntityOfPage\":{\"@id\":\"https:\\\/\\\/www.altominho.tv\\\/site\\\/2019\\\/08\\\/19\\\/protesto-inicialmente-previsto-para-a-procissao-ao-mar-fica-sem-efeito\\\/\"},\"wordCount\":487,\"image\":{\"@id\":\"https:\\\/\\\/www.altominho.tv\\\/site\\\/2019\\\/08\\\/19\\\/protesto-inicialmente-previsto-para-a-procissao-ao-mar-fica-sem-efeito\\\/#primaryimage\"},\"thumbnailUrl\":\"https:\\\/\\\/www.altominho.tv\\\/site\\\/wp-content\\\/uploads\\\/2019\\\/08\\\/cropped-Procissao-ao-Mar-Romaria-Agonia-Viana-do-Castelo-5-740x432-2.jpg\",\"keywords\":[\"Sociedade\"],\"articleSection\":[\"Viana do Castelo\"],\"inLanguage\":\"pt-PT\",\"copyrightYear\":\"2019\",\"copyrightHolder\":{\"@id\":\"https:\\\/\\\/www.altominho.tv\\\/site\\\/#organization\"}},{\"@type\":\"WebPage\",\"@id\":\"https:\\\/\\\/www.altominho.tv\\\/site\\\/2019\\\/08\\\/19\\\/protesto-inicialmente-previsto-para-a-procissao-ao-mar-fica-sem-efeito\\\/\",\"url\":\"https:\\\/\\\/www.altominho.tv\\\/site\\\/2019\\\/08\\\/19\\\/protesto-inicialmente-previsto-para-a-procissao-ao-mar-fica-sem-efeito\\\/\",\"name\":\"Protesto inicialmente previsto para a prociss\u00e3o ao mar fica sem efeito\",\"isPartOf\":{\"@id\":\"https:\\\/\\\/www.altominho.tv\\\/site\\\/#website\"},\"primaryImageOfPage\":{\"@id\":\"https:\\\/\\\/www.altominho.tv\\\/site\\\/2019\\\/08\\\/19\\\/protesto-inicialmente-previsto-para-a-procissao-ao-mar-fica-sem-efeito\\\/#primaryimage\"},\"image\":{\"@id\":\"https:\\\/\\\/www.altominho.tv\\\/site\\\/2019\\\/08\\\/19\\\/protesto-inicialmente-previsto-para-a-procissao-ao-mar-fica-sem-efeito\\\/#primaryimage\"},\"thumbnailUrl\":\"https:\\\/\\\/www.altominho.tv\\\/site\\\/wp-content\\\/uploads\\\/2019\\\/08\\\/cropped-Procissao-ao-Mar-Romaria-Agonia-Viana-do-Castelo-5-740x432-2.jpg\",\"datePublished\":\"2019-08-19T19:50:01+00:00\",\"dateModified\":\"2019-08-19T19:50:05+00:00\",\"author\":{\"@id\":\"https:\\\/\\\/www.altominho.tv\\\/site\\\/#\\\/schema\\\/person\\\/63f693da3e1899361cbe955c46f3232e\"},\"breadcrumb\":{\"@id\":\"https:\\\/\\\/www.altominho.tv\\\/site\\\/2019\\\/08\\\/19\\\/protesto-inicialmente-previsto-para-a-procissao-ao-mar-fica-sem-efeito\\\/#breadcrumb\"},\"inLanguage\":\"pt-PT\",\"potentialAction\":[{\"@type\":\"ReadAction\",\"target\":[\"https:\\\/\\\/www.altominho.tv\\\/site\\\/2019\\\/08\\\/19\\\/protesto-inicialmente-previsto-para-a-procissao-ao-mar-fica-sem-efeito\\\/\"]}]},{\"@type\":\"ImageObject\",\"inLanguage\":\"pt-PT\",\"@id\":\"https:\\\/\\\/www.altominho.tv\\\/site\\\/2019\\\/08\\\/19\\\/protesto-inicialmente-previsto-para-a-procissao-ao-mar-fica-sem-efeito\\\/#primaryimage\",\"url\":\"https:\\\/\\\/www.altominho.tv\\\/site\\\/wp-content\\\/uploads\\\/2019\\\/08\\\/cropped-Procissao-ao-Mar-Romaria-Agonia-Viana-do-Castelo-5-740x432-2.jpg\",\"contentUrl\":\"https:\\\/\\\/www.altominho.tv\\\/site\\\/wp-content\\\/uploads\\\/2019\\\/08\\\/cropped-Procissao-ao-Mar-Romaria-Agonia-Viana-do-Castelo-5-740x432-2.jpg\",\"width\":740,\"height\":416},{\"@type\":\"BreadcrumbList\",\"@id\":\"https:\\\/\\\/www.altominho.tv\\\/site\\\/2019\\\/08\\\/19\\\/protesto-inicialmente-previsto-para-a-procissao-ao-mar-fica-sem-efeito\\\/#breadcrumb\",\"itemListElement\":[{\"@type\":\"ListItem\",\"position\":1,\"name\":\"In\u00edcio\",\"item\":\"https:\\\/\\\/www.altominho.tv\\\/site\\\/\"},{\"@type\":\"ListItem\",\"position\":2,\"name\":\"Protesto inicialmente previsto para a prociss\u00e3o ao mar fica sem efeito\"}]},{\"@type\":\"WebSite\",\"@id\":\"https:\\\/\\\/www.altominho.tv\\\/site\\\/#website\",\"url\":\"https:\\\/\\\/www.altominho.tv\\\/site\\\/\",\"name\":\"Altominho.tv\",\"description\":\"A sua regi\u00e3o \u00e0 dist\u00e2ncia de um clique...\",\"potentialAction\":[{\"@type\":\"SearchAction\",\"target\":{\"@type\":\"EntryPoint\",\"urlTemplate\":\"https:\\\/\\\/www.altominho.tv\\\/site\\\/?s={search_term_string}\"},\"query-input\":{\"@type\":\"PropertyValueSpecification\",\"valueRequired\":true,\"valueName\":\"search_term_string\"}}],\"inLanguage\":\"pt-PT\"},{\"@type\":\"Person\",\"@id\":\"https:\\\/\\\/www.altominho.tv\\\/site\\\/#\\\/schema\\\/person\\\/63f693da3e1899361cbe955c46f3232e\",\"name\":\"Lusa\",\"image\":{\"@type\":\"ImageObject\",\"inLanguage\":\"pt-PT\",\"@id\":\"https:\\\/\\\/www.altominho.tv\\\/site\\\/wp-content\\\/uploads\\\/2019\\\/08\\\/LUSA_Logo.gif\",\"url\":\"https:\\\/\\\/www.altominho.tv\\\/site\\\/wp-content\\\/uploads\\\/2019\\\/08\\\/LUSA_Logo.gif\",\"contentUrl\":\"https:\\\/\\\/www.altominho.tv\\\/site\\\/wp-content\\\/uploads\\\/2019\\\/08\\\/LUSA_Logo.gif\",\"caption\":\"Lusa\"},\"sameAs\":[\"http:\\\/\\\/\\\/\\\/www.altominho.tv\\\/site\"],\"url\":\"https:\\\/\\\/www.altominho.tv\\\/site\\\/author\\\/lusa\\\/\"}]}<\/script>\n<!-- \/ Yoast SEO Premium plugin. -->","yoast_head_json":{"title":"Protesto inicialmente previsto para a prociss\u00e3o ao mar fica sem efeito","robots":{"index":"index","follow":"follow","max-snippet":"max-snippet:-1","max-image-preview":"max-image-preview:large","max-video-preview":"max-video-preview:-1"},"canonical":"https:\/\/www.altominho.tv\/site\/2019\/08\/19\/protesto-inicialmente-previsto-para-a-procissao-ao-mar-fica-sem-efeito\/","og_locale":"pt_PT","og_type":"article","og_title":"Protesto inicialmente previsto para a prociss\u00e3o ao mar fica sem efeito","og_description":"O presidente da C\u00e2mara de Viana do Castelo informou hoje ter sido decidida uma compensa\u00e7\u00e3o financeira de meio milh\u00e3o de euros \u00e0s 28 embarca\u00e7\u00f5es de pesca local diretamente afetadas pela instala\u00e7\u00e3o de um parque e\u00f3lico ao largo do concelho.","og_url":"https:\/\/www.altominho.tv\/site\/2019\/08\/19\/protesto-inicialmente-previsto-para-a-procissao-ao-mar-fica-sem-efeito\/","og_site_name":"Altominho.tv","article_publisher":"https:\/\/www.facebook.com\/altominhotv","article_published_time":"2019-08-19T19:50:01+00:00","article_modified_time":"2019-08-19T19:50:05+00:00","og_image":[{"width":740,"height":416,"url":"https:\/\/www.altominho.tv\/site\/wp-content\/uploads\/2019\/08\/cropped-Procissao-ao-Mar-Romaria-Agonia-Viana-do-Castelo-5-740x432-2.jpg","type":"image\/jpeg"}],"author":"Lusa","twitter_card":"summary_large_image","twitter_creator":"@altominhoTV","twitter_site":"@altominhoTV","twitter_misc":{"Escrito por":"Lusa","Tempo estimado de leitura":"2 minutos"},"schema":{"@context":"https:\/\/schema.org","@graph":[{"@type":"Article","@id":"https:\/\/www.altominho.tv\/site\/2019\/08\/19\/protesto-inicialmente-previsto-para-a-procissao-ao-mar-fica-sem-efeito\/#article","isPartOf":{"@id":"https:\/\/www.altominho.tv\/site\/2019\/08\/19\/protesto-inicialmente-previsto-para-a-procissao-ao-mar-fica-sem-efeito\/"},"author":{"name":"Lusa","@id":"https:\/\/www.altominho.tv\/site\/#\/schema\/person\/63f693da3e1899361cbe955c46f3232e"},"headline":"Protesto inicialmente previsto para a prociss\u00e3o ao mar fica sem efeito","datePublished":"2019-08-19T19:50:01+00:00","dateModified":"2019-08-19T19:50:05+00:00","mainEntityOfPage":{"@id":"https:\/\/www.altominho.tv\/site\/2019\/08\/19\/protesto-inicialmente-previsto-para-a-procissao-ao-mar-fica-sem-efeito\/"},"wordCount":487,"image":{"@id":"https:\/\/www.altominho.tv\/site\/2019\/08\/19\/protesto-inicialmente-previsto-para-a-procissao-ao-mar-fica-sem-efeito\/#primaryimage"},"thumbnailUrl":"https:\/\/www.altominho.tv\/site\/wp-content\/uploads\/2019\/08\/cropped-Procissao-ao-Mar-Romaria-Agonia-Viana-do-Castelo-5-740x432-2.jpg","keywords":["Sociedade"],"articleSection":["Viana do Castelo"],"inLanguage":"pt-PT","copyrightYear":"2019","copyrightHolder":{"@id":"https:\/\/www.altominho.tv\/site\/#organization"}},{"@type":"WebPage","@id":"https:\/\/www.altominho.tv\/site\/2019\/08\/19\/protesto-inicialmente-previsto-para-a-procissao-ao-mar-fica-sem-efeito\/","url":"https:\/\/www.altominho.tv\/site\/2019\/08\/19\/protesto-inicialmente-previsto-para-a-procissao-ao-mar-fica-sem-efeito\/","name":"Protesto inicialmente previsto para a prociss\u00e3o ao mar fica sem efeito","isPartOf":{"@id":"https:\/\/www.altominho.tv\/site\/#website"},"primaryImageOfPage":{"@id":"https:\/\/www.altominho.tv\/site\/2019\/08\/19\/protesto-inicialmente-previsto-para-a-procissao-ao-mar-fica-sem-efeito\/#primaryimage"},"image":{"@id":"https:\/\/www.altominho.tv\/site\/2019\/08\/19\/protesto-inicialmente-previsto-para-a-procissao-ao-mar-fica-sem-efeito\/#primaryimage"},"thumbnailUrl":"https:\/\/www.altominho.tv\/site\/wp-content\/uploads\/2019\/08\/cropped-Procissao-ao-Mar-Romaria-Agonia-Viana-do-Castelo-5-740x432-2.jpg","datePublished":"2019-08-19T19:50:01+00:00","dateModified":"2019-08-19T19:50:05+00:00","author":{"@id":"https:\/\/www.altominho.tv\/site\/#\/schema\/person\/63f693da3e1899361cbe955c46f3232e"},"breadcrumb":{"@id":"https:\/\/www.altominho.tv\/site\/2019\/08\/19\/protesto-inicialmente-previsto-para-a-procissao-ao-mar-fica-sem-efeito\/#breadcrumb"},"inLanguage":"pt-PT","potentialAction":[{"@type":"ReadAction","target":["https:\/\/www.altominho.tv\/site\/2019\/08\/19\/protesto-inicialmente-previsto-para-a-procissao-ao-mar-fica-sem-efeito\/"]}]},{"@type":"ImageObject","inLanguage":"pt-PT","@id":"https:\/\/www.altominho.tv\/site\/2019\/08\/19\/protesto-inicialmente-previsto-para-a-procissao-ao-mar-fica-sem-efeito\/#primaryimage","url":"https:\/\/www.altominho.tv\/site\/wp-content\/uploads\/2019\/08\/cropped-Procissao-ao-Mar-Romaria-Agonia-Viana-do-Castelo-5-740x432-2.jpg","contentUrl":"https:\/\/www.altominho.tv\/site\/wp-content\/uploads\/2019\/08\/cropped-Procissao-ao-Mar-Romaria-Agonia-Viana-do-Castelo-5-740x432-2.jpg","width":740,"height":416},{"@type":"BreadcrumbList","@id":"https:\/\/www.altominho.tv\/site\/2019\/08\/19\/protesto-inicialmente-previsto-para-a-procissao-ao-mar-fica-sem-efeito\/#breadcrumb","itemListElement":[{"@type":"ListItem","position":1,"name":"In\u00edcio","item":"https:\/\/www.altominho.tv\/site\/"},{"@type":"ListItem","position":2,"name":"Protesto inicialmente previsto para a prociss\u00e3o ao mar fica sem efeito"}]},{"@type":"WebSite","@id":"https:\/\/www.altominho.tv\/site\/#website","url":"https:\/\/www.altominho.tv\/site\/","name":"Altominho.tv","description":"A sua regi\u00e3o \u00e0 dist\u00e2ncia de um clique...","potentialAction":[{"@type":"SearchAction","target":{"@type":"EntryPoint","urlTemplate":"https:\/\/www.altominho.tv\/site\/?s={search_term_string}"},"query-input":{"@type":"PropertyValueSpecification","valueRequired":true,"valueName":"search_term_string"}}],"inLanguage":"pt-PT"},{"@type":"Person","@id":"https:\/\/www.altominho.tv\/site\/#\/schema\/person\/63f693da3e1899361cbe955c46f3232e","name":"Lusa","image":{"@type":"ImageObject","inLanguage":"pt-PT","@id":"https:\/\/www.altominho.tv\/site\/wp-content\/uploads\/2019\/08\/LUSA_Logo.gif","url":"https:\/\/www.altominho.tv\/site\/wp-content\/uploads\/2019\/08\/LUSA_Logo.gif","contentUrl":"https:\/\/www.altominho.tv\/site\/wp-content\/uploads\/2019\/08\/LUSA_Logo.gif","caption":"Lusa"},"sameAs":["http:\/\/\/\/www.altominho.tv\/site"],"url":"https:\/\/www.altominho.tv\/site\/author\/lusa\/"}]}},"_links":{"self":[{"href":"https:\/\/www.altominho.tv\/site\/wp-json\/wp\/v2\/posts\/32963","targetHints":{"allow":["GET"]}}],"collection":[{"href":"https:\/\/www.altominho.tv\/site\/wp-json\/wp\/v2\/posts"}],"about":[{"href":"https:\/\/www.altominho.tv\/site\/wp-json\/wp\/v2\/types\/post"}],"author":[{"embeddable":true,"href":"https:\/\/www.altominho.tv\/site\/wp-json\/wp\/v2\/users\/13"}],"replies":[{"embeddable":true,"href":"https:\/\/www.altominho.tv\/site\/wp-json\/wp\/v2\/comments?post=32963"}],"version-history":[{"count":0,"href":"https:\/\/www.altominho.tv\/site\/wp-json\/wp\/v2\/posts\/32963\/revisions"}],"wp:featuredmedia":[{"embeddable":true,"href":"https:\/\/www.altominho.tv\/site\/wp-json\/wp\/v2\/media\/32966"}],"wp:attachment":[{"href":"https:\/\/www.altominho.tv\/site\/wp-json\/wp\/v2\/media?parent=32963"}],"wp:term":[{"taxonomy":"category","embeddable":true,"href":"https:\/\/www.altominho.tv\/site\/wp-json\/wp\/v2\/categories?post=32963"},{"taxonomy":"post_tag","embeddable":true,"href":"https:\/\/www.altominho.tv\/site\/wp-json\/wp\/v2\/tags?post=32963"}],"curies":[{"name":"wp","href":"https:\/\/api.w.org\/{rel}","templated":true}]}}