{"id":32954,"date":"2019-08-19T13:10:28","date_gmt":"2019-08-19T12:10:28","guid":{"rendered":"http:\/\/www.altominho.tv\/site\/?p=32954"},"modified":"2019-08-19T13:10:31","modified_gmt":"2019-08-19T12:10:31","slug":"concerto-fado-da-saudade-no-meu-peito-em-viana","status":"publish","type":"post","link":"https:\/\/www.altominho.tv\/site\/2019\/08\/19\/concerto-fado-da-saudade-no-meu-peito-em-viana\/","title":{"rendered":"Concerto Fado &#8220;Da Saudade no meu Peito&#8221; em Viana"},"content":{"rendered":"\n<p>A Pra\u00e7a da Liberdade, em Viana do Castelo, vai receber Patr\u00edcia Costa, para um concerto de fado intitulado &#8220;Da Saudade no meu Peito&#8221;.<\/p>\n\n\n\n<p>Este concerto tem como convidados as Cantadeiras de Vale do Neiva, o Grupo Etnogr\u00e1fico da Areosa e Jo\u00e3o Gigante.<\/p>\n\n\n\n<p>O concerto tem lugar no dia 23 de agosto, \u00e0s 21h30. <\/p>\n","protected":false},"excerpt":{"rendered":"<p>A Pra\u00e7a da Liberdade, em Viana do Castelo, vai receber Patr\u00edcia Costa, para um concerto de fado intitulado &#8220;Da Saudade no meu Peito&#8221;. Este concerto tem como convidados as Cantadeiras de Vale do Neiva, o Grupo Etnogr\u00e1fico da Areosa e Jo\u00e3o Gigante. O concerto tem lugar no dia 23 de agosto, \u00e0s 21h30.<\/p>\n","protected":false},"author":7,"featured_media":32956,"comment_status":"closed","ping_status":"closed","sticky":false,"template":"","format":"standard","meta":{"_exactmetrics_skip_tracking":false,"_exactmetrics_sitenote_active":false,"_exactmetrics_sitenote_note":"","_exactmetrics_sitenote_category":0,"footnotes":""},"categories":[14],"tags":[19,27],"class_list":["post-32954","post","type-post","status-publish","format-standard","has-post-thumbnail","hentry","category-viana-do-castelo","tag-cultura","tag-sociedade"],"yoast_head":"<!-- This site is optimized with the Yoast SEO Premium plugin v27.5 (Yoast SEO v27.5) - https:\/\/yoast.com\/product\/yoast-seo-premium-wordpress\/ -->\n<title>Concerto Fado &quot;Da Saudade no meu Peito&quot; em Viana<\/title>\n<meta name=\"robots\" content=\"index, follow, max-snippet:-1, max-image-preview:large, max-video-preview:-1\" \/>\n<link rel=\"canonical\" href=\"https:\/\/www.altominho.tv\/site\/2019\/08\/19\/concerto-fado-da-saudade-no-meu-peito-em-viana\/\" \/>\n<meta property=\"og:locale\" content=\"pt_PT\" \/>\n<meta property=\"og:type\" content=\"article\" \/>\n<meta property=\"og:title\" content=\"Concerto Fado &quot;Da Saudade no meu Peito&quot; em Viana\" \/>\n<meta property=\"og:description\" content=\"A Pra\u00e7a da Liberdade, em Viana do Castelo, vai receber Patr\u00edcia Costa, para um concerto de fado intitulado &#8220;Da Saudade no meu Peito&#8221;. Este concerto tem como convidados as Cantadeiras de Vale do Neiva, o Grupo Etnogr\u00e1fico da Areosa e Jo\u00e3o Gigante. O concerto tem lugar no dia 23 de agosto, \u00e0s 21h30.\" \/>\n<meta property=\"og:url\" content=\"https:\/\/www.altominho.tv\/site\/2019\/08\/19\/concerto-fado-da-saudade-no-meu-peito-em-viana\/\" \/>\n<meta property=\"og:site_name\" content=\"Altominho.tv\" \/>\n<meta property=\"article:publisher\" content=\"https:\/\/www.facebook.com\/altominhotv\" \/>\n<meta property=\"article:published_time\" content=\"2019-08-19T12:10:28+00:00\" \/>\n<meta property=\"article:modified_time\" content=\"2019-08-19T12:10:31+00:00\" \/>\n<meta property=\"og:image\" content=\"https:\/\/www.altominho.tv\/site\/wp-content\/uploads\/2019\/08\/cropped-vianafado.jpg\" \/>\n\t<meta property=\"og:image:width\" content=\"872\" \/>\n\t<meta property=\"og:image:height\" content=\"490\" \/>\n\t<meta property=\"og:image:type\" content=\"image\/jpeg\" \/>\n<meta name=\"author\" content=\"Andreia Cunha\" \/>\n<meta name=\"twitter:card\" content=\"summary_large_image\" \/>\n<meta name=\"twitter:creator\" content=\"@altominhoTV\" \/>\n<meta name=\"twitter:site\" content=\"@altominhoTV\" \/>\n<meta name=\"twitter:label1\" content=\"Escrito por\" \/>\n\t<meta name=\"twitter:data1\" content=\"Andreia Cunha\" \/>\n<script type=\"application\/ld+json\" class=\"yoast-schema-graph\">{\"@context\":\"https:\\\/\\\/schema.org\",\"@graph\":[{\"@type\":\"Article\",\"@id\":\"https:\\\/\\\/www.altominho.tv\\\/site\\\/2019\\\/08\\\/19\\\/concerto-fado-da-saudade-no-meu-peito-em-viana\\\/#article\",\"isPartOf\":{\"@id\":\"https:\\\/\\\/www.altominho.tv\\\/site\\\/2019\\\/08\\\/19\\\/concerto-fado-da-saudade-no-meu-peito-em-viana\\\/\"},\"author\":{\"name\":\"Andreia Cunha\",\"@id\":\"https:\\\/\\\/www.altominho.tv\\\/site\\\/#\\\/schema\\\/person\\\/a0e4ef6d041f98ca284393d8f1d97153\"},\"headline\":\"Concerto Fado &#8220;Da Saudade no meu Peito&#8221; em Viana\",\"datePublished\":\"2019-08-19T12:10:28+00:00\",\"dateModified\":\"2019-08-19T12:10:31+00:00\",\"mainEntityOfPage\":{\"@id\":\"https:\\\/\\\/www.altominho.tv\\\/site\\\/2019\\\/08\\\/19\\\/concerto-fado-da-saudade-no-meu-peito-em-viana\\\/\"},\"wordCount\":65,\"image\":{\"@id\":\"https:\\\/\\\/www.altominho.tv\\\/site\\\/2019\\\/08\\\/19\\\/concerto-fado-da-saudade-no-meu-peito-em-viana\\\/#primaryimage\"},\"thumbnailUrl\":\"https:\\\/\\\/www.altominho.tv\\\/site\\\/wp-content\\\/uploads\\\/2019\\\/08\\\/cropped-vianafado.jpg\",\"keywords\":[\"Cultura\",\"Sociedade\"],\"articleSection\":[\"Viana do Castelo\"],\"inLanguage\":\"pt-PT\",\"copyrightYear\":\"2019\",\"copyrightHolder\":{\"@id\":\"https:\\\/\\\/www.altominho.tv\\\/site\\\/#organization\"}},{\"@type\":\"WebPage\",\"@id\":\"https:\\\/\\\/www.altominho.tv\\\/site\\\/2019\\\/08\\\/19\\\/concerto-fado-da-saudade-no-meu-peito-em-viana\\\/\",\"url\":\"https:\\\/\\\/www.altominho.tv\\\/site\\\/2019\\\/08\\\/19\\\/concerto-fado-da-saudade-no-meu-peito-em-viana\\\/\",\"name\":\"Concerto Fado \\\"Da Saudade no meu Peito\\\" em Viana\",\"isPartOf\":{\"@id\":\"https:\\\/\\\/www.altominho.tv\\\/site\\\/#website\"},\"primaryImageOfPage\":{\"@id\":\"https:\\\/\\\/www.altominho.tv\\\/site\\\/2019\\\/08\\\/19\\\/concerto-fado-da-saudade-no-meu-peito-em-viana\\\/#primaryimage\"},\"image\":{\"@id\":\"https:\\\/\\\/www.altominho.tv\\\/site\\\/2019\\\/08\\\/19\\\/concerto-fado-da-saudade-no-meu-peito-em-viana\\\/#primaryimage\"},\"thumbnailUrl\":\"https:\\\/\\\/www.altominho.tv\\\/site\\\/wp-content\\\/uploads\\\/2019\\\/08\\\/cropped-vianafado.jpg\",\"datePublished\":\"2019-08-19T12:10:28+00:00\",\"dateModified\":\"2019-08-19T12:10:31+00:00\",\"author\":{\"@id\":\"https:\\\/\\\/www.altominho.tv\\\/site\\\/#\\\/schema\\\/person\\\/a0e4ef6d041f98ca284393d8f1d97153\"},\"breadcrumb\":{\"@id\":\"https:\\\/\\\/www.altominho.tv\\\/site\\\/2019\\\/08\\\/19\\\/concerto-fado-da-saudade-no-meu-peito-em-viana\\\/#breadcrumb\"},\"inLanguage\":\"pt-PT\",\"potentialAction\":[{\"@type\":\"ReadAction\",\"target\":[\"https:\\\/\\\/www.altominho.tv\\\/site\\\/2019\\\/08\\\/19\\\/concerto-fado-da-saudade-no-meu-peito-em-viana\\\/\"]}]},{\"@type\":\"ImageObject\",\"inLanguage\":\"pt-PT\",\"@id\":\"https:\\\/\\\/www.altominho.tv\\\/site\\\/2019\\\/08\\\/19\\\/concerto-fado-da-saudade-no-meu-peito-em-viana\\\/#primaryimage\",\"url\":\"https:\\\/\\\/www.altominho.tv\\\/site\\\/wp-content\\\/uploads\\\/2019\\\/08\\\/cropped-vianafado.jpg\",\"contentUrl\":\"https:\\\/\\\/www.altominho.tv\\\/site\\\/wp-content\\\/uploads\\\/2019\\\/08\\\/cropped-vianafado.jpg\",\"width\":872,\"height\":490},{\"@type\":\"BreadcrumbList\",\"@id\":\"https:\\\/\\\/www.altominho.tv\\\/site\\\/2019\\\/08\\\/19\\\/concerto-fado-da-saudade-no-meu-peito-em-viana\\\/#breadcrumb\",\"itemListElement\":[{\"@type\":\"ListItem\",\"position\":1,\"name\":\"In\u00edcio\",\"item\":\"https:\\\/\\\/www.altominho.tv\\\/site\\\/\"},{\"@type\":\"ListItem\",\"position\":2,\"name\":\"Concerto Fado &#8220;Da Saudade no meu Peito&#8221; em Viana\"}]},{\"@type\":\"WebSite\",\"@id\":\"https:\\\/\\\/www.altominho.tv\\\/site\\\/#website\",\"url\":\"https:\\\/\\\/www.altominho.tv\\\/site\\\/\",\"name\":\"Altominho.tv\",\"description\":\"A sua regi\u00e3o \u00e0 dist\u00e2ncia de um clique...\",\"potentialAction\":[{\"@type\":\"SearchAction\",\"target\":{\"@type\":\"EntryPoint\",\"urlTemplate\":\"https:\\\/\\\/www.altominho.tv\\\/site\\\/?s={search_term_string}\"},\"query-input\":{\"@type\":\"PropertyValueSpecification\",\"valueRequired\":true,\"valueName\":\"search_term_string\"}}],\"inLanguage\":\"pt-PT\"},{\"@type\":\"Person\",\"@id\":\"https:\\\/\\\/www.altominho.tv\\\/site\\\/#\\\/schema\\\/person\\\/a0e4ef6d041f98ca284393d8f1d97153\",\"name\":\"Andreia Cunha\",\"image\":{\"@type\":\"ImageObject\",\"inLanguage\":\"pt-PT\",\"@id\":\"https:\\\/\\\/www.altominho.tv\\\/site\\\/wp-content\\\/uploads\\\/2017\\\/11\\\/Andreia_Cunha-1-150x150.jpg\",\"url\":\"https:\\\/\\\/www.altominho.tv\\\/site\\\/wp-content\\\/uploads\\\/2017\\\/11\\\/Andreia_Cunha-1-150x150.jpg\",\"contentUrl\":\"https:\\\/\\\/www.altominho.tv\\\/site\\\/wp-content\\\/uploads\\\/2017\\\/11\\\/Andreia_Cunha-1-150x150.jpg\",\"caption\":\"Andreia Cunha\"},\"url\":\"https:\\\/\\\/www.altominho.tv\\\/site\\\/author\\\/andreiacunha\\\/\"}]}<\/script>\n<!-- \/ Yoast SEO Premium plugin. -->","yoast_head_json":{"title":"Concerto Fado \"Da Saudade no meu Peito\" em Viana","robots":{"index":"index","follow":"follow","max-snippet":"max-snippet:-1","max-image-preview":"max-image-preview:large","max-video-preview":"max-video-preview:-1"},"canonical":"https:\/\/www.altominho.tv\/site\/2019\/08\/19\/concerto-fado-da-saudade-no-meu-peito-em-viana\/","og_locale":"pt_PT","og_type":"article","og_title":"Concerto Fado \"Da Saudade no meu Peito\" em Viana","og_description":"A Pra\u00e7a da Liberdade, em Viana do Castelo, vai receber Patr\u00edcia Costa, para um concerto de fado intitulado &#8220;Da Saudade no meu Peito&#8221;. Este concerto tem como convidados as Cantadeiras de Vale do Neiva, o Grupo Etnogr\u00e1fico da Areosa e Jo\u00e3o Gigante. O concerto tem lugar no dia 23 de agosto, \u00e0s 21h30.","og_url":"https:\/\/www.altominho.tv\/site\/2019\/08\/19\/concerto-fado-da-saudade-no-meu-peito-em-viana\/","og_site_name":"Altominho.tv","article_publisher":"https:\/\/www.facebook.com\/altominhotv","article_published_time":"2019-08-19T12:10:28+00:00","article_modified_time":"2019-08-19T12:10:31+00:00","og_image":[{"width":872,"height":490,"url":"https:\/\/www.altominho.tv\/site\/wp-content\/uploads\/2019\/08\/cropped-vianafado.jpg","type":"image\/jpeg"}],"author":"Andreia Cunha","twitter_card":"summary_large_image","twitter_creator":"@altominhoTV","twitter_site":"@altominhoTV","twitter_misc":{"Escrito por":"Andreia Cunha"},"schema":{"@context":"https:\/\/schema.org","@graph":[{"@type":"Article","@id":"https:\/\/www.altominho.tv\/site\/2019\/08\/19\/concerto-fado-da-saudade-no-meu-peito-em-viana\/#article","isPartOf":{"@id":"https:\/\/www.altominho.tv\/site\/2019\/08\/19\/concerto-fado-da-saudade-no-meu-peito-em-viana\/"},"author":{"name":"Andreia Cunha","@id":"https:\/\/www.altominho.tv\/site\/#\/schema\/person\/a0e4ef6d041f98ca284393d8f1d97153"},"headline":"Concerto Fado &#8220;Da Saudade no meu Peito&#8221; em Viana","datePublished":"2019-08-19T12:10:28+00:00","dateModified":"2019-08-19T12:10:31+00:00","mainEntityOfPage":{"@id":"https:\/\/www.altominho.tv\/site\/2019\/08\/19\/concerto-fado-da-saudade-no-meu-peito-em-viana\/"},"wordCount":65,"image":{"@id":"https:\/\/www.altominho.tv\/site\/2019\/08\/19\/concerto-fado-da-saudade-no-meu-peito-em-viana\/#primaryimage"},"thumbnailUrl":"https:\/\/www.altominho.tv\/site\/wp-content\/uploads\/2019\/08\/cropped-vianafado.jpg","keywords":["Cultura","Sociedade"],"articleSection":["Viana do Castelo"],"inLanguage":"pt-PT","copyrightYear":"2019","copyrightHolder":{"@id":"https:\/\/www.altominho.tv\/site\/#organization"}},{"@type":"WebPage","@id":"https:\/\/www.altominho.tv\/site\/2019\/08\/19\/concerto-fado-da-saudade-no-meu-peito-em-viana\/","url":"https:\/\/www.altominho.tv\/site\/2019\/08\/19\/concerto-fado-da-saudade-no-meu-peito-em-viana\/","name":"Concerto Fado \"Da Saudade no meu Peito\" em Viana","isPartOf":{"@id":"https:\/\/www.altominho.tv\/site\/#website"},"primaryImageOfPage":{"@id":"https:\/\/www.altominho.tv\/site\/2019\/08\/19\/concerto-fado-da-saudade-no-meu-peito-em-viana\/#primaryimage"},"image":{"@id":"https:\/\/www.altominho.tv\/site\/2019\/08\/19\/concerto-fado-da-saudade-no-meu-peito-em-viana\/#primaryimage"},"thumbnailUrl":"https:\/\/www.altominho.tv\/site\/wp-content\/uploads\/2019\/08\/cropped-vianafado.jpg","datePublished":"2019-08-19T12:10:28+00:00","dateModified":"2019-08-19T12:10:31+00:00","author":{"@id":"https:\/\/www.altominho.tv\/site\/#\/schema\/person\/a0e4ef6d041f98ca284393d8f1d97153"},"breadcrumb":{"@id":"https:\/\/www.altominho.tv\/site\/2019\/08\/19\/concerto-fado-da-saudade-no-meu-peito-em-viana\/#breadcrumb"},"inLanguage":"pt-PT","potentialAction":[{"@type":"ReadAction","target":["https:\/\/www.altominho.tv\/site\/2019\/08\/19\/concerto-fado-da-saudade-no-meu-peito-em-viana\/"]}]},{"@type":"ImageObject","inLanguage":"pt-PT","@id":"https:\/\/www.altominho.tv\/site\/2019\/08\/19\/concerto-fado-da-saudade-no-meu-peito-em-viana\/#primaryimage","url":"https:\/\/www.altominho.tv\/site\/wp-content\/uploads\/2019\/08\/cropped-vianafado.jpg","contentUrl":"https:\/\/www.altominho.tv\/site\/wp-content\/uploads\/2019\/08\/cropped-vianafado.jpg","width":872,"height":490},{"@type":"BreadcrumbList","@id":"https:\/\/www.altominho.tv\/site\/2019\/08\/19\/concerto-fado-da-saudade-no-meu-peito-em-viana\/#breadcrumb","itemListElement":[{"@type":"ListItem","position":1,"name":"In\u00edcio","item":"https:\/\/www.altominho.tv\/site\/"},{"@type":"ListItem","position":2,"name":"Concerto Fado &#8220;Da Saudade no meu Peito&#8221; em Viana"}]},{"@type":"WebSite","@id":"https:\/\/www.altominho.tv\/site\/#website","url":"https:\/\/www.altominho.tv\/site\/","name":"Altominho.tv","description":"A sua regi\u00e3o \u00e0 dist\u00e2ncia de um clique...","potentialAction":[{"@type":"SearchAction","target":{"@type":"EntryPoint","urlTemplate":"https:\/\/www.altominho.tv\/site\/?s={search_term_string}"},"query-input":{"@type":"PropertyValueSpecification","valueRequired":true,"valueName":"search_term_string"}}],"inLanguage":"pt-PT"},{"@type":"Person","@id":"https:\/\/www.altominho.tv\/site\/#\/schema\/person\/a0e4ef6d041f98ca284393d8f1d97153","name":"Andreia Cunha","image":{"@type":"ImageObject","inLanguage":"pt-PT","@id":"https:\/\/www.altominho.tv\/site\/wp-content\/uploads\/2017\/11\/Andreia_Cunha-1-150x150.jpg","url":"https:\/\/www.altominho.tv\/site\/wp-content\/uploads\/2017\/11\/Andreia_Cunha-1-150x150.jpg","contentUrl":"https:\/\/www.altominho.tv\/site\/wp-content\/uploads\/2017\/11\/Andreia_Cunha-1-150x150.jpg","caption":"Andreia Cunha"},"url":"https:\/\/www.altominho.tv\/site\/author\/andreiacunha\/"}]}},"_links":{"self":[{"href":"https:\/\/www.altominho.tv\/site\/wp-json\/wp\/v2\/posts\/32954","targetHints":{"allow":["GET"]}}],"collection":[{"href":"https:\/\/www.altominho.tv\/site\/wp-json\/wp\/v2\/posts"}],"about":[{"href":"https:\/\/www.altominho.tv\/site\/wp-json\/wp\/v2\/types\/post"}],"author":[{"embeddable":true,"href":"https:\/\/www.altominho.tv\/site\/wp-json\/wp\/v2\/users\/7"}],"replies":[{"embeddable":true,"href":"https:\/\/www.altominho.tv\/site\/wp-json\/wp\/v2\/comments?post=32954"}],"version-history":[{"count":0,"href":"https:\/\/www.altominho.tv\/site\/wp-json\/wp\/v2\/posts\/32954\/revisions"}],"wp:featuredmedia":[{"embeddable":true,"href":"https:\/\/www.altominho.tv\/site\/wp-json\/wp\/v2\/media\/32956"}],"wp:attachment":[{"href":"https:\/\/www.altominho.tv\/site\/wp-json\/wp\/v2\/media?parent=32954"}],"wp:term":[{"taxonomy":"category","embeddable":true,"href":"https:\/\/www.altominho.tv\/site\/wp-json\/wp\/v2\/categories?post=32954"},{"taxonomy":"post_tag","embeddable":true,"href":"https:\/\/www.altominho.tv\/site\/wp-json\/wp\/v2\/tags?post=32954"}],"curies":[{"name":"wp","href":"https:\/\/api.w.org\/{rel}","templated":true}]}}