{"id":32935,"date":"2019-08-19T10:14:24","date_gmt":"2019-08-19T09:14:24","guid":{"rendered":"http:\/\/www.altominho.tv\/site\/?p=32935"},"modified":"2019-08-19T10:14:28","modified_gmt":"2019-08-19T09:14:28","slug":"bispo-de-viana-do-castelo-respeitara-protesto-de-pescadores-a-procissao-ao-mar","status":"publish","type":"post","link":"https:\/\/www.altominho.tv\/site\/2019\/08\/19\/bispo-de-viana-do-castelo-respeitara-protesto-de-pescadores-a-procissao-ao-mar\/","title":{"rendered":"Bispo de Viana do Castelo \u201crespeitar\u00e1\u201d protesto de pescadores \u00e0 prociss\u00e3o ao mar"},"content":{"rendered":"\n<p>O Bispo de Viana do Castelo disse hoje que &#8220;respeitar\u00e1&#8221; os pescadores que n\u00e3o participarem na prociss\u00e3o ao mar em honra da Senhora d&#8217;Agonia em protesto contra o valor da compensa\u00e7\u00e3o pelo impacto de um parque e\u00f3lico flutuante.<br><\/p>\n\n\n\n<p>&#8220;N\u00e3o me vou intrometer nas decis\u00f5es deles e nem quero influenci\u00e1-los. Agora irei respeit\u00e1-los&#8221;, afirmou Anacleto Oliveira.<br><\/p>\n\n\n\n<p>Na origem de uma eventual forma de luta dos pescadores que poder\u00e3o n\u00e3o participar na ter\u00e7a-feira naquele evento religioso da Romaria d&#8217;Agonia est\u00e1 a instala\u00e7\u00e3o do Windfloat Atlantic (WFA).<br><\/p>\n\n\n\n<p>Trata-se de um projeto de uma central e\u00f3lica &#8216;offshore&#8217; (no mar), ao largo de Viana do Castelo, or\u00e7ado em 125 milh\u00f5es de euros, coordenado pela EDP, atrav\u00e9s da EDP Renov\u00e1veis.<br><\/p>\n\n\n\n<p>Em causa est\u00e3o 28 embarca\u00e7\u00f5es de pesca local, diretamente afetadas pela instala\u00e7\u00e3o do parque e\u00f3lico flutuante.\u00a0<br><\/p>\n\n\n\n<p>Aqueles pescadores reclamam a atribui\u00e7\u00e3o de uma compensa\u00e7\u00e3o pelos preju\u00edzos causados pela interdi\u00e7\u00e3o da pesca na envolvente (0,5 quil\u00f3metros de cada lado) do cabo submarino, com cerca de 17 quil\u00f3metros de extens\u00e3o, que vai ligar o parque e\u00f3lico flutuante \u00e0 rede, instalada em Viana do Castelo.<br><\/p>\n\n\n\n<p>A EDP Renov\u00e1veis disponibilizou uma verba de 200 mil euros para compensar essas embarca\u00e7\u00f5es, mas os pescadores n\u00e3o aceitam aquele valor. As negocia\u00e7\u00f5es decorrem h\u00e1 v\u00e1rias semanas.\u00a0<br><\/p>\n\n\n\n<p>Hoje, os pescadores voltam a reunir-se, na C\u00e2mara Municipal de Viana do Castelo, intermedi\u00e1ria no processo negocial mediado pelo Governo, para tentar chegar a acordo com a concession\u00e1ria do parque e\u00f3lico.<br><\/p>\n\n\n\n<p>&#8220;Pelo que estou informado, e posso estar enganado, os pescadores que amea\u00e7aram com um boicote t\u00eam um real problema e \u00e9 grave, porque estes pescadores s\u00e3o pobres. Se h\u00e1 pessoas que n\u00f3s, na Senhora d&#8217;Agonia, temos de venerar e ajudar s\u00e3o os pequenos pescadores&#8221;, afirmou o bispo Anacleto Oliveira.<br><\/p>\n\n\n\n<p>Para as embarca\u00e7\u00f5es de pesca costeira, a Windplus, titular da Utiliza\u00e7\u00e3o do Espa\u00e7o Mar\u00edtimo Nacional, negociou uma compensa\u00e7\u00e3o com 16 armadores potencialmente afetados pela instala\u00e7\u00e3o do parque, que anteriormente anunciaram participar na prociss\u00e3o.<br><\/p>\n\n\n\n<p>O Bispo de Viana do Castelo sublinhou que n\u00e3o se ir\u00e1 &#8220;intrometer&#8221; no diferendo, mas disse &#8220;n\u00e3o admitir&#8221; chantagem com a f\u00e9 dos pescadores &#8220;para n\u00e3o lhes conceder os seus direitos\u201d.<br><\/p>\n\n\n\n<p>&#8220;N\u00e3o admito que se fa\u00e7a chantagem com a f\u00e9 e religiosidade dos pescadores para n\u00e3o lhes concederem os seus direitos&#8221;, referiu Anacleto Oliveira.<br><\/p>\n\n\n\n<p>Anteriormente, o presidente da C\u00e2mara Municipal de Viana do Castelo, Jos\u00e9 Maria Costa, disse estar confiante na &#8220;via do di\u00e1logo&#8221; para ultrapassar as diverg\u00eancias.<br><\/p>\n\n\n\n<p>O autarca socialista disse estar certo de que &#8220;tudo ir\u00e1 correr bem&#8221;.<br><\/p>\n\n\n\n<p>&#8220;Tenho essa esperan\u00e7a e estou certo, porque conhe\u00e7o os pescadores, que estar\u00e3o na festa, porque \u00e9 a sua festa, da sua santa e far\u00e3o o melhor para louvar a sua santa&#8221;, afirmou.<br><\/p>\n\n\n\n<p>A Prociss\u00e3o ao Rio e ao Mar em Honra da Senhora d\u2019Agonia cumpre-se sempre a 20 de agosto, desde 1968, contando com pescadores de dezenas de embarca\u00e7\u00f5es. J\u00e1 o culto \u00e0 padroeira dos pescadores tem a sua primeira refer\u00eancia escrita em 1744.<\/p>\n","protected":false},"excerpt":{"rendered":"<p>O Bispo de Viana do Castelo disse hoje que &#8220;respeitar\u00e1&#8221; os pescadores que n\u00e3o participarem na prociss\u00e3o ao mar em honra da Senhora d&#8217;Agonia em protesto contra o valor da compensa\u00e7\u00e3o pelo impacto de um parque e\u00f3lico flutuante. &#8220;N\u00e3o me vou intrometer nas decis\u00f5es deles e nem quero influenci\u00e1-los. Agora irei respeit\u00e1-los&#8221;, afirmou Anacleto Oliveira. [&hellip;]<\/p>\n","protected":false},"author":7,"featured_media":32937,"comment_status":"closed","ping_status":"closed","sticky":false,"template":"","format":"standard","meta":{"_exactmetrics_skip_tracking":false,"_exactmetrics_sitenote_active":false,"_exactmetrics_sitenote_note":"","_exactmetrics_sitenote_category":0,"footnotes":""},"categories":[14],"tags":[19,27],"class_list":["post-32935","post","type-post","status-publish","format-standard","has-post-thumbnail","hentry","category-viana-do-castelo","tag-cultura","tag-sociedade"],"yoast_head":"<!-- This site is optimized with the Yoast SEO Premium plugin v27.5 (Yoast SEO v27.5) - https:\/\/yoast.com\/product\/yoast-seo-premium-wordpress\/ -->\n<title>Bispo de Viana do Castelo \u201crespeitar\u00e1\u201d protesto de pescadores \u00e0 prociss\u00e3o ao mar<\/title>\n<meta name=\"robots\" content=\"index, follow, max-snippet:-1, max-image-preview:large, max-video-preview:-1\" \/>\n<link rel=\"canonical\" href=\"https:\/\/www.altominho.tv\/site\/2019\/08\/19\/bispo-de-viana-do-castelo-respeitara-protesto-de-pescadores-a-procissao-ao-mar\/\" \/>\n<meta property=\"og:locale\" content=\"pt_PT\" \/>\n<meta property=\"og:type\" content=\"article\" \/>\n<meta property=\"og:title\" content=\"Bispo de Viana do Castelo \u201crespeitar\u00e1\u201d protesto de pescadores \u00e0 prociss\u00e3o ao mar\" \/>\n<meta property=\"og:description\" content=\"O Bispo de Viana do Castelo disse hoje que &#8220;respeitar\u00e1&#8221; os pescadores que n\u00e3o participarem na prociss\u00e3o ao mar em honra da Senhora d&#8217;Agonia em protesto contra o valor da compensa\u00e7\u00e3o pelo impacto de um parque e\u00f3lico flutuante. &#8220;N\u00e3o me vou intrometer nas decis\u00f5es deles e nem quero influenci\u00e1-los. Agora irei respeit\u00e1-los&#8221;, afirmou Anacleto Oliveira. [&hellip;]\" \/>\n<meta property=\"og:url\" content=\"https:\/\/www.altominho.tv\/site\/2019\/08\/19\/bispo-de-viana-do-castelo-respeitara-protesto-de-pescadores-a-procissao-ao-mar\/\" \/>\n<meta property=\"og:site_name\" content=\"Altominho.tv\" \/>\n<meta property=\"article:publisher\" content=\"https:\/\/www.facebook.com\/altominhotv\" \/>\n<meta property=\"article:published_time\" content=\"2019-08-19T09:14:24+00:00\" \/>\n<meta property=\"article:modified_time\" content=\"2019-08-19T09:14:28+00:00\" \/>\n<meta property=\"og:image\" content=\"https:\/\/www.altominho.tv\/site\/wp-content\/uploads\/2019\/08\/cropped-Procissao-ao-Mar-Romaria-Agonia-Viana-do-Castelo-5-740x432.jpg\" \/>\n\t<meta property=\"og:image:width\" content=\"740\" \/>\n\t<meta property=\"og:image:height\" content=\"416\" \/>\n\t<meta property=\"og:image:type\" content=\"image\/jpeg\" \/>\n<meta name=\"author\" content=\"Andreia Cunha\" \/>\n<meta name=\"twitter:card\" content=\"summary_large_image\" \/>\n<meta name=\"twitter:creator\" content=\"@altominhoTV\" \/>\n<meta name=\"twitter:site\" content=\"@altominhoTV\" \/>\n<meta name=\"twitter:label1\" content=\"Escrito por\" \/>\n\t<meta name=\"twitter:data1\" content=\"Andreia Cunha\" \/>\n\t<meta name=\"twitter:label2\" content=\"Tempo estimado de leitura\" \/>\n\t<meta name=\"twitter:data2\" content=\"3 minutos\" \/>\n<script type=\"application\/ld+json\" class=\"yoast-schema-graph\">{\"@context\":\"https:\\\/\\\/schema.org\",\"@graph\":[{\"@type\":\"Article\",\"@id\":\"https:\\\/\\\/www.altominho.tv\\\/site\\\/2019\\\/08\\\/19\\\/bispo-de-viana-do-castelo-respeitara-protesto-de-pescadores-a-procissao-ao-mar\\\/#article\",\"isPartOf\":{\"@id\":\"https:\\\/\\\/www.altominho.tv\\\/site\\\/2019\\\/08\\\/19\\\/bispo-de-viana-do-castelo-respeitara-protesto-de-pescadores-a-procissao-ao-mar\\\/\"},\"author\":{\"name\":\"Andreia Cunha\",\"@id\":\"https:\\\/\\\/www.altominho.tv\\\/site\\\/#\\\/schema\\\/person\\\/a0e4ef6d041f98ca284393d8f1d97153\"},\"headline\":\"Bispo de Viana do Castelo \u201crespeitar\u00e1\u201d protesto de pescadores \u00e0 prociss\u00e3o ao mar\",\"datePublished\":\"2019-08-19T09:14:24+00:00\",\"dateModified\":\"2019-08-19T09:14:28+00:00\",\"mainEntityOfPage\":{\"@id\":\"https:\\\/\\\/www.altominho.tv\\\/site\\\/2019\\\/08\\\/19\\\/bispo-de-viana-do-castelo-respeitara-protesto-de-pescadores-a-procissao-ao-mar\\\/\"},\"wordCount\":547,\"image\":{\"@id\":\"https:\\\/\\\/www.altominho.tv\\\/site\\\/2019\\\/08\\\/19\\\/bispo-de-viana-do-castelo-respeitara-protesto-de-pescadores-a-procissao-ao-mar\\\/#primaryimage\"},\"thumbnailUrl\":\"https:\\\/\\\/www.altominho.tv\\\/site\\\/wp-content\\\/uploads\\\/2019\\\/08\\\/cropped-Procissao-ao-Mar-Romaria-Agonia-Viana-do-Castelo-5-740x432.jpg\",\"keywords\":[\"Cultura\",\"Sociedade\"],\"articleSection\":[\"Viana do Castelo\"],\"inLanguage\":\"pt-PT\",\"copyrightYear\":\"2019\",\"copyrightHolder\":{\"@id\":\"https:\\\/\\\/www.altominho.tv\\\/site\\\/#organization\"}},{\"@type\":\"WebPage\",\"@id\":\"https:\\\/\\\/www.altominho.tv\\\/site\\\/2019\\\/08\\\/19\\\/bispo-de-viana-do-castelo-respeitara-protesto-de-pescadores-a-procissao-ao-mar\\\/\",\"url\":\"https:\\\/\\\/www.altominho.tv\\\/site\\\/2019\\\/08\\\/19\\\/bispo-de-viana-do-castelo-respeitara-protesto-de-pescadores-a-procissao-ao-mar\\\/\",\"name\":\"Bispo de Viana do Castelo \u201crespeitar\u00e1\u201d protesto de pescadores \u00e0 prociss\u00e3o ao mar\",\"isPartOf\":{\"@id\":\"https:\\\/\\\/www.altominho.tv\\\/site\\\/#website\"},\"primaryImageOfPage\":{\"@id\":\"https:\\\/\\\/www.altominho.tv\\\/site\\\/2019\\\/08\\\/19\\\/bispo-de-viana-do-castelo-respeitara-protesto-de-pescadores-a-procissao-ao-mar\\\/#primaryimage\"},\"image\":{\"@id\":\"https:\\\/\\\/www.altominho.tv\\\/site\\\/2019\\\/08\\\/19\\\/bispo-de-viana-do-castelo-respeitara-protesto-de-pescadores-a-procissao-ao-mar\\\/#primaryimage\"},\"thumbnailUrl\":\"https:\\\/\\\/www.altominho.tv\\\/site\\\/wp-content\\\/uploads\\\/2019\\\/08\\\/cropped-Procissao-ao-Mar-Romaria-Agonia-Viana-do-Castelo-5-740x432.jpg\",\"datePublished\":\"2019-08-19T09:14:24+00:00\",\"dateModified\":\"2019-08-19T09:14:28+00:00\",\"author\":{\"@id\":\"https:\\\/\\\/www.altominho.tv\\\/site\\\/#\\\/schema\\\/person\\\/a0e4ef6d041f98ca284393d8f1d97153\"},\"breadcrumb\":{\"@id\":\"https:\\\/\\\/www.altominho.tv\\\/site\\\/2019\\\/08\\\/19\\\/bispo-de-viana-do-castelo-respeitara-protesto-de-pescadores-a-procissao-ao-mar\\\/#breadcrumb\"},\"inLanguage\":\"pt-PT\",\"potentialAction\":[{\"@type\":\"ReadAction\",\"target\":[\"https:\\\/\\\/www.altominho.tv\\\/site\\\/2019\\\/08\\\/19\\\/bispo-de-viana-do-castelo-respeitara-protesto-de-pescadores-a-procissao-ao-mar\\\/\"]}]},{\"@type\":\"ImageObject\",\"inLanguage\":\"pt-PT\",\"@id\":\"https:\\\/\\\/www.altominho.tv\\\/site\\\/2019\\\/08\\\/19\\\/bispo-de-viana-do-castelo-respeitara-protesto-de-pescadores-a-procissao-ao-mar\\\/#primaryimage\",\"url\":\"https:\\\/\\\/www.altominho.tv\\\/site\\\/wp-content\\\/uploads\\\/2019\\\/08\\\/cropped-Procissao-ao-Mar-Romaria-Agonia-Viana-do-Castelo-5-740x432.jpg\",\"contentUrl\":\"https:\\\/\\\/www.altominho.tv\\\/site\\\/wp-content\\\/uploads\\\/2019\\\/08\\\/cropped-Procissao-ao-Mar-Romaria-Agonia-Viana-do-Castelo-5-740x432.jpg\",\"width\":740,\"height\":416},{\"@type\":\"BreadcrumbList\",\"@id\":\"https:\\\/\\\/www.altominho.tv\\\/site\\\/2019\\\/08\\\/19\\\/bispo-de-viana-do-castelo-respeitara-protesto-de-pescadores-a-procissao-ao-mar\\\/#breadcrumb\",\"itemListElement\":[{\"@type\":\"ListItem\",\"position\":1,\"name\":\"In\u00edcio\",\"item\":\"https:\\\/\\\/www.altominho.tv\\\/site\\\/\"},{\"@type\":\"ListItem\",\"position\":2,\"name\":\"Bispo de Viana do Castelo \u201crespeitar\u00e1\u201d protesto de pescadores \u00e0 prociss\u00e3o ao mar\"}]},{\"@type\":\"WebSite\",\"@id\":\"https:\\\/\\\/www.altominho.tv\\\/site\\\/#website\",\"url\":\"https:\\\/\\\/www.altominho.tv\\\/site\\\/\",\"name\":\"Altominho.tv\",\"description\":\"A sua regi\u00e3o \u00e0 dist\u00e2ncia de um clique...\",\"potentialAction\":[{\"@type\":\"SearchAction\",\"target\":{\"@type\":\"EntryPoint\",\"urlTemplate\":\"https:\\\/\\\/www.altominho.tv\\\/site\\\/?s={search_term_string}\"},\"query-input\":{\"@type\":\"PropertyValueSpecification\",\"valueRequired\":true,\"valueName\":\"search_term_string\"}}],\"inLanguage\":\"pt-PT\"},{\"@type\":\"Person\",\"@id\":\"https:\\\/\\\/www.altominho.tv\\\/site\\\/#\\\/schema\\\/person\\\/a0e4ef6d041f98ca284393d8f1d97153\",\"name\":\"Andreia Cunha\",\"image\":{\"@type\":\"ImageObject\",\"inLanguage\":\"pt-PT\",\"@id\":\"https:\\\/\\\/www.altominho.tv\\\/site\\\/wp-content\\\/uploads\\\/2017\\\/11\\\/Andreia_Cunha-1-150x150.jpg\",\"url\":\"https:\\\/\\\/www.altominho.tv\\\/site\\\/wp-content\\\/uploads\\\/2017\\\/11\\\/Andreia_Cunha-1-150x150.jpg\",\"contentUrl\":\"https:\\\/\\\/www.altominho.tv\\\/site\\\/wp-content\\\/uploads\\\/2017\\\/11\\\/Andreia_Cunha-1-150x150.jpg\",\"caption\":\"Andreia Cunha\"},\"url\":\"https:\\\/\\\/www.altominho.tv\\\/site\\\/author\\\/andreiacunha\\\/\"}]}<\/script>\n<!-- \/ Yoast SEO Premium plugin. -->","yoast_head_json":{"title":"Bispo de Viana do Castelo \u201crespeitar\u00e1\u201d protesto de pescadores \u00e0 prociss\u00e3o ao mar","robots":{"index":"index","follow":"follow","max-snippet":"max-snippet:-1","max-image-preview":"max-image-preview:large","max-video-preview":"max-video-preview:-1"},"canonical":"https:\/\/www.altominho.tv\/site\/2019\/08\/19\/bispo-de-viana-do-castelo-respeitara-protesto-de-pescadores-a-procissao-ao-mar\/","og_locale":"pt_PT","og_type":"article","og_title":"Bispo de Viana do Castelo \u201crespeitar\u00e1\u201d protesto de pescadores \u00e0 prociss\u00e3o ao mar","og_description":"O Bispo de Viana do Castelo disse hoje que &#8220;respeitar\u00e1&#8221; os pescadores que n\u00e3o participarem na prociss\u00e3o ao mar em honra da Senhora d&#8217;Agonia em protesto contra o valor da compensa\u00e7\u00e3o pelo impacto de um parque e\u00f3lico flutuante. &#8220;N\u00e3o me vou intrometer nas decis\u00f5es deles e nem quero influenci\u00e1-los. Agora irei respeit\u00e1-los&#8221;, afirmou Anacleto Oliveira. [&hellip;]","og_url":"https:\/\/www.altominho.tv\/site\/2019\/08\/19\/bispo-de-viana-do-castelo-respeitara-protesto-de-pescadores-a-procissao-ao-mar\/","og_site_name":"Altominho.tv","article_publisher":"https:\/\/www.facebook.com\/altominhotv","article_published_time":"2019-08-19T09:14:24+00:00","article_modified_time":"2019-08-19T09:14:28+00:00","og_image":[{"width":740,"height":416,"url":"https:\/\/www.altominho.tv\/site\/wp-content\/uploads\/2019\/08\/cropped-Procissao-ao-Mar-Romaria-Agonia-Viana-do-Castelo-5-740x432.jpg","type":"image\/jpeg"}],"author":"Andreia Cunha","twitter_card":"summary_large_image","twitter_creator":"@altominhoTV","twitter_site":"@altominhoTV","twitter_misc":{"Escrito por":"Andreia Cunha","Tempo estimado de leitura":"3 minutos"},"schema":{"@context":"https:\/\/schema.org","@graph":[{"@type":"Article","@id":"https:\/\/www.altominho.tv\/site\/2019\/08\/19\/bispo-de-viana-do-castelo-respeitara-protesto-de-pescadores-a-procissao-ao-mar\/#article","isPartOf":{"@id":"https:\/\/www.altominho.tv\/site\/2019\/08\/19\/bispo-de-viana-do-castelo-respeitara-protesto-de-pescadores-a-procissao-ao-mar\/"},"author":{"name":"Andreia Cunha","@id":"https:\/\/www.altominho.tv\/site\/#\/schema\/person\/a0e4ef6d041f98ca284393d8f1d97153"},"headline":"Bispo de Viana do Castelo \u201crespeitar\u00e1\u201d protesto de pescadores \u00e0 prociss\u00e3o ao mar","datePublished":"2019-08-19T09:14:24+00:00","dateModified":"2019-08-19T09:14:28+00:00","mainEntityOfPage":{"@id":"https:\/\/www.altominho.tv\/site\/2019\/08\/19\/bispo-de-viana-do-castelo-respeitara-protesto-de-pescadores-a-procissao-ao-mar\/"},"wordCount":547,"image":{"@id":"https:\/\/www.altominho.tv\/site\/2019\/08\/19\/bispo-de-viana-do-castelo-respeitara-protesto-de-pescadores-a-procissao-ao-mar\/#primaryimage"},"thumbnailUrl":"https:\/\/www.altominho.tv\/site\/wp-content\/uploads\/2019\/08\/cropped-Procissao-ao-Mar-Romaria-Agonia-Viana-do-Castelo-5-740x432.jpg","keywords":["Cultura","Sociedade"],"articleSection":["Viana do Castelo"],"inLanguage":"pt-PT","copyrightYear":"2019","copyrightHolder":{"@id":"https:\/\/www.altominho.tv\/site\/#organization"}},{"@type":"WebPage","@id":"https:\/\/www.altominho.tv\/site\/2019\/08\/19\/bispo-de-viana-do-castelo-respeitara-protesto-de-pescadores-a-procissao-ao-mar\/","url":"https:\/\/www.altominho.tv\/site\/2019\/08\/19\/bispo-de-viana-do-castelo-respeitara-protesto-de-pescadores-a-procissao-ao-mar\/","name":"Bispo de Viana do Castelo \u201crespeitar\u00e1\u201d protesto de pescadores \u00e0 prociss\u00e3o ao mar","isPartOf":{"@id":"https:\/\/www.altominho.tv\/site\/#website"},"primaryImageOfPage":{"@id":"https:\/\/www.altominho.tv\/site\/2019\/08\/19\/bispo-de-viana-do-castelo-respeitara-protesto-de-pescadores-a-procissao-ao-mar\/#primaryimage"},"image":{"@id":"https:\/\/www.altominho.tv\/site\/2019\/08\/19\/bispo-de-viana-do-castelo-respeitara-protesto-de-pescadores-a-procissao-ao-mar\/#primaryimage"},"thumbnailUrl":"https:\/\/www.altominho.tv\/site\/wp-content\/uploads\/2019\/08\/cropped-Procissao-ao-Mar-Romaria-Agonia-Viana-do-Castelo-5-740x432.jpg","datePublished":"2019-08-19T09:14:24+00:00","dateModified":"2019-08-19T09:14:28+00:00","author":{"@id":"https:\/\/www.altominho.tv\/site\/#\/schema\/person\/a0e4ef6d041f98ca284393d8f1d97153"},"breadcrumb":{"@id":"https:\/\/www.altominho.tv\/site\/2019\/08\/19\/bispo-de-viana-do-castelo-respeitara-protesto-de-pescadores-a-procissao-ao-mar\/#breadcrumb"},"inLanguage":"pt-PT","potentialAction":[{"@type":"ReadAction","target":["https:\/\/www.altominho.tv\/site\/2019\/08\/19\/bispo-de-viana-do-castelo-respeitara-protesto-de-pescadores-a-procissao-ao-mar\/"]}]},{"@type":"ImageObject","inLanguage":"pt-PT","@id":"https:\/\/www.altominho.tv\/site\/2019\/08\/19\/bispo-de-viana-do-castelo-respeitara-protesto-de-pescadores-a-procissao-ao-mar\/#primaryimage","url":"https:\/\/www.altominho.tv\/site\/wp-content\/uploads\/2019\/08\/cropped-Procissao-ao-Mar-Romaria-Agonia-Viana-do-Castelo-5-740x432.jpg","contentUrl":"https:\/\/www.altominho.tv\/site\/wp-content\/uploads\/2019\/08\/cropped-Procissao-ao-Mar-Romaria-Agonia-Viana-do-Castelo-5-740x432.jpg","width":740,"height":416},{"@type":"BreadcrumbList","@id":"https:\/\/www.altominho.tv\/site\/2019\/08\/19\/bispo-de-viana-do-castelo-respeitara-protesto-de-pescadores-a-procissao-ao-mar\/#breadcrumb","itemListElement":[{"@type":"ListItem","position":1,"name":"In\u00edcio","item":"https:\/\/www.altominho.tv\/site\/"},{"@type":"ListItem","position":2,"name":"Bispo de Viana do Castelo \u201crespeitar\u00e1\u201d protesto de pescadores \u00e0 prociss\u00e3o ao mar"}]},{"@type":"WebSite","@id":"https:\/\/www.altominho.tv\/site\/#website","url":"https:\/\/www.altominho.tv\/site\/","name":"Altominho.tv","description":"A sua regi\u00e3o \u00e0 dist\u00e2ncia de um clique...","potentialAction":[{"@type":"SearchAction","target":{"@type":"EntryPoint","urlTemplate":"https:\/\/www.altominho.tv\/site\/?s={search_term_string}"},"query-input":{"@type":"PropertyValueSpecification","valueRequired":true,"valueName":"search_term_string"}}],"inLanguage":"pt-PT"},{"@type":"Person","@id":"https:\/\/www.altominho.tv\/site\/#\/schema\/person\/a0e4ef6d041f98ca284393d8f1d97153","name":"Andreia Cunha","image":{"@type":"ImageObject","inLanguage":"pt-PT","@id":"https:\/\/www.altominho.tv\/site\/wp-content\/uploads\/2017\/11\/Andreia_Cunha-1-150x150.jpg","url":"https:\/\/www.altominho.tv\/site\/wp-content\/uploads\/2017\/11\/Andreia_Cunha-1-150x150.jpg","contentUrl":"https:\/\/www.altominho.tv\/site\/wp-content\/uploads\/2017\/11\/Andreia_Cunha-1-150x150.jpg","caption":"Andreia Cunha"},"url":"https:\/\/www.altominho.tv\/site\/author\/andreiacunha\/"}]}},"_links":{"self":[{"href":"https:\/\/www.altominho.tv\/site\/wp-json\/wp\/v2\/posts\/32935","targetHints":{"allow":["GET"]}}],"collection":[{"href":"https:\/\/www.altominho.tv\/site\/wp-json\/wp\/v2\/posts"}],"about":[{"href":"https:\/\/www.altominho.tv\/site\/wp-json\/wp\/v2\/types\/post"}],"author":[{"embeddable":true,"href":"https:\/\/www.altominho.tv\/site\/wp-json\/wp\/v2\/users\/7"}],"replies":[{"embeddable":true,"href":"https:\/\/www.altominho.tv\/site\/wp-json\/wp\/v2\/comments?post=32935"}],"version-history":[{"count":0,"href":"https:\/\/www.altominho.tv\/site\/wp-json\/wp\/v2\/posts\/32935\/revisions"}],"wp:featuredmedia":[{"embeddable":true,"href":"https:\/\/www.altominho.tv\/site\/wp-json\/wp\/v2\/media\/32937"}],"wp:attachment":[{"href":"https:\/\/www.altominho.tv\/site\/wp-json\/wp\/v2\/media?parent=32935"}],"wp:term":[{"taxonomy":"category","embeddable":true,"href":"https:\/\/www.altominho.tv\/site\/wp-json\/wp\/v2\/categories?post=32935"},{"taxonomy":"post_tag","embeddable":true,"href":"https:\/\/www.altominho.tv\/site\/wp-json\/wp\/v2\/tags?post=32935"}],"curies":[{"name":"wp","href":"https:\/\/api.w.org\/{rel}","templated":true}]}}