{"id":32911,"date":"2019-08-18T13:04:40","date_gmt":"2019-08-18T12:04:40","guid":{"rendered":"http:\/\/www.altominho.tv\/site\/?p=32911"},"modified":"2019-08-18T13:04:43","modified_gmt":"2019-08-18T12:04:43","slug":"depois-da-melhor-edicao-de-sempre-vodafone-paredes-de-coura-regressa-em-2020","status":"publish","type":"post","link":"https:\/\/www.altominho.tv\/site\/2019\/08\/18\/depois-da-melhor-edicao-de-sempre-vodafone-paredes-de-coura-regressa-em-2020\/","title":{"rendered":"Depois da &#8220;melhor edi\u00e7\u00e3o de sempre&#8221; Vodafone Paredes de Coura regressa em 2020"},"content":{"rendered":"<p>O respons\u00e1vel destacou o \u201ccartaz maravilhoso, p\u00fablico c\u00edvico, mais \u00e1reas de descanso e campismo e as mudan\u00e7as que chegaram \u00e0s pessoas e as deixaram felizes\u201d, recordando a g\u00e9nese do evento.<\/p>\n<blockquote><p>\u00a0Isto \u00e9 um sonho de crian\u00e7as, \u00e9 um festival que come\u00e7ou com um grupo de amigos que ainda hoje se mant\u00e9m unido e s\u00f3 queria passar bom momento. Olhar para tr\u00e1s e viver o festival com a mesma intensidade de h\u00e1 27 anos, deixa-me muito feliz. \u00c9 uma edi\u00e7\u00e3o hist\u00f3rica, memor\u00e1vel e que vai perdurar na mem\u00f3ria das pessoas durante muitos anos\u201d, lembrou.<\/p><\/blockquote>\n<p>Desta edi\u00e7\u00e3o, ressalvou ainda \u201cum dos melhores cartazes da hist\u00f3ria\u201d, explanando que este foi um ano de muitas dificuldades porque havia poucas bandas em \u2018tour\u2019.<\/p>\n<p>\u201cConvencemos artistas que n\u00e3o estavam em \u2018tourn\u00e9e\u2019 como a Patti Smith a virem c\u00e1 e acabou por se desenhar um cartaz maravilhoso. Em novembro do ano passado estava com receio, mas trabalhamos tanto que conseguimos convencer artistas que n\u00e3o estavam em digress\u00e3o a virem a Paredes de Coura\u201d, vincou.<\/p>\n<p>Sobre <strong>a pr\u00f3xima edi\u00e7\u00e3o, Carvalho indicou os dias 19, 20, 21 e 22, mantendo a aposta nos quatro dias de m\u00fasica no recinto<\/strong>, com \u201cum dia de aquecimento, s\u00f3 no palco principal\u201d, algo que j\u00e1 acontece h\u00e1 dois anos, mas que se mant\u00e9m por necessidade m\u00fatua.<\/p>\n<p>\u201cObviamente que traz custos or\u00e7amentais, mas temos necessidade que as pessoas venham mais cedo e elas tamb\u00e9m. Por isso, fazemos o Sobe \u00e0 Vila e quatro dias do festival. Mais do que um festival de m\u00fasica, \u00e9 uma rela\u00e7\u00e3o de amor e cumplicidade com os courenses e queremos perdurar essa cumplicidade\u201d, apontou.<\/p>\n<p>J\u00e1 come\u00e7ou a negocia\u00e7\u00e3o com as bandas que v\u00e3o subir ao palco em 2020, algumas j\u00e1 com negocia\u00e7\u00f5es bem encaminhadas, mas nada fechado.<\/p>\n<blockquote><p>\u00a0At\u00e9 j\u00e1 est\u00e1 no segredo dos deuses porque n\u00e3o h\u00e1 nada fechado, h\u00e1 negocia\u00e7\u00f5es em curso de bandas que j\u00e1 passaram por c\u00e1 e querem voltar. \u201cFelizmente [isso] tem acontecido, como os The National, Arcade Fire e tantas outras bandas. Paredes de Coura deixa saudades n\u00e3o s\u00f3 nas pessoas, como nas bandas\u201d, vincou.<\/p><\/blockquote>\n<p>A 27.\u00ba edi\u00e7\u00e3o do festival Paredes de Coura <a href=\"\/\/www.altominho.tv\/site\/2019\/08\/17\/patti-smith-e-suede-sao-os-nomes-fortes-no-ultimo-dia-do-vodafone-paredes-de-coura\/\">encerrou com Patti Smith, Suede<\/a> e Freddie Gibbs e Madlib, enquanto nos restantes dias passaram pela Praia Fluvial do Tabo\u00e3o nomes como New Order, The National, Father John Misty ou Deerhunter.<\/p>\n","protected":false},"excerpt":{"rendered":"<p>O balan\u00e7o da 27.\u00aa edi\u00e7\u00e3o do festival Vodafone Paredes de Coura foi \u201cmuito positivo\u201d, segundo o diretor, Jo\u00e3o Carvalho, descrevendo-a como a \u201cmelhor de sempre\u201d e informou que a pr\u00f3xima vai decorrer de 19 a 22 de agosto de 2020.<\/p>\n","protected":false},"author":1,"featured_media":32913,"comment_status":"closed","ping_status":"closed","sticky":false,"template":"","format":"standard","meta":{"_exactmetrics_skip_tracking":false,"_exactmetrics_sitenote_active":false,"_exactmetrics_sitenote_note":"","_exactmetrics_sitenote_category":0,"footnotes":""},"categories":[10],"tags":[24],"class_list":["post-32911","post","type-post","status-publish","format-standard","has-post-thumbnail","hentry","category-paredes-de-coura","tag-lazer"],"yoast_head":"<!-- This site is optimized with the Yoast SEO Premium plugin v27.5 (Yoast SEO v27.5) - https:\/\/yoast.com\/product\/yoast-seo-premium-wordpress\/ -->\n<title>Depois da &quot;melhor edi\u00e7\u00e3o de sempre&quot; Vodafone Paredes de Coura regressa em 2020<\/title>\n<meta name=\"robots\" content=\"index, follow, max-snippet:-1, max-image-preview:large, max-video-preview:-1\" \/>\n<link rel=\"canonical\" href=\"https:\/\/www.altominho.tv\/site\/2019\/08\/18\/depois-da-melhor-edicao-de-sempre-vodafone-paredes-de-coura-regressa-em-2020\/\" \/>\n<meta property=\"og:locale\" content=\"pt_PT\" \/>\n<meta property=\"og:type\" content=\"article\" \/>\n<meta property=\"og:title\" content=\"Depois da &quot;melhor edi\u00e7\u00e3o de sempre&quot; Vodafone Paredes de Coura regressa em 2020\" \/>\n<meta property=\"og:description\" content=\"O balan\u00e7o da 27.\u00aa edi\u00e7\u00e3o do festival Vodafone Paredes de Coura foi \u201cmuito positivo\u201d, segundo o diretor, Jo\u00e3o Carvalho, descrevendo-a como a \u201cmelhor de sempre\u201d e informou que a pr\u00f3xima vai decorrer de 19 a 22 de agosto de 2020.\" \/>\n<meta property=\"og:url\" content=\"https:\/\/www.altominho.tv\/site\/2019\/08\/18\/depois-da-melhor-edicao-de-sempre-vodafone-paredes-de-coura-regressa-em-2020\/\" \/>\n<meta property=\"og:site_name\" content=\"Altominho.tv\" \/>\n<meta property=\"article:publisher\" content=\"https:\/\/www.facebook.com\/altominhotv\" \/>\n<meta property=\"article:published_time\" content=\"2019-08-18T12:04:40+00:00\" \/>\n<meta property=\"article:modified_time\" content=\"2019-08-18T12:04:43+00:00\" \/>\n<meta property=\"og:image\" content=\"https:\/\/www.altominho.tv\/site\/wp-content\/uploads\/2019\/08\/cropped-Vodafone_ParedesCoura_2019.jpg\" \/>\n\t<meta property=\"og:image:width\" content=\"1600\" \/>\n\t<meta property=\"og:image:height\" content=\"900\" \/>\n\t<meta property=\"og:image:type\" content=\"image\/jpeg\" \/>\n<meta name=\"author\" content=\"Altominho.tv\" \/>\n<meta name=\"twitter:card\" content=\"summary_large_image\" \/>\n<meta name=\"twitter:creator\" content=\"@altominhoTV\" \/>\n<meta name=\"twitter:site\" content=\"@altominhoTV\" \/>\n<meta name=\"twitter:label1\" content=\"Escrito por\" \/>\n\t<meta name=\"twitter:data1\" content=\"Altominho.tv\" \/>\n\t<meta name=\"twitter:label2\" content=\"Tempo estimado de leitura\" \/>\n\t<meta name=\"twitter:data2\" content=\"2 minutos\" \/>\n<script type=\"application\/ld+json\" class=\"yoast-schema-graph\">{\"@context\":\"https:\\\/\\\/schema.org\",\"@graph\":[{\"@type\":\"Article\",\"@id\":\"https:\\\/\\\/www.altominho.tv\\\/site\\\/2019\\\/08\\\/18\\\/depois-da-melhor-edicao-de-sempre-vodafone-paredes-de-coura-regressa-em-2020\\\/#article\",\"isPartOf\":{\"@id\":\"https:\\\/\\\/www.altominho.tv\\\/site\\\/2019\\\/08\\\/18\\\/depois-da-melhor-edicao-de-sempre-vodafone-paredes-de-coura-regressa-em-2020\\\/\"},\"author\":{\"name\":\"Altominho.tv\",\"@id\":\"https:\\\/\\\/www.altominho.tv\\\/site\\\/#\\\/schema\\\/person\\\/4e536851627d7914baf3dac752b6af22\"},\"headline\":\"Depois da &#8220;melhor edi\u00e7\u00e3o de sempre&#8221; Vodafone Paredes de Coura regressa em 2020\",\"datePublished\":\"2019-08-18T12:04:40+00:00\",\"dateModified\":\"2019-08-18T12:04:43+00:00\",\"mainEntityOfPage\":{\"@id\":\"https:\\\/\\\/www.altominho.tv\\\/site\\\/2019\\\/08\\\/18\\\/depois-da-melhor-edicao-de-sempre-vodafone-paredes-de-coura-regressa-em-2020\\\/\"},\"wordCount\":418,\"image\":{\"@id\":\"https:\\\/\\\/www.altominho.tv\\\/site\\\/2019\\\/08\\\/18\\\/depois-da-melhor-edicao-de-sempre-vodafone-paredes-de-coura-regressa-em-2020\\\/#primaryimage\"},\"thumbnailUrl\":\"https:\\\/\\\/www.altominho.tv\\\/site\\\/wp-content\\\/uploads\\\/2019\\\/08\\\/cropped-Vodafone_ParedesCoura_2019.jpg\",\"keywords\":[\"Lazer\"],\"articleSection\":[\"Paredes de Coura\"],\"inLanguage\":\"pt-PT\",\"copyrightYear\":\"2019\",\"copyrightHolder\":{\"@id\":\"https:\\\/\\\/www.altominho.tv\\\/site\\\/#organization\"}},{\"@type\":\"WebPage\",\"@id\":\"https:\\\/\\\/www.altominho.tv\\\/site\\\/2019\\\/08\\\/18\\\/depois-da-melhor-edicao-de-sempre-vodafone-paredes-de-coura-regressa-em-2020\\\/\",\"url\":\"https:\\\/\\\/www.altominho.tv\\\/site\\\/2019\\\/08\\\/18\\\/depois-da-melhor-edicao-de-sempre-vodafone-paredes-de-coura-regressa-em-2020\\\/\",\"name\":\"Depois da \\\"melhor edi\u00e7\u00e3o de sempre\\\" Vodafone Paredes de Coura regressa em 2020\",\"isPartOf\":{\"@id\":\"https:\\\/\\\/www.altominho.tv\\\/site\\\/#website\"},\"primaryImageOfPage\":{\"@id\":\"https:\\\/\\\/www.altominho.tv\\\/site\\\/2019\\\/08\\\/18\\\/depois-da-melhor-edicao-de-sempre-vodafone-paredes-de-coura-regressa-em-2020\\\/#primaryimage\"},\"image\":{\"@id\":\"https:\\\/\\\/www.altominho.tv\\\/site\\\/2019\\\/08\\\/18\\\/depois-da-melhor-edicao-de-sempre-vodafone-paredes-de-coura-regressa-em-2020\\\/#primaryimage\"},\"thumbnailUrl\":\"https:\\\/\\\/www.altominho.tv\\\/site\\\/wp-content\\\/uploads\\\/2019\\\/08\\\/cropped-Vodafone_ParedesCoura_2019.jpg\",\"datePublished\":\"2019-08-18T12:04:40+00:00\",\"dateModified\":\"2019-08-18T12:04:43+00:00\",\"author\":{\"@id\":\"https:\\\/\\\/www.altominho.tv\\\/site\\\/#\\\/schema\\\/person\\\/4e536851627d7914baf3dac752b6af22\"},\"breadcrumb\":{\"@id\":\"https:\\\/\\\/www.altominho.tv\\\/site\\\/2019\\\/08\\\/18\\\/depois-da-melhor-edicao-de-sempre-vodafone-paredes-de-coura-regressa-em-2020\\\/#breadcrumb\"},\"inLanguage\":\"pt-PT\",\"potentialAction\":[{\"@type\":\"ReadAction\",\"target\":[\"https:\\\/\\\/www.altominho.tv\\\/site\\\/2019\\\/08\\\/18\\\/depois-da-melhor-edicao-de-sempre-vodafone-paredes-de-coura-regressa-em-2020\\\/\"]}]},{\"@type\":\"ImageObject\",\"inLanguage\":\"pt-PT\",\"@id\":\"https:\\\/\\\/www.altominho.tv\\\/site\\\/2019\\\/08\\\/18\\\/depois-da-melhor-edicao-de-sempre-vodafone-paredes-de-coura-regressa-em-2020\\\/#primaryimage\",\"url\":\"https:\\\/\\\/www.altominho.tv\\\/site\\\/wp-content\\\/uploads\\\/2019\\\/08\\\/cropped-Vodafone_ParedesCoura_2019.jpg\",\"contentUrl\":\"https:\\\/\\\/www.altominho.tv\\\/site\\\/wp-content\\\/uploads\\\/2019\\\/08\\\/cropped-Vodafone_ParedesCoura_2019.jpg\",\"width\":1600,\"height\":900},{\"@type\":\"BreadcrumbList\",\"@id\":\"https:\\\/\\\/www.altominho.tv\\\/site\\\/2019\\\/08\\\/18\\\/depois-da-melhor-edicao-de-sempre-vodafone-paredes-de-coura-regressa-em-2020\\\/#breadcrumb\",\"itemListElement\":[{\"@type\":\"ListItem\",\"position\":1,\"name\":\"In\u00edcio\",\"item\":\"https:\\\/\\\/www.altominho.tv\\\/site\\\/\"},{\"@type\":\"ListItem\",\"position\":2,\"name\":\"Depois da &#8220;melhor edi\u00e7\u00e3o de sempre&#8221; Vodafone Paredes de Coura regressa em 2020\"}]},{\"@type\":\"WebSite\",\"@id\":\"https:\\\/\\\/www.altominho.tv\\\/site\\\/#website\",\"url\":\"https:\\\/\\\/www.altominho.tv\\\/site\\\/\",\"name\":\"Altominho.tv\",\"description\":\"A sua regi\u00e3o \u00e0 dist\u00e2ncia de um clique...\",\"potentialAction\":[{\"@type\":\"SearchAction\",\"target\":{\"@type\":\"EntryPoint\",\"urlTemplate\":\"https:\\\/\\\/www.altominho.tv\\\/site\\\/?s={search_term_string}\"},\"query-input\":{\"@type\":\"PropertyValueSpecification\",\"valueRequired\":true,\"valueName\":\"search_term_string\"}}],\"inLanguage\":\"pt-PT\"},{\"@type\":\"Person\",\"@id\":\"https:\\\/\\\/www.altominho.tv\\\/site\\\/#\\\/schema\\\/person\\\/4e536851627d7914baf3dac752b6af22\",\"name\":\"Altominho.tv\",\"image\":{\"@type\":\"ImageObject\",\"inLanguage\":\"pt-PT\",\"@id\":\"https:\\\/\\\/www.altominho.tv\\\/site\\\/wp-content\\\/uploads\\\/2019\\\/11\\\/Logo_Avatar_2-150x150.jpg\",\"url\":\"https:\\\/\\\/www.altominho.tv\\\/site\\\/wp-content\\\/uploads\\\/2019\\\/11\\\/Logo_Avatar_2-150x150.jpg\",\"contentUrl\":\"https:\\\/\\\/www.altominho.tv\\\/site\\\/wp-content\\\/uploads\\\/2019\\\/11\\\/Logo_Avatar_2-150x150.jpg\",\"caption\":\"Altominho.tv\"},\"url\":\"https:\\\/\\\/www.altominho.tv\\\/site\\\/author\\\/altominhotv-tecnico\\\/\"}]}<\/script>\n<!-- \/ Yoast SEO Premium plugin. -->","yoast_head_json":{"title":"Depois da \"melhor edi\u00e7\u00e3o de sempre\" Vodafone Paredes de Coura regressa em 2020","robots":{"index":"index","follow":"follow","max-snippet":"max-snippet:-1","max-image-preview":"max-image-preview:large","max-video-preview":"max-video-preview:-1"},"canonical":"https:\/\/www.altominho.tv\/site\/2019\/08\/18\/depois-da-melhor-edicao-de-sempre-vodafone-paredes-de-coura-regressa-em-2020\/","og_locale":"pt_PT","og_type":"article","og_title":"Depois da \"melhor edi\u00e7\u00e3o de sempre\" Vodafone Paredes de Coura regressa em 2020","og_description":"O balan\u00e7o da 27.\u00aa edi\u00e7\u00e3o do festival Vodafone Paredes de Coura foi \u201cmuito positivo\u201d, segundo o diretor, Jo\u00e3o Carvalho, descrevendo-a como a \u201cmelhor de sempre\u201d e informou que a pr\u00f3xima vai decorrer de 19 a 22 de agosto de 2020.","og_url":"https:\/\/www.altominho.tv\/site\/2019\/08\/18\/depois-da-melhor-edicao-de-sempre-vodafone-paredes-de-coura-regressa-em-2020\/","og_site_name":"Altominho.tv","article_publisher":"https:\/\/www.facebook.com\/altominhotv","article_published_time":"2019-08-18T12:04:40+00:00","article_modified_time":"2019-08-18T12:04:43+00:00","og_image":[{"width":1600,"height":900,"url":"https:\/\/www.altominho.tv\/site\/wp-content\/uploads\/2019\/08\/cropped-Vodafone_ParedesCoura_2019.jpg","type":"image\/jpeg"}],"author":"Altominho.tv","twitter_card":"summary_large_image","twitter_creator":"@altominhoTV","twitter_site":"@altominhoTV","twitter_misc":{"Escrito por":"Altominho.tv","Tempo estimado de leitura":"2 minutos"},"schema":{"@context":"https:\/\/schema.org","@graph":[{"@type":"Article","@id":"https:\/\/www.altominho.tv\/site\/2019\/08\/18\/depois-da-melhor-edicao-de-sempre-vodafone-paredes-de-coura-regressa-em-2020\/#article","isPartOf":{"@id":"https:\/\/www.altominho.tv\/site\/2019\/08\/18\/depois-da-melhor-edicao-de-sempre-vodafone-paredes-de-coura-regressa-em-2020\/"},"author":{"name":"Altominho.tv","@id":"https:\/\/www.altominho.tv\/site\/#\/schema\/person\/4e536851627d7914baf3dac752b6af22"},"headline":"Depois da &#8220;melhor edi\u00e7\u00e3o de sempre&#8221; Vodafone Paredes de Coura regressa em 2020","datePublished":"2019-08-18T12:04:40+00:00","dateModified":"2019-08-18T12:04:43+00:00","mainEntityOfPage":{"@id":"https:\/\/www.altominho.tv\/site\/2019\/08\/18\/depois-da-melhor-edicao-de-sempre-vodafone-paredes-de-coura-regressa-em-2020\/"},"wordCount":418,"image":{"@id":"https:\/\/www.altominho.tv\/site\/2019\/08\/18\/depois-da-melhor-edicao-de-sempre-vodafone-paredes-de-coura-regressa-em-2020\/#primaryimage"},"thumbnailUrl":"https:\/\/www.altominho.tv\/site\/wp-content\/uploads\/2019\/08\/cropped-Vodafone_ParedesCoura_2019.jpg","keywords":["Lazer"],"articleSection":["Paredes de Coura"],"inLanguage":"pt-PT","copyrightYear":"2019","copyrightHolder":{"@id":"https:\/\/www.altominho.tv\/site\/#organization"}},{"@type":"WebPage","@id":"https:\/\/www.altominho.tv\/site\/2019\/08\/18\/depois-da-melhor-edicao-de-sempre-vodafone-paredes-de-coura-regressa-em-2020\/","url":"https:\/\/www.altominho.tv\/site\/2019\/08\/18\/depois-da-melhor-edicao-de-sempre-vodafone-paredes-de-coura-regressa-em-2020\/","name":"Depois da \"melhor edi\u00e7\u00e3o de sempre\" Vodafone Paredes de Coura regressa em 2020","isPartOf":{"@id":"https:\/\/www.altominho.tv\/site\/#website"},"primaryImageOfPage":{"@id":"https:\/\/www.altominho.tv\/site\/2019\/08\/18\/depois-da-melhor-edicao-de-sempre-vodafone-paredes-de-coura-regressa-em-2020\/#primaryimage"},"image":{"@id":"https:\/\/www.altominho.tv\/site\/2019\/08\/18\/depois-da-melhor-edicao-de-sempre-vodafone-paredes-de-coura-regressa-em-2020\/#primaryimage"},"thumbnailUrl":"https:\/\/www.altominho.tv\/site\/wp-content\/uploads\/2019\/08\/cropped-Vodafone_ParedesCoura_2019.jpg","datePublished":"2019-08-18T12:04:40+00:00","dateModified":"2019-08-18T12:04:43+00:00","author":{"@id":"https:\/\/www.altominho.tv\/site\/#\/schema\/person\/4e536851627d7914baf3dac752b6af22"},"breadcrumb":{"@id":"https:\/\/www.altominho.tv\/site\/2019\/08\/18\/depois-da-melhor-edicao-de-sempre-vodafone-paredes-de-coura-regressa-em-2020\/#breadcrumb"},"inLanguage":"pt-PT","potentialAction":[{"@type":"ReadAction","target":["https:\/\/www.altominho.tv\/site\/2019\/08\/18\/depois-da-melhor-edicao-de-sempre-vodafone-paredes-de-coura-regressa-em-2020\/"]}]},{"@type":"ImageObject","inLanguage":"pt-PT","@id":"https:\/\/www.altominho.tv\/site\/2019\/08\/18\/depois-da-melhor-edicao-de-sempre-vodafone-paredes-de-coura-regressa-em-2020\/#primaryimage","url":"https:\/\/www.altominho.tv\/site\/wp-content\/uploads\/2019\/08\/cropped-Vodafone_ParedesCoura_2019.jpg","contentUrl":"https:\/\/www.altominho.tv\/site\/wp-content\/uploads\/2019\/08\/cropped-Vodafone_ParedesCoura_2019.jpg","width":1600,"height":900},{"@type":"BreadcrumbList","@id":"https:\/\/www.altominho.tv\/site\/2019\/08\/18\/depois-da-melhor-edicao-de-sempre-vodafone-paredes-de-coura-regressa-em-2020\/#breadcrumb","itemListElement":[{"@type":"ListItem","position":1,"name":"In\u00edcio","item":"https:\/\/www.altominho.tv\/site\/"},{"@type":"ListItem","position":2,"name":"Depois da &#8220;melhor edi\u00e7\u00e3o de sempre&#8221; Vodafone Paredes de Coura regressa em 2020"}]},{"@type":"WebSite","@id":"https:\/\/www.altominho.tv\/site\/#website","url":"https:\/\/www.altominho.tv\/site\/","name":"Altominho.tv","description":"A sua regi\u00e3o \u00e0 dist\u00e2ncia de um clique...","potentialAction":[{"@type":"SearchAction","target":{"@type":"EntryPoint","urlTemplate":"https:\/\/www.altominho.tv\/site\/?s={search_term_string}"},"query-input":{"@type":"PropertyValueSpecification","valueRequired":true,"valueName":"search_term_string"}}],"inLanguage":"pt-PT"},{"@type":"Person","@id":"https:\/\/www.altominho.tv\/site\/#\/schema\/person\/4e536851627d7914baf3dac752b6af22","name":"Altominho.tv","image":{"@type":"ImageObject","inLanguage":"pt-PT","@id":"https:\/\/www.altominho.tv\/site\/wp-content\/uploads\/2019\/11\/Logo_Avatar_2-150x150.jpg","url":"https:\/\/www.altominho.tv\/site\/wp-content\/uploads\/2019\/11\/Logo_Avatar_2-150x150.jpg","contentUrl":"https:\/\/www.altominho.tv\/site\/wp-content\/uploads\/2019\/11\/Logo_Avatar_2-150x150.jpg","caption":"Altominho.tv"},"url":"https:\/\/www.altominho.tv\/site\/author\/altominhotv-tecnico\/"}]}},"_links":{"self":[{"href":"https:\/\/www.altominho.tv\/site\/wp-json\/wp\/v2\/posts\/32911","targetHints":{"allow":["GET"]}}],"collection":[{"href":"https:\/\/www.altominho.tv\/site\/wp-json\/wp\/v2\/posts"}],"about":[{"href":"https:\/\/www.altominho.tv\/site\/wp-json\/wp\/v2\/types\/post"}],"author":[{"embeddable":true,"href":"https:\/\/www.altominho.tv\/site\/wp-json\/wp\/v2\/users\/1"}],"replies":[{"embeddable":true,"href":"https:\/\/www.altominho.tv\/site\/wp-json\/wp\/v2\/comments?post=32911"}],"version-history":[{"count":0,"href":"https:\/\/www.altominho.tv\/site\/wp-json\/wp\/v2\/posts\/32911\/revisions"}],"wp:featuredmedia":[{"embeddable":true,"href":"https:\/\/www.altominho.tv\/site\/wp-json\/wp\/v2\/media\/32913"}],"wp:attachment":[{"href":"https:\/\/www.altominho.tv\/site\/wp-json\/wp\/v2\/media?parent=32911"}],"wp:term":[{"taxonomy":"category","embeddable":true,"href":"https:\/\/www.altominho.tv\/site\/wp-json\/wp\/v2\/categories?post=32911"},{"taxonomy":"post_tag","embeddable":true,"href":"https:\/\/www.altominho.tv\/site\/wp-json\/wp\/v2\/tags?post=32911"}],"curies":[{"name":"wp","href":"https:\/\/api.w.org\/{rel}","templated":true}]}}