{"id":32898,"date":"2019-08-17T13:03:15","date_gmt":"2019-08-17T12:03:15","guid":{"rendered":"http:\/\/www.altominho.tv\/site\/?p=32898"},"modified":"2019-08-17T13:03:18","modified_gmt":"2019-08-17T12:03:18","slug":"patti-smith-e-suede-sao-os-nomes-fortes-no-ultimo-dia-do-vodafone-paredes-de-coura","status":"publish","type":"post","link":"https:\/\/www.altominho.tv\/site\/2019\/08\/17\/patti-smith-e-suede-sao-os-nomes-fortes-no-ultimo-dia-do-vodafone-paredes-de-coura\/","title":{"rendered":"Patti Smith e Suede s\u00e3o os nomes fortes no \u00faltimo dia do Vodafone Paredes de Coura"},"content":{"rendered":"<p>O regresso da artista multifacetada a Portugal est\u00e1 agendado para as 21:20, j\u00e1 depois de Ganso e Mitsky atuarem no palco principal, que encerra com os concertos de Freddie Gibbs &amp; Madlib e Suede, cabendo aos Time For T a primeira atua\u00e7\u00e3o do dia, no palco secund\u00e1rio.<\/p>\n<p>O quarteto liderado pelo portugu\u00eas Tiago Saga vai dar uma amostra do pr\u00f3ximo \u00e1lbum \u201cGalavanting\u201d, com lan\u00e7amento previsto para outubro, e, em entrevista \u00e0 Lusa, o m\u00fasico admitiu que sempre quis tocar no festival que decorre junto nas margens do rio Coura.<\/p>\n<blockquote><p>\u00a0S\u00f3 temos 40 minutos, vamos enfiar as melhores can\u00e7\u00f5es que sabemos, e toc\u00e1-las da melhor maneira poss\u00edvel, com mais energia e o mais afinados poss\u00edvel. J\u00e1 viemos tocar no Sobe \u00c0 Vila uma vez e deu para sentir e energia do festival, \u00e9 um dos p\u00fablicos mais bonitos do pa\u00eds em termos de energia e esp\u00edrito. Esperamos conseguir capturar isso e tocar um concerto incr\u00edvel\u201d, afirmou.<\/p><\/blockquote>\n<p>J\u00e1 a abertura do palco principal fica a cargo dos portugueses Ganso, que tamb\u00e9m preparam novo disco para 2019, tendo lan\u00e7ado o \u2018single\u2019 \u201cN\u00e3o me Aborre\u00e7as\u201d, confirmados no festival depois do cancelamento dos norte-americanos Crumb, devido a problemas de sa\u00fade.<\/p>\n<p>Pouco depois, Alice Phoebe Lou regressa a Portugal, ap\u00f3s a presen\u00e7a no Festival para Gente Sentada, em 2018, para apresentar o novo trabalho \u201cPaper Castles\u201d, uma combina\u00e7\u00e3o entre \u2018soul\u2019, \u2018jazz\u2019 e \u2018blues\u2019.<\/p>\n<p>\u00c0s 19:35, \u00e9 a vez de Mitsky subir ao palco principal com o seu \u201cBe the Cowboy\u201d, um dos melhores \u00e1lbuns de 2018 para a cr\u00edtica, que explora a hist\u00f3ria de uma domesticada personagem feminina atrav\u00e9s de uma abordagem \u00edntima e turbulenta, a ser ouvido \u00e0 hora do crep\u00fasculo na Praia Fluvial do Tabo\u00e3o.<\/p>\n<p>Segue-se a \u201cAurora\u201d, dos Sensible Soccers. O terceiro e mais recente longa dura\u00e7\u00e3o dos portugueses vai \u2018aquecer\u2019 os festivaleiros com temas como \u201cElias Katana\u201d, \u201cLuziamar\u201d ou \u201cChavitas\u201d, antes de um dos momentos mais esperados de todo o festival.<\/p>\n<p>Cantora, poetisa, fot\u00f3grafa, escritora e compositora, Patti Smith regressa a Portugal com a sua banda para um concerto, \u00e0s 21:20, que dever\u00e1 contar com alguns temas emblem\u00e1ticos como \u201cBecause the Night\u201d, \u201cDancing Barefoot\u201d ou \u201cPeople Have the Power\u201d, da multifacetada artista consagrada em v\u00e1rias \u00e1reas.<br \/>\nO encerramento do palco secund\u00e1rio fica a cargo de Kamaal Williams, o projeto do artista Henry Wu, que regressa a Portugal depois de ter atuado ainda este ano no festival ID-No Limits, um dos nomes que caracteriza a nova gera\u00e7\u00e3o de \u2018jazz\u2019, que traz o seu \u201cThe Return\u201d, de 2018.<\/p>\n<p>Do \u2018jazz\u2019 para o \u2018hip-hop\u2019, mantendo-se as misturas, segue-se o \u2018rapper oldschool\u2019 Freddie Gibbs acompanhado pelo m\u00edtico produtor Madlib, reconhecido como um dos melhores dentro da \u00e1rea, que depois de impressionarem com o primeiro \u00e1lbum \u201cPi\u00f1ata\u201d, de 2014, repetiram a proeza com \u201cBandana\u201d, lan\u00e7ado em junho, que promete animar o p\u00fablico.<\/p>\n<p>Os Suede fecham o palco principal na 27.\u00aa edi\u00e7\u00e3o do festival, pelas 00:45, acompanhados pelo recente \u201cBlue Hour\u201d, de 2018, o primeiro \u00e1lbum em cinco anos de uma das bandas brit\u00e2nicas mais importantes dos anos 90, com m\u00fasicas como \u201cBeautiful Ones\u201d, \u201cShe\u2019s In Fashion\u201d ou \u201cAnimal Nitrate\u201d.<\/p>\n<p>No palco \u2018after hours\u2019, a \u2018rapper\u2019 londrina Flohio atua pelas 02:00, um nome emergente do g\u00e9nero que conta apenas com dois EP, \u201cWild Yout EP\u201d (2018) e \u201cNowhere Near\u201d (2016), enquanto a eletr\u00f3nica da \u2018DJ\u2019 canadiana Jayda G encerra o festival, \u00e0s 02:50, com \u201cSignificant Changes\u201d, trabalho lan\u00e7ado em mar\u00e7o deste ano.<\/p>\n<p>A 27.\u00aa edi\u00e7\u00e3o do Festival Vodafone Paredes de Coura <a href=\"\/\/www.altominho.tv\/site\/2019\/08\/15\/ja-comecou-a-27-a-edicao-do-festival-vodafone-paredes-de-coura\/\">arrancou na passada quarta-feira<\/a> dia 14 de agosto.<\/p>\n","protected":false},"excerpt":{"rendered":"<p>O \u00faltimo dia do festival Vodafone Paredes de Coura \u00e9 encabe\u00e7ado por Patti Smith, Suede e Freddie Gibbs &#038; Madlib, marcado ainda por nomes emergentes como Kamaal Williams, Flohio, Mitski e pelos portugueses Sensible Soccers e Ganso.<\/p>\n","protected":false},"author":13,"featured_media":32900,"comment_status":"closed","ping_status":"closed","sticky":false,"template":"","format":"standard","meta":{"_exactmetrics_skip_tracking":false,"_exactmetrics_sitenote_active":false,"_exactmetrics_sitenote_note":"","_exactmetrics_sitenote_category":0,"footnotes":""},"categories":[10],"tags":[24],"class_list":["post-32898","post","type-post","status-publish","format-standard","has-post-thumbnail","hentry","category-paredes-de-coura","tag-lazer"],"yoast_head":"<!-- This site is optimized with the Yoast SEO Premium plugin v27.5 (Yoast SEO v27.5) - https:\/\/yoast.com\/product\/yoast-seo-premium-wordpress\/ -->\n<title>Patti Smith e Suede s\u00e3o os nomes fortes no \u00faltimo dia do Vodafone Paredes de Coura<\/title>\n<meta name=\"robots\" content=\"index, follow, max-snippet:-1, max-image-preview:large, max-video-preview:-1\" \/>\n<link rel=\"canonical\" href=\"https:\/\/www.altominho.tv\/site\/2019\/08\/17\/patti-smith-e-suede-sao-os-nomes-fortes-no-ultimo-dia-do-vodafone-paredes-de-coura\/\" \/>\n<meta property=\"og:locale\" content=\"pt_PT\" \/>\n<meta property=\"og:type\" content=\"article\" \/>\n<meta property=\"og:title\" content=\"Patti Smith e Suede s\u00e3o os nomes fortes no \u00faltimo dia do Vodafone Paredes de Coura\" \/>\n<meta property=\"og:description\" content=\"O \u00faltimo dia do festival Vodafone Paredes de Coura \u00e9 encabe\u00e7ado por Patti Smith, Suede e Freddie Gibbs &amp; Madlib, marcado ainda por nomes emergentes como Kamaal Williams, Flohio, Mitski e pelos portugueses Sensible Soccers e Ganso.\" \/>\n<meta property=\"og:url\" content=\"https:\/\/www.altominho.tv\/site\/2019\/08\/17\/patti-smith-e-suede-sao-os-nomes-fortes-no-ultimo-dia-do-vodafone-paredes-de-coura\/\" \/>\n<meta property=\"og:site_name\" content=\"Altominho.tv\" \/>\n<meta property=\"article:publisher\" content=\"https:\/\/www.facebook.com\/altominhotv\" \/>\n<meta property=\"article:published_time\" content=\"2019-08-17T12:03:15+00:00\" \/>\n<meta property=\"article:modified_time\" content=\"2019-08-17T12:03:18+00:00\" \/>\n<meta property=\"og:image\" content=\"https:\/\/www.altominho.tv\/site\/wp-content\/uploads\/2019\/08\/cropped-Patti-smith.jpg\" \/>\n\t<meta property=\"og:image:width\" content=\"1600\" \/>\n\t<meta property=\"og:image:height\" content=\"900\" \/>\n\t<meta property=\"og:image:type\" content=\"image\/jpeg\" \/>\n<meta name=\"author\" content=\"Lusa\" \/>\n<meta name=\"twitter:card\" content=\"summary_large_image\" \/>\n<meta name=\"twitter:creator\" content=\"@altominhoTV\" \/>\n<meta name=\"twitter:site\" content=\"@altominhoTV\" \/>\n<meta name=\"twitter:label1\" content=\"Escrito por\" \/>\n\t<meta name=\"twitter:data1\" content=\"Lusa\" \/>\n\t<meta name=\"twitter:label2\" content=\"Tempo estimado de leitura\" \/>\n\t<meta name=\"twitter:data2\" content=\"3 minutos\" \/>\n<script type=\"application\/ld+json\" class=\"yoast-schema-graph\">{\"@context\":\"https:\\\/\\\/schema.org\",\"@graph\":[{\"@type\":\"Article\",\"@id\":\"https:\\\/\\\/www.altominho.tv\\\/site\\\/2019\\\/08\\\/17\\\/patti-smith-e-suede-sao-os-nomes-fortes-no-ultimo-dia-do-vodafone-paredes-de-coura\\\/#article\",\"isPartOf\":{\"@id\":\"https:\\\/\\\/www.altominho.tv\\\/site\\\/2019\\\/08\\\/17\\\/patti-smith-e-suede-sao-os-nomes-fortes-no-ultimo-dia-do-vodafone-paredes-de-coura\\\/\"},\"author\":{\"name\":\"Lusa\",\"@id\":\"https:\\\/\\\/www.altominho.tv\\\/site\\\/#\\\/schema\\\/person\\\/63f693da3e1899361cbe955c46f3232e\"},\"headline\":\"Patti Smith e Suede s\u00e3o os nomes fortes no \u00faltimo dia do Vodafone Paredes de Coura\",\"datePublished\":\"2019-08-17T12:03:15+00:00\",\"dateModified\":\"2019-08-17T12:03:18+00:00\",\"mainEntityOfPage\":{\"@id\":\"https:\\\/\\\/www.altominho.tv\\\/site\\\/2019\\\/08\\\/17\\\/patti-smith-e-suede-sao-os-nomes-fortes-no-ultimo-dia-do-vodafone-paredes-de-coura\\\/\"},\"wordCount\":620,\"image\":{\"@id\":\"https:\\\/\\\/www.altominho.tv\\\/site\\\/2019\\\/08\\\/17\\\/patti-smith-e-suede-sao-os-nomes-fortes-no-ultimo-dia-do-vodafone-paredes-de-coura\\\/#primaryimage\"},\"thumbnailUrl\":\"https:\\\/\\\/www.altominho.tv\\\/site\\\/wp-content\\\/uploads\\\/2019\\\/08\\\/cropped-Patti-smith.jpg\",\"keywords\":[\"Lazer\"],\"articleSection\":[\"Paredes de Coura\"],\"inLanguage\":\"pt-PT\",\"copyrightYear\":\"2019\",\"copyrightHolder\":{\"@id\":\"https:\\\/\\\/www.altominho.tv\\\/site\\\/#organization\"}},{\"@type\":\"WebPage\",\"@id\":\"https:\\\/\\\/www.altominho.tv\\\/site\\\/2019\\\/08\\\/17\\\/patti-smith-e-suede-sao-os-nomes-fortes-no-ultimo-dia-do-vodafone-paredes-de-coura\\\/\",\"url\":\"https:\\\/\\\/www.altominho.tv\\\/site\\\/2019\\\/08\\\/17\\\/patti-smith-e-suede-sao-os-nomes-fortes-no-ultimo-dia-do-vodafone-paredes-de-coura\\\/\",\"name\":\"Patti Smith e Suede s\u00e3o os nomes fortes no \u00faltimo dia do Vodafone Paredes de Coura\",\"isPartOf\":{\"@id\":\"https:\\\/\\\/www.altominho.tv\\\/site\\\/#website\"},\"primaryImageOfPage\":{\"@id\":\"https:\\\/\\\/www.altominho.tv\\\/site\\\/2019\\\/08\\\/17\\\/patti-smith-e-suede-sao-os-nomes-fortes-no-ultimo-dia-do-vodafone-paredes-de-coura\\\/#primaryimage\"},\"image\":{\"@id\":\"https:\\\/\\\/www.altominho.tv\\\/site\\\/2019\\\/08\\\/17\\\/patti-smith-e-suede-sao-os-nomes-fortes-no-ultimo-dia-do-vodafone-paredes-de-coura\\\/#primaryimage\"},\"thumbnailUrl\":\"https:\\\/\\\/www.altominho.tv\\\/site\\\/wp-content\\\/uploads\\\/2019\\\/08\\\/cropped-Patti-smith.jpg\",\"datePublished\":\"2019-08-17T12:03:15+00:00\",\"dateModified\":\"2019-08-17T12:03:18+00:00\",\"author\":{\"@id\":\"https:\\\/\\\/www.altominho.tv\\\/site\\\/#\\\/schema\\\/person\\\/63f693da3e1899361cbe955c46f3232e\"},\"breadcrumb\":{\"@id\":\"https:\\\/\\\/www.altominho.tv\\\/site\\\/2019\\\/08\\\/17\\\/patti-smith-e-suede-sao-os-nomes-fortes-no-ultimo-dia-do-vodafone-paredes-de-coura\\\/#breadcrumb\"},\"inLanguage\":\"pt-PT\",\"potentialAction\":[{\"@type\":\"ReadAction\",\"target\":[\"https:\\\/\\\/www.altominho.tv\\\/site\\\/2019\\\/08\\\/17\\\/patti-smith-e-suede-sao-os-nomes-fortes-no-ultimo-dia-do-vodafone-paredes-de-coura\\\/\"]}]},{\"@type\":\"ImageObject\",\"inLanguage\":\"pt-PT\",\"@id\":\"https:\\\/\\\/www.altominho.tv\\\/site\\\/2019\\\/08\\\/17\\\/patti-smith-e-suede-sao-os-nomes-fortes-no-ultimo-dia-do-vodafone-paredes-de-coura\\\/#primaryimage\",\"url\":\"https:\\\/\\\/www.altominho.tv\\\/site\\\/wp-content\\\/uploads\\\/2019\\\/08\\\/cropped-Patti-smith.jpg\",\"contentUrl\":\"https:\\\/\\\/www.altominho.tv\\\/site\\\/wp-content\\\/uploads\\\/2019\\\/08\\\/cropped-Patti-smith.jpg\",\"width\":1600,\"height\":900},{\"@type\":\"BreadcrumbList\",\"@id\":\"https:\\\/\\\/www.altominho.tv\\\/site\\\/2019\\\/08\\\/17\\\/patti-smith-e-suede-sao-os-nomes-fortes-no-ultimo-dia-do-vodafone-paredes-de-coura\\\/#breadcrumb\",\"itemListElement\":[{\"@type\":\"ListItem\",\"position\":1,\"name\":\"In\u00edcio\",\"item\":\"https:\\\/\\\/www.altominho.tv\\\/site\\\/\"},{\"@type\":\"ListItem\",\"position\":2,\"name\":\"Patti Smith e Suede s\u00e3o os nomes fortes no \u00faltimo dia do Vodafone Paredes de Coura\"}]},{\"@type\":\"WebSite\",\"@id\":\"https:\\\/\\\/www.altominho.tv\\\/site\\\/#website\",\"url\":\"https:\\\/\\\/www.altominho.tv\\\/site\\\/\",\"name\":\"Altominho.tv\",\"description\":\"A sua regi\u00e3o \u00e0 dist\u00e2ncia de um clique...\",\"potentialAction\":[{\"@type\":\"SearchAction\",\"target\":{\"@type\":\"EntryPoint\",\"urlTemplate\":\"https:\\\/\\\/www.altominho.tv\\\/site\\\/?s={search_term_string}\"},\"query-input\":{\"@type\":\"PropertyValueSpecification\",\"valueRequired\":true,\"valueName\":\"search_term_string\"}}],\"inLanguage\":\"pt-PT\"},{\"@type\":\"Person\",\"@id\":\"https:\\\/\\\/www.altominho.tv\\\/site\\\/#\\\/schema\\\/person\\\/63f693da3e1899361cbe955c46f3232e\",\"name\":\"Lusa\",\"image\":{\"@type\":\"ImageObject\",\"inLanguage\":\"pt-PT\",\"@id\":\"https:\\\/\\\/www.altominho.tv\\\/site\\\/wp-content\\\/uploads\\\/2019\\\/08\\\/LUSA_Logo.gif\",\"url\":\"https:\\\/\\\/www.altominho.tv\\\/site\\\/wp-content\\\/uploads\\\/2019\\\/08\\\/LUSA_Logo.gif\",\"contentUrl\":\"https:\\\/\\\/www.altominho.tv\\\/site\\\/wp-content\\\/uploads\\\/2019\\\/08\\\/LUSA_Logo.gif\",\"caption\":\"Lusa\"},\"sameAs\":[\"http:\\\/\\\/\\\/\\\/www.altominho.tv\\\/site\"],\"url\":\"https:\\\/\\\/www.altominho.tv\\\/site\\\/author\\\/lusa\\\/\"}]}<\/script>\n<!-- \/ Yoast SEO Premium plugin. -->","yoast_head_json":{"title":"Patti Smith e Suede s\u00e3o os nomes fortes no \u00faltimo dia do Vodafone Paredes de Coura","robots":{"index":"index","follow":"follow","max-snippet":"max-snippet:-1","max-image-preview":"max-image-preview:large","max-video-preview":"max-video-preview:-1"},"canonical":"https:\/\/www.altominho.tv\/site\/2019\/08\/17\/patti-smith-e-suede-sao-os-nomes-fortes-no-ultimo-dia-do-vodafone-paredes-de-coura\/","og_locale":"pt_PT","og_type":"article","og_title":"Patti Smith e Suede s\u00e3o os nomes fortes no \u00faltimo dia do Vodafone Paredes de Coura","og_description":"O \u00faltimo dia do festival Vodafone Paredes de Coura \u00e9 encabe\u00e7ado por Patti Smith, Suede e Freddie Gibbs & Madlib, marcado ainda por nomes emergentes como Kamaal Williams, Flohio, Mitski e pelos portugueses Sensible Soccers e Ganso.","og_url":"https:\/\/www.altominho.tv\/site\/2019\/08\/17\/patti-smith-e-suede-sao-os-nomes-fortes-no-ultimo-dia-do-vodafone-paredes-de-coura\/","og_site_name":"Altominho.tv","article_publisher":"https:\/\/www.facebook.com\/altominhotv","article_published_time":"2019-08-17T12:03:15+00:00","article_modified_time":"2019-08-17T12:03:18+00:00","og_image":[{"width":1600,"height":900,"url":"https:\/\/www.altominho.tv\/site\/wp-content\/uploads\/2019\/08\/cropped-Patti-smith.jpg","type":"image\/jpeg"}],"author":"Lusa","twitter_card":"summary_large_image","twitter_creator":"@altominhoTV","twitter_site":"@altominhoTV","twitter_misc":{"Escrito por":"Lusa","Tempo estimado de leitura":"3 minutos"},"schema":{"@context":"https:\/\/schema.org","@graph":[{"@type":"Article","@id":"https:\/\/www.altominho.tv\/site\/2019\/08\/17\/patti-smith-e-suede-sao-os-nomes-fortes-no-ultimo-dia-do-vodafone-paredes-de-coura\/#article","isPartOf":{"@id":"https:\/\/www.altominho.tv\/site\/2019\/08\/17\/patti-smith-e-suede-sao-os-nomes-fortes-no-ultimo-dia-do-vodafone-paredes-de-coura\/"},"author":{"name":"Lusa","@id":"https:\/\/www.altominho.tv\/site\/#\/schema\/person\/63f693da3e1899361cbe955c46f3232e"},"headline":"Patti Smith e Suede s\u00e3o os nomes fortes no \u00faltimo dia do Vodafone Paredes de Coura","datePublished":"2019-08-17T12:03:15+00:00","dateModified":"2019-08-17T12:03:18+00:00","mainEntityOfPage":{"@id":"https:\/\/www.altominho.tv\/site\/2019\/08\/17\/patti-smith-e-suede-sao-os-nomes-fortes-no-ultimo-dia-do-vodafone-paredes-de-coura\/"},"wordCount":620,"image":{"@id":"https:\/\/www.altominho.tv\/site\/2019\/08\/17\/patti-smith-e-suede-sao-os-nomes-fortes-no-ultimo-dia-do-vodafone-paredes-de-coura\/#primaryimage"},"thumbnailUrl":"https:\/\/www.altominho.tv\/site\/wp-content\/uploads\/2019\/08\/cropped-Patti-smith.jpg","keywords":["Lazer"],"articleSection":["Paredes de Coura"],"inLanguage":"pt-PT","copyrightYear":"2019","copyrightHolder":{"@id":"https:\/\/www.altominho.tv\/site\/#organization"}},{"@type":"WebPage","@id":"https:\/\/www.altominho.tv\/site\/2019\/08\/17\/patti-smith-e-suede-sao-os-nomes-fortes-no-ultimo-dia-do-vodafone-paredes-de-coura\/","url":"https:\/\/www.altominho.tv\/site\/2019\/08\/17\/patti-smith-e-suede-sao-os-nomes-fortes-no-ultimo-dia-do-vodafone-paredes-de-coura\/","name":"Patti Smith e Suede s\u00e3o os nomes fortes no \u00faltimo dia do Vodafone Paredes de Coura","isPartOf":{"@id":"https:\/\/www.altominho.tv\/site\/#website"},"primaryImageOfPage":{"@id":"https:\/\/www.altominho.tv\/site\/2019\/08\/17\/patti-smith-e-suede-sao-os-nomes-fortes-no-ultimo-dia-do-vodafone-paredes-de-coura\/#primaryimage"},"image":{"@id":"https:\/\/www.altominho.tv\/site\/2019\/08\/17\/patti-smith-e-suede-sao-os-nomes-fortes-no-ultimo-dia-do-vodafone-paredes-de-coura\/#primaryimage"},"thumbnailUrl":"https:\/\/www.altominho.tv\/site\/wp-content\/uploads\/2019\/08\/cropped-Patti-smith.jpg","datePublished":"2019-08-17T12:03:15+00:00","dateModified":"2019-08-17T12:03:18+00:00","author":{"@id":"https:\/\/www.altominho.tv\/site\/#\/schema\/person\/63f693da3e1899361cbe955c46f3232e"},"breadcrumb":{"@id":"https:\/\/www.altominho.tv\/site\/2019\/08\/17\/patti-smith-e-suede-sao-os-nomes-fortes-no-ultimo-dia-do-vodafone-paredes-de-coura\/#breadcrumb"},"inLanguage":"pt-PT","potentialAction":[{"@type":"ReadAction","target":["https:\/\/www.altominho.tv\/site\/2019\/08\/17\/patti-smith-e-suede-sao-os-nomes-fortes-no-ultimo-dia-do-vodafone-paredes-de-coura\/"]}]},{"@type":"ImageObject","inLanguage":"pt-PT","@id":"https:\/\/www.altominho.tv\/site\/2019\/08\/17\/patti-smith-e-suede-sao-os-nomes-fortes-no-ultimo-dia-do-vodafone-paredes-de-coura\/#primaryimage","url":"https:\/\/www.altominho.tv\/site\/wp-content\/uploads\/2019\/08\/cropped-Patti-smith.jpg","contentUrl":"https:\/\/www.altominho.tv\/site\/wp-content\/uploads\/2019\/08\/cropped-Patti-smith.jpg","width":1600,"height":900},{"@type":"BreadcrumbList","@id":"https:\/\/www.altominho.tv\/site\/2019\/08\/17\/patti-smith-e-suede-sao-os-nomes-fortes-no-ultimo-dia-do-vodafone-paredes-de-coura\/#breadcrumb","itemListElement":[{"@type":"ListItem","position":1,"name":"In\u00edcio","item":"https:\/\/www.altominho.tv\/site\/"},{"@type":"ListItem","position":2,"name":"Patti Smith e Suede s\u00e3o os nomes fortes no \u00faltimo dia do Vodafone Paredes de Coura"}]},{"@type":"WebSite","@id":"https:\/\/www.altominho.tv\/site\/#website","url":"https:\/\/www.altominho.tv\/site\/","name":"Altominho.tv","description":"A sua regi\u00e3o \u00e0 dist\u00e2ncia de um clique...","potentialAction":[{"@type":"SearchAction","target":{"@type":"EntryPoint","urlTemplate":"https:\/\/www.altominho.tv\/site\/?s={search_term_string}"},"query-input":{"@type":"PropertyValueSpecification","valueRequired":true,"valueName":"search_term_string"}}],"inLanguage":"pt-PT"},{"@type":"Person","@id":"https:\/\/www.altominho.tv\/site\/#\/schema\/person\/63f693da3e1899361cbe955c46f3232e","name":"Lusa","image":{"@type":"ImageObject","inLanguage":"pt-PT","@id":"https:\/\/www.altominho.tv\/site\/wp-content\/uploads\/2019\/08\/LUSA_Logo.gif","url":"https:\/\/www.altominho.tv\/site\/wp-content\/uploads\/2019\/08\/LUSA_Logo.gif","contentUrl":"https:\/\/www.altominho.tv\/site\/wp-content\/uploads\/2019\/08\/LUSA_Logo.gif","caption":"Lusa"},"sameAs":["http:\/\/\/\/www.altominho.tv\/site"],"url":"https:\/\/www.altominho.tv\/site\/author\/lusa\/"}]}},"_links":{"self":[{"href":"https:\/\/www.altominho.tv\/site\/wp-json\/wp\/v2\/posts\/32898","targetHints":{"allow":["GET"]}}],"collection":[{"href":"https:\/\/www.altominho.tv\/site\/wp-json\/wp\/v2\/posts"}],"about":[{"href":"https:\/\/www.altominho.tv\/site\/wp-json\/wp\/v2\/types\/post"}],"author":[{"embeddable":true,"href":"https:\/\/www.altominho.tv\/site\/wp-json\/wp\/v2\/users\/13"}],"replies":[{"embeddable":true,"href":"https:\/\/www.altominho.tv\/site\/wp-json\/wp\/v2\/comments?post=32898"}],"version-history":[{"count":0,"href":"https:\/\/www.altominho.tv\/site\/wp-json\/wp\/v2\/posts\/32898\/revisions"}],"wp:featuredmedia":[{"embeddable":true,"href":"https:\/\/www.altominho.tv\/site\/wp-json\/wp\/v2\/media\/32900"}],"wp:attachment":[{"href":"https:\/\/www.altominho.tv\/site\/wp-json\/wp\/v2\/media?parent=32898"}],"wp:term":[{"taxonomy":"category","embeddable":true,"href":"https:\/\/www.altominho.tv\/site\/wp-json\/wp\/v2\/categories?post=32898"},{"taxonomy":"post_tag","embeddable":true,"href":"https:\/\/www.altominho.tv\/site\/wp-json\/wp\/v2\/tags?post=32898"}],"curies":[{"name":"wp","href":"https:\/\/api.w.org\/{rel}","templated":true}]}}