{"id":32797,"date":"2019-08-14T11:20:30","date_gmt":"2019-08-14T10:20:30","guid":{"rendered":"http:\/\/www.altominho.tv\/site\/?p=32797"},"modified":"2019-08-14T11:20:34","modified_gmt":"2019-08-14T10:20:34","slug":"5g-vodafone-pronta-para-comecar-a-operar-com-nova-rede-assim-que-for-atribuida-licenca","status":"publish","type":"post","link":"https:\/\/www.altominho.tv\/site\/2019\/08\/14\/5g-vodafone-pronta-para-comecar-a-operar-com-nova-rede-assim-que-for-atribuida-licenca\/","title":{"rendered":"5G: Vodafone pronta para come\u00e7ar a operar com nova rede assim que for atribu\u00edda licen\u00e7a"},"content":{"rendered":"\n<p>O administrador tecnol\u00f3gico da Vodafone Portugal garantiu que a operadora est\u00e1 pronta para operar com a nova rede 5G assim que for atribu\u00edda a licen\u00e7a, o que estima venha a acontecer\u00a0 no primeiro semestre de 2020.<\/p>\n\n\n\n<p>&#8220;Estamos prontos assim que for atribu\u00edda a licen\u00e7a. Se a licen\u00e7a for no dia X, come\u00e7amos a operar no dia X&#8221;, afirmou \u00e0 Lusa, Jo\u00e3o Nascimento, o chief technology officer (CTO) da Vodafone Portugal.<br><\/p>\n\n\n\n<p>De acordo com aquele respons\u00e1vel da operadora, que falava na Praia Fluvial do Tabu\u00e3o, recinto do Festival de m\u00fasica Vodafone Paredes de Coura, palco da primeira transmiss\u00e3o hologr\u00e1fica 5G em tempo real realizada em Portugal, &#8220;nos \u00faltimos dois anos, a Vodafone Portugal tem estado a trabalhar afincadamente na prepara\u00e7\u00e3o da rede 5G&#8221;.\u00a0<br><\/p>\n\n\n\n<p>&#8220;Do ponto de vista de prontid\u00e3o estamos cada vez mais prontos. A Vodafone demonstrou isso aqui, com a primeira transmiss\u00e3o hologr\u00e1fica em Portugal&#8221;, disse.<br><\/p>\n\n\n\n<p>A Vodafone e a TVI realizaram na noite de ontem a primeira transmiss\u00e3o hologr\u00e1fica 5G em tempo real. O momento aconteceu durante a emiss\u00e3o em direto do Jornal das 8, quando o piv\u00f4 Jos\u00e9 Alberto Carvalho foi &#8220;teletransportado&#8221; do est\u00fadio da TVI, em Queluz, distrito de Lisboa, atrav\u00e9s da rede 5G para o recinto do Festival Vodafone Paredes de Coura, distrito de Viana do Castelo, a mais de 400 quil\u00f3metros de dist\u00e2ncia.<br><\/p>\n\n\n\n<p>Jo\u00e3o Nascimento adiantou que a empresa est\u00e1 a &#8220;aguardar que o Governo e o regulador deem indica\u00e7\u00f5es&#8221; sobre o arranque da rede 5G.<br><\/p>\n\n\n\n<p>&#8220;As datas previstas apontam para setembro. Em setembro, o Governo e o regulador dar\u00e3o indica\u00e7\u00f5es sobre qual ser\u00e1 o calend\u00e1rio 5G. Assim que houver condi\u00e7\u00f5es do regulador e do Governo estaremos prontos, tamb\u00e9m, para avan\u00e7ar. Pensamos que isso vir\u00e1 a acontecer no primeiro semestre de 2020&#8221;, especificou.<br><\/p>\n\n\n\n<p>Questionado pela Lusa, o administrador tecnol\u00f3gico da Vodafone Portugal declarou ser &#8220;prematuro&#8221; avan\u00e7ar com prazos quanto \u00e0 comercializa\u00e7\u00e3o de \u2018smardtphones&#8217; 5G.\u00a0<br><\/p>\n\n\n\n<p>A Vodafone Portugal &#8220;tem acesso r\u00e1pido&#8221; a equipamentos e, &#8220;quando for necess\u00e1rio&#8221; aqueles &#8220;estar\u00e3o prontos, com as marcas tradicionais deste tipo de lan\u00e7amentos&#8221;, assegurou.<br><\/p>\n\n\n\n<p>&#8220;Estamos a falar da Xiaomi, Huawei, Samsung como as marcas preferenciais de lan\u00e7amento&#8221;, referiu.<br><\/p>\n\n\n\n<p>Para a primeira transmiss\u00e3o hologr\u00e1fica, &#8220;a Vodafone contou com 100 MHz de espetro tempor\u00e1rio na faixa dos 3,6 GHz, cedido pela Anacom [Autoridade Nacional de Comunica\u00e7\u00f5es] e com a tecnologia Ericsson, parceiro estrat\u00e9gico da Vodafone Portugal para o desenvolvimento do 5G&#8221;, segundo uma nota de imprensa da empresa<br><\/p>\n\n\n\n<p>A opera\u00e7\u00e3o contou com &#8220;mais de 60 profissionais de todos os parceiros envolvidos, dois est\u00fadios de televis\u00e3o, um deles criado na Vila de Paredes de Coura, e perto de uma tonelada de material audiovisual&#8221;, acrescenta a mesma nota.<br><\/p>\n\n\n\n<p>No est\u00fadio da TVI, a imagem do piv\u00f4 foi captada em alta defini\u00e7\u00e3o a 60 frames por segundo e transmitida atrav\u00e9s da rede m\u00f3vel 5G da Vodafone para o est\u00fadio em Paredes de Coura.<br><\/p>\n\n\n\n<p>Na vila do Alto Minho, &#8220;a imagem foi descodificada em 3D para um projetor hologr\u00e1fico e transmitida em direto e de volta para Queluz, para que Jos\u00e9 Alberto Carvalho conseguisse ver o que se passava no recinto do festival e conduzisse, sem qualquer interrup\u00e7\u00e3o de comunica\u00e7\u00e3o, o Jornal das 8&#8221;, refere ainda a nota.<br><\/p>\n\n\n\n<p>Em maio, a Vodafone Portugal realizou a primeira sess\u00e3o mundial 5G em &#8216;roaming\u2019 com a cong\u00e9nere espanhola.\u00a0<br><\/p>\n\n\n\n<p>Dois meses antes, fez uma liga\u00e7\u00e3o 5G com recurso a um \u2018smartphone&#8217; 5G, sendo tamb\u00e9m pioneira na coloca\u00e7\u00e3o de uma antena 5G, no seu edif\u00edcio-sede, em Lisboa.\u00a0<br><\/p>\n\n\n\n<p>A primeira chamada hologr\u00e1fica realizada em Portugal, antecedeu o in\u00edcio da 27.\u00aa edi\u00e7\u00e3o do Festival Vodafone Paredes de Coura.<br><\/p>\n\n\n\n<p>O evento decorre a partir de quarta-feira e at\u00e9 s\u00e1bado, com a participa\u00e7\u00e3o de v\u00e1rios artistas, entre eles, The National, New Order, Patti Smith, Suede, Father John Misty e Car Seat Headrest.\u00a0\u00a0<br><\/p>\n","protected":false},"excerpt":{"rendered":"<p>O administrador tecnol\u00f3gico da Vodafone Portugal garantiu que a operadora est\u00e1 pronta para operar com a nova rede 5G assim que for atribu\u00edda a licen\u00e7a, o que estima venha a acontecer\u00a0 no primeiro semestre de 2020. &#8220;Estamos prontos assim que for atribu\u00edda a licen\u00e7a. Se a licen\u00e7a for no dia X, come\u00e7amos a operar no [&hellip;]<\/p>\n","protected":false},"author":7,"featured_media":32799,"comment_status":"closed","ping_status":"closed","sticky":false,"template":"","format":"standard","meta":{"_exactmetrics_skip_tracking":false,"_exactmetrics_sitenote_active":false,"_exactmetrics_sitenote_note":"","_exactmetrics_sitenote_category":0,"footnotes":""},"categories":[73],"tags":[27],"class_list":["post-32797","post","type-post","status-publish","format-standard","has-post-thumbnail","hentry","category-alto-minho","tag-sociedade"],"yoast_head":"<!-- This site is optimized with the Yoast SEO Premium plugin v27.4 (Yoast SEO v27.4) - https:\/\/yoast.com\/product\/yoast-seo-premium-wordpress\/ -->\n<title>5G: Vodafone pronta para come\u00e7ar a operar com nova rede assim que for atribu\u00edda licen\u00e7a<\/title>\n<meta name=\"robots\" content=\"index, follow, max-snippet:-1, max-image-preview:large, max-video-preview:-1\" \/>\n<link rel=\"canonical\" href=\"https:\/\/www.altominho.tv\/site\/2019\/08\/14\/5g-vodafone-pronta-para-comecar-a-operar-com-nova-rede-assim-que-for-atribuida-licenca\/\" \/>\n<meta property=\"og:locale\" content=\"pt_PT\" \/>\n<meta property=\"og:type\" content=\"article\" \/>\n<meta property=\"og:title\" content=\"5G: Vodafone pronta para come\u00e7ar a operar com nova rede assim que for atribu\u00edda licen\u00e7a\" \/>\n<meta property=\"og:description\" content=\"O administrador tecnol\u00f3gico da Vodafone Portugal garantiu que a operadora est\u00e1 pronta para operar com a nova rede 5G assim que for atribu\u00edda a licen\u00e7a, o que estima venha a acontecer\u00a0 no primeiro semestre de 2020. &#8220;Estamos prontos assim que for atribu\u00edda a licen\u00e7a. Se a licen\u00e7a for no dia X, come\u00e7amos a operar no [&hellip;]\" \/>\n<meta property=\"og:url\" content=\"https:\/\/www.altominho.tv\/site\/2019\/08\/14\/5g-vodafone-pronta-para-comecar-a-operar-com-nova-rede-assim-que-for-atribuida-licenca\/\" \/>\n<meta property=\"og:site_name\" content=\"Altominho.tv\" \/>\n<meta property=\"article:publisher\" content=\"https:\/\/www.facebook.com\/altominhotv\" \/>\n<meta property=\"article:published_time\" content=\"2019-08-14T10:20:30+00:00\" \/>\n<meta property=\"article:modified_time\" content=\"2019-08-14T10:20:34+00:00\" \/>\n<meta property=\"og:image\" content=\"https:\/\/www.altominho.tv\/site\/wp-content\/uploads\/2019\/08\/cropped-Primeira-transmissao-holografica-em-Portugal.jpg\" \/>\n\t<meta property=\"og:image:width\" content=\"1120\" \/>\n\t<meta property=\"og:image:height\" content=\"630\" \/>\n\t<meta property=\"og:image:type\" content=\"image\/jpeg\" \/>\n<meta name=\"author\" content=\"Andreia Cunha\" \/>\n<meta name=\"twitter:card\" content=\"summary_large_image\" \/>\n<meta name=\"twitter:creator\" content=\"@altominhoTV\" \/>\n<meta name=\"twitter:site\" content=\"@altominhoTV\" \/>\n<meta name=\"twitter:label1\" content=\"Escrito por\" \/>\n\t<meta name=\"twitter:data1\" content=\"Andreia Cunha\" \/>\n\t<meta name=\"twitter:label2\" content=\"Tempo estimado de leitura\" \/>\n\t<meta name=\"twitter:data2\" content=\"3 minutos\" \/>\n<script type=\"application\/ld+json\" class=\"yoast-schema-graph\">{\"@context\":\"https:\\\/\\\/schema.org\",\"@graph\":[{\"@type\":\"Article\",\"@id\":\"https:\\\/\\\/www.altominho.tv\\\/site\\\/2019\\\/08\\\/14\\\/5g-vodafone-pronta-para-comecar-a-operar-com-nova-rede-assim-que-for-atribuida-licenca\\\/#article\",\"isPartOf\":{\"@id\":\"https:\\\/\\\/www.altominho.tv\\\/site\\\/2019\\\/08\\\/14\\\/5g-vodafone-pronta-para-comecar-a-operar-com-nova-rede-assim-que-for-atribuida-licenca\\\/\"},\"author\":{\"name\":\"Andreia Cunha\",\"@id\":\"https:\\\/\\\/www.altominho.tv\\\/site\\\/#\\\/schema\\\/person\\\/a0e4ef6d041f98ca284393d8f1d97153\"},\"headline\":\"5G: Vodafone pronta para come\u00e7ar a operar com nova rede assim que for atribu\u00edda licen\u00e7a\",\"datePublished\":\"2019-08-14T10:20:30+00:00\",\"dateModified\":\"2019-08-14T10:20:34+00:00\",\"mainEntityOfPage\":{\"@id\":\"https:\\\/\\\/www.altominho.tv\\\/site\\\/2019\\\/08\\\/14\\\/5g-vodafone-pronta-para-comecar-a-operar-com-nova-rede-assim-que-for-atribuida-licenca\\\/\"},\"wordCount\":690,\"image\":{\"@id\":\"https:\\\/\\\/www.altominho.tv\\\/site\\\/2019\\\/08\\\/14\\\/5g-vodafone-pronta-para-comecar-a-operar-com-nova-rede-assim-que-for-atribuida-licenca\\\/#primaryimage\"},\"thumbnailUrl\":\"https:\\\/\\\/www.altominho.tv\\\/site\\\/wp-content\\\/uploads\\\/2019\\\/08\\\/cropped-Primeira-transmissao-holografica-em-Portugal.jpg\",\"keywords\":[\"Sociedade\"],\"articleSection\":[\"Alto Minho\"],\"inLanguage\":\"pt-PT\",\"copyrightYear\":\"2019\",\"copyrightHolder\":{\"@id\":\"https:\\\/\\\/www.altominho.tv\\\/site\\\/#organization\"}},{\"@type\":\"WebPage\",\"@id\":\"https:\\\/\\\/www.altominho.tv\\\/site\\\/2019\\\/08\\\/14\\\/5g-vodafone-pronta-para-comecar-a-operar-com-nova-rede-assim-que-for-atribuida-licenca\\\/\",\"url\":\"https:\\\/\\\/www.altominho.tv\\\/site\\\/2019\\\/08\\\/14\\\/5g-vodafone-pronta-para-comecar-a-operar-com-nova-rede-assim-que-for-atribuida-licenca\\\/\",\"name\":\"5G: Vodafone pronta para come\u00e7ar a operar com nova rede assim que for atribu\u00edda licen\u00e7a\",\"isPartOf\":{\"@id\":\"https:\\\/\\\/www.altominho.tv\\\/site\\\/#website\"},\"primaryImageOfPage\":{\"@id\":\"https:\\\/\\\/www.altominho.tv\\\/site\\\/2019\\\/08\\\/14\\\/5g-vodafone-pronta-para-comecar-a-operar-com-nova-rede-assim-que-for-atribuida-licenca\\\/#primaryimage\"},\"image\":{\"@id\":\"https:\\\/\\\/www.altominho.tv\\\/site\\\/2019\\\/08\\\/14\\\/5g-vodafone-pronta-para-comecar-a-operar-com-nova-rede-assim-que-for-atribuida-licenca\\\/#primaryimage\"},\"thumbnailUrl\":\"https:\\\/\\\/www.altominho.tv\\\/site\\\/wp-content\\\/uploads\\\/2019\\\/08\\\/cropped-Primeira-transmissao-holografica-em-Portugal.jpg\",\"datePublished\":\"2019-08-14T10:20:30+00:00\",\"dateModified\":\"2019-08-14T10:20:34+00:00\",\"author\":{\"@id\":\"https:\\\/\\\/www.altominho.tv\\\/site\\\/#\\\/schema\\\/person\\\/a0e4ef6d041f98ca284393d8f1d97153\"},\"breadcrumb\":{\"@id\":\"https:\\\/\\\/www.altominho.tv\\\/site\\\/2019\\\/08\\\/14\\\/5g-vodafone-pronta-para-comecar-a-operar-com-nova-rede-assim-que-for-atribuida-licenca\\\/#breadcrumb\"},\"inLanguage\":\"pt-PT\",\"potentialAction\":[{\"@type\":\"ReadAction\",\"target\":[\"https:\\\/\\\/www.altominho.tv\\\/site\\\/2019\\\/08\\\/14\\\/5g-vodafone-pronta-para-comecar-a-operar-com-nova-rede-assim-que-for-atribuida-licenca\\\/\"]}]},{\"@type\":\"ImageObject\",\"inLanguage\":\"pt-PT\",\"@id\":\"https:\\\/\\\/www.altominho.tv\\\/site\\\/2019\\\/08\\\/14\\\/5g-vodafone-pronta-para-comecar-a-operar-com-nova-rede-assim-que-for-atribuida-licenca\\\/#primaryimage\",\"url\":\"https:\\\/\\\/www.altominho.tv\\\/site\\\/wp-content\\\/uploads\\\/2019\\\/08\\\/cropped-Primeira-transmissao-holografica-em-Portugal.jpg\",\"contentUrl\":\"https:\\\/\\\/www.altominho.tv\\\/site\\\/wp-content\\\/uploads\\\/2019\\\/08\\\/cropped-Primeira-transmissao-holografica-em-Portugal.jpg\",\"width\":1120,\"height\":630},{\"@type\":\"BreadcrumbList\",\"@id\":\"https:\\\/\\\/www.altominho.tv\\\/site\\\/2019\\\/08\\\/14\\\/5g-vodafone-pronta-para-comecar-a-operar-com-nova-rede-assim-que-for-atribuida-licenca\\\/#breadcrumb\",\"itemListElement\":[{\"@type\":\"ListItem\",\"position\":1,\"name\":\"In\u00edcio\",\"item\":\"https:\\\/\\\/www.altominho.tv\\\/site\\\/\"},{\"@type\":\"ListItem\",\"position\":2,\"name\":\"5G: Vodafone pronta para come\u00e7ar a operar com nova rede assim que for atribu\u00edda licen\u00e7a\"}]},{\"@type\":\"WebSite\",\"@id\":\"https:\\\/\\\/www.altominho.tv\\\/site\\\/#website\",\"url\":\"https:\\\/\\\/www.altominho.tv\\\/site\\\/\",\"name\":\"Altominho.tv\",\"description\":\"A sua regi\u00e3o \u00e0 dist\u00e2ncia de um clique...\",\"potentialAction\":[{\"@type\":\"SearchAction\",\"target\":{\"@type\":\"EntryPoint\",\"urlTemplate\":\"https:\\\/\\\/www.altominho.tv\\\/site\\\/?s={search_term_string}\"},\"query-input\":{\"@type\":\"PropertyValueSpecification\",\"valueRequired\":true,\"valueName\":\"search_term_string\"}}],\"inLanguage\":\"pt-PT\"},{\"@type\":\"Person\",\"@id\":\"https:\\\/\\\/www.altominho.tv\\\/site\\\/#\\\/schema\\\/person\\\/a0e4ef6d041f98ca284393d8f1d97153\",\"name\":\"Andreia Cunha\",\"image\":{\"@type\":\"ImageObject\",\"inLanguage\":\"pt-PT\",\"@id\":\"https:\\\/\\\/www.altominho.tv\\\/site\\\/wp-content\\\/uploads\\\/2017\\\/11\\\/Andreia_Cunha-1-150x150.jpg\",\"url\":\"https:\\\/\\\/www.altominho.tv\\\/site\\\/wp-content\\\/uploads\\\/2017\\\/11\\\/Andreia_Cunha-1-150x150.jpg\",\"contentUrl\":\"https:\\\/\\\/www.altominho.tv\\\/site\\\/wp-content\\\/uploads\\\/2017\\\/11\\\/Andreia_Cunha-1-150x150.jpg\",\"caption\":\"Andreia Cunha\"},\"url\":\"https:\\\/\\\/www.altominho.tv\\\/site\\\/author\\\/andreiacunha\\\/\"}]}<\/script>\n<!-- \/ Yoast SEO Premium plugin. -->","yoast_head_json":{"title":"5G: Vodafone pronta para come\u00e7ar a operar com nova rede assim que for atribu\u00edda licen\u00e7a","robots":{"index":"index","follow":"follow","max-snippet":"max-snippet:-1","max-image-preview":"max-image-preview:large","max-video-preview":"max-video-preview:-1"},"canonical":"https:\/\/www.altominho.tv\/site\/2019\/08\/14\/5g-vodafone-pronta-para-comecar-a-operar-com-nova-rede-assim-que-for-atribuida-licenca\/","og_locale":"pt_PT","og_type":"article","og_title":"5G: Vodafone pronta para come\u00e7ar a operar com nova rede assim que for atribu\u00edda licen\u00e7a","og_description":"O administrador tecnol\u00f3gico da Vodafone Portugal garantiu que a operadora est\u00e1 pronta para operar com a nova rede 5G assim que for atribu\u00edda a licen\u00e7a, o que estima venha a acontecer\u00a0 no primeiro semestre de 2020. &#8220;Estamos prontos assim que for atribu\u00edda a licen\u00e7a. Se a licen\u00e7a for no dia X, come\u00e7amos a operar no [&hellip;]","og_url":"https:\/\/www.altominho.tv\/site\/2019\/08\/14\/5g-vodafone-pronta-para-comecar-a-operar-com-nova-rede-assim-que-for-atribuida-licenca\/","og_site_name":"Altominho.tv","article_publisher":"https:\/\/www.facebook.com\/altominhotv","article_published_time":"2019-08-14T10:20:30+00:00","article_modified_time":"2019-08-14T10:20:34+00:00","og_image":[{"width":1120,"height":630,"url":"https:\/\/www.altominho.tv\/site\/wp-content\/uploads\/2019\/08\/cropped-Primeira-transmissao-holografica-em-Portugal.jpg","type":"image\/jpeg"}],"author":"Andreia Cunha","twitter_card":"summary_large_image","twitter_creator":"@altominhoTV","twitter_site":"@altominhoTV","twitter_misc":{"Escrito por":"Andreia Cunha","Tempo estimado de leitura":"3 minutos"},"schema":{"@context":"https:\/\/schema.org","@graph":[{"@type":"Article","@id":"https:\/\/www.altominho.tv\/site\/2019\/08\/14\/5g-vodafone-pronta-para-comecar-a-operar-com-nova-rede-assim-que-for-atribuida-licenca\/#article","isPartOf":{"@id":"https:\/\/www.altominho.tv\/site\/2019\/08\/14\/5g-vodafone-pronta-para-comecar-a-operar-com-nova-rede-assim-que-for-atribuida-licenca\/"},"author":{"name":"Andreia Cunha","@id":"https:\/\/www.altominho.tv\/site\/#\/schema\/person\/a0e4ef6d041f98ca284393d8f1d97153"},"headline":"5G: Vodafone pronta para come\u00e7ar a operar com nova rede assim que for atribu\u00edda licen\u00e7a","datePublished":"2019-08-14T10:20:30+00:00","dateModified":"2019-08-14T10:20:34+00:00","mainEntityOfPage":{"@id":"https:\/\/www.altominho.tv\/site\/2019\/08\/14\/5g-vodafone-pronta-para-comecar-a-operar-com-nova-rede-assim-que-for-atribuida-licenca\/"},"wordCount":690,"image":{"@id":"https:\/\/www.altominho.tv\/site\/2019\/08\/14\/5g-vodafone-pronta-para-comecar-a-operar-com-nova-rede-assim-que-for-atribuida-licenca\/#primaryimage"},"thumbnailUrl":"https:\/\/www.altominho.tv\/site\/wp-content\/uploads\/2019\/08\/cropped-Primeira-transmissao-holografica-em-Portugal.jpg","keywords":["Sociedade"],"articleSection":["Alto Minho"],"inLanguage":"pt-PT","copyrightYear":"2019","copyrightHolder":{"@id":"https:\/\/www.altominho.tv\/site\/#organization"}},{"@type":"WebPage","@id":"https:\/\/www.altominho.tv\/site\/2019\/08\/14\/5g-vodafone-pronta-para-comecar-a-operar-com-nova-rede-assim-que-for-atribuida-licenca\/","url":"https:\/\/www.altominho.tv\/site\/2019\/08\/14\/5g-vodafone-pronta-para-comecar-a-operar-com-nova-rede-assim-que-for-atribuida-licenca\/","name":"5G: Vodafone pronta para come\u00e7ar a operar com nova rede assim que for atribu\u00edda licen\u00e7a","isPartOf":{"@id":"https:\/\/www.altominho.tv\/site\/#website"},"primaryImageOfPage":{"@id":"https:\/\/www.altominho.tv\/site\/2019\/08\/14\/5g-vodafone-pronta-para-comecar-a-operar-com-nova-rede-assim-que-for-atribuida-licenca\/#primaryimage"},"image":{"@id":"https:\/\/www.altominho.tv\/site\/2019\/08\/14\/5g-vodafone-pronta-para-comecar-a-operar-com-nova-rede-assim-que-for-atribuida-licenca\/#primaryimage"},"thumbnailUrl":"https:\/\/www.altominho.tv\/site\/wp-content\/uploads\/2019\/08\/cropped-Primeira-transmissao-holografica-em-Portugal.jpg","datePublished":"2019-08-14T10:20:30+00:00","dateModified":"2019-08-14T10:20:34+00:00","author":{"@id":"https:\/\/www.altominho.tv\/site\/#\/schema\/person\/a0e4ef6d041f98ca284393d8f1d97153"},"breadcrumb":{"@id":"https:\/\/www.altominho.tv\/site\/2019\/08\/14\/5g-vodafone-pronta-para-comecar-a-operar-com-nova-rede-assim-que-for-atribuida-licenca\/#breadcrumb"},"inLanguage":"pt-PT","potentialAction":[{"@type":"ReadAction","target":["https:\/\/www.altominho.tv\/site\/2019\/08\/14\/5g-vodafone-pronta-para-comecar-a-operar-com-nova-rede-assim-que-for-atribuida-licenca\/"]}]},{"@type":"ImageObject","inLanguage":"pt-PT","@id":"https:\/\/www.altominho.tv\/site\/2019\/08\/14\/5g-vodafone-pronta-para-comecar-a-operar-com-nova-rede-assim-que-for-atribuida-licenca\/#primaryimage","url":"https:\/\/www.altominho.tv\/site\/wp-content\/uploads\/2019\/08\/cropped-Primeira-transmissao-holografica-em-Portugal.jpg","contentUrl":"https:\/\/www.altominho.tv\/site\/wp-content\/uploads\/2019\/08\/cropped-Primeira-transmissao-holografica-em-Portugal.jpg","width":1120,"height":630},{"@type":"BreadcrumbList","@id":"https:\/\/www.altominho.tv\/site\/2019\/08\/14\/5g-vodafone-pronta-para-comecar-a-operar-com-nova-rede-assim-que-for-atribuida-licenca\/#breadcrumb","itemListElement":[{"@type":"ListItem","position":1,"name":"In\u00edcio","item":"https:\/\/www.altominho.tv\/site\/"},{"@type":"ListItem","position":2,"name":"5G: Vodafone pronta para come\u00e7ar a operar com nova rede assim que for atribu\u00edda licen\u00e7a"}]},{"@type":"WebSite","@id":"https:\/\/www.altominho.tv\/site\/#website","url":"https:\/\/www.altominho.tv\/site\/","name":"Altominho.tv","description":"A sua regi\u00e3o \u00e0 dist\u00e2ncia de um clique...","potentialAction":[{"@type":"SearchAction","target":{"@type":"EntryPoint","urlTemplate":"https:\/\/www.altominho.tv\/site\/?s={search_term_string}"},"query-input":{"@type":"PropertyValueSpecification","valueRequired":true,"valueName":"search_term_string"}}],"inLanguage":"pt-PT"},{"@type":"Person","@id":"https:\/\/www.altominho.tv\/site\/#\/schema\/person\/a0e4ef6d041f98ca284393d8f1d97153","name":"Andreia Cunha","image":{"@type":"ImageObject","inLanguage":"pt-PT","@id":"https:\/\/www.altominho.tv\/site\/wp-content\/uploads\/2017\/11\/Andreia_Cunha-1-150x150.jpg","url":"https:\/\/www.altominho.tv\/site\/wp-content\/uploads\/2017\/11\/Andreia_Cunha-1-150x150.jpg","contentUrl":"https:\/\/www.altominho.tv\/site\/wp-content\/uploads\/2017\/11\/Andreia_Cunha-1-150x150.jpg","caption":"Andreia Cunha"},"url":"https:\/\/www.altominho.tv\/site\/author\/andreiacunha\/"}]}},"_links":{"self":[{"href":"https:\/\/www.altominho.tv\/site\/wp-json\/wp\/v2\/posts\/32797","targetHints":{"allow":["GET"]}}],"collection":[{"href":"https:\/\/www.altominho.tv\/site\/wp-json\/wp\/v2\/posts"}],"about":[{"href":"https:\/\/www.altominho.tv\/site\/wp-json\/wp\/v2\/types\/post"}],"author":[{"embeddable":true,"href":"https:\/\/www.altominho.tv\/site\/wp-json\/wp\/v2\/users\/7"}],"replies":[{"embeddable":true,"href":"https:\/\/www.altominho.tv\/site\/wp-json\/wp\/v2\/comments?post=32797"}],"version-history":[{"count":0,"href":"https:\/\/www.altominho.tv\/site\/wp-json\/wp\/v2\/posts\/32797\/revisions"}],"wp:featuredmedia":[{"embeddable":true,"href":"https:\/\/www.altominho.tv\/site\/wp-json\/wp\/v2\/media\/32799"}],"wp:attachment":[{"href":"https:\/\/www.altominho.tv\/site\/wp-json\/wp\/v2\/media?parent=32797"}],"wp:term":[{"taxonomy":"category","embeddable":true,"href":"https:\/\/www.altominho.tv\/site\/wp-json\/wp\/v2\/categories?post=32797"},{"taxonomy":"post_tag","embeddable":true,"href":"https:\/\/www.altominho.tv\/site\/wp-json\/wp\/v2\/tags?post=32797"}],"curies":[{"name":"wp","href":"https:\/\/api.w.org\/{rel}","templated":true}]}}