{"id":32750,"date":"2019-08-13T13:26:33","date_gmt":"2019-08-13T12:26:33","guid":{"rendered":"http:\/\/www.altominho.tv\/site\/?p=32750"},"modified":"2019-08-13T13:26:36","modified_gmt":"2019-08-13T12:26:36","slug":"perito-juridico-estuda-criacao-de-plano-de-mobilidade-entre-alto-minho-e-galiza","status":"publish","type":"post","link":"https:\/\/www.altominho.tv\/site\/2019\/08\/13\/perito-juridico-estuda-criacao-de-plano-de-mobilidade-entre-alto-minho-e-galiza\/","title":{"rendered":"Perito jur\u00eddico estuda cria\u00e7\u00e3o de plano de mobilidade entre Alto Minho e Galiza"},"content":{"rendered":"\n<p>O Agrupamento Europeu de Coopera\u00e7\u00e3o Territorial (AECT) do Rio Minho vai disponibilizar, em setembro, um perito jur\u00eddico em mobilidade transfronteiri\u00e7a para propor um plano de transportes, a ligar o Alto Minho e a Galiza, informou hoje o organismo.<br><\/p>\n\n\n\n<p>Em comunicado, o AECT do Rio Minho explicou que a cria\u00e7\u00e3o daquela figura resulta da aprova\u00e7\u00e3o, por fundos comunit\u00e1rios, do projeto &#8216;Boosting Minho River Cross-Border Mobility&#8217; que pretende analisar &#8220;os obst\u00e1culos legais \u00e0 mobilidade transfronteiri\u00e7a na fronteira do rio Minho&#8221;.<br><\/p>\n\n\n\n<p>O AECT Rio Minho, com sede em Valen\u00e7a, abrange um total de 26 concelhos: 10 da Comunidade Intermunicipal (CIM) do Alto Minho e 16 concelhos galegos da prov\u00edncia de Pontevedra com liga\u00e7\u00e3o ao rio Minho.<br><\/p>\n\n\n\n<p>Em setembro, entre os dias 09 e 13, o perito jur\u00eddico vai realizar, naquele territ\u00f3rio transfronteiri\u00e7o, &#8220;reuni\u00f5es e visitas que lhe permitir\u00e3o recolher informa\u00e7\u00e3o para a estrutura\u00e7\u00e3o, defini\u00e7\u00e3o e identifica\u00e7\u00e3o dos obst\u00e1culos \u00e0 mobilidade transfronteiri\u00e7a nesta regi\u00e3o, assim como a elabora\u00e7\u00e3o de uma proposta de solu\u00e7\u00f5es a apresentar \u00e0s diferentes administra\u00e7\u00f5es p\u00fablicas portuguesa e galega que supervisionam o setor dos transportes&#8221; e, posteriormente, &#8220;a entregar \u00e0 Comiss\u00e3o Europeia&#8221;.<br><\/p>\n\n\n\n<p>Em junho, os munic\u00edpios de Vila Nova de Cerveira (Alto Minho) e Tomi\u00f1o (Galiza) informaram que a Comiss\u00e3o Europeia estava a estudar solu\u00e7\u00f5es para eliminar barreiras \u00e0 mobilidade transfronteiri\u00e7a dos 2.500 estudantes dos dois munic\u00edpios, ao abrigo do Programa B-Solutions, promovido pela Associa\u00e7\u00e3o de Regi\u00f5es Fronteiri\u00e7as Europeias (ARFE) e a Dire\u00e7\u00e3o-Geral para Pol\u00edtica Regional e Urbana DG REGIO&#8221;.<br><\/p>\n\n\n\n<p>Anteriormente, as provedoras transfronteiri\u00e7as da eurocidade, Maria de Lurdes Cunha (Vila Nova de Cerveira) e Zara Pousa (Tomi\u00f1o), defenderam a necessidade de medidas que simplifiquem o processo de interc\u00e2mbios culturais, educativos ou desportivos, envolvendo menores de idade nas zonas de fronteira.<br><\/p>\n\n\n\n<p>Atualmente, &#8220;este interc\u00e2mbio transfronteiri\u00e7o de grupos infantojuvenis, sem a presen\u00e7a dos pais, requer a apresenta\u00e7\u00e3o de autoriza\u00e7\u00f5es espec\u00edficas perante as autoridades&#8221;.\u00a0<br><\/p>\n\n\n\n<p>No caso do estado espanhol &#8220;\u00e9 exigido um formul\u00e1rio assinado por ambos os progenitores perante a Guarda Civil, mas no caso portugu\u00eas o processo \u00e9 burocraticamente mais complexo, sendo necess\u00e1ria uma autoriza\u00e7\u00e3o dos pais, com assinatura reconhecida por um not\u00e1rio, com custos econ\u00f3micos associados, al\u00e9m de um seguro espec\u00edfico tamb\u00e9m com valores desadequados&#8221;.<br>Se &#8220;uma turma de Vila Nova de Cerveira quiser visitar um espa\u00e7o cultural ou educativo a Tomi\u00f1o, os custos de autoriza\u00e7\u00f5es podem ultrapassar os 600 euros&#8221;.<br><\/p>\n\n\n\n<p>Al\u00e9m do projeto que vai estudar os problemas que se colocam \u00e0 mobilidade transfronteiri\u00e7a, o AECT do rio Minho informou ter sido ainda aprovada uma outra iniciativa, a Rede Lab Minho, com um per\u00edodo de execu\u00e7\u00e3o at\u00e9 dezembro 2021, e que prev\u00ea &#8220;a constitui\u00e7\u00e3o e dinamiza\u00e7\u00e3o de uma rede de coopera\u00e7\u00e3o e observa\u00e7\u00e3o das din\u00e2micas locais transfronteiri\u00e7as&#8221;.<br><\/p>\n\n\n\n<p>A Rede Lab Minho, inclui ainda &#8220;o apoio a experi\u00eancias de coopera\u00e7\u00e3o locais entre as diferentes eurocidades do Minho (Tui-Valen\u00e7a, Cerveira-Tomi\u00f1o e Salvaterra-Mon\u00e7\u00e3o), assim como entre outras vilas de fronteira como A Guarda-Caminha e Arbo-Crecente-Melga\u00e7o que, apesar de n\u00e3o estarem constitu\u00eddas como eurocidades, mant\u00eam rela\u00e7\u00f5es de coopera\u00e7\u00e3o, no \u00e2mbito dos projetos Smart Minho e Visit Rio Minho&#8221;.<br><\/p>\n\n\n\n<p>O investimento de 345 mil euros, cofinanciado a 75% por fundos europeus, afetos \u00e0 segunda convocat\u00f3ria do Programa Operativo de Coopera\u00e7\u00e3o Transfronteiri\u00e7a Espanha-Portugal (POCTEP) INTERREG V-A, &#8220;visa a cria\u00e7\u00e3o de uma rede de governan\u00e7a transfronteiri\u00e7a com o prop\u00f3sito de implementar pol\u00edticas p\u00fablicas de bem-estar da cidadania&#8221;.<br><\/p>\n\n\n\n<p>As duas a\u00e7\u00f5es agora aprovadas, num investimento total de cerca de 350 mil euros, resultam de candidaturas formuladas ao abrigo dos projetos transfronteiri\u00e7os Visit Rio Minho e Smart Minho.<br><\/p>\n\n\n\n<p>O Visit Rio Minho, or\u00e7ado em tr\u00eas milh\u00f5es de euros que tem como objetivo &#8220;a capitaliza\u00e7\u00e3o da marca Rio Minho, qualificar e monitorizar uma rede de vias verdes transfronteiri\u00e7as&#8221;. J\u00e1 o Smart Minho, candidatado ao Programa Operacional de Coopera\u00e7\u00e3o Transfronteiri\u00e7a Espanha-Portugal 2014-2020 (INTERREG V-A), cofinanciado a 75%, tem um or\u00e7amento total superior a 942 mil euros.<\/p>\n","protected":false},"excerpt":{"rendered":"<p>O Agrupamento Europeu de Coopera\u00e7\u00e3o Territorial (AECT) do Rio Minho vai disponibilizar, em setembro, um perito jur\u00eddico em mobilidade transfronteiri\u00e7a para propor um plano de transportes, a ligar o Alto Minho e a Galiza, informou hoje o organismo. Em comunicado, o AECT do Rio Minho explicou que a cria\u00e7\u00e3o daquela figura resulta da aprova\u00e7\u00e3o, por [&hellip;]<\/p>\n","protected":false},"author":7,"featured_media":32752,"comment_status":"closed","ping_status":"closed","sticky":false,"template":"","format":"standard","meta":{"_exactmetrics_skip_tracking":false,"_exactmetrics_sitenote_active":false,"_exactmetrics_sitenote_note":"","_exactmetrics_sitenote_category":0,"footnotes":""},"categories":[73],"tags":[27],"class_list":["post-32750","post","type-post","status-publish","format-standard","has-post-thumbnail","hentry","category-alto-minho","tag-sociedade"],"yoast_head":"<!-- This site is optimized with the Yoast SEO Premium plugin v27.4 (Yoast SEO v27.4) - https:\/\/yoast.com\/product\/yoast-seo-premium-wordpress\/ -->\n<title>Perito jur\u00eddico estuda cria\u00e7\u00e3o de plano de mobilidade entre Alto Minho e Galiza<\/title>\n<meta name=\"robots\" content=\"index, follow, max-snippet:-1, max-image-preview:large, max-video-preview:-1\" \/>\n<link rel=\"canonical\" href=\"https:\/\/www.altominho.tv\/site\/2019\/08\/13\/perito-juridico-estuda-criacao-de-plano-de-mobilidade-entre-alto-minho-e-galiza\/\" \/>\n<meta property=\"og:locale\" content=\"pt_PT\" \/>\n<meta property=\"og:type\" content=\"article\" \/>\n<meta property=\"og:title\" content=\"Perito jur\u00eddico estuda cria\u00e7\u00e3o de plano de mobilidade entre Alto Minho e Galiza\" \/>\n<meta property=\"og:description\" content=\"O Agrupamento Europeu de Coopera\u00e7\u00e3o Territorial (AECT) do Rio Minho vai disponibilizar, em setembro, um perito jur\u00eddico em mobilidade transfronteiri\u00e7a para propor um plano de transportes, a ligar o Alto Minho e a Galiza, informou hoje o organismo. Em comunicado, o AECT do Rio Minho explicou que a cria\u00e7\u00e3o daquela figura resulta da aprova\u00e7\u00e3o, por [&hellip;]\" \/>\n<meta property=\"og:url\" content=\"https:\/\/www.altominho.tv\/site\/2019\/08\/13\/perito-juridico-estuda-criacao-de-plano-de-mobilidade-entre-alto-minho-e-galiza\/\" \/>\n<meta property=\"og:site_name\" content=\"Altominho.tv\" \/>\n<meta property=\"article:publisher\" content=\"https:\/\/www.facebook.com\/altominhotv\" \/>\n<meta property=\"article:published_time\" content=\"2019-08-13T12:26:33+00:00\" \/>\n<meta property=\"article:modified_time\" content=\"2019-08-13T12:26:36+00:00\" \/>\n<meta property=\"og:image\" content=\"https:\/\/www.altominho.tv\/site\/wp-content\/uploads\/2019\/08\/cropped-rio-minho-740x449.jpg\" \/>\n\t<meta property=\"og:image:width\" content=\"740\" \/>\n\t<meta property=\"og:image:height\" content=\"416\" \/>\n\t<meta property=\"og:image:type\" content=\"image\/jpeg\" \/>\n<meta name=\"author\" content=\"Andreia Cunha\" \/>\n<meta name=\"twitter:card\" content=\"summary_large_image\" \/>\n<meta name=\"twitter:creator\" content=\"@altominhoTV\" \/>\n<meta name=\"twitter:site\" content=\"@altominhoTV\" \/>\n<meta name=\"twitter:label1\" content=\"Escrito por\" \/>\n\t<meta name=\"twitter:data1\" content=\"Andreia Cunha\" \/>\n\t<meta name=\"twitter:label2\" content=\"Tempo estimado de leitura\" \/>\n\t<meta name=\"twitter:data2\" content=\"4 minutos\" \/>\n<script type=\"application\/ld+json\" class=\"yoast-schema-graph\">{\"@context\":\"https:\\\/\\\/schema.org\",\"@graph\":[{\"@type\":\"Article\",\"@id\":\"https:\\\/\\\/www.altominho.tv\\\/site\\\/2019\\\/08\\\/13\\\/perito-juridico-estuda-criacao-de-plano-de-mobilidade-entre-alto-minho-e-galiza\\\/#article\",\"isPartOf\":{\"@id\":\"https:\\\/\\\/www.altominho.tv\\\/site\\\/2019\\\/08\\\/13\\\/perito-juridico-estuda-criacao-de-plano-de-mobilidade-entre-alto-minho-e-galiza\\\/\"},\"author\":{\"name\":\"Andreia Cunha\",\"@id\":\"https:\\\/\\\/www.altominho.tv\\\/site\\\/#\\\/schema\\\/person\\\/a0e4ef6d041f98ca284393d8f1d97153\"},\"headline\":\"Perito jur\u00eddico estuda cria\u00e7\u00e3o de plano de mobilidade entre Alto Minho e Galiza\",\"datePublished\":\"2019-08-13T12:26:33+00:00\",\"dateModified\":\"2019-08-13T12:26:36+00:00\",\"mainEntityOfPage\":{\"@id\":\"https:\\\/\\\/www.altominho.tv\\\/site\\\/2019\\\/08\\\/13\\\/perito-juridico-estuda-criacao-de-plano-de-mobilidade-entre-alto-minho-e-galiza\\\/\"},\"wordCount\":719,\"image\":{\"@id\":\"https:\\\/\\\/www.altominho.tv\\\/site\\\/2019\\\/08\\\/13\\\/perito-juridico-estuda-criacao-de-plano-de-mobilidade-entre-alto-minho-e-galiza\\\/#primaryimage\"},\"thumbnailUrl\":\"https:\\\/\\\/www.altominho.tv\\\/site\\\/wp-content\\\/uploads\\\/2019\\\/08\\\/cropped-rio-minho-740x449.jpg\",\"keywords\":[\"Sociedade\"],\"articleSection\":[\"Alto Minho\"],\"inLanguage\":\"pt-PT\",\"copyrightYear\":\"2019\",\"copyrightHolder\":{\"@id\":\"https:\\\/\\\/www.altominho.tv\\\/site\\\/#organization\"}},{\"@type\":\"WebPage\",\"@id\":\"https:\\\/\\\/www.altominho.tv\\\/site\\\/2019\\\/08\\\/13\\\/perito-juridico-estuda-criacao-de-plano-de-mobilidade-entre-alto-minho-e-galiza\\\/\",\"url\":\"https:\\\/\\\/www.altominho.tv\\\/site\\\/2019\\\/08\\\/13\\\/perito-juridico-estuda-criacao-de-plano-de-mobilidade-entre-alto-minho-e-galiza\\\/\",\"name\":\"Perito jur\u00eddico estuda cria\u00e7\u00e3o de plano de mobilidade entre Alto Minho e Galiza\",\"isPartOf\":{\"@id\":\"https:\\\/\\\/www.altominho.tv\\\/site\\\/#website\"},\"primaryImageOfPage\":{\"@id\":\"https:\\\/\\\/www.altominho.tv\\\/site\\\/2019\\\/08\\\/13\\\/perito-juridico-estuda-criacao-de-plano-de-mobilidade-entre-alto-minho-e-galiza\\\/#primaryimage\"},\"image\":{\"@id\":\"https:\\\/\\\/www.altominho.tv\\\/site\\\/2019\\\/08\\\/13\\\/perito-juridico-estuda-criacao-de-plano-de-mobilidade-entre-alto-minho-e-galiza\\\/#primaryimage\"},\"thumbnailUrl\":\"https:\\\/\\\/www.altominho.tv\\\/site\\\/wp-content\\\/uploads\\\/2019\\\/08\\\/cropped-rio-minho-740x449.jpg\",\"datePublished\":\"2019-08-13T12:26:33+00:00\",\"dateModified\":\"2019-08-13T12:26:36+00:00\",\"author\":{\"@id\":\"https:\\\/\\\/www.altominho.tv\\\/site\\\/#\\\/schema\\\/person\\\/a0e4ef6d041f98ca284393d8f1d97153\"},\"breadcrumb\":{\"@id\":\"https:\\\/\\\/www.altominho.tv\\\/site\\\/2019\\\/08\\\/13\\\/perito-juridico-estuda-criacao-de-plano-de-mobilidade-entre-alto-minho-e-galiza\\\/#breadcrumb\"},\"inLanguage\":\"pt-PT\",\"potentialAction\":[{\"@type\":\"ReadAction\",\"target\":[\"https:\\\/\\\/www.altominho.tv\\\/site\\\/2019\\\/08\\\/13\\\/perito-juridico-estuda-criacao-de-plano-de-mobilidade-entre-alto-minho-e-galiza\\\/\"]}]},{\"@type\":\"ImageObject\",\"inLanguage\":\"pt-PT\",\"@id\":\"https:\\\/\\\/www.altominho.tv\\\/site\\\/2019\\\/08\\\/13\\\/perito-juridico-estuda-criacao-de-plano-de-mobilidade-entre-alto-minho-e-galiza\\\/#primaryimage\",\"url\":\"https:\\\/\\\/www.altominho.tv\\\/site\\\/wp-content\\\/uploads\\\/2019\\\/08\\\/cropped-rio-minho-740x449.jpg\",\"contentUrl\":\"https:\\\/\\\/www.altominho.tv\\\/site\\\/wp-content\\\/uploads\\\/2019\\\/08\\\/cropped-rio-minho-740x449.jpg\",\"width\":740,\"height\":416},{\"@type\":\"BreadcrumbList\",\"@id\":\"https:\\\/\\\/www.altominho.tv\\\/site\\\/2019\\\/08\\\/13\\\/perito-juridico-estuda-criacao-de-plano-de-mobilidade-entre-alto-minho-e-galiza\\\/#breadcrumb\",\"itemListElement\":[{\"@type\":\"ListItem\",\"position\":1,\"name\":\"In\u00edcio\",\"item\":\"https:\\\/\\\/www.altominho.tv\\\/site\\\/\"},{\"@type\":\"ListItem\",\"position\":2,\"name\":\"Perito jur\u00eddico estuda cria\u00e7\u00e3o de plano de mobilidade entre Alto Minho e Galiza\"}]},{\"@type\":\"WebSite\",\"@id\":\"https:\\\/\\\/www.altominho.tv\\\/site\\\/#website\",\"url\":\"https:\\\/\\\/www.altominho.tv\\\/site\\\/\",\"name\":\"Altominho.tv\",\"description\":\"A sua regi\u00e3o \u00e0 dist\u00e2ncia de um clique...\",\"potentialAction\":[{\"@type\":\"SearchAction\",\"target\":{\"@type\":\"EntryPoint\",\"urlTemplate\":\"https:\\\/\\\/www.altominho.tv\\\/site\\\/?s={search_term_string}\"},\"query-input\":{\"@type\":\"PropertyValueSpecification\",\"valueRequired\":true,\"valueName\":\"search_term_string\"}}],\"inLanguage\":\"pt-PT\"},{\"@type\":\"Person\",\"@id\":\"https:\\\/\\\/www.altominho.tv\\\/site\\\/#\\\/schema\\\/person\\\/a0e4ef6d041f98ca284393d8f1d97153\",\"name\":\"Andreia Cunha\",\"image\":{\"@type\":\"ImageObject\",\"inLanguage\":\"pt-PT\",\"@id\":\"https:\\\/\\\/www.altominho.tv\\\/site\\\/wp-content\\\/uploads\\\/2017\\\/11\\\/Andreia_Cunha-1-150x150.jpg\",\"url\":\"https:\\\/\\\/www.altominho.tv\\\/site\\\/wp-content\\\/uploads\\\/2017\\\/11\\\/Andreia_Cunha-1-150x150.jpg\",\"contentUrl\":\"https:\\\/\\\/www.altominho.tv\\\/site\\\/wp-content\\\/uploads\\\/2017\\\/11\\\/Andreia_Cunha-1-150x150.jpg\",\"caption\":\"Andreia Cunha\"},\"url\":\"https:\\\/\\\/www.altominho.tv\\\/site\\\/author\\\/andreiacunha\\\/\"}]}<\/script>\n<!-- \/ Yoast SEO Premium plugin. -->","yoast_head_json":{"title":"Perito jur\u00eddico estuda cria\u00e7\u00e3o de plano de mobilidade entre Alto Minho e Galiza","robots":{"index":"index","follow":"follow","max-snippet":"max-snippet:-1","max-image-preview":"max-image-preview:large","max-video-preview":"max-video-preview:-1"},"canonical":"https:\/\/www.altominho.tv\/site\/2019\/08\/13\/perito-juridico-estuda-criacao-de-plano-de-mobilidade-entre-alto-minho-e-galiza\/","og_locale":"pt_PT","og_type":"article","og_title":"Perito jur\u00eddico estuda cria\u00e7\u00e3o de plano de mobilidade entre Alto Minho e Galiza","og_description":"O Agrupamento Europeu de Coopera\u00e7\u00e3o Territorial (AECT) do Rio Minho vai disponibilizar, em setembro, um perito jur\u00eddico em mobilidade transfronteiri\u00e7a para propor um plano de transportes, a ligar o Alto Minho e a Galiza, informou hoje o organismo. Em comunicado, o AECT do Rio Minho explicou que a cria\u00e7\u00e3o daquela figura resulta da aprova\u00e7\u00e3o, por [&hellip;]","og_url":"https:\/\/www.altominho.tv\/site\/2019\/08\/13\/perito-juridico-estuda-criacao-de-plano-de-mobilidade-entre-alto-minho-e-galiza\/","og_site_name":"Altominho.tv","article_publisher":"https:\/\/www.facebook.com\/altominhotv","article_published_time":"2019-08-13T12:26:33+00:00","article_modified_time":"2019-08-13T12:26:36+00:00","og_image":[{"width":740,"height":416,"url":"https:\/\/www.altominho.tv\/site\/wp-content\/uploads\/2019\/08\/cropped-rio-minho-740x449.jpg","type":"image\/jpeg"}],"author":"Andreia Cunha","twitter_card":"summary_large_image","twitter_creator":"@altominhoTV","twitter_site":"@altominhoTV","twitter_misc":{"Escrito por":"Andreia Cunha","Tempo estimado de leitura":"4 minutos"},"schema":{"@context":"https:\/\/schema.org","@graph":[{"@type":"Article","@id":"https:\/\/www.altominho.tv\/site\/2019\/08\/13\/perito-juridico-estuda-criacao-de-plano-de-mobilidade-entre-alto-minho-e-galiza\/#article","isPartOf":{"@id":"https:\/\/www.altominho.tv\/site\/2019\/08\/13\/perito-juridico-estuda-criacao-de-plano-de-mobilidade-entre-alto-minho-e-galiza\/"},"author":{"name":"Andreia Cunha","@id":"https:\/\/www.altominho.tv\/site\/#\/schema\/person\/a0e4ef6d041f98ca284393d8f1d97153"},"headline":"Perito jur\u00eddico estuda cria\u00e7\u00e3o de plano de mobilidade entre Alto Minho e Galiza","datePublished":"2019-08-13T12:26:33+00:00","dateModified":"2019-08-13T12:26:36+00:00","mainEntityOfPage":{"@id":"https:\/\/www.altominho.tv\/site\/2019\/08\/13\/perito-juridico-estuda-criacao-de-plano-de-mobilidade-entre-alto-minho-e-galiza\/"},"wordCount":719,"image":{"@id":"https:\/\/www.altominho.tv\/site\/2019\/08\/13\/perito-juridico-estuda-criacao-de-plano-de-mobilidade-entre-alto-minho-e-galiza\/#primaryimage"},"thumbnailUrl":"https:\/\/www.altominho.tv\/site\/wp-content\/uploads\/2019\/08\/cropped-rio-minho-740x449.jpg","keywords":["Sociedade"],"articleSection":["Alto Minho"],"inLanguage":"pt-PT","copyrightYear":"2019","copyrightHolder":{"@id":"https:\/\/www.altominho.tv\/site\/#organization"}},{"@type":"WebPage","@id":"https:\/\/www.altominho.tv\/site\/2019\/08\/13\/perito-juridico-estuda-criacao-de-plano-de-mobilidade-entre-alto-minho-e-galiza\/","url":"https:\/\/www.altominho.tv\/site\/2019\/08\/13\/perito-juridico-estuda-criacao-de-plano-de-mobilidade-entre-alto-minho-e-galiza\/","name":"Perito jur\u00eddico estuda cria\u00e7\u00e3o de plano de mobilidade entre Alto Minho e Galiza","isPartOf":{"@id":"https:\/\/www.altominho.tv\/site\/#website"},"primaryImageOfPage":{"@id":"https:\/\/www.altominho.tv\/site\/2019\/08\/13\/perito-juridico-estuda-criacao-de-plano-de-mobilidade-entre-alto-minho-e-galiza\/#primaryimage"},"image":{"@id":"https:\/\/www.altominho.tv\/site\/2019\/08\/13\/perito-juridico-estuda-criacao-de-plano-de-mobilidade-entre-alto-minho-e-galiza\/#primaryimage"},"thumbnailUrl":"https:\/\/www.altominho.tv\/site\/wp-content\/uploads\/2019\/08\/cropped-rio-minho-740x449.jpg","datePublished":"2019-08-13T12:26:33+00:00","dateModified":"2019-08-13T12:26:36+00:00","author":{"@id":"https:\/\/www.altominho.tv\/site\/#\/schema\/person\/a0e4ef6d041f98ca284393d8f1d97153"},"breadcrumb":{"@id":"https:\/\/www.altominho.tv\/site\/2019\/08\/13\/perito-juridico-estuda-criacao-de-plano-de-mobilidade-entre-alto-minho-e-galiza\/#breadcrumb"},"inLanguage":"pt-PT","potentialAction":[{"@type":"ReadAction","target":["https:\/\/www.altominho.tv\/site\/2019\/08\/13\/perito-juridico-estuda-criacao-de-plano-de-mobilidade-entre-alto-minho-e-galiza\/"]}]},{"@type":"ImageObject","inLanguage":"pt-PT","@id":"https:\/\/www.altominho.tv\/site\/2019\/08\/13\/perito-juridico-estuda-criacao-de-plano-de-mobilidade-entre-alto-minho-e-galiza\/#primaryimage","url":"https:\/\/www.altominho.tv\/site\/wp-content\/uploads\/2019\/08\/cropped-rio-minho-740x449.jpg","contentUrl":"https:\/\/www.altominho.tv\/site\/wp-content\/uploads\/2019\/08\/cropped-rio-minho-740x449.jpg","width":740,"height":416},{"@type":"BreadcrumbList","@id":"https:\/\/www.altominho.tv\/site\/2019\/08\/13\/perito-juridico-estuda-criacao-de-plano-de-mobilidade-entre-alto-minho-e-galiza\/#breadcrumb","itemListElement":[{"@type":"ListItem","position":1,"name":"In\u00edcio","item":"https:\/\/www.altominho.tv\/site\/"},{"@type":"ListItem","position":2,"name":"Perito jur\u00eddico estuda cria\u00e7\u00e3o de plano de mobilidade entre Alto Minho e Galiza"}]},{"@type":"WebSite","@id":"https:\/\/www.altominho.tv\/site\/#website","url":"https:\/\/www.altominho.tv\/site\/","name":"Altominho.tv","description":"A sua regi\u00e3o \u00e0 dist\u00e2ncia de um clique...","potentialAction":[{"@type":"SearchAction","target":{"@type":"EntryPoint","urlTemplate":"https:\/\/www.altominho.tv\/site\/?s={search_term_string}"},"query-input":{"@type":"PropertyValueSpecification","valueRequired":true,"valueName":"search_term_string"}}],"inLanguage":"pt-PT"},{"@type":"Person","@id":"https:\/\/www.altominho.tv\/site\/#\/schema\/person\/a0e4ef6d041f98ca284393d8f1d97153","name":"Andreia Cunha","image":{"@type":"ImageObject","inLanguage":"pt-PT","@id":"https:\/\/www.altominho.tv\/site\/wp-content\/uploads\/2017\/11\/Andreia_Cunha-1-150x150.jpg","url":"https:\/\/www.altominho.tv\/site\/wp-content\/uploads\/2017\/11\/Andreia_Cunha-1-150x150.jpg","contentUrl":"https:\/\/www.altominho.tv\/site\/wp-content\/uploads\/2017\/11\/Andreia_Cunha-1-150x150.jpg","caption":"Andreia Cunha"},"url":"https:\/\/www.altominho.tv\/site\/author\/andreiacunha\/"}]}},"_links":{"self":[{"href":"https:\/\/www.altominho.tv\/site\/wp-json\/wp\/v2\/posts\/32750","targetHints":{"allow":["GET"]}}],"collection":[{"href":"https:\/\/www.altominho.tv\/site\/wp-json\/wp\/v2\/posts"}],"about":[{"href":"https:\/\/www.altominho.tv\/site\/wp-json\/wp\/v2\/types\/post"}],"author":[{"embeddable":true,"href":"https:\/\/www.altominho.tv\/site\/wp-json\/wp\/v2\/users\/7"}],"replies":[{"embeddable":true,"href":"https:\/\/www.altominho.tv\/site\/wp-json\/wp\/v2\/comments?post=32750"}],"version-history":[{"count":0,"href":"https:\/\/www.altominho.tv\/site\/wp-json\/wp\/v2\/posts\/32750\/revisions"}],"wp:featuredmedia":[{"embeddable":true,"href":"https:\/\/www.altominho.tv\/site\/wp-json\/wp\/v2\/media\/32752"}],"wp:attachment":[{"href":"https:\/\/www.altominho.tv\/site\/wp-json\/wp\/v2\/media?parent=32750"}],"wp:term":[{"taxonomy":"category","embeddable":true,"href":"https:\/\/www.altominho.tv\/site\/wp-json\/wp\/v2\/categories?post=32750"},{"taxonomy":"post_tag","embeddable":true,"href":"https:\/\/www.altominho.tv\/site\/wp-json\/wp\/v2\/tags?post=32750"}],"curies":[{"name":"wp","href":"https:\/\/api.w.org\/{rel}","templated":true}]}}