{"id":32579,"date":"2019-08-10T11:05:38","date_gmt":"2019-08-10T10:05:38","guid":{"rendered":"http:\/\/www.altominho.tv\/site\/?p=32579"},"modified":"2019-08-10T11:14:54","modified_gmt":"2019-08-10T10:14:54","slug":"combustiveis-comecam-a-falhar-nas-estacoes-de-servico-do-alto-minho","status":"publish","type":"post","link":"https:\/\/www.altominho.tv\/site\/2019\/08\/10\/combustiveis-comecam-a-falhar-nas-estacoes-de-servico-do-alto-minho\/","title":{"rendered":"Combust\u00edveis come\u00e7am a falhar nas esta\u00e7\u00f5es de servi\u00e7o do Alto Minho"},"content":{"rendered":"<p>As filas j\u00e1 come\u00e7am a ser cada vez mais frequentes e numa consulta r\u00e1pida ao mapa do site &#8220;j\u00e1 n\u00e3o d\u00e1 para abastecer&#8221; \u00e9 poss\u00edvel identificar os locais com falhas de combust\u00edvel nos v\u00e1rios concelhos do Alto Minho.<\/p>\n\n\n<iframe style=\"width:100%;min-height:60vh;border: 0;\" src=\"https:\/\/janaodaparaabastecer.vost.pt\/\"><\/iframe>\n\n\n<p>\u00a0<\/p>\n<p>Verifica-se que as bombas que ainda podem fornecer todos os tipos de produtos s\u00e3o aquelas que se encontram localizadas mais pr\u00f3ximas da fronteira com Espanha, pois os habitantes desta zona podem recorrer rapidamente ao abastecimento dos seus ve\u00edculos nos postos localizados na Galiza.<\/p>\n<p>J\u00e1 os postos mais afetados s\u00e3o os que n\u00e3o integram a Rede de Emerg\u00eancia de Postos de Abastecimento (REPA), destinada a assegurar o abastecimento de combust\u00edvel \u00e0s entidades definidas como priorit\u00e1rias e ve\u00edculos equiparados. A REPA pode, no entanto, ter tamb\u00e9m postos de abastecimento n\u00e3o exclusivos, abertos tamb\u00e9m ao p\u00fablico em geral. <a href=\"\/\/www.altominho.tv\/site\/2019\/08\/08\/governo-revela-a-rede-de-emergencia-de-postos-de-abastecimento-repa\/\">Recorde quais s\u00e3o os postos REPA definidos para o Alto Minho<\/a>.<\/p>\n<p>O Governo decretou crise energ\u00e9tica a partir da meia noite de hoje at\u00e9 21 de agosto. A medida foi anunciada esta sexta-feira, 9 de agosto, pelo ministro do Trabalho, Ant\u00f3nio Vieira da Silva, e pelo ministro do Ambiente, Jo\u00e3o Matos Fernandes.<\/p>\n<p>A declara\u00e7\u00e3o de crise energ\u00e9tica entrou em vigor a partir das 23h59 desta sexta-feira at\u00e9 \u00e0s 23h59 de 21 de agosto em todo o territ\u00f3rio nacional. Com esta declara\u00e7\u00e3o, o Governo passa a dispor de\u00a0 um amplo conjunto de poderes extraordin\u00e1rios para minorar os efeitos das perturba\u00e7\u00f5es no abastecimento energ\u00e9tico.<\/p>\n<p>Na pr\u00e1tica, tal significa que o Governo pode limitar o abastecimento de combust\u00edveis aos consumidores, podendo at\u00e9 impor a partilha dos recursos entre os operadores ao n\u00edvel nacional. A lei permite ainda restringir o uso de ve\u00edculos motorizados particulares atrav\u00e9s de proibi\u00e7\u00f5es de circula\u00e7\u00e3o, penalizar o uso de viaturas particulares em sub-ocupa\u00e7\u00e3o, reduzir os limites m\u00e1ximos de velocidade ou agravar as tarifas e os pre\u00e7os da energia.<\/p>\n<p>Os limites de abastecimento anunciados s\u00e3o de 15 litros na rede priorit\u00e1ria e 25 litros nos restantes postos.<\/p>","protected":false},"excerpt":{"rendered":"<p>De acordo com a plataforma VOST, no in\u00edcio da manh\u00e3 deste s\u00e1bado, a n\u00edvel nacional havia 386 bombas sem gasolina e 702 sem gas\u00f3leo. No Alto Minho j\u00e1 existem 5 bombas sem combust\u00edvel (nos concelhos de Viana do Castelo e Caminha) e 16 bombas com apenas 1 tipo de combust\u00edvel dispon\u00edvel.<\/p>\n","protected":false},"author":1,"featured_media":32581,"comment_status":"closed","ping_status":"closed","sticky":false,"template":"","format":"standard","meta":{"_exactmetrics_skip_tracking":false,"_exactmetrics_sitenote_active":false,"_exactmetrics_sitenote_note":"","_exactmetrics_sitenote_category":0,"footnotes":""},"categories":[73],"tags":[27],"class_list":["post-32579","post","type-post","status-publish","format-standard","has-post-thumbnail","hentry","category-alto-minho","tag-sociedade"],"yoast_head":"<!-- This site is optimized with the Yoast SEO Premium plugin v27.4 (Yoast SEO v27.4) - https:\/\/yoast.com\/product\/yoast-seo-premium-wordpress\/ -->\n<title>Combust\u00edveis come\u00e7am a falhar nas esta\u00e7\u00f5es de servi\u00e7o do Alto Minho<\/title>\n<meta name=\"robots\" content=\"index, follow, max-snippet:-1, max-image-preview:large, max-video-preview:-1\" \/>\n<link rel=\"canonical\" href=\"https:\/\/www.altominho.tv\/site\/2019\/08\/10\/combustiveis-comecam-a-falhar-nas-estacoes-de-servico-do-alto-minho\/\" \/>\n<meta property=\"og:locale\" content=\"pt_PT\" \/>\n<meta property=\"og:type\" content=\"article\" \/>\n<meta property=\"og:title\" content=\"Combust\u00edveis come\u00e7am a falhar nas esta\u00e7\u00f5es de servi\u00e7o do Alto Minho\" \/>\n<meta property=\"og:description\" content=\"De acordo com a plataforma VOST, no in\u00edcio da manh\u00e3 deste s\u00e1bado, a n\u00edvel nacional havia 386 bombas sem gasolina e 702 sem gas\u00f3leo. No Alto Minho j\u00e1 existem 5 bombas sem combust\u00edvel (nos concelhos de Viana do Castelo e Caminha) e 16 bombas com apenas 1 tipo de combust\u00edvel dispon\u00edvel.\" \/>\n<meta property=\"og:url\" content=\"https:\/\/www.altominho.tv\/site\/2019\/08\/10\/combustiveis-comecam-a-falhar-nas-estacoes-de-servico-do-alto-minho\/\" \/>\n<meta property=\"og:site_name\" content=\"Altominho.tv\" \/>\n<meta property=\"article:publisher\" content=\"https:\/\/www.facebook.com\/altominhotv\" \/>\n<meta property=\"article:published_time\" content=\"2019-08-10T10:05:38+00:00\" \/>\n<meta property=\"article:modified_time\" content=\"2019-08-10T10:14:54+00:00\" \/>\n<meta property=\"og:image\" content=\"https:\/\/www.altominho.tv\/site\/wp-content\/uploads\/2019\/08\/cropped-Falta_de_Combusti\u0301vel_3.jpg\" \/>\n\t<meta property=\"og:image:width\" content=\"1618\" \/>\n\t<meta property=\"og:image:height\" content=\"911\" \/>\n\t<meta property=\"og:image:type\" content=\"image\/jpeg\" \/>\n<meta name=\"author\" content=\"Altominho.tv\" \/>\n<meta name=\"twitter:card\" content=\"summary_large_image\" \/>\n<meta name=\"twitter:creator\" content=\"@altominhoTV\" \/>\n<meta name=\"twitter:site\" content=\"@altominhoTV\" \/>\n<meta name=\"twitter:label1\" content=\"Escrito por\" \/>\n\t<meta name=\"twitter:data1\" content=\"Altominho.tv\" \/>\n\t<meta name=\"twitter:label2\" content=\"Tempo estimado de leitura\" \/>\n\t<meta name=\"twitter:data2\" content=\"2 minutos\" \/>\n<script type=\"application\/ld+json\" class=\"yoast-schema-graph\">{\"@context\":\"https:\\\/\\\/schema.org\",\"@graph\":[{\"@type\":\"Article\",\"@id\":\"https:\\\/\\\/www.altominho.tv\\\/site\\\/2019\\\/08\\\/10\\\/combustiveis-comecam-a-falhar-nas-estacoes-de-servico-do-alto-minho\\\/#article\",\"isPartOf\":{\"@id\":\"https:\\\/\\\/www.altominho.tv\\\/site\\\/2019\\\/08\\\/10\\\/combustiveis-comecam-a-falhar-nas-estacoes-de-servico-do-alto-minho\\\/\"},\"author\":{\"name\":\"Altominho.tv\",\"@id\":\"https:\\\/\\\/www.altominho.tv\\\/site\\\/#\\\/schema\\\/person\\\/4e536851627d7914baf3dac752b6af22\"},\"headline\":\"Combust\u00edveis come\u00e7am a falhar nas esta\u00e7\u00f5es de servi\u00e7o do Alto Minho\",\"datePublished\":\"2019-08-10T10:05:38+00:00\",\"dateModified\":\"2019-08-10T10:14:54+00:00\",\"mainEntityOfPage\":{\"@id\":\"https:\\\/\\\/www.altominho.tv\\\/site\\\/2019\\\/08\\\/10\\\/combustiveis-comecam-a-falhar-nas-estacoes-de-servico-do-alto-minho\\\/\"},\"wordCount\":371,\"image\":{\"@id\":\"https:\\\/\\\/www.altominho.tv\\\/site\\\/2019\\\/08\\\/10\\\/combustiveis-comecam-a-falhar-nas-estacoes-de-servico-do-alto-minho\\\/#primaryimage\"},\"thumbnailUrl\":\"https:\\\/\\\/www.altominho.tv\\\/site\\\/wp-content\\\/uploads\\\/2019\\\/08\\\/cropped-Falta_de_Combusti\u0301vel_3.jpg\",\"keywords\":[\"Sociedade\"],\"articleSection\":[\"Alto Minho\"],\"inLanguage\":\"pt-PT\",\"copyrightYear\":\"2019\",\"copyrightHolder\":{\"@id\":\"https:\\\/\\\/www.altominho.tv\\\/site\\\/#organization\"}},{\"@type\":\"WebPage\",\"@id\":\"https:\\\/\\\/www.altominho.tv\\\/site\\\/2019\\\/08\\\/10\\\/combustiveis-comecam-a-falhar-nas-estacoes-de-servico-do-alto-minho\\\/\",\"url\":\"https:\\\/\\\/www.altominho.tv\\\/site\\\/2019\\\/08\\\/10\\\/combustiveis-comecam-a-falhar-nas-estacoes-de-servico-do-alto-minho\\\/\",\"name\":\"Combust\u00edveis come\u00e7am a falhar nas esta\u00e7\u00f5es de servi\u00e7o do Alto Minho\",\"isPartOf\":{\"@id\":\"https:\\\/\\\/www.altominho.tv\\\/site\\\/#website\"},\"primaryImageOfPage\":{\"@id\":\"https:\\\/\\\/www.altominho.tv\\\/site\\\/2019\\\/08\\\/10\\\/combustiveis-comecam-a-falhar-nas-estacoes-de-servico-do-alto-minho\\\/#primaryimage\"},\"image\":{\"@id\":\"https:\\\/\\\/www.altominho.tv\\\/site\\\/2019\\\/08\\\/10\\\/combustiveis-comecam-a-falhar-nas-estacoes-de-servico-do-alto-minho\\\/#primaryimage\"},\"thumbnailUrl\":\"https:\\\/\\\/www.altominho.tv\\\/site\\\/wp-content\\\/uploads\\\/2019\\\/08\\\/cropped-Falta_de_Combusti\u0301vel_3.jpg\",\"datePublished\":\"2019-08-10T10:05:38+00:00\",\"dateModified\":\"2019-08-10T10:14:54+00:00\",\"author\":{\"@id\":\"https:\\\/\\\/www.altominho.tv\\\/site\\\/#\\\/schema\\\/person\\\/4e536851627d7914baf3dac752b6af22\"},\"breadcrumb\":{\"@id\":\"https:\\\/\\\/www.altominho.tv\\\/site\\\/2019\\\/08\\\/10\\\/combustiveis-comecam-a-falhar-nas-estacoes-de-servico-do-alto-minho\\\/#breadcrumb\"},\"inLanguage\":\"pt-PT\",\"potentialAction\":[{\"@type\":\"ReadAction\",\"target\":[\"https:\\\/\\\/www.altominho.tv\\\/site\\\/2019\\\/08\\\/10\\\/combustiveis-comecam-a-falhar-nas-estacoes-de-servico-do-alto-minho\\\/\"]}]},{\"@type\":\"ImageObject\",\"inLanguage\":\"pt-PT\",\"@id\":\"https:\\\/\\\/www.altominho.tv\\\/site\\\/2019\\\/08\\\/10\\\/combustiveis-comecam-a-falhar-nas-estacoes-de-servico-do-alto-minho\\\/#primaryimage\",\"url\":\"https:\\\/\\\/www.altominho.tv\\\/site\\\/wp-content\\\/uploads\\\/2019\\\/08\\\/cropped-Falta_de_Combusti\u0301vel_3.jpg\",\"contentUrl\":\"https:\\\/\\\/www.altominho.tv\\\/site\\\/wp-content\\\/uploads\\\/2019\\\/08\\\/cropped-Falta_de_Combusti\u0301vel_3.jpg\",\"width\":1618,\"height\":911},{\"@type\":\"BreadcrumbList\",\"@id\":\"https:\\\/\\\/www.altominho.tv\\\/site\\\/2019\\\/08\\\/10\\\/combustiveis-comecam-a-falhar-nas-estacoes-de-servico-do-alto-minho\\\/#breadcrumb\",\"itemListElement\":[{\"@type\":\"ListItem\",\"position\":1,\"name\":\"In\u00edcio\",\"item\":\"https:\\\/\\\/www.altominho.tv\\\/site\\\/\"},{\"@type\":\"ListItem\",\"position\":2,\"name\":\"Combust\u00edveis come\u00e7am a falhar nas esta\u00e7\u00f5es de servi\u00e7o do Alto Minho\"}]},{\"@type\":\"WebSite\",\"@id\":\"https:\\\/\\\/www.altominho.tv\\\/site\\\/#website\",\"url\":\"https:\\\/\\\/www.altominho.tv\\\/site\\\/\",\"name\":\"Altominho.tv\",\"description\":\"A sua regi\u00e3o \u00e0 dist\u00e2ncia de um clique...\",\"potentialAction\":[{\"@type\":\"SearchAction\",\"target\":{\"@type\":\"EntryPoint\",\"urlTemplate\":\"https:\\\/\\\/www.altominho.tv\\\/site\\\/?s={search_term_string}\"},\"query-input\":{\"@type\":\"PropertyValueSpecification\",\"valueRequired\":true,\"valueName\":\"search_term_string\"}}],\"inLanguage\":\"pt-PT\"},{\"@type\":\"Person\",\"@id\":\"https:\\\/\\\/www.altominho.tv\\\/site\\\/#\\\/schema\\\/person\\\/4e536851627d7914baf3dac752b6af22\",\"name\":\"Altominho.tv\",\"image\":{\"@type\":\"ImageObject\",\"inLanguage\":\"pt-PT\",\"@id\":\"https:\\\/\\\/www.altominho.tv\\\/site\\\/wp-content\\\/uploads\\\/2019\\\/11\\\/Logo_Avatar_2-150x150.jpg\",\"url\":\"https:\\\/\\\/www.altominho.tv\\\/site\\\/wp-content\\\/uploads\\\/2019\\\/11\\\/Logo_Avatar_2-150x150.jpg\",\"contentUrl\":\"https:\\\/\\\/www.altominho.tv\\\/site\\\/wp-content\\\/uploads\\\/2019\\\/11\\\/Logo_Avatar_2-150x150.jpg\",\"caption\":\"Altominho.tv\"},\"url\":\"https:\\\/\\\/www.altominho.tv\\\/site\\\/author\\\/altominhotv-tecnico\\\/\"}]}<\/script>\n<!-- \/ Yoast SEO Premium plugin. -->","yoast_head_json":{"title":"Combust\u00edveis come\u00e7am a falhar nas esta\u00e7\u00f5es de servi\u00e7o do Alto Minho","robots":{"index":"index","follow":"follow","max-snippet":"max-snippet:-1","max-image-preview":"max-image-preview:large","max-video-preview":"max-video-preview:-1"},"canonical":"https:\/\/www.altominho.tv\/site\/2019\/08\/10\/combustiveis-comecam-a-falhar-nas-estacoes-de-servico-do-alto-minho\/","og_locale":"pt_PT","og_type":"article","og_title":"Combust\u00edveis come\u00e7am a falhar nas esta\u00e7\u00f5es de servi\u00e7o do Alto Minho","og_description":"De acordo com a plataforma VOST, no in\u00edcio da manh\u00e3 deste s\u00e1bado, a n\u00edvel nacional havia 386 bombas sem gasolina e 702 sem gas\u00f3leo. No Alto Minho j\u00e1 existem 5 bombas sem combust\u00edvel (nos concelhos de Viana do Castelo e Caminha) e 16 bombas com apenas 1 tipo de combust\u00edvel dispon\u00edvel.","og_url":"https:\/\/www.altominho.tv\/site\/2019\/08\/10\/combustiveis-comecam-a-falhar-nas-estacoes-de-servico-do-alto-minho\/","og_site_name":"Altominho.tv","article_publisher":"https:\/\/www.facebook.com\/altominhotv","article_published_time":"2019-08-10T10:05:38+00:00","article_modified_time":"2019-08-10T10:14:54+00:00","og_image":[{"width":1618,"height":911,"url":"https:\/\/www.altominho.tv\/site\/wp-content\/uploads\/2019\/08\/cropped-Falta_de_Combusti\u0301vel_3.jpg","type":"image\/jpeg"}],"author":"Altominho.tv","twitter_card":"summary_large_image","twitter_creator":"@altominhoTV","twitter_site":"@altominhoTV","twitter_misc":{"Escrito por":"Altominho.tv","Tempo estimado de leitura":"2 minutos"},"schema":{"@context":"https:\/\/schema.org","@graph":[{"@type":"Article","@id":"https:\/\/www.altominho.tv\/site\/2019\/08\/10\/combustiveis-comecam-a-falhar-nas-estacoes-de-servico-do-alto-minho\/#article","isPartOf":{"@id":"https:\/\/www.altominho.tv\/site\/2019\/08\/10\/combustiveis-comecam-a-falhar-nas-estacoes-de-servico-do-alto-minho\/"},"author":{"name":"Altominho.tv","@id":"https:\/\/www.altominho.tv\/site\/#\/schema\/person\/4e536851627d7914baf3dac752b6af22"},"headline":"Combust\u00edveis come\u00e7am a falhar nas esta\u00e7\u00f5es de servi\u00e7o do Alto Minho","datePublished":"2019-08-10T10:05:38+00:00","dateModified":"2019-08-10T10:14:54+00:00","mainEntityOfPage":{"@id":"https:\/\/www.altominho.tv\/site\/2019\/08\/10\/combustiveis-comecam-a-falhar-nas-estacoes-de-servico-do-alto-minho\/"},"wordCount":371,"image":{"@id":"https:\/\/www.altominho.tv\/site\/2019\/08\/10\/combustiveis-comecam-a-falhar-nas-estacoes-de-servico-do-alto-minho\/#primaryimage"},"thumbnailUrl":"https:\/\/www.altominho.tv\/site\/wp-content\/uploads\/2019\/08\/cropped-Falta_de_Combusti\u0301vel_3.jpg","keywords":["Sociedade"],"articleSection":["Alto Minho"],"inLanguage":"pt-PT","copyrightYear":"2019","copyrightHolder":{"@id":"https:\/\/www.altominho.tv\/site\/#organization"}},{"@type":"WebPage","@id":"https:\/\/www.altominho.tv\/site\/2019\/08\/10\/combustiveis-comecam-a-falhar-nas-estacoes-de-servico-do-alto-minho\/","url":"https:\/\/www.altominho.tv\/site\/2019\/08\/10\/combustiveis-comecam-a-falhar-nas-estacoes-de-servico-do-alto-minho\/","name":"Combust\u00edveis come\u00e7am a falhar nas esta\u00e7\u00f5es de servi\u00e7o do Alto Minho","isPartOf":{"@id":"https:\/\/www.altominho.tv\/site\/#website"},"primaryImageOfPage":{"@id":"https:\/\/www.altominho.tv\/site\/2019\/08\/10\/combustiveis-comecam-a-falhar-nas-estacoes-de-servico-do-alto-minho\/#primaryimage"},"image":{"@id":"https:\/\/www.altominho.tv\/site\/2019\/08\/10\/combustiveis-comecam-a-falhar-nas-estacoes-de-servico-do-alto-minho\/#primaryimage"},"thumbnailUrl":"https:\/\/www.altominho.tv\/site\/wp-content\/uploads\/2019\/08\/cropped-Falta_de_Combusti\u0301vel_3.jpg","datePublished":"2019-08-10T10:05:38+00:00","dateModified":"2019-08-10T10:14:54+00:00","author":{"@id":"https:\/\/www.altominho.tv\/site\/#\/schema\/person\/4e536851627d7914baf3dac752b6af22"},"breadcrumb":{"@id":"https:\/\/www.altominho.tv\/site\/2019\/08\/10\/combustiveis-comecam-a-falhar-nas-estacoes-de-servico-do-alto-minho\/#breadcrumb"},"inLanguage":"pt-PT","potentialAction":[{"@type":"ReadAction","target":["https:\/\/www.altominho.tv\/site\/2019\/08\/10\/combustiveis-comecam-a-falhar-nas-estacoes-de-servico-do-alto-minho\/"]}]},{"@type":"ImageObject","inLanguage":"pt-PT","@id":"https:\/\/www.altominho.tv\/site\/2019\/08\/10\/combustiveis-comecam-a-falhar-nas-estacoes-de-servico-do-alto-minho\/#primaryimage","url":"https:\/\/www.altominho.tv\/site\/wp-content\/uploads\/2019\/08\/cropped-Falta_de_Combusti\u0301vel_3.jpg","contentUrl":"https:\/\/www.altominho.tv\/site\/wp-content\/uploads\/2019\/08\/cropped-Falta_de_Combusti\u0301vel_3.jpg","width":1618,"height":911},{"@type":"BreadcrumbList","@id":"https:\/\/www.altominho.tv\/site\/2019\/08\/10\/combustiveis-comecam-a-falhar-nas-estacoes-de-servico-do-alto-minho\/#breadcrumb","itemListElement":[{"@type":"ListItem","position":1,"name":"In\u00edcio","item":"https:\/\/www.altominho.tv\/site\/"},{"@type":"ListItem","position":2,"name":"Combust\u00edveis come\u00e7am a falhar nas esta\u00e7\u00f5es de servi\u00e7o do Alto Minho"}]},{"@type":"WebSite","@id":"https:\/\/www.altominho.tv\/site\/#website","url":"https:\/\/www.altominho.tv\/site\/","name":"Altominho.tv","description":"A sua regi\u00e3o \u00e0 dist\u00e2ncia de um clique...","potentialAction":[{"@type":"SearchAction","target":{"@type":"EntryPoint","urlTemplate":"https:\/\/www.altominho.tv\/site\/?s={search_term_string}"},"query-input":{"@type":"PropertyValueSpecification","valueRequired":true,"valueName":"search_term_string"}}],"inLanguage":"pt-PT"},{"@type":"Person","@id":"https:\/\/www.altominho.tv\/site\/#\/schema\/person\/4e536851627d7914baf3dac752b6af22","name":"Altominho.tv","image":{"@type":"ImageObject","inLanguage":"pt-PT","@id":"https:\/\/www.altominho.tv\/site\/wp-content\/uploads\/2019\/11\/Logo_Avatar_2-150x150.jpg","url":"https:\/\/www.altominho.tv\/site\/wp-content\/uploads\/2019\/11\/Logo_Avatar_2-150x150.jpg","contentUrl":"https:\/\/www.altominho.tv\/site\/wp-content\/uploads\/2019\/11\/Logo_Avatar_2-150x150.jpg","caption":"Altominho.tv"},"url":"https:\/\/www.altominho.tv\/site\/author\/altominhotv-tecnico\/"}]}},"_links":{"self":[{"href":"https:\/\/www.altominho.tv\/site\/wp-json\/wp\/v2\/posts\/32579","targetHints":{"allow":["GET"]}}],"collection":[{"href":"https:\/\/www.altominho.tv\/site\/wp-json\/wp\/v2\/posts"}],"about":[{"href":"https:\/\/www.altominho.tv\/site\/wp-json\/wp\/v2\/types\/post"}],"author":[{"embeddable":true,"href":"https:\/\/www.altominho.tv\/site\/wp-json\/wp\/v2\/users\/1"}],"replies":[{"embeddable":true,"href":"https:\/\/www.altominho.tv\/site\/wp-json\/wp\/v2\/comments?post=32579"}],"version-history":[{"count":0,"href":"https:\/\/www.altominho.tv\/site\/wp-json\/wp\/v2\/posts\/32579\/revisions"}],"wp:featuredmedia":[{"embeddable":true,"href":"https:\/\/www.altominho.tv\/site\/wp-json\/wp\/v2\/media\/32581"}],"wp:attachment":[{"href":"https:\/\/www.altominho.tv\/site\/wp-json\/wp\/v2\/media?parent=32579"}],"wp:term":[{"taxonomy":"category","embeddable":true,"href":"https:\/\/www.altominho.tv\/site\/wp-json\/wp\/v2\/categories?post=32579"},{"taxonomy":"post_tag","embeddable":true,"href":"https:\/\/www.altominho.tv\/site\/wp-json\/wp\/v2\/tags?post=32579"}],"curies":[{"name":"wp","href":"https:\/\/api.w.org\/{rel}","templated":true}]}}