{"id":32573,"date":"2019-08-09T15:41:02","date_gmt":"2019-08-09T14:41:02","guid":{"rendered":"http:\/\/www.altominho.tv\/site\/?p=32573"},"modified":"2019-08-09T15:41:06","modified_gmt":"2019-08-09T14:41:06","slug":"calor-regressa-na-proxima-semana-com-temperaturas-maximas-a-rondar-os-30-graus","status":"publish","type":"post","link":"https:\/\/www.altominho.tv\/site\/2019\/08\/09\/calor-regressa-na-proxima-semana-com-temperaturas-maximas-a-rondar-os-30-graus\/","title":{"rendered":"Calor regressa na pr\u00f3xima semana com temperaturas m\u00e1ximas a rondar os 30 graus"},"content":{"rendered":"<p>O calor vai regressar na pr\u00f3xima semana com temperaturas m\u00e1ximas a rondar os 30 graus. J\u00e1 o fim-de-semana ser\u00e1 marcado por tempo nublado, sobretudo durante a manh\u00e3, e pela possibilidade de aguaceiros, segundo as previs\u00f5es do Instituto Portugu\u00eas do Mar e da Atmosfera (IPMA).<\/p>\n<p>Este s\u00e1bado est\u00e1 prevista uma &#8220;melhoria consider\u00e1vel do estado do tempo&#8221; relativamente a sexta-feira, com alguma nebulosidade alta no Norte e Centro, e no litoral a norte do Cabo Raso.<\/p>\n<aside class=\"ad-slot ad-slot--margin show-for-large\"><\/aside>\n<p>Para domingo, e de acordo com as previs\u00f5es, \u201cpoder\u00e1 haver um ou outro aguaceiro\u00a0disperso, estando tamb\u00e9m reunidas condi\u00e7\u00f5es para\u00a0trovoadas\u00a0no norte e centro\u201d, sendo que as temperaturas m\u00e1ximas \u201cdescem um pouco\u201d.<\/p>\n<p>\u201cNa segunda-feira e, em especial na ter\u00e7a, teremos uma subida gradual das temperaturas m\u00e1ximas, que podem atingir os 30 a 35 graus Celsius no interior do Alentejo, na Beira Baixa, no Vale do Tejo: Santar\u00e9m, na regi\u00e3o de Lisboa e Set\u00fabal. No restante territ\u00f3rio, [as temperaturas] v\u00e3o variar entre 25 e 30 graus\u201d, adiantou \u00e0 Lusa a meteorologista Maria Jo\u00e3o Frada, do IPMA .<\/p>\n<aside class=\"story__callout story__callout--inline story__callout--ad-in-content\">\n<div id=\"incntnt\" class=\"rmp-container rmp-color-button rmp-container-fade-in rmp-ad-outstream rmp-medium Aincontentdfp rmp-no-chrome incontentfim\" role=\"application\" aria-label=\"Media content\">\n<div class=\"rmp-module-overlay\">\n<div class=\"rmp-overlay-wrapper\">\n<div class=\"rmp-overlay-levels-area\">\n<div class=\"rmp-module-volume-icons-area\">Ao longo da pr\u00f3xima semana, as temperaturas m\u00e1ximas v\u00e3o variar entre os 22 e os 32 graus nos concelhos do distrito de Viana do Castelo.<\/div>\n<\/div>\n<\/div>\n<\/div>\n<\/div>\n<\/aside>\n","protected":false},"excerpt":{"rendered":"<p>O calor vai regressar na pr\u00f3xima semana com temperaturas m\u00e1ximas a rondar os 30 graus. J\u00e1 o fim-de-semana ser\u00e1 marcado por tempo nublado, sobretudo durante a manh\u00e3, e pela possibilidade de aguaceiros, segundo as previs\u00f5es do Instituto Portugu\u00eas do Mar e da Atmosfera (IPMA). Este s\u00e1bado est\u00e1 prevista uma &#8220;melhoria consider\u00e1vel do estado do tempo&#8221; [&hellip;]<\/p>\n","protected":false},"author":15,"featured_media":32574,"comment_status":"closed","ping_status":"closed","sticky":false,"template":"","format":"standard","meta":{"_exactmetrics_skip_tracking":false,"_exactmetrics_sitenote_active":false,"_exactmetrics_sitenote_note":"","_exactmetrics_sitenote_category":0,"footnotes":""},"categories":[73],"tags":[27],"class_list":["post-32573","post","type-post","status-publish","format-standard","has-post-thumbnail","hentry","category-alto-minho","tag-sociedade"],"yoast_head":"<!-- This site is optimized with the Yoast SEO Premium plugin v27.4 (Yoast SEO v27.4) - https:\/\/yoast.com\/product\/yoast-seo-premium-wordpress\/ -->\n<title>Calor regressa na pr\u00f3xima semana com temperaturas m\u00e1ximas a rondar os 30 graus<\/title>\n<meta name=\"robots\" content=\"index, follow, max-snippet:-1, max-image-preview:large, max-video-preview:-1\" \/>\n<link rel=\"canonical\" href=\"https:\/\/www.altominho.tv\/site\/2019\/08\/09\/calor-regressa-na-proxima-semana-com-temperaturas-maximas-a-rondar-os-30-graus\/\" \/>\n<meta property=\"og:locale\" content=\"pt_PT\" \/>\n<meta property=\"og:type\" content=\"article\" \/>\n<meta property=\"og:title\" content=\"Calor regressa na pr\u00f3xima semana com temperaturas m\u00e1ximas a rondar os 30 graus\" \/>\n<meta property=\"og:description\" content=\"O calor vai regressar na pr\u00f3xima semana com temperaturas m\u00e1ximas a rondar os 30 graus. J\u00e1 o fim-de-semana ser\u00e1 marcado por tempo nublado, sobretudo durante a manh\u00e3, e pela possibilidade de aguaceiros, segundo as previs\u00f5es do Instituto Portugu\u00eas do Mar e da Atmosfera (IPMA). Este s\u00e1bado est\u00e1 prevista uma &#8220;melhoria consider\u00e1vel do estado do tempo&#8221; [&hellip;]\" \/>\n<meta property=\"og:url\" content=\"https:\/\/www.altominho.tv\/site\/2019\/08\/09\/calor-regressa-na-proxima-semana-com-temperaturas-maximas-a-rondar-os-30-graus\/\" \/>\n<meta property=\"og:site_name\" content=\"Altominho.tv\" \/>\n<meta property=\"article:publisher\" content=\"https:\/\/www.facebook.com\/altominhotv\" \/>\n<meta property=\"article:published_time\" content=\"2019-08-09T14:41:02+00:00\" \/>\n<meta property=\"article:modified_time\" content=\"2019-08-09T14:41:06+00:00\" \/>\n<meta property=\"og:image\" content=\"https:\/\/www.altominho.tv\/site\/wp-content\/uploads\/2019\/08\/praia.jpg\" \/>\n\t<meta property=\"og:image:width\" content=\"1920\" \/>\n\t<meta property=\"og:image:height\" content=\"1080\" \/>\n\t<meta property=\"og:image:type\" content=\"image\/jpeg\" \/>\n<meta name=\"author\" content=\"Andreia Ferreira | Lusa\" \/>\n<meta name=\"twitter:card\" content=\"summary_large_image\" \/>\n<meta name=\"twitter:creator\" content=\"@altominhoTV\" \/>\n<meta name=\"twitter:site\" content=\"@altominhoTV\" \/>\n<meta name=\"twitter:label1\" content=\"Escrito por\" \/>\n\t<meta name=\"twitter:data1\" content=\"Andreia Ferreira | Lusa\" \/>\n\t<meta name=\"twitter:label2\" content=\"Tempo estimado de leitura\" \/>\n\t<meta name=\"twitter:data2\" content=\"1 minuto\" \/>\n<script type=\"application\/ld+json\" class=\"yoast-schema-graph\">{\"@context\":\"https:\\\/\\\/schema.org\",\"@graph\":[{\"@type\":\"Article\",\"@id\":\"https:\\\/\\\/www.altominho.tv\\\/site\\\/2019\\\/08\\\/09\\\/calor-regressa-na-proxima-semana-com-temperaturas-maximas-a-rondar-os-30-graus\\\/#article\",\"isPartOf\":{\"@id\":\"https:\\\/\\\/www.altominho.tv\\\/site\\\/2019\\\/08\\\/09\\\/calor-regressa-na-proxima-semana-com-temperaturas-maximas-a-rondar-os-30-graus\\\/\"},\"author\":{\"name\":\"Andreia Ferreira | Lusa\",\"@id\":\"https:\\\/\\\/www.altominho.tv\\\/site\\\/#\\\/schema\\\/person\\\/a0bff6dc1041aadd46fa81887444b017\"},\"headline\":\"Calor regressa na pr\u00f3xima semana com temperaturas m\u00e1ximas a rondar os 30 graus\",\"datePublished\":\"2019-08-09T14:41:02+00:00\",\"dateModified\":\"2019-08-09T14:41:06+00:00\",\"mainEntityOfPage\":{\"@id\":\"https:\\\/\\\/www.altominho.tv\\\/site\\\/2019\\\/08\\\/09\\\/calor-regressa-na-proxima-semana-com-temperaturas-maximas-a-rondar-os-30-graus\\\/\"},\"wordCount\":222,\"image\":{\"@id\":\"https:\\\/\\\/www.altominho.tv\\\/site\\\/2019\\\/08\\\/09\\\/calor-regressa-na-proxima-semana-com-temperaturas-maximas-a-rondar-os-30-graus\\\/#primaryimage\"},\"thumbnailUrl\":\"https:\\\/\\\/www.altominho.tv\\\/site\\\/wp-content\\\/uploads\\\/2019\\\/08\\\/praia.jpg\",\"keywords\":[\"Sociedade\"],\"articleSection\":[\"Alto Minho\"],\"inLanguage\":\"pt-PT\",\"copyrightYear\":\"2019\",\"copyrightHolder\":{\"@id\":\"https:\\\/\\\/www.altominho.tv\\\/site\\\/#organization\"}},{\"@type\":\"WebPage\",\"@id\":\"https:\\\/\\\/www.altominho.tv\\\/site\\\/2019\\\/08\\\/09\\\/calor-regressa-na-proxima-semana-com-temperaturas-maximas-a-rondar-os-30-graus\\\/\",\"url\":\"https:\\\/\\\/www.altominho.tv\\\/site\\\/2019\\\/08\\\/09\\\/calor-regressa-na-proxima-semana-com-temperaturas-maximas-a-rondar-os-30-graus\\\/\",\"name\":\"Calor regressa na pr\u00f3xima semana com temperaturas m\u00e1ximas a rondar os 30 graus\",\"isPartOf\":{\"@id\":\"https:\\\/\\\/www.altominho.tv\\\/site\\\/#website\"},\"primaryImageOfPage\":{\"@id\":\"https:\\\/\\\/www.altominho.tv\\\/site\\\/2019\\\/08\\\/09\\\/calor-regressa-na-proxima-semana-com-temperaturas-maximas-a-rondar-os-30-graus\\\/#primaryimage\"},\"image\":{\"@id\":\"https:\\\/\\\/www.altominho.tv\\\/site\\\/2019\\\/08\\\/09\\\/calor-regressa-na-proxima-semana-com-temperaturas-maximas-a-rondar-os-30-graus\\\/#primaryimage\"},\"thumbnailUrl\":\"https:\\\/\\\/www.altominho.tv\\\/site\\\/wp-content\\\/uploads\\\/2019\\\/08\\\/praia.jpg\",\"datePublished\":\"2019-08-09T14:41:02+00:00\",\"dateModified\":\"2019-08-09T14:41:06+00:00\",\"author\":{\"@id\":\"https:\\\/\\\/www.altominho.tv\\\/site\\\/#\\\/schema\\\/person\\\/a0bff6dc1041aadd46fa81887444b017\"},\"breadcrumb\":{\"@id\":\"https:\\\/\\\/www.altominho.tv\\\/site\\\/2019\\\/08\\\/09\\\/calor-regressa-na-proxima-semana-com-temperaturas-maximas-a-rondar-os-30-graus\\\/#breadcrumb\"},\"inLanguage\":\"pt-PT\",\"potentialAction\":[{\"@type\":\"ReadAction\",\"target\":[\"https:\\\/\\\/www.altominho.tv\\\/site\\\/2019\\\/08\\\/09\\\/calor-regressa-na-proxima-semana-com-temperaturas-maximas-a-rondar-os-30-graus\\\/\"]}]},{\"@type\":\"ImageObject\",\"inLanguage\":\"pt-PT\",\"@id\":\"https:\\\/\\\/www.altominho.tv\\\/site\\\/2019\\\/08\\\/09\\\/calor-regressa-na-proxima-semana-com-temperaturas-maximas-a-rondar-os-30-graus\\\/#primaryimage\",\"url\":\"https:\\\/\\\/www.altominho.tv\\\/site\\\/wp-content\\\/uploads\\\/2019\\\/08\\\/praia.jpg\",\"contentUrl\":\"https:\\\/\\\/www.altominho.tv\\\/site\\\/wp-content\\\/uploads\\\/2019\\\/08\\\/praia.jpg\",\"width\":1920,\"height\":1080},{\"@type\":\"BreadcrumbList\",\"@id\":\"https:\\\/\\\/www.altominho.tv\\\/site\\\/2019\\\/08\\\/09\\\/calor-regressa-na-proxima-semana-com-temperaturas-maximas-a-rondar-os-30-graus\\\/#breadcrumb\",\"itemListElement\":[{\"@type\":\"ListItem\",\"position\":1,\"name\":\"In\u00edcio\",\"item\":\"https:\\\/\\\/www.altominho.tv\\\/site\\\/\"},{\"@type\":\"ListItem\",\"position\":2,\"name\":\"Calor regressa na pr\u00f3xima semana com temperaturas m\u00e1ximas a rondar os 30 graus\"}]},{\"@type\":\"WebSite\",\"@id\":\"https:\\\/\\\/www.altominho.tv\\\/site\\\/#website\",\"url\":\"https:\\\/\\\/www.altominho.tv\\\/site\\\/\",\"name\":\"Altominho.tv\",\"description\":\"A sua regi\u00e3o \u00e0 dist\u00e2ncia de um clique...\",\"potentialAction\":[{\"@type\":\"SearchAction\",\"target\":{\"@type\":\"EntryPoint\",\"urlTemplate\":\"https:\\\/\\\/www.altominho.tv\\\/site\\\/?s={search_term_string}\"},\"query-input\":{\"@type\":\"PropertyValueSpecification\",\"valueRequired\":true,\"valueName\":\"search_term_string\"}}],\"inLanguage\":\"pt-PT\"},{\"@type\":\"Person\",\"@id\":\"https:\\\/\\\/www.altominho.tv\\\/site\\\/#\\\/schema\\\/person\\\/a0bff6dc1041aadd46fa81887444b017\",\"name\":\"Andreia Ferreira | Lusa\",\"image\":{\"@type\":\"ImageObject\",\"inLanguage\":\"pt-PT\",\"@id\":\"https:\\\/\\\/www.altominho.tv\\\/site\\\/wp-content\\\/uploads\\\/2018\\\/04\\\/Andreia-150x150.jpg\",\"url\":\"https:\\\/\\\/www.altominho.tv\\\/site\\\/wp-content\\\/uploads\\\/2018\\\/04\\\/Andreia-150x150.jpg\",\"contentUrl\":\"https:\\\/\\\/www.altominho.tv\\\/site\\\/wp-content\\\/uploads\\\/2018\\\/04\\\/Andreia-150x150.jpg\",\"caption\":\"Andreia Ferreira | Lusa\"},\"sameAs\":[\"https:\\\/\\\/www.altominho.tv\\\/site\"],\"url\":\"https:\\\/\\\/www.altominho.tv\\\/site\\\/author\\\/andreiaferreiralusa\\\/\"}]}<\/script>\n<!-- \/ Yoast SEO Premium plugin. -->","yoast_head_json":{"title":"Calor regressa na pr\u00f3xima semana com temperaturas m\u00e1ximas a rondar os 30 graus","robots":{"index":"index","follow":"follow","max-snippet":"max-snippet:-1","max-image-preview":"max-image-preview:large","max-video-preview":"max-video-preview:-1"},"canonical":"https:\/\/www.altominho.tv\/site\/2019\/08\/09\/calor-regressa-na-proxima-semana-com-temperaturas-maximas-a-rondar-os-30-graus\/","og_locale":"pt_PT","og_type":"article","og_title":"Calor regressa na pr\u00f3xima semana com temperaturas m\u00e1ximas a rondar os 30 graus","og_description":"O calor vai regressar na pr\u00f3xima semana com temperaturas m\u00e1ximas a rondar os 30 graus. J\u00e1 o fim-de-semana ser\u00e1 marcado por tempo nublado, sobretudo durante a manh\u00e3, e pela possibilidade de aguaceiros, segundo as previs\u00f5es do Instituto Portugu\u00eas do Mar e da Atmosfera (IPMA). Este s\u00e1bado est\u00e1 prevista uma &#8220;melhoria consider\u00e1vel do estado do tempo&#8221; [&hellip;]","og_url":"https:\/\/www.altominho.tv\/site\/2019\/08\/09\/calor-regressa-na-proxima-semana-com-temperaturas-maximas-a-rondar-os-30-graus\/","og_site_name":"Altominho.tv","article_publisher":"https:\/\/www.facebook.com\/altominhotv","article_published_time":"2019-08-09T14:41:02+00:00","article_modified_time":"2019-08-09T14:41:06+00:00","og_image":[{"width":1920,"height":1080,"url":"https:\/\/www.altominho.tv\/site\/wp-content\/uploads\/2019\/08\/praia.jpg","type":"image\/jpeg"}],"author":"Andreia Ferreira | Lusa","twitter_card":"summary_large_image","twitter_creator":"@altominhoTV","twitter_site":"@altominhoTV","twitter_misc":{"Escrito por":"Andreia Ferreira | Lusa","Tempo estimado de leitura":"1 minuto"},"schema":{"@context":"https:\/\/schema.org","@graph":[{"@type":"Article","@id":"https:\/\/www.altominho.tv\/site\/2019\/08\/09\/calor-regressa-na-proxima-semana-com-temperaturas-maximas-a-rondar-os-30-graus\/#article","isPartOf":{"@id":"https:\/\/www.altominho.tv\/site\/2019\/08\/09\/calor-regressa-na-proxima-semana-com-temperaturas-maximas-a-rondar-os-30-graus\/"},"author":{"name":"Andreia Ferreira | Lusa","@id":"https:\/\/www.altominho.tv\/site\/#\/schema\/person\/a0bff6dc1041aadd46fa81887444b017"},"headline":"Calor regressa na pr\u00f3xima semana com temperaturas m\u00e1ximas a rondar os 30 graus","datePublished":"2019-08-09T14:41:02+00:00","dateModified":"2019-08-09T14:41:06+00:00","mainEntityOfPage":{"@id":"https:\/\/www.altominho.tv\/site\/2019\/08\/09\/calor-regressa-na-proxima-semana-com-temperaturas-maximas-a-rondar-os-30-graus\/"},"wordCount":222,"image":{"@id":"https:\/\/www.altominho.tv\/site\/2019\/08\/09\/calor-regressa-na-proxima-semana-com-temperaturas-maximas-a-rondar-os-30-graus\/#primaryimage"},"thumbnailUrl":"https:\/\/www.altominho.tv\/site\/wp-content\/uploads\/2019\/08\/praia.jpg","keywords":["Sociedade"],"articleSection":["Alto Minho"],"inLanguage":"pt-PT","copyrightYear":"2019","copyrightHolder":{"@id":"https:\/\/www.altominho.tv\/site\/#organization"}},{"@type":"WebPage","@id":"https:\/\/www.altominho.tv\/site\/2019\/08\/09\/calor-regressa-na-proxima-semana-com-temperaturas-maximas-a-rondar-os-30-graus\/","url":"https:\/\/www.altominho.tv\/site\/2019\/08\/09\/calor-regressa-na-proxima-semana-com-temperaturas-maximas-a-rondar-os-30-graus\/","name":"Calor regressa na pr\u00f3xima semana com temperaturas m\u00e1ximas a rondar os 30 graus","isPartOf":{"@id":"https:\/\/www.altominho.tv\/site\/#website"},"primaryImageOfPage":{"@id":"https:\/\/www.altominho.tv\/site\/2019\/08\/09\/calor-regressa-na-proxima-semana-com-temperaturas-maximas-a-rondar-os-30-graus\/#primaryimage"},"image":{"@id":"https:\/\/www.altominho.tv\/site\/2019\/08\/09\/calor-regressa-na-proxima-semana-com-temperaturas-maximas-a-rondar-os-30-graus\/#primaryimage"},"thumbnailUrl":"https:\/\/www.altominho.tv\/site\/wp-content\/uploads\/2019\/08\/praia.jpg","datePublished":"2019-08-09T14:41:02+00:00","dateModified":"2019-08-09T14:41:06+00:00","author":{"@id":"https:\/\/www.altominho.tv\/site\/#\/schema\/person\/a0bff6dc1041aadd46fa81887444b017"},"breadcrumb":{"@id":"https:\/\/www.altominho.tv\/site\/2019\/08\/09\/calor-regressa-na-proxima-semana-com-temperaturas-maximas-a-rondar-os-30-graus\/#breadcrumb"},"inLanguage":"pt-PT","potentialAction":[{"@type":"ReadAction","target":["https:\/\/www.altominho.tv\/site\/2019\/08\/09\/calor-regressa-na-proxima-semana-com-temperaturas-maximas-a-rondar-os-30-graus\/"]}]},{"@type":"ImageObject","inLanguage":"pt-PT","@id":"https:\/\/www.altominho.tv\/site\/2019\/08\/09\/calor-regressa-na-proxima-semana-com-temperaturas-maximas-a-rondar-os-30-graus\/#primaryimage","url":"https:\/\/www.altominho.tv\/site\/wp-content\/uploads\/2019\/08\/praia.jpg","contentUrl":"https:\/\/www.altominho.tv\/site\/wp-content\/uploads\/2019\/08\/praia.jpg","width":1920,"height":1080},{"@type":"BreadcrumbList","@id":"https:\/\/www.altominho.tv\/site\/2019\/08\/09\/calor-regressa-na-proxima-semana-com-temperaturas-maximas-a-rondar-os-30-graus\/#breadcrumb","itemListElement":[{"@type":"ListItem","position":1,"name":"In\u00edcio","item":"https:\/\/www.altominho.tv\/site\/"},{"@type":"ListItem","position":2,"name":"Calor regressa na pr\u00f3xima semana com temperaturas m\u00e1ximas a rondar os 30 graus"}]},{"@type":"WebSite","@id":"https:\/\/www.altominho.tv\/site\/#website","url":"https:\/\/www.altominho.tv\/site\/","name":"Altominho.tv","description":"A sua regi\u00e3o \u00e0 dist\u00e2ncia de um clique...","potentialAction":[{"@type":"SearchAction","target":{"@type":"EntryPoint","urlTemplate":"https:\/\/www.altominho.tv\/site\/?s={search_term_string}"},"query-input":{"@type":"PropertyValueSpecification","valueRequired":true,"valueName":"search_term_string"}}],"inLanguage":"pt-PT"},{"@type":"Person","@id":"https:\/\/www.altominho.tv\/site\/#\/schema\/person\/a0bff6dc1041aadd46fa81887444b017","name":"Andreia Ferreira | Lusa","image":{"@type":"ImageObject","inLanguage":"pt-PT","@id":"https:\/\/www.altominho.tv\/site\/wp-content\/uploads\/2018\/04\/Andreia-150x150.jpg","url":"https:\/\/www.altominho.tv\/site\/wp-content\/uploads\/2018\/04\/Andreia-150x150.jpg","contentUrl":"https:\/\/www.altominho.tv\/site\/wp-content\/uploads\/2018\/04\/Andreia-150x150.jpg","caption":"Andreia Ferreira | Lusa"},"sameAs":["https:\/\/www.altominho.tv\/site"],"url":"https:\/\/www.altominho.tv\/site\/author\/andreiaferreiralusa\/"}]}},"_links":{"self":[{"href":"https:\/\/www.altominho.tv\/site\/wp-json\/wp\/v2\/posts\/32573","targetHints":{"allow":["GET"]}}],"collection":[{"href":"https:\/\/www.altominho.tv\/site\/wp-json\/wp\/v2\/posts"}],"about":[{"href":"https:\/\/www.altominho.tv\/site\/wp-json\/wp\/v2\/types\/post"}],"author":[{"embeddable":true,"href":"https:\/\/www.altominho.tv\/site\/wp-json\/wp\/v2\/users\/15"}],"replies":[{"embeddable":true,"href":"https:\/\/www.altominho.tv\/site\/wp-json\/wp\/v2\/comments?post=32573"}],"version-history":[{"count":0,"href":"https:\/\/www.altominho.tv\/site\/wp-json\/wp\/v2\/posts\/32573\/revisions"}],"wp:featuredmedia":[{"embeddable":true,"href":"https:\/\/www.altominho.tv\/site\/wp-json\/wp\/v2\/media\/32574"}],"wp:attachment":[{"href":"https:\/\/www.altominho.tv\/site\/wp-json\/wp\/v2\/media?parent=32573"}],"wp:term":[{"taxonomy":"category","embeddable":true,"href":"https:\/\/www.altominho.tv\/site\/wp-json\/wp\/v2\/categories?post=32573"},{"taxonomy":"post_tag","embeddable":true,"href":"https:\/\/www.altominho.tv\/site\/wp-json\/wp\/v2\/tags?post=32573"}],"curies":[{"name":"wp","href":"https:\/\/api.w.org\/{rel}","templated":true}]}}