{"id":32547,"date":"2019-08-08T16:22:15","date_gmt":"2019-08-08T15:22:15","guid":{"rendered":"http:\/\/www.altominho.tv\/site\/?p=32547"},"modified":"2019-08-08T16:22:20","modified_gmt":"2019-08-08T15:22:20","slug":"camara-de-viana-louva-empenho-de-joaquim-gomes-na-dinamizacao-da-volta-a-portugal","status":"publish","type":"post","link":"https:\/\/www.altominho.tv\/site\/2019\/08\/08\/camara-de-viana-louva-empenho-de-joaquim-gomes-na-dinamizacao-da-volta-a-portugal\/","title":{"rendered":"C\u00e2mara de Viana \u201clouva\u201d empenho de Joaquim Gomes na dinamiza\u00e7\u00e3o da Volta a Portugal"},"content":{"rendered":"<p>A C\u00e2mara de Viana do Castelo aprovou, esta quinta-feira, por unanimidade, um voto de louvor ao diretor da Volta a Portugal em bicicleta pelo &#8220;empenho&#8221; de Joaquim Gomes em manter a passagem da prova pela capital do Alto Minho.<\/p>\n<p>&#8220;Tendo em conta que o ciclismo se assume como uma modalidade com preponder\u00e2ncia no panorama desportivo do concelho, e considerando que, desde 2009, ap\u00f3s um interregno de 18 anos, a passagem da Volta a Portugal em Viana do Castelo \u00e9 uma realidade muito por for\u00e7a do empenho de Joaquim Gomes, o executivo municipal pretende, assim, destacar o trabalho e o esfor\u00e7o do ex-ciclista em prol da dinamiza\u00e7\u00e3o do ciclismo vianense&#8221;, pode ler-se na proposta apresentada pelo autarca Jos\u00e9 Maria Costa, e aprovada por unanimidade.<\/p>\n<p>O voto de louvor, proposto no per\u00edodo antes da ordem de trabalhos e que destaca ainda os &#8220;excelentes resultados desportivos&#8221;, refere que o nome do diretor da Volta a Portugal &#8220;\u00e9 um dos mais importantes do ciclismo portugu\u00eas, tendo participado em 18 edi\u00e7\u00f5es da Volta a Portugal, prova que venceu por duas vezes, em 1989 e em 1993&#8221;.<\/p>\n<p>&#8220;Depois de terminada a carreira de ciclista profissional, Joaquim Gomes passou, em 2009, a desempenhar o cargo de diretor da Volta a Portugal em Bicicleta, estando assim a assinalar-se os 30 anos da sua primeira vit\u00f3ria na prova e 20 anos enquanto diretor da Volta&#8221;, adianta a proposta da maioria socialista que sustentou a atribui\u00e7\u00e3o do voto de louvor.<\/p>\n<p>Joaquim Gomes iniciou o seu percurso enquanto ciclista no clube de Carnide, em Lisboa, tendo representado a institui\u00e7\u00e3o entre 1981 e 1985, antes de se tornar profissional ao servi\u00e7o do Sporting.<\/p>\n<p>Na sexta-feira, a 81\u00aa Volta a Portugal em bicicleta vai iniciar-se em Viana do Castelo. A <a href=\"\/\/www.altominho.tv\/site\/2019\/08\/01\/viana-do-castelo-acolhe-oitava-etapa-da-volta-a-portugal-em-bicicleta\/\">oitava etapa<\/a> vai ligar a capital do Alto Minho a Felgueiras.<\/p>\n<p>A partida de Viana do Castelo est\u00e1 marcada para as 13h20, chegando a Felgueiras pelas 17h24, depois de percorrida uma dist\u00e2ncia de 156,6 quil\u00f3metros.<\/p>\n\n\n<p><\/p>\n","protected":false},"excerpt":{"rendered":"<p>A C\u00e2mara de Viana do Castelo aprovou, esta quinta-feira, por unanimidade, um voto de louvor ao diretor da Volta a Portugal em bicicleta pelo &#8220;empenho&#8221; de Joaquim Gomes em manter a passagem da prova pela capital do Alto Minho. &#8220;Tendo em conta que o ciclismo se assume como uma modalidade com preponder\u00e2ncia no panorama desportivo [&hellip;]<\/p>\n","protected":false},"author":13,"featured_media":32548,"comment_status":"closed","ping_status":"closed","sticky":false,"template":"","format":"standard","meta":{"_exactmetrics_skip_tracking":false,"_exactmetrics_sitenote_active":false,"_exactmetrics_sitenote_note":"","_exactmetrics_sitenote_category":0,"footnotes":""},"categories":[14],"tags":[20,27],"class_list":["post-32547","post","type-post","status-publish","format-standard","has-post-thumbnail","hentry","category-viana-do-castelo","tag-desporto","tag-sociedade"],"yoast_head":"<!-- This site is optimized with the Yoast SEO Premium plugin v27.5 (Yoast SEO v27.5) - https:\/\/yoast.com\/product\/yoast-seo-premium-wordpress\/ -->\n<title>C\u00e2mara de Viana \u201clouva\u201d empenho de Joaquim Gomes na dinamiza\u00e7\u00e3o da Volta a Portugal<\/title>\n<meta name=\"robots\" content=\"index, follow, max-snippet:-1, max-image-preview:large, max-video-preview:-1\" \/>\n<link rel=\"canonical\" href=\"https:\/\/www.altominho.tv\/site\/2019\/08\/08\/camara-de-viana-louva-empenho-de-joaquim-gomes-na-dinamizacao-da-volta-a-portugal\/\" \/>\n<meta property=\"og:locale\" content=\"pt_PT\" \/>\n<meta property=\"og:type\" content=\"article\" \/>\n<meta property=\"og:title\" content=\"C\u00e2mara de Viana \u201clouva\u201d empenho de Joaquim Gomes na dinamiza\u00e7\u00e3o da Volta a Portugal\" \/>\n<meta property=\"og:description\" content=\"A C\u00e2mara de Viana do Castelo aprovou, esta quinta-feira, por unanimidade, um voto de louvor ao diretor da Volta a Portugal em bicicleta pelo &#8220;empenho&#8221; de Joaquim Gomes em manter a passagem da prova pela capital do Alto Minho. &#8220;Tendo em conta que o ciclismo se assume como uma modalidade com preponder\u00e2ncia no panorama desportivo [&hellip;]\" \/>\n<meta property=\"og:url\" content=\"https:\/\/www.altominho.tv\/site\/2019\/08\/08\/camara-de-viana-louva-empenho-de-joaquim-gomes-na-dinamizacao-da-volta-a-portugal\/\" \/>\n<meta property=\"og:site_name\" content=\"Altominho.tv\" \/>\n<meta property=\"article:publisher\" content=\"https:\/\/www.facebook.com\/altominhotv\" \/>\n<meta property=\"article:published_time\" content=\"2019-08-08T15:22:15+00:00\" \/>\n<meta property=\"article:modified_time\" content=\"2019-08-08T15:22:20+00:00\" \/>\n<meta property=\"og:image\" content=\"https:\/\/www.altominho.tv\/site\/wp-content\/uploads\/2019\/08\/transferir.jpg\" \/>\n\t<meta property=\"og:image:width\" content=\"800\" \/>\n\t<meta property=\"og:image:height\" content=\"449\" \/>\n\t<meta property=\"og:image:type\" content=\"image\/jpeg\" \/>\n<meta name=\"author\" content=\"Lusa\" \/>\n<meta name=\"twitter:card\" content=\"summary_large_image\" \/>\n<meta name=\"twitter:creator\" content=\"@altominhoTV\" \/>\n<meta name=\"twitter:site\" content=\"@altominhoTV\" \/>\n<meta name=\"twitter:label1\" content=\"Escrito por\" \/>\n\t<meta name=\"twitter:data1\" content=\"Lusa\" \/>\n\t<meta name=\"twitter:label2\" content=\"Tempo estimado de leitura\" \/>\n\t<meta name=\"twitter:data2\" content=\"2 minutos\" \/>\n<script type=\"application\/ld+json\" class=\"yoast-schema-graph\">{\"@context\":\"https:\\\/\\\/schema.org\",\"@graph\":[{\"@type\":\"Article\",\"@id\":\"https:\\\/\\\/www.altominho.tv\\\/site\\\/2019\\\/08\\\/08\\\/camara-de-viana-louva-empenho-de-joaquim-gomes-na-dinamizacao-da-volta-a-portugal\\\/#article\",\"isPartOf\":{\"@id\":\"https:\\\/\\\/www.altominho.tv\\\/site\\\/2019\\\/08\\\/08\\\/camara-de-viana-louva-empenho-de-joaquim-gomes-na-dinamizacao-da-volta-a-portugal\\\/\"},\"author\":{\"name\":\"Lusa\",\"@id\":\"https:\\\/\\\/www.altominho.tv\\\/site\\\/#\\\/schema\\\/person\\\/63f693da3e1899361cbe955c46f3232e\"},\"headline\":\"C\u00e2mara de Viana \u201clouva\u201d empenho de Joaquim Gomes na dinamiza\u00e7\u00e3o da Volta a Portugal\",\"datePublished\":\"2019-08-08T15:22:15+00:00\",\"dateModified\":\"2019-08-08T15:22:20+00:00\",\"mainEntityOfPage\":{\"@id\":\"https:\\\/\\\/www.altominho.tv\\\/site\\\/2019\\\/08\\\/08\\\/camara-de-viana-louva-empenho-de-joaquim-gomes-na-dinamizacao-da-volta-a-portugal\\\/\"},\"wordCount\":339,\"image\":{\"@id\":\"https:\\\/\\\/www.altominho.tv\\\/site\\\/2019\\\/08\\\/08\\\/camara-de-viana-louva-empenho-de-joaquim-gomes-na-dinamizacao-da-volta-a-portugal\\\/#primaryimage\"},\"thumbnailUrl\":\"https:\\\/\\\/www.altominho.tv\\\/site\\\/wp-content\\\/uploads\\\/2019\\\/08\\\/transferir.jpg\",\"keywords\":[\"Desporto\",\"Sociedade\"],\"articleSection\":[\"Viana do Castelo\"],\"inLanguage\":\"pt-PT\",\"copyrightYear\":\"2019\",\"copyrightHolder\":{\"@id\":\"https:\\\/\\\/www.altominho.tv\\\/site\\\/#organization\"}},{\"@type\":\"WebPage\",\"@id\":\"https:\\\/\\\/www.altominho.tv\\\/site\\\/2019\\\/08\\\/08\\\/camara-de-viana-louva-empenho-de-joaquim-gomes-na-dinamizacao-da-volta-a-portugal\\\/\",\"url\":\"https:\\\/\\\/www.altominho.tv\\\/site\\\/2019\\\/08\\\/08\\\/camara-de-viana-louva-empenho-de-joaquim-gomes-na-dinamizacao-da-volta-a-portugal\\\/\",\"name\":\"C\u00e2mara de Viana \u201clouva\u201d empenho de Joaquim Gomes na dinamiza\u00e7\u00e3o da Volta a Portugal\",\"isPartOf\":{\"@id\":\"https:\\\/\\\/www.altominho.tv\\\/site\\\/#website\"},\"primaryImageOfPage\":{\"@id\":\"https:\\\/\\\/www.altominho.tv\\\/site\\\/2019\\\/08\\\/08\\\/camara-de-viana-louva-empenho-de-joaquim-gomes-na-dinamizacao-da-volta-a-portugal\\\/#primaryimage\"},\"image\":{\"@id\":\"https:\\\/\\\/www.altominho.tv\\\/site\\\/2019\\\/08\\\/08\\\/camara-de-viana-louva-empenho-de-joaquim-gomes-na-dinamizacao-da-volta-a-portugal\\\/#primaryimage\"},\"thumbnailUrl\":\"https:\\\/\\\/www.altominho.tv\\\/site\\\/wp-content\\\/uploads\\\/2019\\\/08\\\/transferir.jpg\",\"datePublished\":\"2019-08-08T15:22:15+00:00\",\"dateModified\":\"2019-08-08T15:22:20+00:00\",\"author\":{\"@id\":\"https:\\\/\\\/www.altominho.tv\\\/site\\\/#\\\/schema\\\/person\\\/63f693da3e1899361cbe955c46f3232e\"},\"breadcrumb\":{\"@id\":\"https:\\\/\\\/www.altominho.tv\\\/site\\\/2019\\\/08\\\/08\\\/camara-de-viana-louva-empenho-de-joaquim-gomes-na-dinamizacao-da-volta-a-portugal\\\/#breadcrumb\"},\"inLanguage\":\"pt-PT\",\"potentialAction\":[{\"@type\":\"ReadAction\",\"target\":[\"https:\\\/\\\/www.altominho.tv\\\/site\\\/2019\\\/08\\\/08\\\/camara-de-viana-louva-empenho-de-joaquim-gomes-na-dinamizacao-da-volta-a-portugal\\\/\"]}]},{\"@type\":\"ImageObject\",\"inLanguage\":\"pt-PT\",\"@id\":\"https:\\\/\\\/www.altominho.tv\\\/site\\\/2019\\\/08\\\/08\\\/camara-de-viana-louva-empenho-de-joaquim-gomes-na-dinamizacao-da-volta-a-portugal\\\/#primaryimage\",\"url\":\"https:\\\/\\\/www.altominho.tv\\\/site\\\/wp-content\\\/uploads\\\/2019\\\/08\\\/transferir.jpg\",\"contentUrl\":\"https:\\\/\\\/www.altominho.tv\\\/site\\\/wp-content\\\/uploads\\\/2019\\\/08\\\/transferir.jpg\",\"width\":800,\"height\":449,\"caption\":\"SAPO DESPORTO\"},{\"@type\":\"BreadcrumbList\",\"@id\":\"https:\\\/\\\/www.altominho.tv\\\/site\\\/2019\\\/08\\\/08\\\/camara-de-viana-louva-empenho-de-joaquim-gomes-na-dinamizacao-da-volta-a-portugal\\\/#breadcrumb\",\"itemListElement\":[{\"@type\":\"ListItem\",\"position\":1,\"name\":\"In\u00edcio\",\"item\":\"https:\\\/\\\/www.altominho.tv\\\/site\\\/\"},{\"@type\":\"ListItem\",\"position\":2,\"name\":\"C\u00e2mara de Viana \u201clouva\u201d empenho de Joaquim Gomes na dinamiza\u00e7\u00e3o da Volta a Portugal\"}]},{\"@type\":\"WebSite\",\"@id\":\"https:\\\/\\\/www.altominho.tv\\\/site\\\/#website\",\"url\":\"https:\\\/\\\/www.altominho.tv\\\/site\\\/\",\"name\":\"Altominho.tv\",\"description\":\"A sua regi\u00e3o \u00e0 dist\u00e2ncia de um clique...\",\"potentialAction\":[{\"@type\":\"SearchAction\",\"target\":{\"@type\":\"EntryPoint\",\"urlTemplate\":\"https:\\\/\\\/www.altominho.tv\\\/site\\\/?s={search_term_string}\"},\"query-input\":{\"@type\":\"PropertyValueSpecification\",\"valueRequired\":true,\"valueName\":\"search_term_string\"}}],\"inLanguage\":\"pt-PT\"},{\"@type\":\"Person\",\"@id\":\"https:\\\/\\\/www.altominho.tv\\\/site\\\/#\\\/schema\\\/person\\\/63f693da3e1899361cbe955c46f3232e\",\"name\":\"Lusa\",\"image\":{\"@type\":\"ImageObject\",\"inLanguage\":\"pt-PT\",\"@id\":\"https:\\\/\\\/www.altominho.tv\\\/site\\\/wp-content\\\/uploads\\\/2019\\\/08\\\/LUSA_Logo.gif\",\"url\":\"https:\\\/\\\/www.altominho.tv\\\/site\\\/wp-content\\\/uploads\\\/2019\\\/08\\\/LUSA_Logo.gif\",\"contentUrl\":\"https:\\\/\\\/www.altominho.tv\\\/site\\\/wp-content\\\/uploads\\\/2019\\\/08\\\/LUSA_Logo.gif\",\"caption\":\"Lusa\"},\"sameAs\":[\"http:\\\/\\\/\\\/\\\/www.altominho.tv\\\/site\"],\"url\":\"https:\\\/\\\/www.altominho.tv\\\/site\\\/author\\\/lusa\\\/\"}]}<\/script>\n<!-- \/ Yoast SEO Premium plugin. -->","yoast_head_json":{"title":"C\u00e2mara de Viana \u201clouva\u201d empenho de Joaquim Gomes na dinamiza\u00e7\u00e3o da Volta a Portugal","robots":{"index":"index","follow":"follow","max-snippet":"max-snippet:-1","max-image-preview":"max-image-preview:large","max-video-preview":"max-video-preview:-1"},"canonical":"https:\/\/www.altominho.tv\/site\/2019\/08\/08\/camara-de-viana-louva-empenho-de-joaquim-gomes-na-dinamizacao-da-volta-a-portugal\/","og_locale":"pt_PT","og_type":"article","og_title":"C\u00e2mara de Viana \u201clouva\u201d empenho de Joaquim Gomes na dinamiza\u00e7\u00e3o da Volta a Portugal","og_description":"A C\u00e2mara de Viana do Castelo aprovou, esta quinta-feira, por unanimidade, um voto de louvor ao diretor da Volta a Portugal em bicicleta pelo &#8220;empenho&#8221; de Joaquim Gomes em manter a passagem da prova pela capital do Alto Minho. &#8220;Tendo em conta que o ciclismo se assume como uma modalidade com preponder\u00e2ncia no panorama desportivo [&hellip;]","og_url":"https:\/\/www.altominho.tv\/site\/2019\/08\/08\/camara-de-viana-louva-empenho-de-joaquim-gomes-na-dinamizacao-da-volta-a-portugal\/","og_site_name":"Altominho.tv","article_publisher":"https:\/\/www.facebook.com\/altominhotv","article_published_time":"2019-08-08T15:22:15+00:00","article_modified_time":"2019-08-08T15:22:20+00:00","og_image":[{"width":800,"height":449,"url":"https:\/\/www.altominho.tv\/site\/wp-content\/uploads\/2019\/08\/transferir.jpg","type":"image\/jpeg"}],"author":"Lusa","twitter_card":"summary_large_image","twitter_creator":"@altominhoTV","twitter_site":"@altominhoTV","twitter_misc":{"Escrito por":"Lusa","Tempo estimado de leitura":"2 minutos"},"schema":{"@context":"https:\/\/schema.org","@graph":[{"@type":"Article","@id":"https:\/\/www.altominho.tv\/site\/2019\/08\/08\/camara-de-viana-louva-empenho-de-joaquim-gomes-na-dinamizacao-da-volta-a-portugal\/#article","isPartOf":{"@id":"https:\/\/www.altominho.tv\/site\/2019\/08\/08\/camara-de-viana-louva-empenho-de-joaquim-gomes-na-dinamizacao-da-volta-a-portugal\/"},"author":{"name":"Lusa","@id":"https:\/\/www.altominho.tv\/site\/#\/schema\/person\/63f693da3e1899361cbe955c46f3232e"},"headline":"C\u00e2mara de Viana \u201clouva\u201d empenho de Joaquim Gomes na dinamiza\u00e7\u00e3o da Volta a Portugal","datePublished":"2019-08-08T15:22:15+00:00","dateModified":"2019-08-08T15:22:20+00:00","mainEntityOfPage":{"@id":"https:\/\/www.altominho.tv\/site\/2019\/08\/08\/camara-de-viana-louva-empenho-de-joaquim-gomes-na-dinamizacao-da-volta-a-portugal\/"},"wordCount":339,"image":{"@id":"https:\/\/www.altominho.tv\/site\/2019\/08\/08\/camara-de-viana-louva-empenho-de-joaquim-gomes-na-dinamizacao-da-volta-a-portugal\/#primaryimage"},"thumbnailUrl":"https:\/\/www.altominho.tv\/site\/wp-content\/uploads\/2019\/08\/transferir.jpg","keywords":["Desporto","Sociedade"],"articleSection":["Viana do Castelo"],"inLanguage":"pt-PT","copyrightYear":"2019","copyrightHolder":{"@id":"https:\/\/www.altominho.tv\/site\/#organization"}},{"@type":"WebPage","@id":"https:\/\/www.altominho.tv\/site\/2019\/08\/08\/camara-de-viana-louva-empenho-de-joaquim-gomes-na-dinamizacao-da-volta-a-portugal\/","url":"https:\/\/www.altominho.tv\/site\/2019\/08\/08\/camara-de-viana-louva-empenho-de-joaquim-gomes-na-dinamizacao-da-volta-a-portugal\/","name":"C\u00e2mara de Viana \u201clouva\u201d empenho de Joaquim Gomes na dinamiza\u00e7\u00e3o da Volta a Portugal","isPartOf":{"@id":"https:\/\/www.altominho.tv\/site\/#website"},"primaryImageOfPage":{"@id":"https:\/\/www.altominho.tv\/site\/2019\/08\/08\/camara-de-viana-louva-empenho-de-joaquim-gomes-na-dinamizacao-da-volta-a-portugal\/#primaryimage"},"image":{"@id":"https:\/\/www.altominho.tv\/site\/2019\/08\/08\/camara-de-viana-louva-empenho-de-joaquim-gomes-na-dinamizacao-da-volta-a-portugal\/#primaryimage"},"thumbnailUrl":"https:\/\/www.altominho.tv\/site\/wp-content\/uploads\/2019\/08\/transferir.jpg","datePublished":"2019-08-08T15:22:15+00:00","dateModified":"2019-08-08T15:22:20+00:00","author":{"@id":"https:\/\/www.altominho.tv\/site\/#\/schema\/person\/63f693da3e1899361cbe955c46f3232e"},"breadcrumb":{"@id":"https:\/\/www.altominho.tv\/site\/2019\/08\/08\/camara-de-viana-louva-empenho-de-joaquim-gomes-na-dinamizacao-da-volta-a-portugal\/#breadcrumb"},"inLanguage":"pt-PT","potentialAction":[{"@type":"ReadAction","target":["https:\/\/www.altominho.tv\/site\/2019\/08\/08\/camara-de-viana-louva-empenho-de-joaquim-gomes-na-dinamizacao-da-volta-a-portugal\/"]}]},{"@type":"ImageObject","inLanguage":"pt-PT","@id":"https:\/\/www.altominho.tv\/site\/2019\/08\/08\/camara-de-viana-louva-empenho-de-joaquim-gomes-na-dinamizacao-da-volta-a-portugal\/#primaryimage","url":"https:\/\/www.altominho.tv\/site\/wp-content\/uploads\/2019\/08\/transferir.jpg","contentUrl":"https:\/\/www.altominho.tv\/site\/wp-content\/uploads\/2019\/08\/transferir.jpg","width":800,"height":449,"caption":"SAPO DESPORTO"},{"@type":"BreadcrumbList","@id":"https:\/\/www.altominho.tv\/site\/2019\/08\/08\/camara-de-viana-louva-empenho-de-joaquim-gomes-na-dinamizacao-da-volta-a-portugal\/#breadcrumb","itemListElement":[{"@type":"ListItem","position":1,"name":"In\u00edcio","item":"https:\/\/www.altominho.tv\/site\/"},{"@type":"ListItem","position":2,"name":"C\u00e2mara de Viana \u201clouva\u201d empenho de Joaquim Gomes na dinamiza\u00e7\u00e3o da Volta a Portugal"}]},{"@type":"WebSite","@id":"https:\/\/www.altominho.tv\/site\/#website","url":"https:\/\/www.altominho.tv\/site\/","name":"Altominho.tv","description":"A sua regi\u00e3o \u00e0 dist\u00e2ncia de um clique...","potentialAction":[{"@type":"SearchAction","target":{"@type":"EntryPoint","urlTemplate":"https:\/\/www.altominho.tv\/site\/?s={search_term_string}"},"query-input":{"@type":"PropertyValueSpecification","valueRequired":true,"valueName":"search_term_string"}}],"inLanguage":"pt-PT"},{"@type":"Person","@id":"https:\/\/www.altominho.tv\/site\/#\/schema\/person\/63f693da3e1899361cbe955c46f3232e","name":"Lusa","image":{"@type":"ImageObject","inLanguage":"pt-PT","@id":"https:\/\/www.altominho.tv\/site\/wp-content\/uploads\/2019\/08\/LUSA_Logo.gif","url":"https:\/\/www.altominho.tv\/site\/wp-content\/uploads\/2019\/08\/LUSA_Logo.gif","contentUrl":"https:\/\/www.altominho.tv\/site\/wp-content\/uploads\/2019\/08\/LUSA_Logo.gif","caption":"Lusa"},"sameAs":["http:\/\/\/\/www.altominho.tv\/site"],"url":"https:\/\/www.altominho.tv\/site\/author\/lusa\/"}]}},"_links":{"self":[{"href":"https:\/\/www.altominho.tv\/site\/wp-json\/wp\/v2\/posts\/32547","targetHints":{"allow":["GET"]}}],"collection":[{"href":"https:\/\/www.altominho.tv\/site\/wp-json\/wp\/v2\/posts"}],"about":[{"href":"https:\/\/www.altominho.tv\/site\/wp-json\/wp\/v2\/types\/post"}],"author":[{"embeddable":true,"href":"https:\/\/www.altominho.tv\/site\/wp-json\/wp\/v2\/users\/13"}],"replies":[{"embeddable":true,"href":"https:\/\/www.altominho.tv\/site\/wp-json\/wp\/v2\/comments?post=32547"}],"version-history":[{"count":0,"href":"https:\/\/www.altominho.tv\/site\/wp-json\/wp\/v2\/posts\/32547\/revisions"}],"wp:featuredmedia":[{"embeddable":true,"href":"https:\/\/www.altominho.tv\/site\/wp-json\/wp\/v2\/media\/32548"}],"wp:attachment":[{"href":"https:\/\/www.altominho.tv\/site\/wp-json\/wp\/v2\/media?parent=32547"}],"wp:term":[{"taxonomy":"category","embeddable":true,"href":"https:\/\/www.altominho.tv\/site\/wp-json\/wp\/v2\/categories?post=32547"},{"taxonomy":"post_tag","embeddable":true,"href":"https:\/\/www.altominho.tv\/site\/wp-json\/wp\/v2\/tags?post=32547"}],"curies":[{"name":"wp","href":"https:\/\/api.w.org\/{rel}","templated":true}]}}