{"id":32412,"date":"2019-08-07T16:03:55","date_gmt":"2019-08-07T15:03:55","guid":{"rendered":"http:\/\/www.altominho.tv\/site\/?p=32412"},"modified":"2019-08-07T16:04:01","modified_gmt":"2019-08-07T15:04:01","slug":"pescadores-de-caminha-e-viana-e-governo-vao-negociar-compensacao-por-parque-eolico","status":"publish","type":"post","link":"https:\/\/www.altominho.tv\/site\/2019\/08\/07\/pescadores-de-caminha-e-viana-e-governo-vao-negociar-compensacao-por-parque-eolico\/","title":{"rendered":"Pescadores de Caminha e Viana e Governo v\u00e3o negociar compensa\u00e7\u00e3o por parque e\u00f3lico"},"content":{"rendered":"<p>A associa\u00e7\u00e3o que representa 49 pescadores de Caminha e Viana do Castelo informou hoje que o secret\u00e1rio de Estado das Pescas desloca-se ao Alto Minho na pr\u00f3xima semana para &#8220;negociar&#8221; uma &#8220;compensa\u00e7\u00e3o&#8221; pela instala\u00e7\u00e3o de um parque e\u00f3lico flutuante.<\/p>\n<p>&#8220;O presidente da C\u00e2mara de Caminha, Miguel Alves, conseguiu esta janela de oportunidade, para uma negocia\u00e7\u00e3o com 49 pescadores. Fomos informados que o senhor secret\u00e1rio de Estado das Pescas, Jos\u00e9 Apolin\u00e1rio vai deslocar-se ao Alto Minho para uma reuni\u00e3o ainda com data e hora por definir&#8221;, disse, hoje \u00e0 ag\u00eancia Lusa, o presidente da Associa\u00e7\u00e3o de Pesca Profissional de Pescadores do rio Minho e Mar.<\/p>\n<p>Em causa est\u00e1 o Windfloat Atlantic (WFA), um projeto de uma central e\u00f3lica &#8216;offshore&#8217; (no mar), em Viana do Castelo, or\u00e7ado em 125 milh\u00f5es de euros, coordenado pela EDP, atrav\u00e9s da EDP Renov\u00e1veis, e que integra o parceiro tecnol\u00f3gico Principle Power, a Repsol, a capital de risco Portugal Ventures e a metal\u00fargica A. Silva Matos.<\/p>\n<p>Segundo o presidente daquela associa\u00e7\u00e3o, com sede em Caminha, &#8220;o secret\u00e1rio de Estado das Pescas mostrou-se sens\u00edvel \u00e0s preocupa\u00e7\u00f5es dos 49 pescadores de embarca\u00e7\u00f5es locais exclu\u00eddos do acordo da compensa\u00e7\u00e3o de um milh\u00e3o de euros que a Windplus, titular da Utiliza\u00e7\u00e3o do Espa\u00e7o Mar\u00edtimo Nacional, negociou com a associa\u00e7\u00e3o de pescadores Vianapesca, para compensar os armadores potencialmente afetados pela instala\u00e7\u00e3o do WFA&#8221;.<\/p>\n<p>&#8220;Destes 49 pescadores, 25 s\u00e3o de Caminha e Vila Praia de \u00c2ncora e os restantes 24 s\u00e3o de Castelo de Neiva e alguns de Viana do Castelo. Estes 49 pescadores s\u00e3o representados pela Associa\u00e7\u00e3o de Pesca Profissional de Pescadores do rio Minho e Mar&#8221;, especificou Augusto Porto.<\/p>\n<p>Questionado pela Lusa sobre eventuais formas de luta, caso n\u00e3o seja satisfeita a atribui\u00e7\u00e3o de uma compensa\u00e7\u00e3o pelos preju\u00edzos causados pela instala\u00e7\u00e3o de um cabo submarino que vai ligar o parque e\u00f3lico flutuante \u00e0 rede, instalada em Viana do Castelo, Augusto Porto n\u00e3o concretizou.<\/p>\n<p>&#8220;Enquanto houver possibilidade de di\u00e1logo vamos esperar serenamente por um entendimento&#8221;, disse, escusando-se a reafirmar formas de luta j\u00e1 anteriormente avan\u00e7adas, entre elas, o boicote \u00e0 prociss\u00e3o ao mar da Romaria d&#8217;Agonia, dia 20 de agosto, ou \u00e0 prociss\u00e3o naval em honra de Nossa Senhora da \u00cdnsua e Nossa Senhora da Bonan\u00e7a, a 05 de setembro.<\/p>\n<p>Na semana passada, em declara\u00e7\u00f5es aos jornalistas no final de uma reuni\u00e3o promovida pelo presidente da C\u00e2mara de Viana do Castelo, Augusto Porto explicou que &#8220;a implanta\u00e7\u00e3o&#8221; do parque e\u00f3lico flutuante &#8220;afeta mais de 10% da \u00e1rea de pesca das embarca\u00e7\u00f5es locais&#8221;.<\/p>\n<p>&#8220;Sentimo-nos completamente postos de parte quando nenhum euro \u00e9 chamado \u00e0s nossas comunidades e vemos 16 barcos que foram afetados em mil\u00e9simas da sua \u00e1rea de pesca a serem compensados com um milh\u00e3o de euros&#8221;, especificou Augusto Porto.\u00a0<\/p>\n<p>Na altura, Augusto Porto disse ter sido feita &#8220;uma proposta de compensa\u00e7\u00e3o aos pescadores de embarca\u00e7\u00f5es locais entre os 150 a 200 mil euros&#8221;. &#8220;Queremos ser tratados com dignidade, como pessoas que descontam e sofrem muito para trazer sustento para terra&#8221;, referiu, adiantando que os pescadores de embarca\u00e7\u00f5es locais &#8220;est\u00e3o dispostos a ir at\u00e9 \u00e0s \u00faltimas consequ\u00eancias&#8221; para serem &#8220;justamente&#8221; compensados.<\/p>\n\n\n<p><\/p>\n","protected":false},"excerpt":{"rendered":"<p>A associa\u00e7\u00e3o que representa 49 pescadores de Caminha e Viana do Castelo informou hoje que o secret\u00e1rio de Estado das Pescas desloca-se ao Alto Minho na pr\u00f3xima semana para &#8220;negociar&#8221; uma &#8220;compensa\u00e7\u00e3o&#8221; pela instala\u00e7\u00e3o de um parque e\u00f3lico flutuante. &#8220;O presidente da C\u00e2mara de Caminha, Miguel Alves, conseguiu esta janela de oportunidade, para uma negocia\u00e7\u00e3o [&hellip;]<\/p>\n","protected":false},"author":13,"featured_media":32414,"comment_status":"closed","ping_status":"closed","sticky":false,"template":"","format":"standard","meta":{"_exactmetrics_skip_tracking":false,"_exactmetrics_sitenote_active":false,"_exactmetrics_sitenote_note":"","_exactmetrics_sitenote_category":0,"footnotes":""},"categories":[73],"tags":[27],"class_list":["post-32412","post","type-post","status-publish","format-standard","has-post-thumbnail","hentry","category-alto-minho","tag-sociedade"],"yoast_head":"<!-- This site is optimized with the Yoast SEO Premium plugin v27.5 (Yoast SEO v27.5) - https:\/\/yoast.com\/product\/yoast-seo-premium-wordpress\/ -->\n<title>Pescadores de Caminha e Viana e Governo v\u00e3o negociar compensa\u00e7\u00e3o por parque e\u00f3lico<\/title>\n<meta name=\"robots\" content=\"index, follow, max-snippet:-1, max-image-preview:large, max-video-preview:-1\" \/>\n<link rel=\"canonical\" href=\"https:\/\/www.altominho.tv\/site\/2019\/08\/07\/pescadores-de-caminha-e-viana-e-governo-vao-negociar-compensacao-por-parque-eolico\/\" \/>\n<meta property=\"og:locale\" content=\"pt_PT\" \/>\n<meta property=\"og:type\" content=\"article\" \/>\n<meta property=\"og:title\" content=\"Pescadores de Caminha e Viana e Governo v\u00e3o negociar compensa\u00e7\u00e3o por parque e\u00f3lico\" \/>\n<meta property=\"og:description\" content=\"A associa\u00e7\u00e3o que representa 49 pescadores de Caminha e Viana do Castelo informou hoje que o secret\u00e1rio de Estado das Pescas desloca-se ao Alto Minho na pr\u00f3xima semana para &#8220;negociar&#8221; uma &#8220;compensa\u00e7\u00e3o&#8221; pela instala\u00e7\u00e3o de um parque e\u00f3lico flutuante. &#8220;O presidente da C\u00e2mara de Caminha, Miguel Alves, conseguiu esta janela de oportunidade, para uma negocia\u00e7\u00e3o [&hellip;]\" \/>\n<meta property=\"og:url\" content=\"https:\/\/www.altominho.tv\/site\/2019\/08\/07\/pescadores-de-caminha-e-viana-e-governo-vao-negociar-compensacao-por-parque-eolico\/\" \/>\n<meta property=\"og:site_name\" content=\"Altominho.tv\" \/>\n<meta property=\"article:publisher\" content=\"https:\/\/www.facebook.com\/altominhotv\" \/>\n<meta property=\"article:published_time\" content=\"2019-08-07T15:03:55+00:00\" \/>\n<meta property=\"article:modified_time\" content=\"2019-08-07T15:04:01+00:00\" \/>\n<meta property=\"og:image\" content=\"https:\/\/www.altominho.tv\/site\/wp-content\/uploads\/2019\/08\/windfloat.png\" \/>\n\t<meta property=\"og:image:width\" content=\"730\" \/>\n\t<meta property=\"og:image:height\" content=\"376\" \/>\n\t<meta property=\"og:image:type\" content=\"image\/png\" \/>\n<meta name=\"author\" content=\"Lusa\" \/>\n<meta name=\"twitter:card\" content=\"summary_large_image\" \/>\n<meta name=\"twitter:creator\" content=\"@altominhoTV\" \/>\n<meta name=\"twitter:site\" content=\"@altominhoTV\" \/>\n<meta name=\"twitter:label1\" content=\"Escrito por\" \/>\n\t<meta name=\"twitter:data1\" content=\"Lusa\" \/>\n\t<meta name=\"twitter:label2\" content=\"Tempo estimado de leitura\" \/>\n\t<meta name=\"twitter:data2\" content=\"3 minutos\" \/>\n<script type=\"application\/ld+json\" class=\"yoast-schema-graph\">{\"@context\":\"https:\\\/\\\/schema.org\",\"@graph\":[{\"@type\":\"Article\",\"@id\":\"https:\\\/\\\/www.altominho.tv\\\/site\\\/2019\\\/08\\\/07\\\/pescadores-de-caminha-e-viana-e-governo-vao-negociar-compensacao-por-parque-eolico\\\/#article\",\"isPartOf\":{\"@id\":\"https:\\\/\\\/www.altominho.tv\\\/site\\\/2019\\\/08\\\/07\\\/pescadores-de-caminha-e-viana-e-governo-vao-negociar-compensacao-por-parque-eolico\\\/\"},\"author\":{\"name\":\"Lusa\",\"@id\":\"https:\\\/\\\/www.altominho.tv\\\/site\\\/#\\\/schema\\\/person\\\/63f693da3e1899361cbe955c46f3232e\"},\"headline\":\"Pescadores de Caminha e Viana e Governo v\u00e3o negociar compensa\u00e7\u00e3o por parque e\u00f3lico\",\"datePublished\":\"2019-08-07T15:03:55+00:00\",\"dateModified\":\"2019-08-07T15:04:01+00:00\",\"mainEntityOfPage\":{\"@id\":\"https:\\\/\\\/www.altominho.tv\\\/site\\\/2019\\\/08\\\/07\\\/pescadores-de-caminha-e-viana-e-governo-vao-negociar-compensacao-por-parque-eolico\\\/\"},\"wordCount\":568,\"image\":{\"@id\":\"https:\\\/\\\/www.altominho.tv\\\/site\\\/2019\\\/08\\\/07\\\/pescadores-de-caminha-e-viana-e-governo-vao-negociar-compensacao-por-parque-eolico\\\/#primaryimage\"},\"thumbnailUrl\":\"https:\\\/\\\/www.altominho.tv\\\/site\\\/wp-content\\\/uploads\\\/2019\\\/08\\\/windfloat.png\",\"keywords\":[\"Sociedade\"],\"articleSection\":[\"Alto Minho\"],\"inLanguage\":\"pt-PT\",\"copyrightYear\":\"2019\",\"copyrightHolder\":{\"@id\":\"https:\\\/\\\/www.altominho.tv\\\/site\\\/#organization\"}},{\"@type\":\"WebPage\",\"@id\":\"https:\\\/\\\/www.altominho.tv\\\/site\\\/2019\\\/08\\\/07\\\/pescadores-de-caminha-e-viana-e-governo-vao-negociar-compensacao-por-parque-eolico\\\/\",\"url\":\"https:\\\/\\\/www.altominho.tv\\\/site\\\/2019\\\/08\\\/07\\\/pescadores-de-caminha-e-viana-e-governo-vao-negociar-compensacao-por-parque-eolico\\\/\",\"name\":\"Pescadores de Caminha e Viana e Governo v\u00e3o negociar compensa\u00e7\u00e3o por parque e\u00f3lico\",\"isPartOf\":{\"@id\":\"https:\\\/\\\/www.altominho.tv\\\/site\\\/#website\"},\"primaryImageOfPage\":{\"@id\":\"https:\\\/\\\/www.altominho.tv\\\/site\\\/2019\\\/08\\\/07\\\/pescadores-de-caminha-e-viana-e-governo-vao-negociar-compensacao-por-parque-eolico\\\/#primaryimage\"},\"image\":{\"@id\":\"https:\\\/\\\/www.altominho.tv\\\/site\\\/2019\\\/08\\\/07\\\/pescadores-de-caminha-e-viana-e-governo-vao-negociar-compensacao-por-parque-eolico\\\/#primaryimage\"},\"thumbnailUrl\":\"https:\\\/\\\/www.altominho.tv\\\/site\\\/wp-content\\\/uploads\\\/2019\\\/08\\\/windfloat.png\",\"datePublished\":\"2019-08-07T15:03:55+00:00\",\"dateModified\":\"2019-08-07T15:04:01+00:00\",\"author\":{\"@id\":\"https:\\\/\\\/www.altominho.tv\\\/site\\\/#\\\/schema\\\/person\\\/63f693da3e1899361cbe955c46f3232e\"},\"breadcrumb\":{\"@id\":\"https:\\\/\\\/www.altominho.tv\\\/site\\\/2019\\\/08\\\/07\\\/pescadores-de-caminha-e-viana-e-governo-vao-negociar-compensacao-por-parque-eolico\\\/#breadcrumb\"},\"inLanguage\":\"pt-PT\",\"potentialAction\":[{\"@type\":\"ReadAction\",\"target\":[\"https:\\\/\\\/www.altominho.tv\\\/site\\\/2019\\\/08\\\/07\\\/pescadores-de-caminha-e-viana-e-governo-vao-negociar-compensacao-por-parque-eolico\\\/\"]}]},{\"@type\":\"ImageObject\",\"inLanguage\":\"pt-PT\",\"@id\":\"https:\\\/\\\/www.altominho.tv\\\/site\\\/2019\\\/08\\\/07\\\/pescadores-de-caminha-e-viana-e-governo-vao-negociar-compensacao-por-parque-eolico\\\/#primaryimage\",\"url\":\"https:\\\/\\\/www.altominho.tv\\\/site\\\/wp-content\\\/uploads\\\/2019\\\/08\\\/windfloat.png\",\"contentUrl\":\"https:\\\/\\\/www.altominho.tv\\\/site\\\/wp-content\\\/uploads\\\/2019\\\/08\\\/windfloat.png\",\"width\":730,\"height\":376,\"caption\":\"EDP\"},{\"@type\":\"BreadcrumbList\",\"@id\":\"https:\\\/\\\/www.altominho.tv\\\/site\\\/2019\\\/08\\\/07\\\/pescadores-de-caminha-e-viana-e-governo-vao-negociar-compensacao-por-parque-eolico\\\/#breadcrumb\",\"itemListElement\":[{\"@type\":\"ListItem\",\"position\":1,\"name\":\"In\u00edcio\",\"item\":\"https:\\\/\\\/www.altominho.tv\\\/site\\\/\"},{\"@type\":\"ListItem\",\"position\":2,\"name\":\"Pescadores de Caminha e Viana e Governo v\u00e3o negociar compensa\u00e7\u00e3o por parque e\u00f3lico\"}]},{\"@type\":\"WebSite\",\"@id\":\"https:\\\/\\\/www.altominho.tv\\\/site\\\/#website\",\"url\":\"https:\\\/\\\/www.altominho.tv\\\/site\\\/\",\"name\":\"Altominho.tv\",\"description\":\"A sua regi\u00e3o \u00e0 dist\u00e2ncia de um clique...\",\"potentialAction\":[{\"@type\":\"SearchAction\",\"target\":{\"@type\":\"EntryPoint\",\"urlTemplate\":\"https:\\\/\\\/www.altominho.tv\\\/site\\\/?s={search_term_string}\"},\"query-input\":{\"@type\":\"PropertyValueSpecification\",\"valueRequired\":true,\"valueName\":\"search_term_string\"}}],\"inLanguage\":\"pt-PT\"},{\"@type\":\"Person\",\"@id\":\"https:\\\/\\\/www.altominho.tv\\\/site\\\/#\\\/schema\\\/person\\\/63f693da3e1899361cbe955c46f3232e\",\"name\":\"Lusa\",\"image\":{\"@type\":\"ImageObject\",\"inLanguage\":\"pt-PT\",\"@id\":\"https:\\\/\\\/www.altominho.tv\\\/site\\\/wp-content\\\/uploads\\\/2019\\\/08\\\/LUSA_Logo.gif\",\"url\":\"https:\\\/\\\/www.altominho.tv\\\/site\\\/wp-content\\\/uploads\\\/2019\\\/08\\\/LUSA_Logo.gif\",\"contentUrl\":\"https:\\\/\\\/www.altominho.tv\\\/site\\\/wp-content\\\/uploads\\\/2019\\\/08\\\/LUSA_Logo.gif\",\"caption\":\"Lusa\"},\"sameAs\":[\"http:\\\/\\\/\\\/\\\/www.altominho.tv\\\/site\"],\"url\":\"https:\\\/\\\/www.altominho.tv\\\/site\\\/author\\\/lusa\\\/\"}]}<\/script>\n<!-- \/ Yoast SEO Premium plugin. -->","yoast_head_json":{"title":"Pescadores de Caminha e Viana e Governo v\u00e3o negociar compensa\u00e7\u00e3o por parque e\u00f3lico","robots":{"index":"index","follow":"follow","max-snippet":"max-snippet:-1","max-image-preview":"max-image-preview:large","max-video-preview":"max-video-preview:-1"},"canonical":"https:\/\/www.altominho.tv\/site\/2019\/08\/07\/pescadores-de-caminha-e-viana-e-governo-vao-negociar-compensacao-por-parque-eolico\/","og_locale":"pt_PT","og_type":"article","og_title":"Pescadores de Caminha e Viana e Governo v\u00e3o negociar compensa\u00e7\u00e3o por parque e\u00f3lico","og_description":"A associa\u00e7\u00e3o que representa 49 pescadores de Caminha e Viana do Castelo informou hoje que o secret\u00e1rio de Estado das Pescas desloca-se ao Alto Minho na pr\u00f3xima semana para &#8220;negociar&#8221; uma &#8220;compensa\u00e7\u00e3o&#8221; pela instala\u00e7\u00e3o de um parque e\u00f3lico flutuante. &#8220;O presidente da C\u00e2mara de Caminha, Miguel Alves, conseguiu esta janela de oportunidade, para uma negocia\u00e7\u00e3o [&hellip;]","og_url":"https:\/\/www.altominho.tv\/site\/2019\/08\/07\/pescadores-de-caminha-e-viana-e-governo-vao-negociar-compensacao-por-parque-eolico\/","og_site_name":"Altominho.tv","article_publisher":"https:\/\/www.facebook.com\/altominhotv","article_published_time":"2019-08-07T15:03:55+00:00","article_modified_time":"2019-08-07T15:04:01+00:00","og_image":[{"width":730,"height":376,"url":"https:\/\/www.altominho.tv\/site\/wp-content\/uploads\/2019\/08\/windfloat.png","type":"image\/png"}],"author":"Lusa","twitter_card":"summary_large_image","twitter_creator":"@altominhoTV","twitter_site":"@altominhoTV","twitter_misc":{"Escrito por":"Lusa","Tempo estimado de leitura":"3 minutos"},"schema":{"@context":"https:\/\/schema.org","@graph":[{"@type":"Article","@id":"https:\/\/www.altominho.tv\/site\/2019\/08\/07\/pescadores-de-caminha-e-viana-e-governo-vao-negociar-compensacao-por-parque-eolico\/#article","isPartOf":{"@id":"https:\/\/www.altominho.tv\/site\/2019\/08\/07\/pescadores-de-caminha-e-viana-e-governo-vao-negociar-compensacao-por-parque-eolico\/"},"author":{"name":"Lusa","@id":"https:\/\/www.altominho.tv\/site\/#\/schema\/person\/63f693da3e1899361cbe955c46f3232e"},"headline":"Pescadores de Caminha e Viana e Governo v\u00e3o negociar compensa\u00e7\u00e3o por parque e\u00f3lico","datePublished":"2019-08-07T15:03:55+00:00","dateModified":"2019-08-07T15:04:01+00:00","mainEntityOfPage":{"@id":"https:\/\/www.altominho.tv\/site\/2019\/08\/07\/pescadores-de-caminha-e-viana-e-governo-vao-negociar-compensacao-por-parque-eolico\/"},"wordCount":568,"image":{"@id":"https:\/\/www.altominho.tv\/site\/2019\/08\/07\/pescadores-de-caminha-e-viana-e-governo-vao-negociar-compensacao-por-parque-eolico\/#primaryimage"},"thumbnailUrl":"https:\/\/www.altominho.tv\/site\/wp-content\/uploads\/2019\/08\/windfloat.png","keywords":["Sociedade"],"articleSection":["Alto Minho"],"inLanguage":"pt-PT","copyrightYear":"2019","copyrightHolder":{"@id":"https:\/\/www.altominho.tv\/site\/#organization"}},{"@type":"WebPage","@id":"https:\/\/www.altominho.tv\/site\/2019\/08\/07\/pescadores-de-caminha-e-viana-e-governo-vao-negociar-compensacao-por-parque-eolico\/","url":"https:\/\/www.altominho.tv\/site\/2019\/08\/07\/pescadores-de-caminha-e-viana-e-governo-vao-negociar-compensacao-por-parque-eolico\/","name":"Pescadores de Caminha e Viana e Governo v\u00e3o negociar compensa\u00e7\u00e3o por parque e\u00f3lico","isPartOf":{"@id":"https:\/\/www.altominho.tv\/site\/#website"},"primaryImageOfPage":{"@id":"https:\/\/www.altominho.tv\/site\/2019\/08\/07\/pescadores-de-caminha-e-viana-e-governo-vao-negociar-compensacao-por-parque-eolico\/#primaryimage"},"image":{"@id":"https:\/\/www.altominho.tv\/site\/2019\/08\/07\/pescadores-de-caminha-e-viana-e-governo-vao-negociar-compensacao-por-parque-eolico\/#primaryimage"},"thumbnailUrl":"https:\/\/www.altominho.tv\/site\/wp-content\/uploads\/2019\/08\/windfloat.png","datePublished":"2019-08-07T15:03:55+00:00","dateModified":"2019-08-07T15:04:01+00:00","author":{"@id":"https:\/\/www.altominho.tv\/site\/#\/schema\/person\/63f693da3e1899361cbe955c46f3232e"},"breadcrumb":{"@id":"https:\/\/www.altominho.tv\/site\/2019\/08\/07\/pescadores-de-caminha-e-viana-e-governo-vao-negociar-compensacao-por-parque-eolico\/#breadcrumb"},"inLanguage":"pt-PT","potentialAction":[{"@type":"ReadAction","target":["https:\/\/www.altominho.tv\/site\/2019\/08\/07\/pescadores-de-caminha-e-viana-e-governo-vao-negociar-compensacao-por-parque-eolico\/"]}]},{"@type":"ImageObject","inLanguage":"pt-PT","@id":"https:\/\/www.altominho.tv\/site\/2019\/08\/07\/pescadores-de-caminha-e-viana-e-governo-vao-negociar-compensacao-por-parque-eolico\/#primaryimage","url":"https:\/\/www.altominho.tv\/site\/wp-content\/uploads\/2019\/08\/windfloat.png","contentUrl":"https:\/\/www.altominho.tv\/site\/wp-content\/uploads\/2019\/08\/windfloat.png","width":730,"height":376,"caption":"EDP"},{"@type":"BreadcrumbList","@id":"https:\/\/www.altominho.tv\/site\/2019\/08\/07\/pescadores-de-caminha-e-viana-e-governo-vao-negociar-compensacao-por-parque-eolico\/#breadcrumb","itemListElement":[{"@type":"ListItem","position":1,"name":"In\u00edcio","item":"https:\/\/www.altominho.tv\/site\/"},{"@type":"ListItem","position":2,"name":"Pescadores de Caminha e Viana e Governo v\u00e3o negociar compensa\u00e7\u00e3o por parque e\u00f3lico"}]},{"@type":"WebSite","@id":"https:\/\/www.altominho.tv\/site\/#website","url":"https:\/\/www.altominho.tv\/site\/","name":"Altominho.tv","description":"A sua regi\u00e3o \u00e0 dist\u00e2ncia de um clique...","potentialAction":[{"@type":"SearchAction","target":{"@type":"EntryPoint","urlTemplate":"https:\/\/www.altominho.tv\/site\/?s={search_term_string}"},"query-input":{"@type":"PropertyValueSpecification","valueRequired":true,"valueName":"search_term_string"}}],"inLanguage":"pt-PT"},{"@type":"Person","@id":"https:\/\/www.altominho.tv\/site\/#\/schema\/person\/63f693da3e1899361cbe955c46f3232e","name":"Lusa","image":{"@type":"ImageObject","inLanguage":"pt-PT","@id":"https:\/\/www.altominho.tv\/site\/wp-content\/uploads\/2019\/08\/LUSA_Logo.gif","url":"https:\/\/www.altominho.tv\/site\/wp-content\/uploads\/2019\/08\/LUSA_Logo.gif","contentUrl":"https:\/\/www.altominho.tv\/site\/wp-content\/uploads\/2019\/08\/LUSA_Logo.gif","caption":"Lusa"},"sameAs":["http:\/\/\/\/www.altominho.tv\/site"],"url":"https:\/\/www.altominho.tv\/site\/author\/lusa\/"}]}},"_links":{"self":[{"href":"https:\/\/www.altominho.tv\/site\/wp-json\/wp\/v2\/posts\/32412","targetHints":{"allow":["GET"]}}],"collection":[{"href":"https:\/\/www.altominho.tv\/site\/wp-json\/wp\/v2\/posts"}],"about":[{"href":"https:\/\/www.altominho.tv\/site\/wp-json\/wp\/v2\/types\/post"}],"author":[{"embeddable":true,"href":"https:\/\/www.altominho.tv\/site\/wp-json\/wp\/v2\/users\/13"}],"replies":[{"embeddable":true,"href":"https:\/\/www.altominho.tv\/site\/wp-json\/wp\/v2\/comments?post=32412"}],"version-history":[{"count":0,"href":"https:\/\/www.altominho.tv\/site\/wp-json\/wp\/v2\/posts\/32412\/revisions"}],"wp:featuredmedia":[{"embeddable":true,"href":"https:\/\/www.altominho.tv\/site\/wp-json\/wp\/v2\/media\/32414"}],"wp:attachment":[{"href":"https:\/\/www.altominho.tv\/site\/wp-json\/wp\/v2\/media?parent=32412"}],"wp:term":[{"taxonomy":"category","embeddable":true,"href":"https:\/\/www.altominho.tv\/site\/wp-json\/wp\/v2\/categories?post=32412"},{"taxonomy":"post_tag","embeddable":true,"href":"https:\/\/www.altominho.tv\/site\/wp-json\/wp\/v2\/tags?post=32412"}],"curies":[{"name":"wp","href":"https:\/\/api.w.org\/{rel}","templated":true}]}}