{"id":32367,"date":"2019-08-07T10:11:01","date_gmt":"2019-08-07T09:11:01","guid":{"rendered":"http:\/\/www.altominho.tv\/site\/?p=32367"},"modified":"2019-08-07T10:18:09","modified_gmt":"2019-08-07T09:18:09","slug":"renovacoes-e-complicacoes-na-melhor-edicao-de-sempre-do-festival-de-paredes-de-coura","status":"publish","type":"post","link":"https:\/\/www.altominho.tv\/site\/2019\/08\/07\/renovacoes-e-complicacoes-na-melhor-edicao-de-sempre-do-festival-de-paredes-de-coura\/","title":{"rendered":"Renova\u00e7\u00f5es e complica\u00e7\u00f5es na \u201cmelhor edi\u00e7\u00e3o de sempre\u201d do festival de Paredes de Coura"},"content":{"rendered":"<p>A 27.\u00aa edi\u00e7\u00e3o do festival Paredes de Coura \u00e9 j\u00e1 a \u201cmelhor de sempre\u201d, segundo o diretor do evento, Jo\u00e3o Carvalho, mas isso n\u00e3o afastou as \u201crenova\u00e7\u00f5es\u201d constantes, nem os obst\u00e1culos para fechar o cartaz num ano \u201ccomplicado\u201d.<\/p>\n<p>O respons\u00e1vel explicou que, desde 2011, os bilhetes \u201cvendem em maior n\u00famero e cada vez com mais anteced\u00eancia\u201d, tratando-se de um festival que \u201cn\u00e3o para de crescer\u201d, mas que agora \u201catingiu o seu limite\u201d, gra\u00e7as ao aumento de mil bilhetes por dia, estando previstas 26 mil pessoas em cada dia, de 14 a 17 de agosto, na Praia Fluvial do Tabu\u00e3o.<\/p>\n<p>\u201cAument\u00e1mos apenas mil bilhetes, mas criando infraestruturas para que essas pessoas tenham comodidade sem notarem diferen\u00e7as em rela\u00e7\u00e3o ao ano passado. \u00c9 indiscutivelmente a melhor edi\u00e7\u00e3o de sempre, porque o festival n\u00e3o para de crescer e agora atingiu o seu limite. Para o ano n\u00e3o direi que \u00e9 a melhor de sempre, mas posso dizer que \u00e9 a edi\u00e7\u00e3o que est\u00e1 a vender antecipadamente mais\u201d, indicou, em declara\u00e7\u00f5es \u00e0 Lusa.\u00a0<\/p>\n<p>Afirmou ainda que a organiza\u00e7\u00e3o n\u00e3o quer arriscar \u201ca vender mais que a capacidade\u201d para que n\u00e3o se \u201cperca qualidade de vida\u201d, da\u00ed a preocupa\u00e7\u00e3o constante com a melhoria de infraestruturas, \u201cmesmo aquelas que ro\u00e7am a perfei\u00e7\u00e3o\u201d, recorrendo a estudos no terreno para ouvir a opini\u00e3o dos festivaleiros.\u00a0<\/p>\n<p>\u201cO n\u00edvel de satisfa\u00e7\u00e3o tem tido um m\u00e9dia de 9,5. O bom senso diria para deixar estar como est\u00e1, mas n\u00f3s renov\u00e1mos. Este ano cri\u00e1mos mais zonas de descanso, aument\u00e1mos o campismo 20%, n\u00e3o para p\u00f4r mais gente, mas para criar mais condi\u00e7\u00f5es. Todos os campos t\u00eam acesso de emerg\u00eancia, h\u00e1 mais bombeiros, sensibilizadores ambientais e maior recolha e separa\u00e7\u00e3o de lixo. H\u00e1 refor\u00e7o de som, ecr\u00e3s maiores nas laterais e um novo e tamb\u00e9m um \u2018lifting\u2019 do terreno.\u201d, enumerou.<\/p>\n<p>A preocupa\u00e7\u00e3o \u00e9 colocar \u201co p\u00fablico primeiro\u201d, estando j\u00e1 esgotados os passes gerais, que representam 90% da bilheteira, enquanto os restantes 10% s\u00e3o bilhetes di\u00e1rios, entre os quais os dias 14 e 15 est\u00e3o \u201cquase esgotados\u201d, o que \u00e9 uma prova do \u201csucesso do festival e do incr\u00edvel cartaz deste ano\u201d.<\/p>\n<p>\u201cNum ano t\u00e3o complicado para fechar o cartaz, o Paredes de Coura apresenta um dos melhores da Europa. Foi complicado para todos os festivais, porque h\u00e1 cada vez menos cabe\u00e7as de cartaz e os festivais apostam na diversidade musical. Veja-se os outros festivais em Portugal e na Europa que ficaram aqu\u00e9m das vendas. Se pegarmos nos festivais de Ver\u00e3o, chegamos \u00e0 conclus\u00e3o que as vendas s\u00e3o inferiores\u201d, afirmou.\u00a0<\/p>\n<p>Segundo Jo\u00e3o Carvalho, as vendas provam que este \u00e9 \u201co melhor cartaz de sempre\u201d de um festival que ainda tem \u201co m\u00e9rito\u201d de decorrer \u201cnuma terra de nove mil pessoas, que sofre as consequ\u00eancias das terras do interior do pa\u00eds\u201d, e que recebe um dos \u201cbons festivais da Europa, com um cartaz maravilhoso, sem qualquer festival vizinho\u201d.<\/p>\n<p>\u201c\u00c9 f\u00e1cil programar havendo um cartaz de um bom festival em Espanha ou Fran\u00e7a, n\u00f3s fazemo-lo isoladamente. Com a contrariedade ainda de os grandes festivais no mesmo fim de semana estarem do outro lado da Europa. Come\u00e7\u00e1mos a programar o s\u00e1bado, \u00e9 o dia mais dif\u00edcil, porque as bandas est\u00e3o nos outros festivais do outro lado da Europa. Quando conseguimos um cartaz como o deste ano, temos de estar orgulhosos\u201d, sublinhou.<\/p>\n<p>Ainda sobre as atua\u00e7\u00f5es previstas, Jo\u00e3o Carvalho destacou nomes emergentes como Boy Pablo, Flohio ou Julia Jacklin, sem esquecer os \u201cgrandes\u201d como Suede e Patti Smith, \u201cnuma altura em que quase se adivinha que poucos mais concertos [a cantautora] dar\u00e1\u201d, nomeando tamb\u00e9m os New Order como \u201cum sonho para qualquer festival\u201d e ainda os The National, Spiritualized, Deerhunter e Connan Mockasin.\u00a0<\/p>\n<p>A preocupa\u00e7\u00e3o ambiental garantiu ser \u201cde sempre, para sempre\u201d, havendo um \u201cesfor\u00e7o durante todo o ano\u201d para manter inalterado o cen\u00e1rio natural da Praia Fluvial do Tabu\u00e3o.\u00a0<\/p>\n<p>\u201c\u00c9 um espa\u00e7o que atualmente n\u00e3o tem p\u00f3, tem uma relva maravilhosa, fica mais bonita de ano para ano, temos este ano mais gente a trabalhar no ambiente do que alguma vez tivemos. Aumentamos a reciclagem, temos o copo recicl\u00e1vel, h\u00e1 gente a trabalhar na separa\u00e7\u00e3o do lixo e limpeza do espa\u00e7o. Vamos ter atualizadores ambientais no recinto, como em todo o campismo, estamos a falar de 20 hectares de campismo que se quer limpo e arranjado\u201d, vincou.<\/p>\n<p>\u00a0<\/p>\n\n\n<p><\/p>\n","protected":false},"excerpt":{"rendered":"<p>A 27.\u00aa edi\u00e7\u00e3o do festival Paredes de Coura \u00e9 j\u00e1 a \u201cmelhor de sempre\u201d, segundo o diretor do evento, Jo\u00e3o Carvalho, mas isso n\u00e3o afastou as \u201crenova\u00e7\u00f5es\u201d constantes, nem os obst\u00e1culos para fechar o cartaz num ano \u201ccomplicado\u201d. O respons\u00e1vel explicou que, desde 2011, os bilhetes \u201cvendem em maior n\u00famero e cada vez com mais [&hellip;]<\/p>\n","protected":false},"author":13,"featured_media":32368,"comment_status":"closed","ping_status":"closed","sticky":false,"template":"","format":"standard","meta":{"_exactmetrics_skip_tracking":false,"_exactmetrics_sitenote_active":false,"_exactmetrics_sitenote_note":"","_exactmetrics_sitenote_category":0,"footnotes":""},"categories":[10],"tags":[19],"class_list":["post-32367","post","type-post","status-publish","format-standard","has-post-thumbnail","hentry","category-paredes-de-coura","tag-cultura"],"yoast_head":"<!-- This site is optimized with the Yoast SEO Premium plugin v27.5 (Yoast SEO v27.5) - https:\/\/yoast.com\/product\/yoast-seo-premium-wordpress\/ -->\n<title>Renova\u00e7\u00f5es e complica\u00e7\u00f5es na \u201cmelhor edi\u00e7\u00e3o de sempre\u201d do festival de Paredes de Coura<\/title>\n<meta name=\"robots\" content=\"index, follow, max-snippet:-1, max-image-preview:large, max-video-preview:-1\" \/>\n<link rel=\"canonical\" href=\"https:\/\/www.altominho.tv\/site\/2019\/08\/07\/renovacoes-e-complicacoes-na-melhor-edicao-de-sempre-do-festival-de-paredes-de-coura\/\" \/>\n<meta property=\"og:locale\" content=\"pt_PT\" \/>\n<meta property=\"og:type\" content=\"article\" \/>\n<meta property=\"og:title\" content=\"Renova\u00e7\u00f5es e complica\u00e7\u00f5es na \u201cmelhor edi\u00e7\u00e3o de sempre\u201d do festival de Paredes de Coura\" \/>\n<meta property=\"og:description\" content=\"A 27.\u00aa edi\u00e7\u00e3o do festival Paredes de Coura \u00e9 j\u00e1 a \u201cmelhor de sempre\u201d, segundo o diretor do evento, Jo\u00e3o Carvalho, mas isso n\u00e3o afastou as \u201crenova\u00e7\u00f5es\u201d constantes, nem os obst\u00e1culos para fechar o cartaz num ano \u201ccomplicado\u201d. O respons\u00e1vel explicou que, desde 2011, os bilhetes \u201cvendem em maior n\u00famero e cada vez com mais [&hellip;]\" \/>\n<meta property=\"og:url\" content=\"https:\/\/www.altominho.tv\/site\/2019\/08\/07\/renovacoes-e-complicacoes-na-melhor-edicao-de-sempre-do-festival-de-paredes-de-coura\/\" \/>\n<meta property=\"og:site_name\" content=\"Altominho.tv\" \/>\n<meta property=\"article:publisher\" content=\"https:\/\/www.facebook.com\/altominhotv\" \/>\n<meta property=\"article:published_time\" content=\"2019-08-07T09:11:01+00:00\" \/>\n<meta property=\"article:modified_time\" content=\"2019-08-07T09:18:09+00:00\" \/>\n<meta property=\"og:image\" content=\"https:\/\/www.altominho.tv\/site\/wp-content\/uploads\/2019\/08\/Capturar.jpg\" \/>\n\t<meta property=\"og:image:width\" content=\"867\" \/>\n\t<meta property=\"og:image:height\" content=\"443\" \/>\n\t<meta property=\"og:image:type\" content=\"image\/jpeg\" \/>\n<meta name=\"author\" content=\"Lusa\" \/>\n<meta name=\"twitter:card\" content=\"summary_large_image\" \/>\n<meta name=\"twitter:creator\" content=\"@altominhoTV\" \/>\n<meta name=\"twitter:site\" content=\"@altominhoTV\" \/>\n<meta name=\"twitter:label1\" content=\"Escrito por\" \/>\n\t<meta name=\"twitter:data1\" content=\"Lusa\" \/>\n\t<meta name=\"twitter:label2\" content=\"Tempo estimado de leitura\" \/>\n\t<meta name=\"twitter:data2\" content=\"4 minutos\" \/>\n<script type=\"application\/ld+json\" class=\"yoast-schema-graph\">{\"@context\":\"https:\\\/\\\/schema.org\",\"@graph\":[{\"@type\":\"Article\",\"@id\":\"https:\\\/\\\/www.altominho.tv\\\/site\\\/2019\\\/08\\\/07\\\/renovacoes-e-complicacoes-na-melhor-edicao-de-sempre-do-festival-de-paredes-de-coura\\\/#article\",\"isPartOf\":{\"@id\":\"https:\\\/\\\/www.altominho.tv\\\/site\\\/2019\\\/08\\\/07\\\/renovacoes-e-complicacoes-na-melhor-edicao-de-sempre-do-festival-de-paredes-de-coura\\\/\"},\"author\":{\"name\":\"Lusa\",\"@id\":\"https:\\\/\\\/www.altominho.tv\\\/site\\\/#\\\/schema\\\/person\\\/63f693da3e1899361cbe955c46f3232e\"},\"headline\":\"Renova\u00e7\u00f5es e complica\u00e7\u00f5es na \u201cmelhor edi\u00e7\u00e3o de sempre\u201d do festival de Paredes de Coura\",\"datePublished\":\"2019-08-07T09:11:01+00:00\",\"dateModified\":\"2019-08-07T09:18:09+00:00\",\"mainEntityOfPage\":{\"@id\":\"https:\\\/\\\/www.altominho.tv\\\/site\\\/2019\\\/08\\\/07\\\/renovacoes-e-complicacoes-na-melhor-edicao-de-sempre-do-festival-de-paredes-de-coura\\\/\"},\"wordCount\":780,\"image\":{\"@id\":\"https:\\\/\\\/www.altominho.tv\\\/site\\\/2019\\\/08\\\/07\\\/renovacoes-e-complicacoes-na-melhor-edicao-de-sempre-do-festival-de-paredes-de-coura\\\/#primaryimage\"},\"thumbnailUrl\":\"https:\\\/\\\/www.altominho.tv\\\/site\\\/wp-content\\\/uploads\\\/2019\\\/08\\\/Capturar.jpg\",\"keywords\":[\"Cultura\"],\"articleSection\":[\"Paredes de Coura\"],\"inLanguage\":\"pt-PT\",\"copyrightYear\":\"2019\",\"copyrightHolder\":{\"@id\":\"https:\\\/\\\/www.altominho.tv\\\/site\\\/#organization\"}},{\"@type\":\"WebPage\",\"@id\":\"https:\\\/\\\/www.altominho.tv\\\/site\\\/2019\\\/08\\\/07\\\/renovacoes-e-complicacoes-na-melhor-edicao-de-sempre-do-festival-de-paredes-de-coura\\\/\",\"url\":\"https:\\\/\\\/www.altominho.tv\\\/site\\\/2019\\\/08\\\/07\\\/renovacoes-e-complicacoes-na-melhor-edicao-de-sempre-do-festival-de-paredes-de-coura\\\/\",\"name\":\"Renova\u00e7\u00f5es e complica\u00e7\u00f5es na \u201cmelhor edi\u00e7\u00e3o de sempre\u201d do festival de Paredes de Coura\",\"isPartOf\":{\"@id\":\"https:\\\/\\\/www.altominho.tv\\\/site\\\/#website\"},\"primaryImageOfPage\":{\"@id\":\"https:\\\/\\\/www.altominho.tv\\\/site\\\/2019\\\/08\\\/07\\\/renovacoes-e-complicacoes-na-melhor-edicao-de-sempre-do-festival-de-paredes-de-coura\\\/#primaryimage\"},\"image\":{\"@id\":\"https:\\\/\\\/www.altominho.tv\\\/site\\\/2019\\\/08\\\/07\\\/renovacoes-e-complicacoes-na-melhor-edicao-de-sempre-do-festival-de-paredes-de-coura\\\/#primaryimage\"},\"thumbnailUrl\":\"https:\\\/\\\/www.altominho.tv\\\/site\\\/wp-content\\\/uploads\\\/2019\\\/08\\\/Capturar.jpg\",\"datePublished\":\"2019-08-07T09:11:01+00:00\",\"dateModified\":\"2019-08-07T09:18:09+00:00\",\"author\":{\"@id\":\"https:\\\/\\\/www.altominho.tv\\\/site\\\/#\\\/schema\\\/person\\\/63f693da3e1899361cbe955c46f3232e\"},\"breadcrumb\":{\"@id\":\"https:\\\/\\\/www.altominho.tv\\\/site\\\/2019\\\/08\\\/07\\\/renovacoes-e-complicacoes-na-melhor-edicao-de-sempre-do-festival-de-paredes-de-coura\\\/#breadcrumb\"},\"inLanguage\":\"pt-PT\",\"potentialAction\":[{\"@type\":\"ReadAction\",\"target\":[\"https:\\\/\\\/www.altominho.tv\\\/site\\\/2019\\\/08\\\/07\\\/renovacoes-e-complicacoes-na-melhor-edicao-de-sempre-do-festival-de-paredes-de-coura\\\/\"]}]},{\"@type\":\"ImageObject\",\"inLanguage\":\"pt-PT\",\"@id\":\"https:\\\/\\\/www.altominho.tv\\\/site\\\/2019\\\/08\\\/07\\\/renovacoes-e-complicacoes-na-melhor-edicao-de-sempre-do-festival-de-paredes-de-coura\\\/#primaryimage\",\"url\":\"https:\\\/\\\/www.altominho.tv\\\/site\\\/wp-content\\\/uploads\\\/2019\\\/08\\\/Capturar.jpg\",\"contentUrl\":\"https:\\\/\\\/www.altominho.tv\\\/site\\\/wp-content\\\/uploads\\\/2019\\\/08\\\/Capturar.jpg\",\"width\":867,\"height\":443},{\"@type\":\"BreadcrumbList\",\"@id\":\"https:\\\/\\\/www.altominho.tv\\\/site\\\/2019\\\/08\\\/07\\\/renovacoes-e-complicacoes-na-melhor-edicao-de-sempre-do-festival-de-paredes-de-coura\\\/#breadcrumb\",\"itemListElement\":[{\"@type\":\"ListItem\",\"position\":1,\"name\":\"In\u00edcio\",\"item\":\"https:\\\/\\\/www.altominho.tv\\\/site\\\/\"},{\"@type\":\"ListItem\",\"position\":2,\"name\":\"Renova\u00e7\u00f5es e complica\u00e7\u00f5es na \u201cmelhor edi\u00e7\u00e3o de sempre\u201d do festival de Paredes de Coura\"}]},{\"@type\":\"WebSite\",\"@id\":\"https:\\\/\\\/www.altominho.tv\\\/site\\\/#website\",\"url\":\"https:\\\/\\\/www.altominho.tv\\\/site\\\/\",\"name\":\"Altominho.tv\",\"description\":\"A sua regi\u00e3o \u00e0 dist\u00e2ncia de um clique...\",\"potentialAction\":[{\"@type\":\"SearchAction\",\"target\":{\"@type\":\"EntryPoint\",\"urlTemplate\":\"https:\\\/\\\/www.altominho.tv\\\/site\\\/?s={search_term_string}\"},\"query-input\":{\"@type\":\"PropertyValueSpecification\",\"valueRequired\":true,\"valueName\":\"search_term_string\"}}],\"inLanguage\":\"pt-PT\"},{\"@type\":\"Person\",\"@id\":\"https:\\\/\\\/www.altominho.tv\\\/site\\\/#\\\/schema\\\/person\\\/63f693da3e1899361cbe955c46f3232e\",\"name\":\"Lusa\",\"image\":{\"@type\":\"ImageObject\",\"inLanguage\":\"pt-PT\",\"@id\":\"https:\\\/\\\/www.altominho.tv\\\/site\\\/wp-content\\\/uploads\\\/2019\\\/08\\\/LUSA_Logo.gif\",\"url\":\"https:\\\/\\\/www.altominho.tv\\\/site\\\/wp-content\\\/uploads\\\/2019\\\/08\\\/LUSA_Logo.gif\",\"contentUrl\":\"https:\\\/\\\/www.altominho.tv\\\/site\\\/wp-content\\\/uploads\\\/2019\\\/08\\\/LUSA_Logo.gif\",\"caption\":\"Lusa\"},\"sameAs\":[\"http:\\\/\\\/\\\/\\\/www.altominho.tv\\\/site\"],\"url\":\"https:\\\/\\\/www.altominho.tv\\\/site\\\/author\\\/lusa\\\/\"}]}<\/script>\n<!-- \/ Yoast SEO Premium plugin. -->","yoast_head_json":{"title":"Renova\u00e7\u00f5es e complica\u00e7\u00f5es na \u201cmelhor edi\u00e7\u00e3o de sempre\u201d do festival de Paredes de Coura","robots":{"index":"index","follow":"follow","max-snippet":"max-snippet:-1","max-image-preview":"max-image-preview:large","max-video-preview":"max-video-preview:-1"},"canonical":"https:\/\/www.altominho.tv\/site\/2019\/08\/07\/renovacoes-e-complicacoes-na-melhor-edicao-de-sempre-do-festival-de-paredes-de-coura\/","og_locale":"pt_PT","og_type":"article","og_title":"Renova\u00e7\u00f5es e complica\u00e7\u00f5es na \u201cmelhor edi\u00e7\u00e3o de sempre\u201d do festival de Paredes de Coura","og_description":"A 27.\u00aa edi\u00e7\u00e3o do festival Paredes de Coura \u00e9 j\u00e1 a \u201cmelhor de sempre\u201d, segundo o diretor do evento, Jo\u00e3o Carvalho, mas isso n\u00e3o afastou as \u201crenova\u00e7\u00f5es\u201d constantes, nem os obst\u00e1culos para fechar o cartaz num ano \u201ccomplicado\u201d. O respons\u00e1vel explicou que, desde 2011, os bilhetes \u201cvendem em maior n\u00famero e cada vez com mais [&hellip;]","og_url":"https:\/\/www.altominho.tv\/site\/2019\/08\/07\/renovacoes-e-complicacoes-na-melhor-edicao-de-sempre-do-festival-de-paredes-de-coura\/","og_site_name":"Altominho.tv","article_publisher":"https:\/\/www.facebook.com\/altominhotv","article_published_time":"2019-08-07T09:11:01+00:00","article_modified_time":"2019-08-07T09:18:09+00:00","og_image":[{"width":867,"height":443,"url":"https:\/\/www.altominho.tv\/site\/wp-content\/uploads\/2019\/08\/Capturar.jpg","type":"image\/jpeg"}],"author":"Lusa","twitter_card":"summary_large_image","twitter_creator":"@altominhoTV","twitter_site":"@altominhoTV","twitter_misc":{"Escrito por":"Lusa","Tempo estimado de leitura":"4 minutos"},"schema":{"@context":"https:\/\/schema.org","@graph":[{"@type":"Article","@id":"https:\/\/www.altominho.tv\/site\/2019\/08\/07\/renovacoes-e-complicacoes-na-melhor-edicao-de-sempre-do-festival-de-paredes-de-coura\/#article","isPartOf":{"@id":"https:\/\/www.altominho.tv\/site\/2019\/08\/07\/renovacoes-e-complicacoes-na-melhor-edicao-de-sempre-do-festival-de-paredes-de-coura\/"},"author":{"name":"Lusa","@id":"https:\/\/www.altominho.tv\/site\/#\/schema\/person\/63f693da3e1899361cbe955c46f3232e"},"headline":"Renova\u00e7\u00f5es e complica\u00e7\u00f5es na \u201cmelhor edi\u00e7\u00e3o de sempre\u201d do festival de Paredes de Coura","datePublished":"2019-08-07T09:11:01+00:00","dateModified":"2019-08-07T09:18:09+00:00","mainEntityOfPage":{"@id":"https:\/\/www.altominho.tv\/site\/2019\/08\/07\/renovacoes-e-complicacoes-na-melhor-edicao-de-sempre-do-festival-de-paredes-de-coura\/"},"wordCount":780,"image":{"@id":"https:\/\/www.altominho.tv\/site\/2019\/08\/07\/renovacoes-e-complicacoes-na-melhor-edicao-de-sempre-do-festival-de-paredes-de-coura\/#primaryimage"},"thumbnailUrl":"https:\/\/www.altominho.tv\/site\/wp-content\/uploads\/2019\/08\/Capturar.jpg","keywords":["Cultura"],"articleSection":["Paredes de Coura"],"inLanguage":"pt-PT","copyrightYear":"2019","copyrightHolder":{"@id":"https:\/\/www.altominho.tv\/site\/#organization"}},{"@type":"WebPage","@id":"https:\/\/www.altominho.tv\/site\/2019\/08\/07\/renovacoes-e-complicacoes-na-melhor-edicao-de-sempre-do-festival-de-paredes-de-coura\/","url":"https:\/\/www.altominho.tv\/site\/2019\/08\/07\/renovacoes-e-complicacoes-na-melhor-edicao-de-sempre-do-festival-de-paredes-de-coura\/","name":"Renova\u00e7\u00f5es e complica\u00e7\u00f5es na \u201cmelhor edi\u00e7\u00e3o de sempre\u201d do festival de Paredes de Coura","isPartOf":{"@id":"https:\/\/www.altominho.tv\/site\/#website"},"primaryImageOfPage":{"@id":"https:\/\/www.altominho.tv\/site\/2019\/08\/07\/renovacoes-e-complicacoes-na-melhor-edicao-de-sempre-do-festival-de-paredes-de-coura\/#primaryimage"},"image":{"@id":"https:\/\/www.altominho.tv\/site\/2019\/08\/07\/renovacoes-e-complicacoes-na-melhor-edicao-de-sempre-do-festival-de-paredes-de-coura\/#primaryimage"},"thumbnailUrl":"https:\/\/www.altominho.tv\/site\/wp-content\/uploads\/2019\/08\/Capturar.jpg","datePublished":"2019-08-07T09:11:01+00:00","dateModified":"2019-08-07T09:18:09+00:00","author":{"@id":"https:\/\/www.altominho.tv\/site\/#\/schema\/person\/63f693da3e1899361cbe955c46f3232e"},"breadcrumb":{"@id":"https:\/\/www.altominho.tv\/site\/2019\/08\/07\/renovacoes-e-complicacoes-na-melhor-edicao-de-sempre-do-festival-de-paredes-de-coura\/#breadcrumb"},"inLanguage":"pt-PT","potentialAction":[{"@type":"ReadAction","target":["https:\/\/www.altominho.tv\/site\/2019\/08\/07\/renovacoes-e-complicacoes-na-melhor-edicao-de-sempre-do-festival-de-paredes-de-coura\/"]}]},{"@type":"ImageObject","inLanguage":"pt-PT","@id":"https:\/\/www.altominho.tv\/site\/2019\/08\/07\/renovacoes-e-complicacoes-na-melhor-edicao-de-sempre-do-festival-de-paredes-de-coura\/#primaryimage","url":"https:\/\/www.altominho.tv\/site\/wp-content\/uploads\/2019\/08\/Capturar.jpg","contentUrl":"https:\/\/www.altominho.tv\/site\/wp-content\/uploads\/2019\/08\/Capturar.jpg","width":867,"height":443},{"@type":"BreadcrumbList","@id":"https:\/\/www.altominho.tv\/site\/2019\/08\/07\/renovacoes-e-complicacoes-na-melhor-edicao-de-sempre-do-festival-de-paredes-de-coura\/#breadcrumb","itemListElement":[{"@type":"ListItem","position":1,"name":"In\u00edcio","item":"https:\/\/www.altominho.tv\/site\/"},{"@type":"ListItem","position":2,"name":"Renova\u00e7\u00f5es e complica\u00e7\u00f5es na \u201cmelhor edi\u00e7\u00e3o de sempre\u201d do festival de Paredes de Coura"}]},{"@type":"WebSite","@id":"https:\/\/www.altominho.tv\/site\/#website","url":"https:\/\/www.altominho.tv\/site\/","name":"Altominho.tv","description":"A sua regi\u00e3o \u00e0 dist\u00e2ncia de um clique...","potentialAction":[{"@type":"SearchAction","target":{"@type":"EntryPoint","urlTemplate":"https:\/\/www.altominho.tv\/site\/?s={search_term_string}"},"query-input":{"@type":"PropertyValueSpecification","valueRequired":true,"valueName":"search_term_string"}}],"inLanguage":"pt-PT"},{"@type":"Person","@id":"https:\/\/www.altominho.tv\/site\/#\/schema\/person\/63f693da3e1899361cbe955c46f3232e","name":"Lusa","image":{"@type":"ImageObject","inLanguage":"pt-PT","@id":"https:\/\/www.altominho.tv\/site\/wp-content\/uploads\/2019\/08\/LUSA_Logo.gif","url":"https:\/\/www.altominho.tv\/site\/wp-content\/uploads\/2019\/08\/LUSA_Logo.gif","contentUrl":"https:\/\/www.altominho.tv\/site\/wp-content\/uploads\/2019\/08\/LUSA_Logo.gif","caption":"Lusa"},"sameAs":["http:\/\/\/\/www.altominho.tv\/site"],"url":"https:\/\/www.altominho.tv\/site\/author\/lusa\/"}]}},"_links":{"self":[{"href":"https:\/\/www.altominho.tv\/site\/wp-json\/wp\/v2\/posts\/32367","targetHints":{"allow":["GET"]}}],"collection":[{"href":"https:\/\/www.altominho.tv\/site\/wp-json\/wp\/v2\/posts"}],"about":[{"href":"https:\/\/www.altominho.tv\/site\/wp-json\/wp\/v2\/types\/post"}],"author":[{"embeddable":true,"href":"https:\/\/www.altominho.tv\/site\/wp-json\/wp\/v2\/users\/13"}],"replies":[{"embeddable":true,"href":"https:\/\/www.altominho.tv\/site\/wp-json\/wp\/v2\/comments?post=32367"}],"version-history":[{"count":0,"href":"https:\/\/www.altominho.tv\/site\/wp-json\/wp\/v2\/posts\/32367\/revisions"}],"wp:featuredmedia":[{"embeddable":true,"href":"https:\/\/www.altominho.tv\/site\/wp-json\/wp\/v2\/media\/32368"}],"wp:attachment":[{"href":"https:\/\/www.altominho.tv\/site\/wp-json\/wp\/v2\/media?parent=32367"}],"wp:term":[{"taxonomy":"category","embeddable":true,"href":"https:\/\/www.altominho.tv\/site\/wp-json\/wp\/v2\/categories?post=32367"},{"taxonomy":"post_tag","embeddable":true,"href":"https:\/\/www.altominho.tv\/site\/wp-json\/wp\/v2\/tags?post=32367"}],"curies":[{"name":"wp","href":"https:\/\/api.w.org\/{rel}","templated":true}]}}