{"id":32334,"date":"2019-08-06T17:29:49","date_gmt":"2019-08-06T16:29:49","guid":{"rendered":"http:\/\/www.altominho.tv\/site\/?p=32334"},"modified":"2019-08-06T17:36:22","modified_gmt":"2019-08-06T16:36:22","slug":"complexidade-do-primeiro-navio-oceanico-fabricado-em-portugal-atrasa-partida-de-viana-do-castelo","status":"publish","type":"post","link":"https:\/\/www.altominho.tv\/site\/2019\/08\/06\/complexidade-do-primeiro-navio-oceanico-fabricado-em-portugal-atrasa-partida-de-viana-do-castelo\/","title":{"rendered":"Complexidade do primeiro navio oce\u00e2nico fabricado em Portugal atrasa partida de Viana do Castelo"},"content":{"rendered":"<p>O empres\u00e1rio M\u00e1rio Ferreira apontou hoje a &#8220;complexidade&#8221; do primeiro navio oce\u00e2nico &#8220;integralmente concebido e fabricado&#8221; em Portugal como um dos fatores do atraso, de cerca de tr\u00eas meses, na partida dos estaleiros da WestSea, em Viana do Castelo.<\/p>\n<p>&#8220;Quando se est\u00e1 a desenvolver um prot\u00f3tipo de uma s\u00e9rie que se quer construir, \u00e9 normal que os atrasos aconte\u00e7am. S\u00e3o navios muito espec\u00edficos e muito evolu\u00eddos tecnicamente que requerem um conjunto de testes e de provas, ap\u00f3s a constru\u00e7\u00e3o, que s\u00e3o bastante demorados&#8221;, disse hoje o empres\u00e1rio em declara\u00e7\u00f5es \u00e0 ag\u00eancia Lusa.<\/p>\n<p>O navio MS World Explorer, um investimento de 70 milh\u00f5es de euros da Mystic Invest de M\u00e1rio Ferreira, \u00e9 o primeiro de uma s\u00e9rie de tr\u00eas j\u00e1 encomendados. Foi batizado em abril nos estaleiros da WestSea e deveria ter zarpado em maio, mas a partida aconteceu a 01 de agosto.<\/p>\n<p>Hoje partiu de Reyjkavic, Isl\u00e2ndia, para uma viagem de 13 dias, com 180 passageiros alem\u00e3es a bordo, aos mares do Norte at\u00e9 \u00e0 Gronel\u00e2ndia.<\/p>\n<p>No in\u00edcio de setembro, O MS World Explorer parte para os Fiordes da Noruega e para o mar do Norte. Depois regressa a Portugal para &#8220;preparar a travessia transatl\u00e2ntica at\u00e9 ao Brasil, a caminho da Ant\u00e1rtida onde o navio portugu\u00eas ir\u00e1 realizar cruzeiros de expedi\u00e7\u00e3o, no final deste ano&#8221;.<\/p>\n<p>M\u00e1rio Ferreira, que partiu de Viana do Castelo a bordo do World Explorer at\u00e9 \u00e0 capital da Isl\u00e2ndia, onde atracou na segunda-feira, adiantou que &#8220;os testes e as afina\u00e7\u00f5es de todos os sistemas fizeram com que o prazo se alongasse mais do que o previsto&#8221;.<\/p>\n<p>&#8220;Queremos ter um bom navio&#8221;, disse, adiantando que a viagem entre Viana do Castelo e a Isl\u00e2ndia, decorreu durante &#8220;quatro dias e meio e dentro do previsto&#8221;.<\/p>\n<p>Segundo o empres\u00e1rio, &#8220;os problemas com que a tripula\u00e7\u00e3o se foi deparando ao longo da constru\u00e7\u00e3o j\u00e1 foram melhorados e corrigidos&#8221;.<\/p>\n<p>M\u00e1rio Ferreira acrescentou que a &#8220;experi\u00eancia&#8221; adquirida com este &#8220;prot\u00f3tipo&#8221; vai ser importante na constru\u00e7\u00e3o do segundo navio da s\u00e9rie, &#8220;em fase avan\u00e7ada&#8221;, na WestSea, subconcession\u00e1ria dos extintos Estaleiros Navais de Viana do Castelo (ENVC).<\/p>\n<p>&#8220;O segundo navio tem de estar em atividade em maio de 2020 porque j\u00e1 est\u00e3o bilhetes vendidos para essa altura&#8221;, destacou, referindo-se ao MS World Voyager. J\u00e1 o MS World Navigator dever\u00e1 come\u00e7ar a operar em 2021.<\/p>\n<p>A constru\u00e7\u00e3o destes dois navios representa um investimento de 165 milh\u00f5es de euros, financiado pelo ICBC Leasing, Banco Industrial e Comercial da China.<\/p>\n<p>M\u00e1rio Ferreira queixou-se ainda da &#8220;grande dificuldade&#8221; na contrata\u00e7\u00e3o de m\u00e3o-de-obra qualificada para a constru\u00e7\u00e3o dos navios que encomendou aos estaleiros de Viana do Castelo. &#8220;Tem-se notado uma grande dificuldade na m\u00e3o-de-obra qualificada. Os prazos de entrega de equipamentos est\u00e3o tamb\u00e9m bastante mais alargados do que o costume&#8221;.<\/p>\n<p>O empres\u00e1rio justificou aquela &#8220;dificuldade&#8221; com a &#8220;grande concorr\u00eancia que o setor da constru\u00e7\u00e3o naval, vive na Europa&#8221;.<\/p>\n<p>&#8220;Os estaleiros de Viana do Castelo e os de Vigo, na Galiza, t\u00eam uma concorr\u00eancia muito forte do norte da Europa. Na Alemanha, e na Fran\u00e7a, tamb\u00e9m est\u00e3o com muita necessidade de capacidade t\u00e9cnica. Todos tentam captar os t\u00e9cnicos mais talentosos. Isto \u00e9 fruto da pujan\u00e7a de todo o setor da constru\u00e7\u00e3o naval na Europa e ao qual o estaleiro de Viana do Castelo agora tamb\u00e9m se juntou&#8221;, sustentou.<\/p>\n<p>M\u00e1rio Ferreira defendeu a aposta na forma\u00e7\u00e3o de quadros interm\u00e9dios. &#8220;Precisamos de pessoas que percebam de mec\u00e2nica, eletricidade, carpintaria. Durante anos, o nosso ensino n\u00e3o estava muito orientado para essas \u00e1reas. O que se tem notado \u00e9 que os bons mec\u00e2nicos, eletricistas e carpinteiros j\u00e1 est\u00e3o com alguma idade e muitos a pensar a reforma os mais jovens s\u00e3o poucos. Precisamos de mais gente, no pa\u00eds, com estas especialidades&#8221;, especificou.<\/p>\n<p>O navio tem 126 metros de comprimento, 19 metros de largura e 4,7 metros de calado, oito pisos, sendo que seis s\u00e3o para os 200 passageiros e 110 tripulantes.<\/p>\n\n\n<p><\/p>\n","protected":false},"excerpt":{"rendered":"<p>O empres\u00e1rio M\u00e1rio Ferreira apontou hoje a &#8220;complexidade&#8221; do primeiro navio oce\u00e2nico &#8220;integralmente concebido e fabricado&#8221; em Portugal como um dos fatores do atraso, de cerca de tr\u00eas meses, na partida dos estaleiros da WestSea, em Viana do Castelo. &#8220;Quando se est\u00e1 a desenvolver um prot\u00f3tipo de uma s\u00e9rie que se quer construir, \u00e9 normal [&hellip;]<\/p>\n","protected":false},"author":15,"featured_media":32335,"comment_status":"closed","ping_status":"closed","sticky":false,"template":"","format":"standard","meta":{"_exactmetrics_skip_tracking":false,"_exactmetrics_sitenote_active":false,"_exactmetrics_sitenote_note":"","_exactmetrics_sitenote_category":0,"footnotes":""},"categories":[14],"tags":[27],"class_list":["post-32334","post","type-post","status-publish","format-standard","has-post-thumbnail","hentry","category-viana-do-castelo","tag-sociedade"],"yoast_head":"<!-- This site is optimized with the Yoast SEO Premium plugin v27.5 (Yoast SEO v27.5) - https:\/\/yoast.com\/product\/yoast-seo-premium-wordpress\/ -->\n<title>Complexidade do primeiro navio oce\u00e2nico fabricado em Portugal atrasa partida de Viana do Castelo<\/title>\n<meta name=\"robots\" content=\"index, follow, max-snippet:-1, max-image-preview:large, max-video-preview:-1\" \/>\n<link rel=\"canonical\" href=\"https:\/\/www.altominho.tv\/site\/2019\/08\/06\/complexidade-do-primeiro-navio-oceanico-fabricado-em-portugal-atrasa-partida-de-viana-do-castelo\/\" \/>\n<meta property=\"og:locale\" content=\"pt_PT\" \/>\n<meta property=\"og:type\" content=\"article\" \/>\n<meta property=\"og:title\" content=\"Complexidade do primeiro navio oce\u00e2nico fabricado em Portugal atrasa partida de Viana do Castelo\" \/>\n<meta property=\"og:description\" content=\"O empres\u00e1rio M\u00e1rio Ferreira apontou hoje a &#8220;complexidade&#8221; do primeiro navio oce\u00e2nico &#8220;integralmente concebido e fabricado&#8221; em Portugal como um dos fatores do atraso, de cerca de tr\u00eas meses, na partida dos estaleiros da WestSea, em Viana do Castelo. &#8220;Quando se est\u00e1 a desenvolver um prot\u00f3tipo de uma s\u00e9rie que se quer construir, \u00e9 normal [&hellip;]\" \/>\n<meta property=\"og:url\" content=\"https:\/\/www.altominho.tv\/site\/2019\/08\/06\/complexidade-do-primeiro-navio-oceanico-fabricado-em-portugal-atrasa-partida-de-viana-do-castelo\/\" \/>\n<meta property=\"og:site_name\" content=\"Altominho.tv\" \/>\n<meta property=\"article:publisher\" content=\"https:\/\/www.facebook.com\/altominhotv\" \/>\n<meta property=\"article:published_time\" content=\"2019-08-06T16:29:49+00:00\" \/>\n<meta property=\"article:modified_time\" content=\"2019-08-06T16:36:22+00:00\" \/>\n<meta property=\"og:image\" content=\"https:\/\/www.altominho.tv\/site\/wp-content\/uploads\/2019\/08\/we_31-740x381.jpg\" \/>\n\t<meta property=\"og:image:width\" content=\"740\" \/>\n\t<meta property=\"og:image:height\" content=\"381\" \/>\n\t<meta property=\"og:image:type\" content=\"image\/jpeg\" \/>\n<meta name=\"author\" content=\"Andreia Ferreira | Lusa\" \/>\n<meta name=\"twitter:card\" content=\"summary_large_image\" \/>\n<meta name=\"twitter:creator\" content=\"@altominhoTV\" \/>\n<meta name=\"twitter:site\" content=\"@altominhoTV\" \/>\n<meta name=\"twitter:label1\" content=\"Escrito por\" \/>\n\t<meta name=\"twitter:data1\" content=\"Andreia Ferreira | Lusa\" \/>\n\t<meta name=\"twitter:label2\" content=\"Tempo estimado de leitura\" \/>\n\t<meta name=\"twitter:data2\" content=\"3 minutos\" \/>\n<script type=\"application\/ld+json\" class=\"yoast-schema-graph\">{\"@context\":\"https:\\\/\\\/schema.org\",\"@graph\":[{\"@type\":\"Article\",\"@id\":\"https:\\\/\\\/www.altominho.tv\\\/site\\\/2019\\\/08\\\/06\\\/complexidade-do-primeiro-navio-oceanico-fabricado-em-portugal-atrasa-partida-de-viana-do-castelo\\\/#article\",\"isPartOf\":{\"@id\":\"https:\\\/\\\/www.altominho.tv\\\/site\\\/2019\\\/08\\\/06\\\/complexidade-do-primeiro-navio-oceanico-fabricado-em-portugal-atrasa-partida-de-viana-do-castelo\\\/\"},\"author\":{\"name\":\"Andreia Ferreira | Lusa\",\"@id\":\"https:\\\/\\\/www.altominho.tv\\\/site\\\/#\\\/schema\\\/person\\\/a0bff6dc1041aadd46fa81887444b017\"},\"headline\":\"Complexidade do primeiro navio oce\u00e2nico fabricado em Portugal atrasa partida de Viana do Castelo\",\"datePublished\":\"2019-08-06T16:29:49+00:00\",\"dateModified\":\"2019-08-06T16:36:22+00:00\",\"mainEntityOfPage\":{\"@id\":\"https:\\\/\\\/www.altominho.tv\\\/site\\\/2019\\\/08\\\/06\\\/complexidade-do-primeiro-navio-oceanico-fabricado-em-portugal-atrasa-partida-de-viana-do-castelo\\\/\"},\"wordCount\":709,\"image\":{\"@id\":\"https:\\\/\\\/www.altominho.tv\\\/site\\\/2019\\\/08\\\/06\\\/complexidade-do-primeiro-navio-oceanico-fabricado-em-portugal-atrasa-partida-de-viana-do-castelo\\\/#primaryimage\"},\"thumbnailUrl\":\"https:\\\/\\\/www.altominho.tv\\\/site\\\/wp-content\\\/uploads\\\/2019\\\/08\\\/we_31-740x381.jpg\",\"keywords\":[\"Sociedade\"],\"articleSection\":[\"Viana do Castelo\"],\"inLanguage\":\"pt-PT\",\"copyrightYear\":\"2019\",\"copyrightHolder\":{\"@id\":\"https:\\\/\\\/www.altominho.tv\\\/site\\\/#organization\"}},{\"@type\":\"WebPage\",\"@id\":\"https:\\\/\\\/www.altominho.tv\\\/site\\\/2019\\\/08\\\/06\\\/complexidade-do-primeiro-navio-oceanico-fabricado-em-portugal-atrasa-partida-de-viana-do-castelo\\\/\",\"url\":\"https:\\\/\\\/www.altominho.tv\\\/site\\\/2019\\\/08\\\/06\\\/complexidade-do-primeiro-navio-oceanico-fabricado-em-portugal-atrasa-partida-de-viana-do-castelo\\\/\",\"name\":\"Complexidade do primeiro navio oce\u00e2nico fabricado em Portugal atrasa partida de Viana do Castelo\",\"isPartOf\":{\"@id\":\"https:\\\/\\\/www.altominho.tv\\\/site\\\/#website\"},\"primaryImageOfPage\":{\"@id\":\"https:\\\/\\\/www.altominho.tv\\\/site\\\/2019\\\/08\\\/06\\\/complexidade-do-primeiro-navio-oceanico-fabricado-em-portugal-atrasa-partida-de-viana-do-castelo\\\/#primaryimage\"},\"image\":{\"@id\":\"https:\\\/\\\/www.altominho.tv\\\/site\\\/2019\\\/08\\\/06\\\/complexidade-do-primeiro-navio-oceanico-fabricado-em-portugal-atrasa-partida-de-viana-do-castelo\\\/#primaryimage\"},\"thumbnailUrl\":\"https:\\\/\\\/www.altominho.tv\\\/site\\\/wp-content\\\/uploads\\\/2019\\\/08\\\/we_31-740x381.jpg\",\"datePublished\":\"2019-08-06T16:29:49+00:00\",\"dateModified\":\"2019-08-06T16:36:22+00:00\",\"author\":{\"@id\":\"https:\\\/\\\/www.altominho.tv\\\/site\\\/#\\\/schema\\\/person\\\/a0bff6dc1041aadd46fa81887444b017\"},\"breadcrumb\":{\"@id\":\"https:\\\/\\\/www.altominho.tv\\\/site\\\/2019\\\/08\\\/06\\\/complexidade-do-primeiro-navio-oceanico-fabricado-em-portugal-atrasa-partida-de-viana-do-castelo\\\/#breadcrumb\"},\"inLanguage\":\"pt-PT\",\"potentialAction\":[{\"@type\":\"ReadAction\",\"target\":[\"https:\\\/\\\/www.altominho.tv\\\/site\\\/2019\\\/08\\\/06\\\/complexidade-do-primeiro-navio-oceanico-fabricado-em-portugal-atrasa-partida-de-viana-do-castelo\\\/\"]}]},{\"@type\":\"ImageObject\",\"inLanguage\":\"pt-PT\",\"@id\":\"https:\\\/\\\/www.altominho.tv\\\/site\\\/2019\\\/08\\\/06\\\/complexidade-do-primeiro-navio-oceanico-fabricado-em-portugal-atrasa-partida-de-viana-do-castelo\\\/#primaryimage\",\"url\":\"https:\\\/\\\/www.altominho.tv\\\/site\\\/wp-content\\\/uploads\\\/2019\\\/08\\\/we_31-740x381.jpg\",\"contentUrl\":\"https:\\\/\\\/www.altominho.tv\\\/site\\\/wp-content\\\/uploads\\\/2019\\\/08\\\/we_31-740x381.jpg\",\"width\":740,\"height\":381,\"caption\":\"ECO\"},{\"@type\":\"BreadcrumbList\",\"@id\":\"https:\\\/\\\/www.altominho.tv\\\/site\\\/2019\\\/08\\\/06\\\/complexidade-do-primeiro-navio-oceanico-fabricado-em-portugal-atrasa-partida-de-viana-do-castelo\\\/#breadcrumb\",\"itemListElement\":[{\"@type\":\"ListItem\",\"position\":1,\"name\":\"In\u00edcio\",\"item\":\"https:\\\/\\\/www.altominho.tv\\\/site\\\/\"},{\"@type\":\"ListItem\",\"position\":2,\"name\":\"Complexidade do primeiro navio oce\u00e2nico fabricado em Portugal atrasa partida de Viana do Castelo\"}]},{\"@type\":\"WebSite\",\"@id\":\"https:\\\/\\\/www.altominho.tv\\\/site\\\/#website\",\"url\":\"https:\\\/\\\/www.altominho.tv\\\/site\\\/\",\"name\":\"Altominho.tv\",\"description\":\"A sua regi\u00e3o \u00e0 dist\u00e2ncia de um clique...\",\"potentialAction\":[{\"@type\":\"SearchAction\",\"target\":{\"@type\":\"EntryPoint\",\"urlTemplate\":\"https:\\\/\\\/www.altominho.tv\\\/site\\\/?s={search_term_string}\"},\"query-input\":{\"@type\":\"PropertyValueSpecification\",\"valueRequired\":true,\"valueName\":\"search_term_string\"}}],\"inLanguage\":\"pt-PT\"},{\"@type\":\"Person\",\"@id\":\"https:\\\/\\\/www.altominho.tv\\\/site\\\/#\\\/schema\\\/person\\\/a0bff6dc1041aadd46fa81887444b017\",\"name\":\"Andreia Ferreira | Lusa\",\"image\":{\"@type\":\"ImageObject\",\"inLanguage\":\"pt-PT\",\"@id\":\"https:\\\/\\\/www.altominho.tv\\\/site\\\/wp-content\\\/uploads\\\/2018\\\/04\\\/Andreia-150x150.jpg\",\"url\":\"https:\\\/\\\/www.altominho.tv\\\/site\\\/wp-content\\\/uploads\\\/2018\\\/04\\\/Andreia-150x150.jpg\",\"contentUrl\":\"https:\\\/\\\/www.altominho.tv\\\/site\\\/wp-content\\\/uploads\\\/2018\\\/04\\\/Andreia-150x150.jpg\",\"caption\":\"Andreia Ferreira | Lusa\"},\"sameAs\":[\"https:\\\/\\\/www.altominho.tv\\\/site\"],\"url\":\"https:\\\/\\\/www.altominho.tv\\\/site\\\/author\\\/andreiaferreiralusa\\\/\"}]}<\/script>\n<!-- \/ Yoast SEO Premium plugin. -->","yoast_head_json":{"title":"Complexidade do primeiro navio oce\u00e2nico fabricado em Portugal atrasa partida de Viana do Castelo","robots":{"index":"index","follow":"follow","max-snippet":"max-snippet:-1","max-image-preview":"max-image-preview:large","max-video-preview":"max-video-preview:-1"},"canonical":"https:\/\/www.altominho.tv\/site\/2019\/08\/06\/complexidade-do-primeiro-navio-oceanico-fabricado-em-portugal-atrasa-partida-de-viana-do-castelo\/","og_locale":"pt_PT","og_type":"article","og_title":"Complexidade do primeiro navio oce\u00e2nico fabricado em Portugal atrasa partida de Viana do Castelo","og_description":"O empres\u00e1rio M\u00e1rio Ferreira apontou hoje a &#8220;complexidade&#8221; do primeiro navio oce\u00e2nico &#8220;integralmente concebido e fabricado&#8221; em Portugal como um dos fatores do atraso, de cerca de tr\u00eas meses, na partida dos estaleiros da WestSea, em Viana do Castelo. &#8220;Quando se est\u00e1 a desenvolver um prot\u00f3tipo de uma s\u00e9rie que se quer construir, \u00e9 normal [&hellip;]","og_url":"https:\/\/www.altominho.tv\/site\/2019\/08\/06\/complexidade-do-primeiro-navio-oceanico-fabricado-em-portugal-atrasa-partida-de-viana-do-castelo\/","og_site_name":"Altominho.tv","article_publisher":"https:\/\/www.facebook.com\/altominhotv","article_published_time":"2019-08-06T16:29:49+00:00","article_modified_time":"2019-08-06T16:36:22+00:00","og_image":[{"width":740,"height":381,"url":"https:\/\/www.altominho.tv\/site\/wp-content\/uploads\/2019\/08\/we_31-740x381.jpg","type":"image\/jpeg"}],"author":"Andreia Ferreira | Lusa","twitter_card":"summary_large_image","twitter_creator":"@altominhoTV","twitter_site":"@altominhoTV","twitter_misc":{"Escrito por":"Andreia Ferreira | Lusa","Tempo estimado de leitura":"3 minutos"},"schema":{"@context":"https:\/\/schema.org","@graph":[{"@type":"Article","@id":"https:\/\/www.altominho.tv\/site\/2019\/08\/06\/complexidade-do-primeiro-navio-oceanico-fabricado-em-portugal-atrasa-partida-de-viana-do-castelo\/#article","isPartOf":{"@id":"https:\/\/www.altominho.tv\/site\/2019\/08\/06\/complexidade-do-primeiro-navio-oceanico-fabricado-em-portugal-atrasa-partida-de-viana-do-castelo\/"},"author":{"name":"Andreia Ferreira | Lusa","@id":"https:\/\/www.altominho.tv\/site\/#\/schema\/person\/a0bff6dc1041aadd46fa81887444b017"},"headline":"Complexidade do primeiro navio oce\u00e2nico fabricado em Portugal atrasa partida de Viana do Castelo","datePublished":"2019-08-06T16:29:49+00:00","dateModified":"2019-08-06T16:36:22+00:00","mainEntityOfPage":{"@id":"https:\/\/www.altominho.tv\/site\/2019\/08\/06\/complexidade-do-primeiro-navio-oceanico-fabricado-em-portugal-atrasa-partida-de-viana-do-castelo\/"},"wordCount":709,"image":{"@id":"https:\/\/www.altominho.tv\/site\/2019\/08\/06\/complexidade-do-primeiro-navio-oceanico-fabricado-em-portugal-atrasa-partida-de-viana-do-castelo\/#primaryimage"},"thumbnailUrl":"https:\/\/www.altominho.tv\/site\/wp-content\/uploads\/2019\/08\/we_31-740x381.jpg","keywords":["Sociedade"],"articleSection":["Viana do Castelo"],"inLanguage":"pt-PT","copyrightYear":"2019","copyrightHolder":{"@id":"https:\/\/www.altominho.tv\/site\/#organization"}},{"@type":"WebPage","@id":"https:\/\/www.altominho.tv\/site\/2019\/08\/06\/complexidade-do-primeiro-navio-oceanico-fabricado-em-portugal-atrasa-partida-de-viana-do-castelo\/","url":"https:\/\/www.altominho.tv\/site\/2019\/08\/06\/complexidade-do-primeiro-navio-oceanico-fabricado-em-portugal-atrasa-partida-de-viana-do-castelo\/","name":"Complexidade do primeiro navio oce\u00e2nico fabricado em Portugal atrasa partida de Viana do Castelo","isPartOf":{"@id":"https:\/\/www.altominho.tv\/site\/#website"},"primaryImageOfPage":{"@id":"https:\/\/www.altominho.tv\/site\/2019\/08\/06\/complexidade-do-primeiro-navio-oceanico-fabricado-em-portugal-atrasa-partida-de-viana-do-castelo\/#primaryimage"},"image":{"@id":"https:\/\/www.altominho.tv\/site\/2019\/08\/06\/complexidade-do-primeiro-navio-oceanico-fabricado-em-portugal-atrasa-partida-de-viana-do-castelo\/#primaryimage"},"thumbnailUrl":"https:\/\/www.altominho.tv\/site\/wp-content\/uploads\/2019\/08\/we_31-740x381.jpg","datePublished":"2019-08-06T16:29:49+00:00","dateModified":"2019-08-06T16:36:22+00:00","author":{"@id":"https:\/\/www.altominho.tv\/site\/#\/schema\/person\/a0bff6dc1041aadd46fa81887444b017"},"breadcrumb":{"@id":"https:\/\/www.altominho.tv\/site\/2019\/08\/06\/complexidade-do-primeiro-navio-oceanico-fabricado-em-portugal-atrasa-partida-de-viana-do-castelo\/#breadcrumb"},"inLanguage":"pt-PT","potentialAction":[{"@type":"ReadAction","target":["https:\/\/www.altominho.tv\/site\/2019\/08\/06\/complexidade-do-primeiro-navio-oceanico-fabricado-em-portugal-atrasa-partida-de-viana-do-castelo\/"]}]},{"@type":"ImageObject","inLanguage":"pt-PT","@id":"https:\/\/www.altominho.tv\/site\/2019\/08\/06\/complexidade-do-primeiro-navio-oceanico-fabricado-em-portugal-atrasa-partida-de-viana-do-castelo\/#primaryimage","url":"https:\/\/www.altominho.tv\/site\/wp-content\/uploads\/2019\/08\/we_31-740x381.jpg","contentUrl":"https:\/\/www.altominho.tv\/site\/wp-content\/uploads\/2019\/08\/we_31-740x381.jpg","width":740,"height":381,"caption":"ECO"},{"@type":"BreadcrumbList","@id":"https:\/\/www.altominho.tv\/site\/2019\/08\/06\/complexidade-do-primeiro-navio-oceanico-fabricado-em-portugal-atrasa-partida-de-viana-do-castelo\/#breadcrumb","itemListElement":[{"@type":"ListItem","position":1,"name":"In\u00edcio","item":"https:\/\/www.altominho.tv\/site\/"},{"@type":"ListItem","position":2,"name":"Complexidade do primeiro navio oce\u00e2nico fabricado em Portugal atrasa partida de Viana do Castelo"}]},{"@type":"WebSite","@id":"https:\/\/www.altominho.tv\/site\/#website","url":"https:\/\/www.altominho.tv\/site\/","name":"Altominho.tv","description":"A sua regi\u00e3o \u00e0 dist\u00e2ncia de um clique...","potentialAction":[{"@type":"SearchAction","target":{"@type":"EntryPoint","urlTemplate":"https:\/\/www.altominho.tv\/site\/?s={search_term_string}"},"query-input":{"@type":"PropertyValueSpecification","valueRequired":true,"valueName":"search_term_string"}}],"inLanguage":"pt-PT"},{"@type":"Person","@id":"https:\/\/www.altominho.tv\/site\/#\/schema\/person\/a0bff6dc1041aadd46fa81887444b017","name":"Andreia Ferreira | Lusa","image":{"@type":"ImageObject","inLanguage":"pt-PT","@id":"https:\/\/www.altominho.tv\/site\/wp-content\/uploads\/2018\/04\/Andreia-150x150.jpg","url":"https:\/\/www.altominho.tv\/site\/wp-content\/uploads\/2018\/04\/Andreia-150x150.jpg","contentUrl":"https:\/\/www.altominho.tv\/site\/wp-content\/uploads\/2018\/04\/Andreia-150x150.jpg","caption":"Andreia Ferreira | Lusa"},"sameAs":["https:\/\/www.altominho.tv\/site"],"url":"https:\/\/www.altominho.tv\/site\/author\/andreiaferreiralusa\/"}]}},"_links":{"self":[{"href":"https:\/\/www.altominho.tv\/site\/wp-json\/wp\/v2\/posts\/32334","targetHints":{"allow":["GET"]}}],"collection":[{"href":"https:\/\/www.altominho.tv\/site\/wp-json\/wp\/v2\/posts"}],"about":[{"href":"https:\/\/www.altominho.tv\/site\/wp-json\/wp\/v2\/types\/post"}],"author":[{"embeddable":true,"href":"https:\/\/www.altominho.tv\/site\/wp-json\/wp\/v2\/users\/15"}],"replies":[{"embeddable":true,"href":"https:\/\/www.altominho.tv\/site\/wp-json\/wp\/v2\/comments?post=32334"}],"version-history":[{"count":0,"href":"https:\/\/www.altominho.tv\/site\/wp-json\/wp\/v2\/posts\/32334\/revisions"}],"wp:featuredmedia":[{"embeddable":true,"href":"https:\/\/www.altominho.tv\/site\/wp-json\/wp\/v2\/media\/32335"}],"wp:attachment":[{"href":"https:\/\/www.altominho.tv\/site\/wp-json\/wp\/v2\/media?parent=32334"}],"wp:term":[{"taxonomy":"category","embeddable":true,"href":"https:\/\/www.altominho.tv\/site\/wp-json\/wp\/v2\/categories?post=32334"},{"taxonomy":"post_tag","embeddable":true,"href":"https:\/\/www.altominho.tv\/site\/wp-json\/wp\/v2\/tags?post=32334"}],"curies":[{"name":"wp","href":"https:\/\/api.w.org\/{rel}","templated":true}]}}