{"id":32318,"date":"2019-08-06T14:12:11","date_gmt":"2019-08-06T13:12:11","guid":{"rendered":"http:\/\/www.altominho.tv\/site\/?p=32318"},"modified":"2019-08-06T14:12:13","modified_gmt":"2019-08-06T13:12:13","slug":"gisela-joao-atua-nas-festas-do-concelho-de-paredes-de-coura","status":"publish","type":"post","link":"https:\/\/www.altominho.tv\/site\/2019\/08\/06\/gisela-joao-atua-nas-festas-do-concelho-de-paredes-de-coura\/","title":{"rendered":"Gisela Jo\u00e3o atua nas Festas do Concelho de Paredes de Coura"},"content":{"rendered":"<p>Gisela Jo\u00e3o \u00e9 o nome confirmado para a noite de fados que decorrer\u00e1 na sexta-feira, 9 de agosto, integrada no programa das Festas do Concelho de Paredes de Coura.<\/p>\n<p>Com dois discos editados, &#8220;Gisela Jo\u00e3o&#8221; (2013) e &#8220;Nua&#8221; (2016), a fadista vai interpretar alguns dos temas mais emblem\u00e1ticos da sua carreira como \u201cSr. Extraterrestre\u201d, \u201cFado Para Esta Noite\u201d, \u201cVieste do Fim do Mundo\u201d, \u201cMeu Amigo Est\u00e1 Longe\u201d, \u201cMadrugada Sem Sono\u201d, entre outros.<\/p>\n<p>O espet\u00e1culo est\u00e1 marcado para as 22h00, no Escad\u00f3rio da Igreja do Esp\u00edrito Santo.<\/p>\n","protected":false},"excerpt":{"rendered":"<p>Gisela Jo\u00e3o \u00e9 o nome confirmado para a noite de fados que decorrer\u00e1 na sexta-feira, 9 de agosto, integrada no programa das Festas do Concelho de Paredes de Coura. Com dois discos editados, &#8220;Gisela Jo\u00e3o&#8221; (2013) e &#8220;Nua&#8221; (2016), a fadista vai interpretar alguns dos temas mais emblem\u00e1ticos da sua carreira como \u201cSr. Extraterrestre\u201d, \u201cFado [&hellip;]<\/p>\n","protected":false},"author":12,"featured_media":32320,"comment_status":"closed","ping_status":"closed","sticky":false,"template":"","format":"standard","meta":{"_exactmetrics_skip_tracking":false,"_exactmetrics_sitenote_active":false,"_exactmetrics_sitenote_note":"","_exactmetrics_sitenote_category":0,"footnotes":""},"categories":[10],"tags":[19],"class_list":["post-32318","post","type-post","status-publish","format-standard","has-post-thumbnail","hentry","category-paredes-de-coura","tag-cultura"],"yoast_head":"<!-- This site is optimized with the Yoast SEO Premium plugin v27.5 (Yoast SEO v27.5) - https:\/\/yoast.com\/product\/yoast-seo-premium-wordpress\/ -->\n<title>Gisela Jo\u00e3o atua nas Festas do Concelho de Paredes de Coura<\/title>\n<meta name=\"robots\" content=\"index, follow, max-snippet:-1, max-image-preview:large, max-video-preview:-1\" \/>\n<link rel=\"canonical\" href=\"https:\/\/www.altominho.tv\/site\/2019\/08\/06\/gisela-joao-atua-nas-festas-do-concelho-de-paredes-de-coura\/\" \/>\n<meta property=\"og:locale\" content=\"pt_PT\" \/>\n<meta property=\"og:type\" content=\"article\" \/>\n<meta property=\"og:title\" content=\"Gisela Jo\u00e3o atua nas Festas do Concelho de Paredes de Coura\" \/>\n<meta property=\"og:description\" content=\"Gisela Jo\u00e3o \u00e9 o nome confirmado para a noite de fados que decorrer\u00e1 na sexta-feira, 9 de agosto, integrada no programa das Festas do Concelho de Paredes de Coura. Com dois discos editados, &#8220;Gisela Jo\u00e3o&#8221; (2013) e &#8220;Nua&#8221; (2016), a fadista vai interpretar alguns dos temas mais emblem\u00e1ticos da sua carreira como \u201cSr. Extraterrestre\u201d, \u201cFado [&hellip;]\" \/>\n<meta property=\"og:url\" content=\"https:\/\/www.altominho.tv\/site\/2019\/08\/06\/gisela-joao-atua-nas-festas-do-concelho-de-paredes-de-coura\/\" \/>\n<meta property=\"og:site_name\" content=\"Altominho.tv\" \/>\n<meta property=\"article:publisher\" content=\"https:\/\/www.facebook.com\/altominhotv\" \/>\n<meta property=\"article:published_time\" content=\"2019-08-06T13:12:11+00:00\" \/>\n<meta property=\"article:modified_time\" content=\"2019-08-06T13:12:13+00:00\" \/>\n<meta property=\"og:image\" content=\"https:\/\/www.altominho.tv\/site\/wp-content\/uploads\/2019\/08\/cropped-giselajoao_6out_22h002.jpg\" \/>\n\t<meta property=\"og:image:width\" content=\"1127\" \/>\n\t<meta property=\"og:image:height\" content=\"633\" \/>\n\t<meta property=\"og:image:type\" content=\"image\/jpeg\" \/>\n<meta name=\"author\" content=\"Andreia Ferreira\" \/>\n<meta name=\"twitter:card\" content=\"summary_large_image\" \/>\n<meta name=\"twitter:creator\" content=\"@altominhoTV\" \/>\n<meta name=\"twitter:site\" content=\"@altominhoTV\" \/>\n<meta name=\"twitter:label1\" content=\"Escrito por\" \/>\n\t<meta name=\"twitter:data1\" content=\"Andreia Ferreira\" \/>\n<script type=\"application\/ld+json\" class=\"yoast-schema-graph\">{\"@context\":\"https:\\\/\\\/schema.org\",\"@graph\":[{\"@type\":\"Article\",\"@id\":\"https:\\\/\\\/www.altominho.tv\\\/site\\\/2019\\\/08\\\/06\\\/gisela-joao-atua-nas-festas-do-concelho-de-paredes-de-coura\\\/#article\",\"isPartOf\":{\"@id\":\"https:\\\/\\\/www.altominho.tv\\\/site\\\/2019\\\/08\\\/06\\\/gisela-joao-atua-nas-festas-do-concelho-de-paredes-de-coura\\\/\"},\"author\":{\"name\":\"Andreia Ferreira\",\"@id\":\"https:\\\/\\\/www.altominho.tv\\\/site\\\/#\\\/schema\\\/person\\\/d9be4265364723f14ea8e0d56a1d38cd\"},\"headline\":\"Gisela Jo\u00e3o atua nas Festas do Concelho de Paredes de Coura\",\"datePublished\":\"2019-08-06T13:12:11+00:00\",\"dateModified\":\"2019-08-06T13:12:13+00:00\",\"mainEntityOfPage\":{\"@id\":\"https:\\\/\\\/www.altominho.tv\\\/site\\\/2019\\\/08\\\/06\\\/gisela-joao-atua-nas-festas-do-concelho-de-paredes-de-coura\\\/\"},\"wordCount\":100,\"image\":{\"@id\":\"https:\\\/\\\/www.altominho.tv\\\/site\\\/2019\\\/08\\\/06\\\/gisela-joao-atua-nas-festas-do-concelho-de-paredes-de-coura\\\/#primaryimage\"},\"thumbnailUrl\":\"https:\\\/\\\/www.altominho.tv\\\/site\\\/wp-content\\\/uploads\\\/2019\\\/08\\\/cropped-giselajoao_6out_22h002.jpg\",\"keywords\":[\"Cultura\"],\"articleSection\":[\"Paredes de Coura\"],\"inLanguage\":\"pt-PT\",\"copyrightYear\":\"2019\",\"copyrightHolder\":{\"@id\":\"https:\\\/\\\/www.altominho.tv\\\/site\\\/#organization\"}},{\"@type\":\"WebPage\",\"@id\":\"https:\\\/\\\/www.altominho.tv\\\/site\\\/2019\\\/08\\\/06\\\/gisela-joao-atua-nas-festas-do-concelho-de-paredes-de-coura\\\/\",\"url\":\"https:\\\/\\\/www.altominho.tv\\\/site\\\/2019\\\/08\\\/06\\\/gisela-joao-atua-nas-festas-do-concelho-de-paredes-de-coura\\\/\",\"name\":\"Gisela Jo\u00e3o atua nas Festas do Concelho de Paredes de Coura\",\"isPartOf\":{\"@id\":\"https:\\\/\\\/www.altominho.tv\\\/site\\\/#website\"},\"primaryImageOfPage\":{\"@id\":\"https:\\\/\\\/www.altominho.tv\\\/site\\\/2019\\\/08\\\/06\\\/gisela-joao-atua-nas-festas-do-concelho-de-paredes-de-coura\\\/#primaryimage\"},\"image\":{\"@id\":\"https:\\\/\\\/www.altominho.tv\\\/site\\\/2019\\\/08\\\/06\\\/gisela-joao-atua-nas-festas-do-concelho-de-paredes-de-coura\\\/#primaryimage\"},\"thumbnailUrl\":\"https:\\\/\\\/www.altominho.tv\\\/site\\\/wp-content\\\/uploads\\\/2019\\\/08\\\/cropped-giselajoao_6out_22h002.jpg\",\"datePublished\":\"2019-08-06T13:12:11+00:00\",\"dateModified\":\"2019-08-06T13:12:13+00:00\",\"author\":{\"@id\":\"https:\\\/\\\/www.altominho.tv\\\/site\\\/#\\\/schema\\\/person\\\/d9be4265364723f14ea8e0d56a1d38cd\"},\"breadcrumb\":{\"@id\":\"https:\\\/\\\/www.altominho.tv\\\/site\\\/2019\\\/08\\\/06\\\/gisela-joao-atua-nas-festas-do-concelho-de-paredes-de-coura\\\/#breadcrumb\"},\"inLanguage\":\"pt-PT\",\"potentialAction\":[{\"@type\":\"ReadAction\",\"target\":[\"https:\\\/\\\/www.altominho.tv\\\/site\\\/2019\\\/08\\\/06\\\/gisela-joao-atua-nas-festas-do-concelho-de-paredes-de-coura\\\/\"]}]},{\"@type\":\"ImageObject\",\"inLanguage\":\"pt-PT\",\"@id\":\"https:\\\/\\\/www.altominho.tv\\\/site\\\/2019\\\/08\\\/06\\\/gisela-joao-atua-nas-festas-do-concelho-de-paredes-de-coura\\\/#primaryimage\",\"url\":\"https:\\\/\\\/www.altominho.tv\\\/site\\\/wp-content\\\/uploads\\\/2019\\\/08\\\/cropped-giselajoao_6out_22h002.jpg\",\"contentUrl\":\"https:\\\/\\\/www.altominho.tv\\\/site\\\/wp-content\\\/uploads\\\/2019\\\/08\\\/cropped-giselajoao_6out_22h002.jpg\",\"width\":1127,\"height\":633},{\"@type\":\"BreadcrumbList\",\"@id\":\"https:\\\/\\\/www.altominho.tv\\\/site\\\/2019\\\/08\\\/06\\\/gisela-joao-atua-nas-festas-do-concelho-de-paredes-de-coura\\\/#breadcrumb\",\"itemListElement\":[{\"@type\":\"ListItem\",\"position\":1,\"name\":\"In\u00edcio\",\"item\":\"https:\\\/\\\/www.altominho.tv\\\/site\\\/\"},{\"@type\":\"ListItem\",\"position\":2,\"name\":\"Gisela Jo\u00e3o atua nas Festas do Concelho de Paredes de Coura\"}]},{\"@type\":\"WebSite\",\"@id\":\"https:\\\/\\\/www.altominho.tv\\\/site\\\/#website\",\"url\":\"https:\\\/\\\/www.altominho.tv\\\/site\\\/\",\"name\":\"Altominho.tv\",\"description\":\"A sua regi\u00e3o \u00e0 dist\u00e2ncia de um clique...\",\"potentialAction\":[{\"@type\":\"SearchAction\",\"target\":{\"@type\":\"EntryPoint\",\"urlTemplate\":\"https:\\\/\\\/www.altominho.tv\\\/site\\\/?s={search_term_string}\"},\"query-input\":{\"@type\":\"PropertyValueSpecification\",\"valueRequired\":true,\"valueName\":\"search_term_string\"}}],\"inLanguage\":\"pt-PT\"},{\"@type\":\"Person\",\"@id\":\"https:\\\/\\\/www.altominho.tv\\\/site\\\/#\\\/schema\\\/person\\\/d9be4265364723f14ea8e0d56a1d38cd\",\"name\":\"Andreia Ferreira\",\"image\":{\"@type\":\"ImageObject\",\"inLanguage\":\"pt-PT\",\"@id\":\"https:\\\/\\\/www.altominho.tv\\\/site\\\/wp-content\\\/uploads\\\/2021\\\/01\\\/AndreiaFerreira-150x150.jpg\",\"url\":\"https:\\\/\\\/www.altominho.tv\\\/site\\\/wp-content\\\/uploads\\\/2021\\\/01\\\/AndreiaFerreira-150x150.jpg\",\"contentUrl\":\"https:\\\/\\\/www.altominho.tv\\\/site\\\/wp-content\\\/uploads\\\/2021\\\/01\\\/AndreiaFerreira-150x150.jpg\",\"caption\":\"Andreia Ferreira\"},\"url\":\"https:\\\/\\\/www.altominho.tv\\\/site\\\/author\\\/andreiaferreira\\\/\"}]}<\/script>\n<!-- \/ Yoast SEO Premium plugin. -->","yoast_head_json":{"title":"Gisela Jo\u00e3o atua nas Festas do Concelho de Paredes de Coura","robots":{"index":"index","follow":"follow","max-snippet":"max-snippet:-1","max-image-preview":"max-image-preview:large","max-video-preview":"max-video-preview:-1"},"canonical":"https:\/\/www.altominho.tv\/site\/2019\/08\/06\/gisela-joao-atua-nas-festas-do-concelho-de-paredes-de-coura\/","og_locale":"pt_PT","og_type":"article","og_title":"Gisela Jo\u00e3o atua nas Festas do Concelho de Paredes de Coura","og_description":"Gisela Jo\u00e3o \u00e9 o nome confirmado para a noite de fados que decorrer\u00e1 na sexta-feira, 9 de agosto, integrada no programa das Festas do Concelho de Paredes de Coura. Com dois discos editados, &#8220;Gisela Jo\u00e3o&#8221; (2013) e &#8220;Nua&#8221; (2016), a fadista vai interpretar alguns dos temas mais emblem\u00e1ticos da sua carreira como \u201cSr. Extraterrestre\u201d, \u201cFado [&hellip;]","og_url":"https:\/\/www.altominho.tv\/site\/2019\/08\/06\/gisela-joao-atua-nas-festas-do-concelho-de-paredes-de-coura\/","og_site_name":"Altominho.tv","article_publisher":"https:\/\/www.facebook.com\/altominhotv","article_published_time":"2019-08-06T13:12:11+00:00","article_modified_time":"2019-08-06T13:12:13+00:00","og_image":[{"width":1127,"height":633,"url":"https:\/\/www.altominho.tv\/site\/wp-content\/uploads\/2019\/08\/cropped-giselajoao_6out_22h002.jpg","type":"image\/jpeg"}],"author":"Andreia Ferreira","twitter_card":"summary_large_image","twitter_creator":"@altominhoTV","twitter_site":"@altominhoTV","twitter_misc":{"Escrito por":"Andreia Ferreira"},"schema":{"@context":"https:\/\/schema.org","@graph":[{"@type":"Article","@id":"https:\/\/www.altominho.tv\/site\/2019\/08\/06\/gisela-joao-atua-nas-festas-do-concelho-de-paredes-de-coura\/#article","isPartOf":{"@id":"https:\/\/www.altominho.tv\/site\/2019\/08\/06\/gisela-joao-atua-nas-festas-do-concelho-de-paredes-de-coura\/"},"author":{"name":"Andreia Ferreira","@id":"https:\/\/www.altominho.tv\/site\/#\/schema\/person\/d9be4265364723f14ea8e0d56a1d38cd"},"headline":"Gisela Jo\u00e3o atua nas Festas do Concelho de Paredes de Coura","datePublished":"2019-08-06T13:12:11+00:00","dateModified":"2019-08-06T13:12:13+00:00","mainEntityOfPage":{"@id":"https:\/\/www.altominho.tv\/site\/2019\/08\/06\/gisela-joao-atua-nas-festas-do-concelho-de-paredes-de-coura\/"},"wordCount":100,"image":{"@id":"https:\/\/www.altominho.tv\/site\/2019\/08\/06\/gisela-joao-atua-nas-festas-do-concelho-de-paredes-de-coura\/#primaryimage"},"thumbnailUrl":"https:\/\/www.altominho.tv\/site\/wp-content\/uploads\/2019\/08\/cropped-giselajoao_6out_22h002.jpg","keywords":["Cultura"],"articleSection":["Paredes de Coura"],"inLanguage":"pt-PT","copyrightYear":"2019","copyrightHolder":{"@id":"https:\/\/www.altominho.tv\/site\/#organization"}},{"@type":"WebPage","@id":"https:\/\/www.altominho.tv\/site\/2019\/08\/06\/gisela-joao-atua-nas-festas-do-concelho-de-paredes-de-coura\/","url":"https:\/\/www.altominho.tv\/site\/2019\/08\/06\/gisela-joao-atua-nas-festas-do-concelho-de-paredes-de-coura\/","name":"Gisela Jo\u00e3o atua nas Festas do Concelho de Paredes de Coura","isPartOf":{"@id":"https:\/\/www.altominho.tv\/site\/#website"},"primaryImageOfPage":{"@id":"https:\/\/www.altominho.tv\/site\/2019\/08\/06\/gisela-joao-atua-nas-festas-do-concelho-de-paredes-de-coura\/#primaryimage"},"image":{"@id":"https:\/\/www.altominho.tv\/site\/2019\/08\/06\/gisela-joao-atua-nas-festas-do-concelho-de-paredes-de-coura\/#primaryimage"},"thumbnailUrl":"https:\/\/www.altominho.tv\/site\/wp-content\/uploads\/2019\/08\/cropped-giselajoao_6out_22h002.jpg","datePublished":"2019-08-06T13:12:11+00:00","dateModified":"2019-08-06T13:12:13+00:00","author":{"@id":"https:\/\/www.altominho.tv\/site\/#\/schema\/person\/d9be4265364723f14ea8e0d56a1d38cd"},"breadcrumb":{"@id":"https:\/\/www.altominho.tv\/site\/2019\/08\/06\/gisela-joao-atua-nas-festas-do-concelho-de-paredes-de-coura\/#breadcrumb"},"inLanguage":"pt-PT","potentialAction":[{"@type":"ReadAction","target":["https:\/\/www.altominho.tv\/site\/2019\/08\/06\/gisela-joao-atua-nas-festas-do-concelho-de-paredes-de-coura\/"]}]},{"@type":"ImageObject","inLanguage":"pt-PT","@id":"https:\/\/www.altominho.tv\/site\/2019\/08\/06\/gisela-joao-atua-nas-festas-do-concelho-de-paredes-de-coura\/#primaryimage","url":"https:\/\/www.altominho.tv\/site\/wp-content\/uploads\/2019\/08\/cropped-giselajoao_6out_22h002.jpg","contentUrl":"https:\/\/www.altominho.tv\/site\/wp-content\/uploads\/2019\/08\/cropped-giselajoao_6out_22h002.jpg","width":1127,"height":633},{"@type":"BreadcrumbList","@id":"https:\/\/www.altominho.tv\/site\/2019\/08\/06\/gisela-joao-atua-nas-festas-do-concelho-de-paredes-de-coura\/#breadcrumb","itemListElement":[{"@type":"ListItem","position":1,"name":"In\u00edcio","item":"https:\/\/www.altominho.tv\/site\/"},{"@type":"ListItem","position":2,"name":"Gisela Jo\u00e3o atua nas Festas do Concelho de Paredes de Coura"}]},{"@type":"WebSite","@id":"https:\/\/www.altominho.tv\/site\/#website","url":"https:\/\/www.altominho.tv\/site\/","name":"Altominho.tv","description":"A sua regi\u00e3o \u00e0 dist\u00e2ncia de um clique...","potentialAction":[{"@type":"SearchAction","target":{"@type":"EntryPoint","urlTemplate":"https:\/\/www.altominho.tv\/site\/?s={search_term_string}"},"query-input":{"@type":"PropertyValueSpecification","valueRequired":true,"valueName":"search_term_string"}}],"inLanguage":"pt-PT"},{"@type":"Person","@id":"https:\/\/www.altominho.tv\/site\/#\/schema\/person\/d9be4265364723f14ea8e0d56a1d38cd","name":"Andreia Ferreira","image":{"@type":"ImageObject","inLanguage":"pt-PT","@id":"https:\/\/www.altominho.tv\/site\/wp-content\/uploads\/2021\/01\/AndreiaFerreira-150x150.jpg","url":"https:\/\/www.altominho.tv\/site\/wp-content\/uploads\/2021\/01\/AndreiaFerreira-150x150.jpg","contentUrl":"https:\/\/www.altominho.tv\/site\/wp-content\/uploads\/2021\/01\/AndreiaFerreira-150x150.jpg","caption":"Andreia Ferreira"},"url":"https:\/\/www.altominho.tv\/site\/author\/andreiaferreira\/"}]}},"_links":{"self":[{"href":"https:\/\/www.altominho.tv\/site\/wp-json\/wp\/v2\/posts\/32318","targetHints":{"allow":["GET"]}}],"collection":[{"href":"https:\/\/www.altominho.tv\/site\/wp-json\/wp\/v2\/posts"}],"about":[{"href":"https:\/\/www.altominho.tv\/site\/wp-json\/wp\/v2\/types\/post"}],"author":[{"embeddable":true,"href":"https:\/\/www.altominho.tv\/site\/wp-json\/wp\/v2\/users\/12"}],"replies":[{"embeddable":true,"href":"https:\/\/www.altominho.tv\/site\/wp-json\/wp\/v2\/comments?post=32318"}],"version-history":[{"count":0,"href":"https:\/\/www.altominho.tv\/site\/wp-json\/wp\/v2\/posts\/32318\/revisions"}],"wp:featuredmedia":[{"embeddable":true,"href":"https:\/\/www.altominho.tv\/site\/wp-json\/wp\/v2\/media\/32320"}],"wp:attachment":[{"href":"https:\/\/www.altominho.tv\/site\/wp-json\/wp\/v2\/media?parent=32318"}],"wp:term":[{"taxonomy":"category","embeddable":true,"href":"https:\/\/www.altominho.tv\/site\/wp-json\/wp\/v2\/categories?post=32318"},{"taxonomy":"post_tag","embeddable":true,"href":"https:\/\/www.altominho.tv\/site\/wp-json\/wp\/v2\/tags?post=32318"}],"curies":[{"name":"wp","href":"https:\/\/api.w.org\/{rel}","templated":true}]}}