{"id":32288,"date":"2019-08-06T10:24:30","date_gmt":"2019-08-06T09:24:30","guid":{"rendered":"http:\/\/www.altominho.tv\/site\/?p=32288"},"modified":"2019-08-06T10:24:33","modified_gmt":"2019-08-06T09:24:33","slug":"chuva-esta-de-regresso-esta-terca-feira","status":"publish","type":"post","link":"https:\/\/www.altominho.tv\/site\/2019\/08\/06\/chuva-esta-de-regresso-esta-terca-feira\/","title":{"rendered":"Chuva est\u00e1 de regresso esta ter\u00e7a-feira"},"content":{"rendered":"<p>O Instituto Portugu\u00eas do Mar e da Atmosfera (IPMA) prev\u00ea que os pr\u00f3ximos dias de agosto v\u00e3o trazer alguma chuva. As temperaturas m\u00e1ximas v\u00e3o estar entre os 23\u00baC e os 27\u00baC, no distrito de Viana do Castelo.<\/p>\n<p>Para hoje, o IPMA prev\u00ea em Portugal continental um aumento de nebulosidade, com possibilidade de ocorr\u00eancia de per\u00edodos de chuva fraca ou chuvisco.<span style=\"font-size: inherit\">\u00a0Nas regi\u00f5es do Norte e centro o c\u00e9u estar\u00e1, em geral, muito nublado, e existe a possibilidade de ocorr\u00eancia de per\u00edodos de chuva fraca ou chuvisco no litoral a norte do Cabo Carvoeiro. Mesmo assim, prev\u00ea-se uma pequena subida da temperatura m\u00ednima, em especial no litoral, e uma pequena descida da temperatura m\u00e1xima.<\/span><\/p>\n<p>Esta quarta-feira, haver\u00e1 \u201cprecipita\u00e7\u00e3o nas regi\u00f5es Norte e Centro, em especial no litoral, c\u00e9u muito nublado, nebulosidade, em especial no litoral oeste e uma pequena descida da temperatura m\u00e1xima nas regi\u00f5es do interior&#8221;.<\/p>\n<p>Para quinta-feira, prev\u00ea-se per\u00edodos de c\u00e9u geralmente muito nublado, tornando-se gradualmente pouco nublados nas regi\u00f5es do interior a partir do meio da manh\u00e3. Ocorrer\u00e1 tamb\u00e9m per\u00edodos de chuva nas regi\u00f5es Norte e Centro, em especial no litoral e at\u00e9 final da tarde e uma pequena subida da temperatura m\u00ednima.<\/p>\n<p>O cen\u00e1rio mant\u00e9m-se semelhante na sexta-feira, dia em que come\u00e7a a regressar o sol. Para o fim-de-semana, j\u00e1 n\u00e3o est\u00e1 prevista chuva, mas haver\u00e1 uma ligeira descida da temperatura m\u00e1xima nos concelhos do Alto Minho.<\/p>\n<h3><strong>Risco de exposi\u00e7\u00e3o aos raios UV<\/strong><\/h3>\n<p>Quase todo o pa\u00eds est\u00e1 hoje em risco muito elevado de exposi\u00e7\u00e3o \u00e0 radia\u00e7\u00e3o ultravioleta (UV), sendo as regi\u00f5es do litoral norte e a aut\u00f3noma dos A\u00e7ores, aquelas onde o risco \u00e9 mais baixo.<\/p>\n<p>De acordo com dados do IPMA, os distritos de Bragan\u00e7a, Viseu, Guarda, Castelo Branco, Santar\u00e9m, Set\u00fabal, Portalegre, Lisboa, \u00c9vora, Beja e Faro s\u00e3o os que apresentam os \u00edndices mais elevados do territ\u00f3rio continental: 9, numa escala de 1 a 11, em que este \u00e9 considerado &#8220;risco extremo&#8221;.\u00a0<\/p>\n<p>Ainda em risco muito elevado, embora de n\u00edvel 8, est\u00e3o as regi\u00f5es de Leiria, Coimbra e Vila Real, seguidas por Aveiro, Porto e Braga, com risco elevado, e Viana do Castelo, com risco moderado.<\/p>\n<p>Quanto \u00e0s ilhas, o arquip\u00e9lago da Madeira est\u00e1 hoje com risco muito elevado de exposi\u00e7\u00e3o \u00e0 radia\u00e7\u00e3o UV, o mesmo sucedendo com a Ilha Terceira, nos A\u00e7ores, embroa as restantes ilhas oscilem entre risco elevado e moderado.<\/p>\n<p>O \u00edndice ultravioleta varia entre 1 e 2, em que o risco de exposi\u00e7\u00e3o \u00e0 radia\u00e7\u00e3o UV \u00e9 baixo, 3 a 5 (moderado), 6 a 7 (elevado), 8 a 10 (muito elevado) e superior a 11 (extremo).<\/p>\n<p>Para as regi\u00f5es com risco muito elevado e elevado, o IPMA recomenda a utiliza\u00e7\u00e3o de \u00f3culos de sol com filtro UV, chap\u00e9u, \u2018t-shirt\u2019, guarda-sol, protetor solar e evitar a exposi\u00e7\u00e3o das crian\u00e7as ao Sol.<\/p>\n<p>O c\u00e1lculo \u00e9 feito com base nos valores observados \u00e0s 13:00 em cada dia relativamente \u00e0 temperatura do ar, humidade relativa, velocidade do vento e quantidade de precipita\u00e7\u00e3o nas \u00faltimas 24 horas.<\/p>\n\n\n<p><\/p>\n","protected":false},"excerpt":{"rendered":"<p>O Instituto Portugu\u00eas do Mar e da Atmosfera (IPMA) prev\u00ea que os pr\u00f3ximos dias de agosto v\u00e3o trazer alguma chuva. As temperaturas m\u00e1ximas v\u00e3o estar entre os 23\u00baC e os 27\u00baC, no distrito de Viana do Castelo. Para hoje, o IPMA prev\u00ea em Portugal continental um aumento de nebulosidade, com possibilidade de ocorr\u00eancia de per\u00edodos [&hellip;]<\/p>\n","protected":false},"author":12,"featured_media":32289,"comment_status":"closed","ping_status":"closed","sticky":false,"template":"","format":"standard","meta":{"_exactmetrics_skip_tracking":false,"_exactmetrics_sitenote_active":false,"_exactmetrics_sitenote_note":"","_exactmetrics_sitenote_category":0,"footnotes":""},"categories":[73],"tags":[27],"class_list":["post-32288","post","type-post","status-publish","format-standard","has-post-thumbnail","hentry","category-alto-minho","tag-sociedade"],"yoast_head":"<!-- This site is optimized with the Yoast SEO Premium plugin v27.5 (Yoast SEO v27.5) - https:\/\/yoast.com\/product\/yoast-seo-premium-wordpress\/ -->\n<title>Chuva est\u00e1 de regresso esta ter\u00e7a-feira<\/title>\n<meta name=\"robots\" content=\"index, follow, max-snippet:-1, max-image-preview:large, max-video-preview:-1\" \/>\n<link rel=\"canonical\" href=\"https:\/\/www.altominho.tv\/site\/2019\/08\/06\/chuva-esta-de-regresso-esta-terca-feira\/\" \/>\n<meta property=\"og:locale\" content=\"pt_PT\" \/>\n<meta property=\"og:type\" content=\"article\" \/>\n<meta property=\"og:title\" content=\"Chuva est\u00e1 de regresso esta ter\u00e7a-feira\" \/>\n<meta property=\"og:description\" content=\"O Instituto Portugu\u00eas do Mar e da Atmosfera (IPMA) prev\u00ea que os pr\u00f3ximos dias de agosto v\u00e3o trazer alguma chuva. As temperaturas m\u00e1ximas v\u00e3o estar entre os 23\u00baC e os 27\u00baC, no distrito de Viana do Castelo. Para hoje, o IPMA prev\u00ea em Portugal continental um aumento de nebulosidade, com possibilidade de ocorr\u00eancia de per\u00edodos [&hellip;]\" \/>\n<meta property=\"og:url\" content=\"https:\/\/www.altominho.tv\/site\/2019\/08\/06\/chuva-esta-de-regresso-esta-terca-feira\/\" \/>\n<meta property=\"og:site_name\" content=\"Altominho.tv\" \/>\n<meta property=\"article:publisher\" content=\"https:\/\/www.facebook.com\/altominhotv\" \/>\n<meta property=\"article:published_time\" content=\"2019-08-06T09:24:30+00:00\" \/>\n<meta property=\"article:modified_time\" content=\"2019-08-06T09:24:33+00:00\" \/>\n<meta property=\"og:image\" content=\"https:\/\/www.altominho.tv\/site\/wp-content\/uploads\/2019\/08\/Pexels.jpg\" \/>\n\t<meta property=\"og:image:width\" content=\"1200\" \/>\n\t<meta property=\"og:image:height\" content=\"800\" \/>\n\t<meta property=\"og:image:type\" content=\"image\/jpeg\" \/>\n<meta name=\"author\" content=\"Andreia Ferreira\" \/>\n<meta name=\"twitter:card\" content=\"summary_large_image\" \/>\n<meta name=\"twitter:creator\" content=\"@altominhoTV\" \/>\n<meta name=\"twitter:site\" content=\"@altominhoTV\" \/>\n<meta name=\"twitter:label1\" content=\"Escrito por\" \/>\n\t<meta name=\"twitter:data1\" content=\"Andreia Ferreira\" \/>\n\t<meta name=\"twitter:label2\" content=\"Tempo estimado de leitura\" \/>\n\t<meta name=\"twitter:data2\" content=\"3 minutos\" \/>\n<script type=\"application\/ld+json\" class=\"yoast-schema-graph\">{\"@context\":\"https:\\\/\\\/schema.org\",\"@graph\":[{\"@type\":\"Article\",\"@id\":\"https:\\\/\\\/www.altominho.tv\\\/site\\\/2019\\\/08\\\/06\\\/chuva-esta-de-regresso-esta-terca-feira\\\/#article\",\"isPartOf\":{\"@id\":\"https:\\\/\\\/www.altominho.tv\\\/site\\\/2019\\\/08\\\/06\\\/chuva-esta-de-regresso-esta-terca-feira\\\/\"},\"author\":{\"name\":\"Andreia Ferreira\",\"@id\":\"https:\\\/\\\/www.altominho.tv\\\/site\\\/#\\\/schema\\\/person\\\/d9be4265364723f14ea8e0d56a1d38cd\"},\"headline\":\"Chuva est\u00e1 de regresso esta ter\u00e7a-feira\",\"datePublished\":\"2019-08-06T09:24:30+00:00\",\"dateModified\":\"2019-08-06T09:24:33+00:00\",\"mainEntityOfPage\":{\"@id\":\"https:\\\/\\\/www.altominho.tv\\\/site\\\/2019\\\/08\\\/06\\\/chuva-esta-de-regresso-esta-terca-feira\\\/\"},\"wordCount\":535,\"image\":{\"@id\":\"https:\\\/\\\/www.altominho.tv\\\/site\\\/2019\\\/08\\\/06\\\/chuva-esta-de-regresso-esta-terca-feira\\\/#primaryimage\"},\"thumbnailUrl\":\"https:\\\/\\\/www.altominho.tv\\\/site\\\/wp-content\\\/uploads\\\/2019\\\/08\\\/Pexels.jpg\",\"keywords\":[\"Sociedade\"],\"articleSection\":[\"Alto Minho\"],\"inLanguage\":\"pt-PT\",\"copyrightYear\":\"2019\",\"copyrightHolder\":{\"@id\":\"https:\\\/\\\/www.altominho.tv\\\/site\\\/#organization\"}},{\"@type\":\"WebPage\",\"@id\":\"https:\\\/\\\/www.altominho.tv\\\/site\\\/2019\\\/08\\\/06\\\/chuva-esta-de-regresso-esta-terca-feira\\\/\",\"url\":\"https:\\\/\\\/www.altominho.tv\\\/site\\\/2019\\\/08\\\/06\\\/chuva-esta-de-regresso-esta-terca-feira\\\/\",\"name\":\"Chuva est\u00e1 de regresso esta ter\u00e7a-feira\",\"isPartOf\":{\"@id\":\"https:\\\/\\\/www.altominho.tv\\\/site\\\/#website\"},\"primaryImageOfPage\":{\"@id\":\"https:\\\/\\\/www.altominho.tv\\\/site\\\/2019\\\/08\\\/06\\\/chuva-esta-de-regresso-esta-terca-feira\\\/#primaryimage\"},\"image\":{\"@id\":\"https:\\\/\\\/www.altominho.tv\\\/site\\\/2019\\\/08\\\/06\\\/chuva-esta-de-regresso-esta-terca-feira\\\/#primaryimage\"},\"thumbnailUrl\":\"https:\\\/\\\/www.altominho.tv\\\/site\\\/wp-content\\\/uploads\\\/2019\\\/08\\\/Pexels.jpg\",\"datePublished\":\"2019-08-06T09:24:30+00:00\",\"dateModified\":\"2019-08-06T09:24:33+00:00\",\"author\":{\"@id\":\"https:\\\/\\\/www.altominho.tv\\\/site\\\/#\\\/schema\\\/person\\\/d9be4265364723f14ea8e0d56a1d38cd\"},\"breadcrumb\":{\"@id\":\"https:\\\/\\\/www.altominho.tv\\\/site\\\/2019\\\/08\\\/06\\\/chuva-esta-de-regresso-esta-terca-feira\\\/#breadcrumb\"},\"inLanguage\":\"pt-PT\",\"potentialAction\":[{\"@type\":\"ReadAction\",\"target\":[\"https:\\\/\\\/www.altominho.tv\\\/site\\\/2019\\\/08\\\/06\\\/chuva-esta-de-regresso-esta-terca-feira\\\/\"]}]},{\"@type\":\"ImageObject\",\"inLanguage\":\"pt-PT\",\"@id\":\"https:\\\/\\\/www.altominho.tv\\\/site\\\/2019\\\/08\\\/06\\\/chuva-esta-de-regresso-esta-terca-feira\\\/#primaryimage\",\"url\":\"https:\\\/\\\/www.altominho.tv\\\/site\\\/wp-content\\\/uploads\\\/2019\\\/08\\\/Pexels.jpg\",\"contentUrl\":\"https:\\\/\\\/www.altominho.tv\\\/site\\\/wp-content\\\/uploads\\\/2019\\\/08\\\/Pexels.jpg\",\"width\":1200,\"height\":800,\"caption\":\"PEXELS\"},{\"@type\":\"BreadcrumbList\",\"@id\":\"https:\\\/\\\/www.altominho.tv\\\/site\\\/2019\\\/08\\\/06\\\/chuva-esta-de-regresso-esta-terca-feira\\\/#breadcrumb\",\"itemListElement\":[{\"@type\":\"ListItem\",\"position\":1,\"name\":\"In\u00edcio\",\"item\":\"https:\\\/\\\/www.altominho.tv\\\/site\\\/\"},{\"@type\":\"ListItem\",\"position\":2,\"name\":\"Chuva est\u00e1 de regresso esta ter\u00e7a-feira\"}]},{\"@type\":\"WebSite\",\"@id\":\"https:\\\/\\\/www.altominho.tv\\\/site\\\/#website\",\"url\":\"https:\\\/\\\/www.altominho.tv\\\/site\\\/\",\"name\":\"Altominho.tv\",\"description\":\"A sua regi\u00e3o \u00e0 dist\u00e2ncia de um clique...\",\"potentialAction\":[{\"@type\":\"SearchAction\",\"target\":{\"@type\":\"EntryPoint\",\"urlTemplate\":\"https:\\\/\\\/www.altominho.tv\\\/site\\\/?s={search_term_string}\"},\"query-input\":{\"@type\":\"PropertyValueSpecification\",\"valueRequired\":true,\"valueName\":\"search_term_string\"}}],\"inLanguage\":\"pt-PT\"},{\"@type\":\"Person\",\"@id\":\"https:\\\/\\\/www.altominho.tv\\\/site\\\/#\\\/schema\\\/person\\\/d9be4265364723f14ea8e0d56a1d38cd\",\"name\":\"Andreia Ferreira\",\"image\":{\"@type\":\"ImageObject\",\"inLanguage\":\"pt-PT\",\"@id\":\"https:\\\/\\\/www.altominho.tv\\\/site\\\/wp-content\\\/uploads\\\/2021\\\/01\\\/AndreiaFerreira-150x150.jpg\",\"url\":\"https:\\\/\\\/www.altominho.tv\\\/site\\\/wp-content\\\/uploads\\\/2021\\\/01\\\/AndreiaFerreira-150x150.jpg\",\"contentUrl\":\"https:\\\/\\\/www.altominho.tv\\\/site\\\/wp-content\\\/uploads\\\/2021\\\/01\\\/AndreiaFerreira-150x150.jpg\",\"caption\":\"Andreia Ferreira\"},\"url\":\"https:\\\/\\\/www.altominho.tv\\\/site\\\/author\\\/andreiaferreira\\\/\"}]}<\/script>\n<!-- \/ Yoast SEO Premium plugin. -->","yoast_head_json":{"title":"Chuva est\u00e1 de regresso esta ter\u00e7a-feira","robots":{"index":"index","follow":"follow","max-snippet":"max-snippet:-1","max-image-preview":"max-image-preview:large","max-video-preview":"max-video-preview:-1"},"canonical":"https:\/\/www.altominho.tv\/site\/2019\/08\/06\/chuva-esta-de-regresso-esta-terca-feira\/","og_locale":"pt_PT","og_type":"article","og_title":"Chuva est\u00e1 de regresso esta ter\u00e7a-feira","og_description":"O Instituto Portugu\u00eas do Mar e da Atmosfera (IPMA) prev\u00ea que os pr\u00f3ximos dias de agosto v\u00e3o trazer alguma chuva. As temperaturas m\u00e1ximas v\u00e3o estar entre os 23\u00baC e os 27\u00baC, no distrito de Viana do Castelo. Para hoje, o IPMA prev\u00ea em Portugal continental um aumento de nebulosidade, com possibilidade de ocorr\u00eancia de per\u00edodos [&hellip;]","og_url":"https:\/\/www.altominho.tv\/site\/2019\/08\/06\/chuva-esta-de-regresso-esta-terca-feira\/","og_site_name":"Altominho.tv","article_publisher":"https:\/\/www.facebook.com\/altominhotv","article_published_time":"2019-08-06T09:24:30+00:00","article_modified_time":"2019-08-06T09:24:33+00:00","og_image":[{"width":1200,"height":800,"url":"https:\/\/www.altominho.tv\/site\/wp-content\/uploads\/2019\/08\/Pexels.jpg","type":"image\/jpeg"}],"author":"Andreia Ferreira","twitter_card":"summary_large_image","twitter_creator":"@altominhoTV","twitter_site":"@altominhoTV","twitter_misc":{"Escrito por":"Andreia Ferreira","Tempo estimado de leitura":"3 minutos"},"schema":{"@context":"https:\/\/schema.org","@graph":[{"@type":"Article","@id":"https:\/\/www.altominho.tv\/site\/2019\/08\/06\/chuva-esta-de-regresso-esta-terca-feira\/#article","isPartOf":{"@id":"https:\/\/www.altominho.tv\/site\/2019\/08\/06\/chuva-esta-de-regresso-esta-terca-feira\/"},"author":{"name":"Andreia Ferreira","@id":"https:\/\/www.altominho.tv\/site\/#\/schema\/person\/d9be4265364723f14ea8e0d56a1d38cd"},"headline":"Chuva est\u00e1 de regresso esta ter\u00e7a-feira","datePublished":"2019-08-06T09:24:30+00:00","dateModified":"2019-08-06T09:24:33+00:00","mainEntityOfPage":{"@id":"https:\/\/www.altominho.tv\/site\/2019\/08\/06\/chuva-esta-de-regresso-esta-terca-feira\/"},"wordCount":535,"image":{"@id":"https:\/\/www.altominho.tv\/site\/2019\/08\/06\/chuva-esta-de-regresso-esta-terca-feira\/#primaryimage"},"thumbnailUrl":"https:\/\/www.altominho.tv\/site\/wp-content\/uploads\/2019\/08\/Pexels.jpg","keywords":["Sociedade"],"articleSection":["Alto Minho"],"inLanguage":"pt-PT","copyrightYear":"2019","copyrightHolder":{"@id":"https:\/\/www.altominho.tv\/site\/#organization"}},{"@type":"WebPage","@id":"https:\/\/www.altominho.tv\/site\/2019\/08\/06\/chuva-esta-de-regresso-esta-terca-feira\/","url":"https:\/\/www.altominho.tv\/site\/2019\/08\/06\/chuva-esta-de-regresso-esta-terca-feira\/","name":"Chuva est\u00e1 de regresso esta ter\u00e7a-feira","isPartOf":{"@id":"https:\/\/www.altominho.tv\/site\/#website"},"primaryImageOfPage":{"@id":"https:\/\/www.altominho.tv\/site\/2019\/08\/06\/chuva-esta-de-regresso-esta-terca-feira\/#primaryimage"},"image":{"@id":"https:\/\/www.altominho.tv\/site\/2019\/08\/06\/chuva-esta-de-regresso-esta-terca-feira\/#primaryimage"},"thumbnailUrl":"https:\/\/www.altominho.tv\/site\/wp-content\/uploads\/2019\/08\/Pexels.jpg","datePublished":"2019-08-06T09:24:30+00:00","dateModified":"2019-08-06T09:24:33+00:00","author":{"@id":"https:\/\/www.altominho.tv\/site\/#\/schema\/person\/d9be4265364723f14ea8e0d56a1d38cd"},"breadcrumb":{"@id":"https:\/\/www.altominho.tv\/site\/2019\/08\/06\/chuva-esta-de-regresso-esta-terca-feira\/#breadcrumb"},"inLanguage":"pt-PT","potentialAction":[{"@type":"ReadAction","target":["https:\/\/www.altominho.tv\/site\/2019\/08\/06\/chuva-esta-de-regresso-esta-terca-feira\/"]}]},{"@type":"ImageObject","inLanguage":"pt-PT","@id":"https:\/\/www.altominho.tv\/site\/2019\/08\/06\/chuva-esta-de-regresso-esta-terca-feira\/#primaryimage","url":"https:\/\/www.altominho.tv\/site\/wp-content\/uploads\/2019\/08\/Pexels.jpg","contentUrl":"https:\/\/www.altominho.tv\/site\/wp-content\/uploads\/2019\/08\/Pexels.jpg","width":1200,"height":800,"caption":"PEXELS"},{"@type":"BreadcrumbList","@id":"https:\/\/www.altominho.tv\/site\/2019\/08\/06\/chuva-esta-de-regresso-esta-terca-feira\/#breadcrumb","itemListElement":[{"@type":"ListItem","position":1,"name":"In\u00edcio","item":"https:\/\/www.altominho.tv\/site\/"},{"@type":"ListItem","position":2,"name":"Chuva est\u00e1 de regresso esta ter\u00e7a-feira"}]},{"@type":"WebSite","@id":"https:\/\/www.altominho.tv\/site\/#website","url":"https:\/\/www.altominho.tv\/site\/","name":"Altominho.tv","description":"A sua regi\u00e3o \u00e0 dist\u00e2ncia de um clique...","potentialAction":[{"@type":"SearchAction","target":{"@type":"EntryPoint","urlTemplate":"https:\/\/www.altominho.tv\/site\/?s={search_term_string}"},"query-input":{"@type":"PropertyValueSpecification","valueRequired":true,"valueName":"search_term_string"}}],"inLanguage":"pt-PT"},{"@type":"Person","@id":"https:\/\/www.altominho.tv\/site\/#\/schema\/person\/d9be4265364723f14ea8e0d56a1d38cd","name":"Andreia Ferreira","image":{"@type":"ImageObject","inLanguage":"pt-PT","@id":"https:\/\/www.altominho.tv\/site\/wp-content\/uploads\/2021\/01\/AndreiaFerreira-150x150.jpg","url":"https:\/\/www.altominho.tv\/site\/wp-content\/uploads\/2021\/01\/AndreiaFerreira-150x150.jpg","contentUrl":"https:\/\/www.altominho.tv\/site\/wp-content\/uploads\/2021\/01\/AndreiaFerreira-150x150.jpg","caption":"Andreia Ferreira"},"url":"https:\/\/www.altominho.tv\/site\/author\/andreiaferreira\/"}]}},"_links":{"self":[{"href":"https:\/\/www.altominho.tv\/site\/wp-json\/wp\/v2\/posts\/32288","targetHints":{"allow":["GET"]}}],"collection":[{"href":"https:\/\/www.altominho.tv\/site\/wp-json\/wp\/v2\/posts"}],"about":[{"href":"https:\/\/www.altominho.tv\/site\/wp-json\/wp\/v2\/types\/post"}],"author":[{"embeddable":true,"href":"https:\/\/www.altominho.tv\/site\/wp-json\/wp\/v2\/users\/12"}],"replies":[{"embeddable":true,"href":"https:\/\/www.altominho.tv\/site\/wp-json\/wp\/v2\/comments?post=32288"}],"version-history":[{"count":0,"href":"https:\/\/www.altominho.tv\/site\/wp-json\/wp\/v2\/posts\/32288\/revisions"}],"wp:featuredmedia":[{"embeddable":true,"href":"https:\/\/www.altominho.tv\/site\/wp-json\/wp\/v2\/media\/32289"}],"wp:attachment":[{"href":"https:\/\/www.altominho.tv\/site\/wp-json\/wp\/v2\/media?parent=32288"}],"wp:term":[{"taxonomy":"category","embeddable":true,"href":"https:\/\/www.altominho.tv\/site\/wp-json\/wp\/v2\/categories?post=32288"},{"taxonomy":"post_tag","embeddable":true,"href":"https:\/\/www.altominho.tv\/site\/wp-json\/wp\/v2\/tags?post=32288"}],"curies":[{"name":"wp","href":"https:\/\/api.w.org\/{rel}","templated":true}]}}