{"id":32185,"date":"2019-08-02T12:07:17","date_gmt":"2019-08-02T11:07:17","guid":{"rendered":"http:\/\/www.altominho.tv\/site\/?p=32185"},"modified":"2019-08-02T12:14:15","modified_gmt":"2019-08-02T11:14:15","slug":"populacao-de-santa-leocadia-de-geraz-do-lima-reune-se-para-decidir-nova-contestacao-a-padre-nomeado-pela-diocese","status":"publish","type":"post","link":"https:\/\/www.altominho.tv\/site\/2019\/08\/02\/populacao-de-santa-leocadia-de-geraz-do-lima-reune-se-para-decidir-nova-contestacao-a-padre-nomeado-pela-diocese\/","title":{"rendered":"Popula\u00e7\u00e3o de freguesia de Viana re\u00fane-se para decidir nova contesta\u00e7\u00e3o a padre"},"content":{"rendered":"<p>A popula\u00e7\u00e3o de Santa Leoc\u00e1dia de Geraz do Lima, em Viana do Castelo, re\u00fane-se ter\u00e7a-feira para decidir novas formas de contesta\u00e7\u00e3o ao p\u00e1roco nomeado h\u00e1 tr\u00eas meses pela diocese.<\/p>\n<p>&#8220;Nessa reuni\u00e3o poder\u00e3o ser tomadas medidas mais duras. V\u00e3o ser pedidas opini\u00f5es \u00e0 popula\u00e7\u00e3o caso permane\u00e7a a intransig\u00eancia da diocese de Viana do Castelo. Se a diocese disser que o padre tem de tomar posse, suponho que teremos que abrir a igreja, mas tomaremos outras medidas que poder\u00e3o passar por alguma viol\u00eancia f\u00edsica, porque as pessoas est\u00e3o revoltadas&#8221;, disse \u00e0 Lusa o porta-voz dos paroquianos, Agostinho Lima.<\/p>\n<p>O respons\u00e1vel explicou que o &#8220;impasse&#8221; na par\u00f3quia de Santa Leoc\u00e1dia de Geraz do Lima, com cerca de dois mil habitantes, e situada a cerca de 20 quil\u00f3metros da cidade de Viana do Castelo, &#8220;arrasta-se h\u00e1 tr\u00eas meses, na sequ\u00eancia da morte do p\u00e1roco anterior e da nomea\u00e7\u00e3o, pela diocese, do padre Ad\u00e3o Lima&#8221;.<\/p>\n<p>&#8220;Ap\u00f3s o falecimento do p\u00e1roco Jo\u00e3o Cunha, com 90 anos de idade, o padre mais velho de Viana do Castelo e com 60 anos de sacerd\u00f3cio nesta freguesia, foi nomeado pela diocese o padre Ad\u00e3o Lima, sem qualquer comunica\u00e7\u00e3o aos \u00f3rg\u00e3os de igreja de Santa Leoc\u00e1dia&#8221;, lamentou Agostinho Lima.<\/p>\n<p>Contactada pela ag\u00eancia Lusa, fonte do secretariado diocesano de Viana do Castelo informou que o bispo Anacleto Oliveira &#8220;n\u00e3o faz qualquer coment\u00e1rio sobre o assunto&#8221;.<\/p>\n<p>O porta-voz dos paroquianos adiantou que, &#8220;depois de v\u00e1rias reuni\u00f5es com \u00f3rg\u00e3os respons\u00e1veis da diocese e face \u00e0 falta de di\u00e1logo dos mesmos, a popula\u00e7\u00e3o decidiu, por unanimidade, e em reuni\u00e3o realizada no centro paroquial, n\u00e3o entregar as chaves da igreja para que o padre nomeado n\u00e3o pudesse tomar posse&#8221;.<\/p>\n<p>&#8220;A popula\u00e7\u00e3o entende que o padre Ad\u00e3o Lima \u00e9 uma pessoa materialista, com grandes sinais de riqueza, autorit\u00e1rio, inacess\u00edvel, n\u00e3o dialogante e um mau exemplo para a comunidade. Qualquer outro padre ser\u00e1 bem recebido, menos o que foi nomeado pela diocese&#8221;, sustentou Agostinho Lima.<\/p>\n<p>Segundo aquele respons\u00e1vel, o padre escolhido pela diocese &#8220;s\u00f3 n\u00e3o resignou porque sabe que a popula\u00e7\u00e3o de Santa Leoc\u00e1dia est\u00e1 contra a sua nomea\u00e7\u00e3o e entende que com a sua n\u00e3o ren\u00fancia se torna uma pessoa com mais poderes, demonstrando uma atitude ditatorial&#8221;.<\/p>\n<p>Agostinho Lima explicou que &#8220;a popula\u00e7\u00e3o j\u00e1 reuniu com o vig\u00e1rio geral a quem colocou todas as suas raz\u00f5es&#8221;, mas sem resultados.&nbsp;<\/p>\n<p>&#8220;O vig\u00e1rio geral \u00e9 ditador e inflex\u00edvel. A igreja funciona de forma ditatorial, n\u00e3o h\u00e1 flexibilidade&#8221;, acrescentou.<\/p>\n<p>Na reuni\u00e3o marcada para a pr\u00f3xima ter\u00e7a-feira, pelas 20:30, a popula\u00e7\u00e3o ir\u00e1 &#8220;aprovar uma carta que ser\u00e1 enviada a todos os \u00f3rg\u00e3os eclesi\u00e1sticos quer em Portugal, quer em Roma&#8221;.<\/p>\n<p>&#8220;Pretendemos dialogar com o bispo de Viana do Castelo para resolver esta situa\u00e7\u00e3o, nunca at\u00e9 \u00e0 data o mesmo aceitou qualquer pedido de reuni\u00e3o com os paroquianos nomeados para o efeito&#8221;, especificou.<\/p>\n<p>Fonte: Lusa<\/p>\n\n\n<p><\/p>\n","protected":false},"excerpt":{"rendered":"<p>A popula\u00e7\u00e3o de Santa Leoc\u00e1dia de Geraz do Lima, em Viana do Castelo, re\u00fane-se ter\u00e7a-feira para decidir novas formas de contesta\u00e7\u00e3o ao p\u00e1roco nomeado h\u00e1 tr\u00eas meses pela diocese. &#8220;Nessa reuni\u00e3o poder\u00e3o ser tomadas medidas mais duras. V\u00e3o ser pedidas opini\u00f5es \u00e0 popula\u00e7\u00e3o caso permane\u00e7a a intransig\u00eancia da diocese de Viana do Castelo. Se a [&hellip;]<\/p>\n","protected":false},"author":12,"featured_media":32187,"comment_status":"closed","ping_status":"closed","sticky":false,"template":"","format":"standard","meta":{"_exactmetrics_skip_tracking":false,"_exactmetrics_sitenote_active":false,"_exactmetrics_sitenote_note":"","_exactmetrics_sitenote_category":0,"footnotes":""},"categories":[14],"tags":[27],"class_list":["post-32185","post","type-post","status-publish","format-standard","has-post-thumbnail","hentry","category-viana-do-castelo","tag-sociedade"],"yoast_head":"<!-- This site is optimized with the Yoast SEO Premium plugin v27.5 (Yoast SEO v27.5) - https:\/\/yoast.com\/product\/yoast-seo-premium-wordpress\/ -->\n<title>Popula\u00e7\u00e3o de freguesia de Viana re\u00fane-se para decidir nova contesta\u00e7\u00e3o a padre<\/title>\n<meta name=\"robots\" content=\"index, follow, max-snippet:-1, max-image-preview:large, max-video-preview:-1\" \/>\n<link rel=\"canonical\" href=\"https:\/\/www.altominho.tv\/site\/2019\/08\/02\/populacao-de-santa-leocadia-de-geraz-do-lima-reune-se-para-decidir-nova-contestacao-a-padre-nomeado-pela-diocese\/\" \/>\n<meta property=\"og:locale\" content=\"pt_PT\" \/>\n<meta property=\"og:type\" content=\"article\" \/>\n<meta property=\"og:title\" content=\"Popula\u00e7\u00e3o de freguesia de Viana re\u00fane-se para decidir nova contesta\u00e7\u00e3o a padre\" \/>\n<meta property=\"og:description\" content=\"A popula\u00e7\u00e3o de Santa Leoc\u00e1dia de Geraz do Lima, em Viana do Castelo, re\u00fane-se ter\u00e7a-feira para decidir novas formas de contesta\u00e7\u00e3o ao p\u00e1roco nomeado h\u00e1 tr\u00eas meses pela diocese. &#8220;Nessa reuni\u00e3o poder\u00e3o ser tomadas medidas mais duras. V\u00e3o ser pedidas opini\u00f5es \u00e0 popula\u00e7\u00e3o caso permane\u00e7a a intransig\u00eancia da diocese de Viana do Castelo. Se a [&hellip;]\" \/>\n<meta property=\"og:url\" content=\"https:\/\/www.altominho.tv\/site\/2019\/08\/02\/populacao-de-santa-leocadia-de-geraz-do-lima-reune-se-para-decidir-nova-contestacao-a-padre-nomeado-pela-diocese\/\" \/>\n<meta property=\"og:site_name\" content=\"Altominho.tv\" \/>\n<meta property=\"article:publisher\" content=\"https:\/\/www.facebook.com\/altominhotv\" \/>\n<meta property=\"article:published_time\" content=\"2019-08-02T11:07:17+00:00\" \/>\n<meta property=\"article:modified_time\" content=\"2019-08-02T11:14:15+00:00\" \/>\n<meta property=\"og:image\" content=\"https:\/\/www.altominho.tv\/site\/wp-content\/uploads\/2019\/08\/igreja-paroquial-0.jpg\" \/>\n\t<meta property=\"og:image:width\" content=\"875\" \/>\n\t<meta property=\"og:image:height\" content=\"657\" \/>\n\t<meta property=\"og:image:type\" content=\"image\/jpeg\" \/>\n<meta name=\"author\" content=\"Andreia Ferreira\" \/>\n<meta name=\"twitter:card\" content=\"summary_large_image\" \/>\n<meta name=\"twitter:creator\" content=\"@altominhoTV\" \/>\n<meta name=\"twitter:site\" content=\"@altominhoTV\" \/>\n<meta name=\"twitter:label1\" content=\"Escrito por\" \/>\n\t<meta name=\"twitter:data1\" content=\"Andreia Ferreira\" \/>\n\t<meta name=\"twitter:label2\" content=\"Tempo estimado de leitura\" \/>\n\t<meta name=\"twitter:data2\" content=\"3 minutos\" \/>\n<script type=\"application\/ld+json\" class=\"yoast-schema-graph\">{\"@context\":\"https:\\\/\\\/schema.org\",\"@graph\":[{\"@type\":\"Article\",\"@id\":\"https:\\\/\\\/www.altominho.tv\\\/site\\\/2019\\\/08\\\/02\\\/populacao-de-santa-leocadia-de-geraz-do-lima-reune-se-para-decidir-nova-contestacao-a-padre-nomeado-pela-diocese\\\/#article\",\"isPartOf\":{\"@id\":\"https:\\\/\\\/www.altominho.tv\\\/site\\\/2019\\\/08\\\/02\\\/populacao-de-santa-leocadia-de-geraz-do-lima-reune-se-para-decidir-nova-contestacao-a-padre-nomeado-pela-diocese\\\/\"},\"author\":{\"name\":\"Andreia Ferreira\",\"@id\":\"https:\\\/\\\/www.altominho.tv\\\/site\\\/#\\\/schema\\\/person\\\/d9be4265364723f14ea8e0d56a1d38cd\"},\"headline\":\"Popula\u00e7\u00e3o de freguesia de Viana re\u00fane-se para decidir nova contesta\u00e7\u00e3o a padre\",\"datePublished\":\"2019-08-02T11:07:17+00:00\",\"dateModified\":\"2019-08-02T11:14:15+00:00\",\"mainEntityOfPage\":{\"@id\":\"https:\\\/\\\/www.altominho.tv\\\/site\\\/2019\\\/08\\\/02\\\/populacao-de-santa-leocadia-de-geraz-do-lima-reune-se-para-decidir-nova-contestacao-a-padre-nomeado-pela-diocese\\\/\"},\"wordCount\":542,\"image\":{\"@id\":\"https:\\\/\\\/www.altominho.tv\\\/site\\\/2019\\\/08\\\/02\\\/populacao-de-santa-leocadia-de-geraz-do-lima-reune-se-para-decidir-nova-contestacao-a-padre-nomeado-pela-diocese\\\/#primaryimage\"},\"thumbnailUrl\":\"https:\\\/\\\/www.altominho.tv\\\/site\\\/wp-content\\\/uploads\\\/2019\\\/08\\\/igreja-paroquial-0.jpg\",\"keywords\":[\"Sociedade\"],\"articleSection\":[\"Viana do Castelo\"],\"inLanguage\":\"pt-PT\",\"copyrightYear\":\"2019\",\"copyrightHolder\":{\"@id\":\"https:\\\/\\\/www.altominho.tv\\\/site\\\/#organization\"}},{\"@type\":\"WebPage\",\"@id\":\"https:\\\/\\\/www.altominho.tv\\\/site\\\/2019\\\/08\\\/02\\\/populacao-de-santa-leocadia-de-geraz-do-lima-reune-se-para-decidir-nova-contestacao-a-padre-nomeado-pela-diocese\\\/\",\"url\":\"https:\\\/\\\/www.altominho.tv\\\/site\\\/2019\\\/08\\\/02\\\/populacao-de-santa-leocadia-de-geraz-do-lima-reune-se-para-decidir-nova-contestacao-a-padre-nomeado-pela-diocese\\\/\",\"name\":\"Popula\u00e7\u00e3o de freguesia de Viana re\u00fane-se para decidir nova contesta\u00e7\u00e3o a padre\",\"isPartOf\":{\"@id\":\"https:\\\/\\\/www.altominho.tv\\\/site\\\/#website\"},\"primaryImageOfPage\":{\"@id\":\"https:\\\/\\\/www.altominho.tv\\\/site\\\/2019\\\/08\\\/02\\\/populacao-de-santa-leocadia-de-geraz-do-lima-reune-se-para-decidir-nova-contestacao-a-padre-nomeado-pela-diocese\\\/#primaryimage\"},\"image\":{\"@id\":\"https:\\\/\\\/www.altominho.tv\\\/site\\\/2019\\\/08\\\/02\\\/populacao-de-santa-leocadia-de-geraz-do-lima-reune-se-para-decidir-nova-contestacao-a-padre-nomeado-pela-diocese\\\/#primaryimage\"},\"thumbnailUrl\":\"https:\\\/\\\/www.altominho.tv\\\/site\\\/wp-content\\\/uploads\\\/2019\\\/08\\\/igreja-paroquial-0.jpg\",\"datePublished\":\"2019-08-02T11:07:17+00:00\",\"dateModified\":\"2019-08-02T11:14:15+00:00\",\"author\":{\"@id\":\"https:\\\/\\\/www.altominho.tv\\\/site\\\/#\\\/schema\\\/person\\\/d9be4265364723f14ea8e0d56a1d38cd\"},\"breadcrumb\":{\"@id\":\"https:\\\/\\\/www.altominho.tv\\\/site\\\/2019\\\/08\\\/02\\\/populacao-de-santa-leocadia-de-geraz-do-lima-reune-se-para-decidir-nova-contestacao-a-padre-nomeado-pela-diocese\\\/#breadcrumb\"},\"inLanguage\":\"pt-PT\",\"potentialAction\":[{\"@type\":\"ReadAction\",\"target\":[\"https:\\\/\\\/www.altominho.tv\\\/site\\\/2019\\\/08\\\/02\\\/populacao-de-santa-leocadia-de-geraz-do-lima-reune-se-para-decidir-nova-contestacao-a-padre-nomeado-pela-diocese\\\/\"]}]},{\"@type\":\"ImageObject\",\"inLanguage\":\"pt-PT\",\"@id\":\"https:\\\/\\\/www.altominho.tv\\\/site\\\/2019\\\/08\\\/02\\\/populacao-de-santa-leocadia-de-geraz-do-lima-reune-se-para-decidir-nova-contestacao-a-padre-nomeado-pela-diocese\\\/#primaryimage\",\"url\":\"https:\\\/\\\/www.altominho.tv\\\/site\\\/wp-content\\\/uploads\\\/2019\\\/08\\\/igreja-paroquial-0.jpg\",\"contentUrl\":\"https:\\\/\\\/www.altominho.tv\\\/site\\\/wp-content\\\/uploads\\\/2019\\\/08\\\/igreja-paroquial-0.jpg\",\"width\":875,\"height\":657,\"caption\":\"VISITAR PORTUGAL\"},{\"@type\":\"BreadcrumbList\",\"@id\":\"https:\\\/\\\/www.altominho.tv\\\/site\\\/2019\\\/08\\\/02\\\/populacao-de-santa-leocadia-de-geraz-do-lima-reune-se-para-decidir-nova-contestacao-a-padre-nomeado-pela-diocese\\\/#breadcrumb\",\"itemListElement\":[{\"@type\":\"ListItem\",\"position\":1,\"name\":\"In\u00edcio\",\"item\":\"https:\\\/\\\/www.altominho.tv\\\/site\\\/\"},{\"@type\":\"ListItem\",\"position\":2,\"name\":\"Popula\u00e7\u00e3o de freguesia de Viana re\u00fane-se para decidir nova contesta\u00e7\u00e3o a padre\"}]},{\"@type\":\"WebSite\",\"@id\":\"https:\\\/\\\/www.altominho.tv\\\/site\\\/#website\",\"url\":\"https:\\\/\\\/www.altominho.tv\\\/site\\\/\",\"name\":\"Altominho.tv\",\"description\":\"A sua regi\u00e3o \u00e0 dist\u00e2ncia de um clique...\",\"potentialAction\":[{\"@type\":\"SearchAction\",\"target\":{\"@type\":\"EntryPoint\",\"urlTemplate\":\"https:\\\/\\\/www.altominho.tv\\\/site\\\/?s={search_term_string}\"},\"query-input\":{\"@type\":\"PropertyValueSpecification\",\"valueRequired\":true,\"valueName\":\"search_term_string\"}}],\"inLanguage\":\"pt-PT\"},{\"@type\":\"Person\",\"@id\":\"https:\\\/\\\/www.altominho.tv\\\/site\\\/#\\\/schema\\\/person\\\/d9be4265364723f14ea8e0d56a1d38cd\",\"name\":\"Andreia Ferreira\",\"image\":{\"@type\":\"ImageObject\",\"inLanguage\":\"pt-PT\",\"@id\":\"https:\\\/\\\/www.altominho.tv\\\/site\\\/wp-content\\\/uploads\\\/2021\\\/01\\\/AndreiaFerreira-150x150.jpg\",\"url\":\"https:\\\/\\\/www.altominho.tv\\\/site\\\/wp-content\\\/uploads\\\/2021\\\/01\\\/AndreiaFerreira-150x150.jpg\",\"contentUrl\":\"https:\\\/\\\/www.altominho.tv\\\/site\\\/wp-content\\\/uploads\\\/2021\\\/01\\\/AndreiaFerreira-150x150.jpg\",\"caption\":\"Andreia Ferreira\"},\"url\":\"https:\\\/\\\/www.altominho.tv\\\/site\\\/author\\\/andreiaferreira\\\/\"}]}<\/script>\n<!-- \/ Yoast SEO Premium plugin. -->","yoast_head_json":{"title":"Popula\u00e7\u00e3o de freguesia de Viana re\u00fane-se para decidir nova contesta\u00e7\u00e3o a padre","robots":{"index":"index","follow":"follow","max-snippet":"max-snippet:-1","max-image-preview":"max-image-preview:large","max-video-preview":"max-video-preview:-1"},"canonical":"https:\/\/www.altominho.tv\/site\/2019\/08\/02\/populacao-de-santa-leocadia-de-geraz-do-lima-reune-se-para-decidir-nova-contestacao-a-padre-nomeado-pela-diocese\/","og_locale":"pt_PT","og_type":"article","og_title":"Popula\u00e7\u00e3o de freguesia de Viana re\u00fane-se para decidir nova contesta\u00e7\u00e3o a padre","og_description":"A popula\u00e7\u00e3o de Santa Leoc\u00e1dia de Geraz do Lima, em Viana do Castelo, re\u00fane-se ter\u00e7a-feira para decidir novas formas de contesta\u00e7\u00e3o ao p\u00e1roco nomeado h\u00e1 tr\u00eas meses pela diocese. &#8220;Nessa reuni\u00e3o poder\u00e3o ser tomadas medidas mais duras. V\u00e3o ser pedidas opini\u00f5es \u00e0 popula\u00e7\u00e3o caso permane\u00e7a a intransig\u00eancia da diocese de Viana do Castelo. Se a [&hellip;]","og_url":"https:\/\/www.altominho.tv\/site\/2019\/08\/02\/populacao-de-santa-leocadia-de-geraz-do-lima-reune-se-para-decidir-nova-contestacao-a-padre-nomeado-pela-diocese\/","og_site_name":"Altominho.tv","article_publisher":"https:\/\/www.facebook.com\/altominhotv","article_published_time":"2019-08-02T11:07:17+00:00","article_modified_time":"2019-08-02T11:14:15+00:00","og_image":[{"width":875,"height":657,"url":"https:\/\/www.altominho.tv\/site\/wp-content\/uploads\/2019\/08\/igreja-paroquial-0.jpg","type":"image\/jpeg"}],"author":"Andreia Ferreira","twitter_card":"summary_large_image","twitter_creator":"@altominhoTV","twitter_site":"@altominhoTV","twitter_misc":{"Escrito por":"Andreia Ferreira","Tempo estimado de leitura":"3 minutos"},"schema":{"@context":"https:\/\/schema.org","@graph":[{"@type":"Article","@id":"https:\/\/www.altominho.tv\/site\/2019\/08\/02\/populacao-de-santa-leocadia-de-geraz-do-lima-reune-se-para-decidir-nova-contestacao-a-padre-nomeado-pela-diocese\/#article","isPartOf":{"@id":"https:\/\/www.altominho.tv\/site\/2019\/08\/02\/populacao-de-santa-leocadia-de-geraz-do-lima-reune-se-para-decidir-nova-contestacao-a-padre-nomeado-pela-diocese\/"},"author":{"name":"Andreia Ferreira","@id":"https:\/\/www.altominho.tv\/site\/#\/schema\/person\/d9be4265364723f14ea8e0d56a1d38cd"},"headline":"Popula\u00e7\u00e3o de freguesia de Viana re\u00fane-se para decidir nova contesta\u00e7\u00e3o a padre","datePublished":"2019-08-02T11:07:17+00:00","dateModified":"2019-08-02T11:14:15+00:00","mainEntityOfPage":{"@id":"https:\/\/www.altominho.tv\/site\/2019\/08\/02\/populacao-de-santa-leocadia-de-geraz-do-lima-reune-se-para-decidir-nova-contestacao-a-padre-nomeado-pela-diocese\/"},"wordCount":542,"image":{"@id":"https:\/\/www.altominho.tv\/site\/2019\/08\/02\/populacao-de-santa-leocadia-de-geraz-do-lima-reune-se-para-decidir-nova-contestacao-a-padre-nomeado-pela-diocese\/#primaryimage"},"thumbnailUrl":"https:\/\/www.altominho.tv\/site\/wp-content\/uploads\/2019\/08\/igreja-paroquial-0.jpg","keywords":["Sociedade"],"articleSection":["Viana do Castelo"],"inLanguage":"pt-PT","copyrightYear":"2019","copyrightHolder":{"@id":"https:\/\/www.altominho.tv\/site\/#organization"}},{"@type":"WebPage","@id":"https:\/\/www.altominho.tv\/site\/2019\/08\/02\/populacao-de-santa-leocadia-de-geraz-do-lima-reune-se-para-decidir-nova-contestacao-a-padre-nomeado-pela-diocese\/","url":"https:\/\/www.altominho.tv\/site\/2019\/08\/02\/populacao-de-santa-leocadia-de-geraz-do-lima-reune-se-para-decidir-nova-contestacao-a-padre-nomeado-pela-diocese\/","name":"Popula\u00e7\u00e3o de freguesia de Viana re\u00fane-se para decidir nova contesta\u00e7\u00e3o a padre","isPartOf":{"@id":"https:\/\/www.altominho.tv\/site\/#website"},"primaryImageOfPage":{"@id":"https:\/\/www.altominho.tv\/site\/2019\/08\/02\/populacao-de-santa-leocadia-de-geraz-do-lima-reune-se-para-decidir-nova-contestacao-a-padre-nomeado-pela-diocese\/#primaryimage"},"image":{"@id":"https:\/\/www.altominho.tv\/site\/2019\/08\/02\/populacao-de-santa-leocadia-de-geraz-do-lima-reune-se-para-decidir-nova-contestacao-a-padre-nomeado-pela-diocese\/#primaryimage"},"thumbnailUrl":"https:\/\/www.altominho.tv\/site\/wp-content\/uploads\/2019\/08\/igreja-paroquial-0.jpg","datePublished":"2019-08-02T11:07:17+00:00","dateModified":"2019-08-02T11:14:15+00:00","author":{"@id":"https:\/\/www.altominho.tv\/site\/#\/schema\/person\/d9be4265364723f14ea8e0d56a1d38cd"},"breadcrumb":{"@id":"https:\/\/www.altominho.tv\/site\/2019\/08\/02\/populacao-de-santa-leocadia-de-geraz-do-lima-reune-se-para-decidir-nova-contestacao-a-padre-nomeado-pela-diocese\/#breadcrumb"},"inLanguage":"pt-PT","potentialAction":[{"@type":"ReadAction","target":["https:\/\/www.altominho.tv\/site\/2019\/08\/02\/populacao-de-santa-leocadia-de-geraz-do-lima-reune-se-para-decidir-nova-contestacao-a-padre-nomeado-pela-diocese\/"]}]},{"@type":"ImageObject","inLanguage":"pt-PT","@id":"https:\/\/www.altominho.tv\/site\/2019\/08\/02\/populacao-de-santa-leocadia-de-geraz-do-lima-reune-se-para-decidir-nova-contestacao-a-padre-nomeado-pela-diocese\/#primaryimage","url":"https:\/\/www.altominho.tv\/site\/wp-content\/uploads\/2019\/08\/igreja-paroquial-0.jpg","contentUrl":"https:\/\/www.altominho.tv\/site\/wp-content\/uploads\/2019\/08\/igreja-paroquial-0.jpg","width":875,"height":657,"caption":"VISITAR PORTUGAL"},{"@type":"BreadcrumbList","@id":"https:\/\/www.altominho.tv\/site\/2019\/08\/02\/populacao-de-santa-leocadia-de-geraz-do-lima-reune-se-para-decidir-nova-contestacao-a-padre-nomeado-pela-diocese\/#breadcrumb","itemListElement":[{"@type":"ListItem","position":1,"name":"In\u00edcio","item":"https:\/\/www.altominho.tv\/site\/"},{"@type":"ListItem","position":2,"name":"Popula\u00e7\u00e3o de freguesia de Viana re\u00fane-se para decidir nova contesta\u00e7\u00e3o a padre"}]},{"@type":"WebSite","@id":"https:\/\/www.altominho.tv\/site\/#website","url":"https:\/\/www.altominho.tv\/site\/","name":"Altominho.tv","description":"A sua regi\u00e3o \u00e0 dist\u00e2ncia de um clique...","potentialAction":[{"@type":"SearchAction","target":{"@type":"EntryPoint","urlTemplate":"https:\/\/www.altominho.tv\/site\/?s={search_term_string}"},"query-input":{"@type":"PropertyValueSpecification","valueRequired":true,"valueName":"search_term_string"}}],"inLanguage":"pt-PT"},{"@type":"Person","@id":"https:\/\/www.altominho.tv\/site\/#\/schema\/person\/d9be4265364723f14ea8e0d56a1d38cd","name":"Andreia Ferreira","image":{"@type":"ImageObject","inLanguage":"pt-PT","@id":"https:\/\/www.altominho.tv\/site\/wp-content\/uploads\/2021\/01\/AndreiaFerreira-150x150.jpg","url":"https:\/\/www.altominho.tv\/site\/wp-content\/uploads\/2021\/01\/AndreiaFerreira-150x150.jpg","contentUrl":"https:\/\/www.altominho.tv\/site\/wp-content\/uploads\/2021\/01\/AndreiaFerreira-150x150.jpg","caption":"Andreia Ferreira"},"url":"https:\/\/www.altominho.tv\/site\/author\/andreiaferreira\/"}]}},"_links":{"self":[{"href":"https:\/\/www.altominho.tv\/site\/wp-json\/wp\/v2\/posts\/32185","targetHints":{"allow":["GET"]}}],"collection":[{"href":"https:\/\/www.altominho.tv\/site\/wp-json\/wp\/v2\/posts"}],"about":[{"href":"https:\/\/www.altominho.tv\/site\/wp-json\/wp\/v2\/types\/post"}],"author":[{"embeddable":true,"href":"https:\/\/www.altominho.tv\/site\/wp-json\/wp\/v2\/users\/12"}],"replies":[{"embeddable":true,"href":"https:\/\/www.altominho.tv\/site\/wp-json\/wp\/v2\/comments?post=32185"}],"version-history":[{"count":0,"href":"https:\/\/www.altominho.tv\/site\/wp-json\/wp\/v2\/posts\/32185\/revisions"}],"wp:featuredmedia":[{"embeddable":true,"href":"https:\/\/www.altominho.tv\/site\/wp-json\/wp\/v2\/media\/32187"}],"wp:attachment":[{"href":"https:\/\/www.altominho.tv\/site\/wp-json\/wp\/v2\/media?parent=32185"}],"wp:term":[{"taxonomy":"category","embeddable":true,"href":"https:\/\/www.altominho.tv\/site\/wp-json\/wp\/v2\/categories?post=32185"},{"taxonomy":"post_tag","embeddable":true,"href":"https:\/\/www.altominho.tv\/site\/wp-json\/wp\/v2\/tags?post=32185"}],"curies":[{"name":"wp","href":"https:\/\/api.w.org\/{rel}","templated":true}]}}