{"id":32089,"date":"2019-08-01T09:29:35","date_gmt":"2019-08-01T08:29:35","guid":{"rendered":"http:\/\/www.altominho.tv\/site\/?p=32089"},"modified":"2019-08-01T09:38:04","modified_gmt":"2019-08-01T08:38:04","slug":"pescadores-de-caminha-e-viana-do-castelo-vao-exigir-ao-governo-compensacao-por-parque-eolico","status":"publish","type":"post","link":"https:\/\/www.altominho.tv\/site\/2019\/08\/01\/pescadores-de-caminha-e-viana-do-castelo-vao-exigir-ao-governo-compensacao-por-parque-eolico\/","title":{"rendered":"Pescadores de Caminha e Viana do Castelo v\u00e3o exigir ao Governo compensa\u00e7\u00e3o por parque e\u00f3lico"},"content":{"rendered":"<p>Cerca de 90 pescadores de Caminha e Viana do Castelo v\u00e3o exigir uma &#8220;compensa\u00e7\u00e3o justa&#8221; pelos preju\u00edzos da instala\u00e7\u00e3o de um parque e\u00f3lico flutuante numa reuni\u00e3o que foi pedida ao secret\u00e1rio de Estado das Pescas, anunciou o porta-voz daqueles profissionais.<\/p>\n<p>Em causa est\u00e1 o Windfloat Atlantic (WFA), um <a href=\"http:\/\/www.altominho.tv\/site\/2018\/07\/24\/parque-eolico-flutuante-ao-largo-de-viana-do-castelo-em-consulta-publica\/\">projeto de uma central e\u00f3lica<\/a> &#8216;offshore&#8217; (no mar), em Viana do Castelo, or\u00e7ado em 125 milh\u00f5es de euros, coordenado pela EDP, atrav\u00e9s da EDP Renov\u00e1veis, e que integra o parceiro tecnol\u00f3gico Principle Power, a Repsol, a capital de risco Portugal Ventures e a metal\u00fargica A. Silva Matos.<\/p>\n<p>O porta-voz, o advogado Pedro Meira, que falava aos jornalistas no final de uma reuni\u00e3o com o presidente da C\u00e2mara de Viana do Castelo, disse &#8220;aguardar para os pr\u00f3ximos dias&#8221; o agendamento da reuni\u00e3o com o Governo para &#8220;reabrir a porta do di\u00e1logo&#8221; e &#8220;encontrar uma compensa\u00e7\u00e3o justa&#8221; para os pescadores de embarca\u00e7\u00f5es locais&#8221;.<\/p>\n<p>Questionado sobre o valor dessa compensa\u00e7\u00e3o, Pedro Meira escusou-se a avan\u00e7ar n\u00fameros. O porta-voz garantiu que &#8220;nenhuma medida est\u00e1 fora de hip\u00f3tese&#8221;, referindo-se a uma tomada de posi\u00e7\u00e3o de &#8220;for\u00e7a&#8221;, como impedir a instala\u00e7\u00e3o do cabo submarino que vai ligar o parque e\u00f3lico flutuante \u00e0 rede, instalada em Viana do Castelo, ou a via judicial.<\/p>\n<p>Segundo o advogado, os pescadores de embarca\u00e7\u00f5es locais &#8220;sentem uma revolta tremenda por terem ficado de fora do acordo da compensa\u00e7\u00e3o de um milh\u00e3o de euros que a Windplus, titular da Utiliza\u00e7\u00e3o do Espa\u00e7o Mar\u00edtimo Nacional, negociou com a associa\u00e7\u00e3o de pescadores Vianapesca, para compensar os armadores potencialmente afetados pela instala\u00e7\u00e3o do WFA&#8221;.<\/p>\n<p>&#8220;Dos cerca de 90 pescadores de embarca\u00e7\u00f5es locais de Viana do Castelo e Caminha que represento, 30 s\u00e3o diretamente afetados pela instala\u00e7\u00e3o do cabo submarino\u201d, afirmou, apontando que, &#8220;ao longo do processo de instala\u00e7\u00e3o daquele projeto e\u00f3lico, houve discrimina\u00e7\u00e3o negativa dos pescadores de embarca\u00e7\u00f5es locais&#8221;.<\/p>\n<p>&#8220;Ao contr\u00e1rio, houve uma discrimina\u00e7\u00e3o positiva de 16 pescadores de embarca\u00e7\u00f5es costeiras. Isso n\u00e3o vai ao encontro dos princ\u00edpios basilares da nossa Constitui\u00e7\u00e3o que \u00e9 justi\u00e7a e equidade&#8221;, sustentou o advogado.<\/p>\n<p>O porta-voz referiu que a associa\u00e7\u00e3o que &#8220;negociou&#8221; com a concession\u00e1ria do parque e\u00f3lico a compensa\u00e7\u00e3o de um milh\u00e3o de euros &#8220;representa cerca de 10% dos pescadores da regi\u00e3o&#8221;, afirmando desconhecer quem indicou a Vianapesca para &#8220;dar a cara&#8221; pela comunidade piscat\u00f3ria.<\/p>\n<p>O presidente da Associa\u00e7\u00e3o de Pesca Profissional de Pescadores do rio Minho e Mar, com sede em Caminha, explicou que &#8220;a implanta\u00e7\u00e3o&#8221; do parque e\u00f3lico flutuante &#8220;afeta mais de 10% da \u00e1rea de pesca das embarca\u00e7\u00f5es locais&#8221;.<\/p>\n<p>&#8220;Sentimo-nos completamente postos de parte quando nenhum um euro \u00e9 chamado \u00e0s nossas comunidades e vemos 16 barcos que foram afetados em mil\u00e9simas da sua \u00e1rea de pesca a serem compensados com um milh\u00e3o de euros&#8221;, especificou Augusto Porto.<\/p>\n<p>De acordo com este dirigente, numa reuni\u00e3o realizada h\u00e1 mais de duas semanas na C\u00e2mara de Viana do Castelo, e onde marcou presen\u00e7a o secret\u00e1rio de Estado das Pescas, foi feita uma proposta aos pescadores de embarca\u00e7\u00f5es locais que ronda os 150 a 200 mil euros&#8221;.<\/p>\n<p>&#8220;Queremos ser tratados com dignidade, como pessoas que descontam e sofrem muito para trazer sustento para terra&#8221;, referiu Augusto Porto, adiantando que os pescadores de embarca\u00e7\u00f5es locais &#8220;est\u00e3o dispostos a ir at\u00e9 \u00e0s \u00faltimas consequ\u00eancias&#8221; para serem &#8220;justamente&#8221; compensados.<\/p>\n<p>Questionado pelos jornalistas, o presidente da C\u00e2mara de Viana do Castelo garantiu que ir\u00e1 interceder junto do Governo.<\/p>\n<p>&#8220;Vou informar o secret\u00e1rio de Estado das Pescas desta reuni\u00e3o, das preocupa\u00e7\u00f5es que me foram colocadas e pedir que seja marcada uma nova reuni\u00e3o para aprofundar a linha de trabalho. O secret\u00e1rio de Estado das Pescas e a ministra do Mar nunca se mostraram indispon\u00edveis para qualquer reunir&#8221;, disse o socialista Jos\u00e9 Maria Costa.<\/p>\n<p>\u00c0 porta da C\u00e2mara de Viana do Castelo aguardaram pelo desenrolar da reuni\u00e3o, que se prolongou por duas horas, cerca de 30 pescadores.<\/p>\n<p>Fonte: Lusa<\/p>\n","protected":false},"excerpt":{"rendered":"<p>Cerca de 90 pescadores de Caminha e Viana do Castelo v\u00e3o exigir uma &#8220;compensa\u00e7\u00e3o justa&#8221; pelos preju\u00edzos da instala\u00e7\u00e3o de um parque e\u00f3lico flutuante numa reuni\u00e3o que foi pedida ao secret\u00e1rio de Estado das Pescas, anunciou o porta-voz daqueles profissionais. Em causa est\u00e1 o Windfloat Atlantic (WFA), um projeto de uma central e\u00f3lica &#8216;offshore&#8217; (no [&hellip;]<\/p>\n","protected":false},"author":12,"featured_media":32090,"comment_status":"closed","ping_status":"closed","sticky":false,"template":"","format":"standard","meta":{"_exactmetrics_skip_tracking":false,"_exactmetrics_sitenote_active":false,"_exactmetrics_sitenote_note":"","_exactmetrics_sitenote_category":0,"footnotes":""},"categories":[73],"tags":[27],"class_list":["post-32089","post","type-post","status-publish","format-standard","has-post-thumbnail","hentry","category-alto-minho","tag-sociedade"],"yoast_head":"<!-- This site is optimized with the Yoast SEO Premium plugin v27.5 (Yoast SEO v27.5) - https:\/\/yoast.com\/product\/yoast-seo-premium-wordpress\/ -->\n<title>Pescadores de Caminha e Viana do Castelo v\u00e3o exigir ao Governo compensa\u00e7\u00e3o por parque e\u00f3lico<\/title>\n<meta name=\"robots\" content=\"index, follow, max-snippet:-1, max-image-preview:large, max-video-preview:-1\" \/>\n<link rel=\"canonical\" href=\"https:\/\/www.altominho.tv\/site\/2019\/08\/01\/pescadores-de-caminha-e-viana-do-castelo-vao-exigir-ao-governo-compensacao-por-parque-eolico\/\" \/>\n<meta property=\"og:locale\" content=\"pt_PT\" \/>\n<meta property=\"og:type\" content=\"article\" \/>\n<meta property=\"og:title\" content=\"Pescadores de Caminha e Viana do Castelo v\u00e3o exigir ao Governo compensa\u00e7\u00e3o por parque e\u00f3lico\" \/>\n<meta property=\"og:description\" content=\"Cerca de 90 pescadores de Caminha e Viana do Castelo v\u00e3o exigir uma &#8220;compensa\u00e7\u00e3o justa&#8221; pelos preju\u00edzos da instala\u00e7\u00e3o de um parque e\u00f3lico flutuante numa reuni\u00e3o que foi pedida ao secret\u00e1rio de Estado das Pescas, anunciou o porta-voz daqueles profissionais. Em causa est\u00e1 o Windfloat Atlantic (WFA), um projeto de uma central e\u00f3lica &#8216;offshore&#8217; (no [&hellip;]\" \/>\n<meta property=\"og:url\" content=\"https:\/\/www.altominho.tv\/site\/2019\/08\/01\/pescadores-de-caminha-e-viana-do-castelo-vao-exigir-ao-governo-compensacao-por-parque-eolico\/\" \/>\n<meta property=\"og:site_name\" content=\"Altominho.tv\" \/>\n<meta property=\"article:publisher\" content=\"https:\/\/www.facebook.com\/altominhotv\" \/>\n<meta property=\"article:published_time\" content=\"2019-08-01T08:29:35+00:00\" \/>\n<meta property=\"article:modified_time\" content=\"2019-08-01T08:38:04+00:00\" \/>\n<meta property=\"og:image\" content=\"https:\/\/www.altominho.tv\/site\/wp-content\/uploads\/2019\/08\/portugal-3840267_960_720.jpg\" \/>\n\t<meta property=\"og:image:width\" content=\"960\" \/>\n\t<meta property=\"og:image:height\" content=\"466\" \/>\n\t<meta property=\"og:image:type\" content=\"image\/jpeg\" \/>\n<meta name=\"author\" content=\"Andreia Ferreira\" \/>\n<meta name=\"twitter:card\" content=\"summary_large_image\" \/>\n<meta name=\"twitter:creator\" content=\"@altominhoTV\" \/>\n<meta name=\"twitter:site\" content=\"@altominhoTV\" \/>\n<meta name=\"twitter:label1\" content=\"Escrito por\" \/>\n\t<meta name=\"twitter:data1\" content=\"Andreia Ferreira\" \/>\n\t<meta name=\"twitter:label2\" content=\"Tempo estimado de leitura\" \/>\n\t<meta name=\"twitter:data2\" content=\"3 minutos\" \/>\n<script type=\"application\/ld+json\" class=\"yoast-schema-graph\">{\"@context\":\"https:\\\/\\\/schema.org\",\"@graph\":[{\"@type\":\"Article\",\"@id\":\"https:\\\/\\\/www.altominho.tv\\\/site\\\/2019\\\/08\\\/01\\\/pescadores-de-caminha-e-viana-do-castelo-vao-exigir-ao-governo-compensacao-por-parque-eolico\\\/#article\",\"isPartOf\":{\"@id\":\"https:\\\/\\\/www.altominho.tv\\\/site\\\/2019\\\/08\\\/01\\\/pescadores-de-caminha-e-viana-do-castelo-vao-exigir-ao-governo-compensacao-por-parque-eolico\\\/\"},\"author\":{\"name\":\"Andreia Ferreira\",\"@id\":\"https:\\\/\\\/www.altominho.tv\\\/site\\\/#\\\/schema\\\/person\\\/d9be4265364723f14ea8e0d56a1d38cd\"},\"headline\":\"Pescadores de Caminha e Viana do Castelo v\u00e3o exigir ao Governo compensa\u00e7\u00e3o por parque e\u00f3lico\",\"datePublished\":\"2019-08-01T08:29:35+00:00\",\"dateModified\":\"2019-08-01T08:38:04+00:00\",\"mainEntityOfPage\":{\"@id\":\"https:\\\/\\\/www.altominho.tv\\\/site\\\/2019\\\/08\\\/01\\\/pescadores-de-caminha-e-viana-do-castelo-vao-exigir-ao-governo-compensacao-por-parque-eolico\\\/\"},\"wordCount\":717,\"image\":{\"@id\":\"https:\\\/\\\/www.altominho.tv\\\/site\\\/2019\\\/08\\\/01\\\/pescadores-de-caminha-e-viana-do-castelo-vao-exigir-ao-governo-compensacao-por-parque-eolico\\\/#primaryimage\"},\"thumbnailUrl\":\"https:\\\/\\\/www.altominho.tv\\\/site\\\/wp-content\\\/uploads\\\/2019\\\/08\\\/portugal-3840267_960_720.jpg\",\"keywords\":[\"Sociedade\"],\"articleSection\":[\"Alto Minho\"],\"inLanguage\":\"pt-PT\",\"copyrightYear\":\"2019\",\"copyrightHolder\":{\"@id\":\"https:\\\/\\\/www.altominho.tv\\\/site\\\/#organization\"}},{\"@type\":\"WebPage\",\"@id\":\"https:\\\/\\\/www.altominho.tv\\\/site\\\/2019\\\/08\\\/01\\\/pescadores-de-caminha-e-viana-do-castelo-vao-exigir-ao-governo-compensacao-por-parque-eolico\\\/\",\"url\":\"https:\\\/\\\/www.altominho.tv\\\/site\\\/2019\\\/08\\\/01\\\/pescadores-de-caminha-e-viana-do-castelo-vao-exigir-ao-governo-compensacao-por-parque-eolico\\\/\",\"name\":\"Pescadores de Caminha e Viana do Castelo v\u00e3o exigir ao Governo compensa\u00e7\u00e3o por parque e\u00f3lico\",\"isPartOf\":{\"@id\":\"https:\\\/\\\/www.altominho.tv\\\/site\\\/#website\"},\"primaryImageOfPage\":{\"@id\":\"https:\\\/\\\/www.altominho.tv\\\/site\\\/2019\\\/08\\\/01\\\/pescadores-de-caminha-e-viana-do-castelo-vao-exigir-ao-governo-compensacao-por-parque-eolico\\\/#primaryimage\"},\"image\":{\"@id\":\"https:\\\/\\\/www.altominho.tv\\\/site\\\/2019\\\/08\\\/01\\\/pescadores-de-caminha-e-viana-do-castelo-vao-exigir-ao-governo-compensacao-por-parque-eolico\\\/#primaryimage\"},\"thumbnailUrl\":\"https:\\\/\\\/www.altominho.tv\\\/site\\\/wp-content\\\/uploads\\\/2019\\\/08\\\/portugal-3840267_960_720.jpg\",\"datePublished\":\"2019-08-01T08:29:35+00:00\",\"dateModified\":\"2019-08-01T08:38:04+00:00\",\"author\":{\"@id\":\"https:\\\/\\\/www.altominho.tv\\\/site\\\/#\\\/schema\\\/person\\\/d9be4265364723f14ea8e0d56a1d38cd\"},\"breadcrumb\":{\"@id\":\"https:\\\/\\\/www.altominho.tv\\\/site\\\/2019\\\/08\\\/01\\\/pescadores-de-caminha-e-viana-do-castelo-vao-exigir-ao-governo-compensacao-por-parque-eolico\\\/#breadcrumb\"},\"inLanguage\":\"pt-PT\",\"potentialAction\":[{\"@type\":\"ReadAction\",\"target\":[\"https:\\\/\\\/www.altominho.tv\\\/site\\\/2019\\\/08\\\/01\\\/pescadores-de-caminha-e-viana-do-castelo-vao-exigir-ao-governo-compensacao-por-parque-eolico\\\/\"]}]},{\"@type\":\"ImageObject\",\"inLanguage\":\"pt-PT\",\"@id\":\"https:\\\/\\\/www.altominho.tv\\\/site\\\/2019\\\/08\\\/01\\\/pescadores-de-caminha-e-viana-do-castelo-vao-exigir-ao-governo-compensacao-por-parque-eolico\\\/#primaryimage\",\"url\":\"https:\\\/\\\/www.altominho.tv\\\/site\\\/wp-content\\\/uploads\\\/2019\\\/08\\\/portugal-3840267_960_720.jpg\",\"contentUrl\":\"https:\\\/\\\/www.altominho.tv\\\/site\\\/wp-content\\\/uploads\\\/2019\\\/08\\\/portugal-3840267_960_720.jpg\",\"width\":960,\"height\":466,\"caption\":\"PIXABAY\"},{\"@type\":\"BreadcrumbList\",\"@id\":\"https:\\\/\\\/www.altominho.tv\\\/site\\\/2019\\\/08\\\/01\\\/pescadores-de-caminha-e-viana-do-castelo-vao-exigir-ao-governo-compensacao-por-parque-eolico\\\/#breadcrumb\",\"itemListElement\":[{\"@type\":\"ListItem\",\"position\":1,\"name\":\"In\u00edcio\",\"item\":\"https:\\\/\\\/www.altominho.tv\\\/site\\\/\"},{\"@type\":\"ListItem\",\"position\":2,\"name\":\"Pescadores de Caminha e Viana do Castelo v\u00e3o exigir ao Governo compensa\u00e7\u00e3o por parque e\u00f3lico\"}]},{\"@type\":\"WebSite\",\"@id\":\"https:\\\/\\\/www.altominho.tv\\\/site\\\/#website\",\"url\":\"https:\\\/\\\/www.altominho.tv\\\/site\\\/\",\"name\":\"Altominho.tv\",\"description\":\"A sua regi\u00e3o \u00e0 dist\u00e2ncia de um clique...\",\"potentialAction\":[{\"@type\":\"SearchAction\",\"target\":{\"@type\":\"EntryPoint\",\"urlTemplate\":\"https:\\\/\\\/www.altominho.tv\\\/site\\\/?s={search_term_string}\"},\"query-input\":{\"@type\":\"PropertyValueSpecification\",\"valueRequired\":true,\"valueName\":\"search_term_string\"}}],\"inLanguage\":\"pt-PT\"},{\"@type\":\"Person\",\"@id\":\"https:\\\/\\\/www.altominho.tv\\\/site\\\/#\\\/schema\\\/person\\\/d9be4265364723f14ea8e0d56a1d38cd\",\"name\":\"Andreia Ferreira\",\"image\":{\"@type\":\"ImageObject\",\"inLanguage\":\"pt-PT\",\"@id\":\"https:\\\/\\\/www.altominho.tv\\\/site\\\/wp-content\\\/uploads\\\/2021\\\/01\\\/AndreiaFerreira-150x150.jpg\",\"url\":\"https:\\\/\\\/www.altominho.tv\\\/site\\\/wp-content\\\/uploads\\\/2021\\\/01\\\/AndreiaFerreira-150x150.jpg\",\"contentUrl\":\"https:\\\/\\\/www.altominho.tv\\\/site\\\/wp-content\\\/uploads\\\/2021\\\/01\\\/AndreiaFerreira-150x150.jpg\",\"caption\":\"Andreia Ferreira\"},\"url\":\"https:\\\/\\\/www.altominho.tv\\\/site\\\/author\\\/andreiaferreira\\\/\"}]}<\/script>\n<!-- \/ Yoast SEO Premium plugin. -->","yoast_head_json":{"title":"Pescadores de Caminha e Viana do Castelo v\u00e3o exigir ao Governo compensa\u00e7\u00e3o por parque e\u00f3lico","robots":{"index":"index","follow":"follow","max-snippet":"max-snippet:-1","max-image-preview":"max-image-preview:large","max-video-preview":"max-video-preview:-1"},"canonical":"https:\/\/www.altominho.tv\/site\/2019\/08\/01\/pescadores-de-caminha-e-viana-do-castelo-vao-exigir-ao-governo-compensacao-por-parque-eolico\/","og_locale":"pt_PT","og_type":"article","og_title":"Pescadores de Caminha e Viana do Castelo v\u00e3o exigir ao Governo compensa\u00e7\u00e3o por parque e\u00f3lico","og_description":"Cerca de 90 pescadores de Caminha e Viana do Castelo v\u00e3o exigir uma &#8220;compensa\u00e7\u00e3o justa&#8221; pelos preju\u00edzos da instala\u00e7\u00e3o de um parque e\u00f3lico flutuante numa reuni\u00e3o que foi pedida ao secret\u00e1rio de Estado das Pescas, anunciou o porta-voz daqueles profissionais. Em causa est\u00e1 o Windfloat Atlantic (WFA), um projeto de uma central e\u00f3lica &#8216;offshore&#8217; (no [&hellip;]","og_url":"https:\/\/www.altominho.tv\/site\/2019\/08\/01\/pescadores-de-caminha-e-viana-do-castelo-vao-exigir-ao-governo-compensacao-por-parque-eolico\/","og_site_name":"Altominho.tv","article_publisher":"https:\/\/www.facebook.com\/altominhotv","article_published_time":"2019-08-01T08:29:35+00:00","article_modified_time":"2019-08-01T08:38:04+00:00","og_image":[{"width":960,"height":466,"url":"https:\/\/www.altominho.tv\/site\/wp-content\/uploads\/2019\/08\/portugal-3840267_960_720.jpg","type":"image\/jpeg"}],"author":"Andreia Ferreira","twitter_card":"summary_large_image","twitter_creator":"@altominhoTV","twitter_site":"@altominhoTV","twitter_misc":{"Escrito por":"Andreia Ferreira","Tempo estimado de leitura":"3 minutos"},"schema":{"@context":"https:\/\/schema.org","@graph":[{"@type":"Article","@id":"https:\/\/www.altominho.tv\/site\/2019\/08\/01\/pescadores-de-caminha-e-viana-do-castelo-vao-exigir-ao-governo-compensacao-por-parque-eolico\/#article","isPartOf":{"@id":"https:\/\/www.altominho.tv\/site\/2019\/08\/01\/pescadores-de-caminha-e-viana-do-castelo-vao-exigir-ao-governo-compensacao-por-parque-eolico\/"},"author":{"name":"Andreia Ferreira","@id":"https:\/\/www.altominho.tv\/site\/#\/schema\/person\/d9be4265364723f14ea8e0d56a1d38cd"},"headline":"Pescadores de Caminha e Viana do Castelo v\u00e3o exigir ao Governo compensa\u00e7\u00e3o por parque e\u00f3lico","datePublished":"2019-08-01T08:29:35+00:00","dateModified":"2019-08-01T08:38:04+00:00","mainEntityOfPage":{"@id":"https:\/\/www.altominho.tv\/site\/2019\/08\/01\/pescadores-de-caminha-e-viana-do-castelo-vao-exigir-ao-governo-compensacao-por-parque-eolico\/"},"wordCount":717,"image":{"@id":"https:\/\/www.altominho.tv\/site\/2019\/08\/01\/pescadores-de-caminha-e-viana-do-castelo-vao-exigir-ao-governo-compensacao-por-parque-eolico\/#primaryimage"},"thumbnailUrl":"https:\/\/www.altominho.tv\/site\/wp-content\/uploads\/2019\/08\/portugal-3840267_960_720.jpg","keywords":["Sociedade"],"articleSection":["Alto Minho"],"inLanguage":"pt-PT","copyrightYear":"2019","copyrightHolder":{"@id":"https:\/\/www.altominho.tv\/site\/#organization"}},{"@type":"WebPage","@id":"https:\/\/www.altominho.tv\/site\/2019\/08\/01\/pescadores-de-caminha-e-viana-do-castelo-vao-exigir-ao-governo-compensacao-por-parque-eolico\/","url":"https:\/\/www.altominho.tv\/site\/2019\/08\/01\/pescadores-de-caminha-e-viana-do-castelo-vao-exigir-ao-governo-compensacao-por-parque-eolico\/","name":"Pescadores de Caminha e Viana do Castelo v\u00e3o exigir ao Governo compensa\u00e7\u00e3o por parque e\u00f3lico","isPartOf":{"@id":"https:\/\/www.altominho.tv\/site\/#website"},"primaryImageOfPage":{"@id":"https:\/\/www.altominho.tv\/site\/2019\/08\/01\/pescadores-de-caminha-e-viana-do-castelo-vao-exigir-ao-governo-compensacao-por-parque-eolico\/#primaryimage"},"image":{"@id":"https:\/\/www.altominho.tv\/site\/2019\/08\/01\/pescadores-de-caminha-e-viana-do-castelo-vao-exigir-ao-governo-compensacao-por-parque-eolico\/#primaryimage"},"thumbnailUrl":"https:\/\/www.altominho.tv\/site\/wp-content\/uploads\/2019\/08\/portugal-3840267_960_720.jpg","datePublished":"2019-08-01T08:29:35+00:00","dateModified":"2019-08-01T08:38:04+00:00","author":{"@id":"https:\/\/www.altominho.tv\/site\/#\/schema\/person\/d9be4265364723f14ea8e0d56a1d38cd"},"breadcrumb":{"@id":"https:\/\/www.altominho.tv\/site\/2019\/08\/01\/pescadores-de-caminha-e-viana-do-castelo-vao-exigir-ao-governo-compensacao-por-parque-eolico\/#breadcrumb"},"inLanguage":"pt-PT","potentialAction":[{"@type":"ReadAction","target":["https:\/\/www.altominho.tv\/site\/2019\/08\/01\/pescadores-de-caminha-e-viana-do-castelo-vao-exigir-ao-governo-compensacao-por-parque-eolico\/"]}]},{"@type":"ImageObject","inLanguage":"pt-PT","@id":"https:\/\/www.altominho.tv\/site\/2019\/08\/01\/pescadores-de-caminha-e-viana-do-castelo-vao-exigir-ao-governo-compensacao-por-parque-eolico\/#primaryimage","url":"https:\/\/www.altominho.tv\/site\/wp-content\/uploads\/2019\/08\/portugal-3840267_960_720.jpg","contentUrl":"https:\/\/www.altominho.tv\/site\/wp-content\/uploads\/2019\/08\/portugal-3840267_960_720.jpg","width":960,"height":466,"caption":"PIXABAY"},{"@type":"BreadcrumbList","@id":"https:\/\/www.altominho.tv\/site\/2019\/08\/01\/pescadores-de-caminha-e-viana-do-castelo-vao-exigir-ao-governo-compensacao-por-parque-eolico\/#breadcrumb","itemListElement":[{"@type":"ListItem","position":1,"name":"In\u00edcio","item":"https:\/\/www.altominho.tv\/site\/"},{"@type":"ListItem","position":2,"name":"Pescadores de Caminha e Viana do Castelo v\u00e3o exigir ao Governo compensa\u00e7\u00e3o por parque e\u00f3lico"}]},{"@type":"WebSite","@id":"https:\/\/www.altominho.tv\/site\/#website","url":"https:\/\/www.altominho.tv\/site\/","name":"Altominho.tv","description":"A sua regi\u00e3o \u00e0 dist\u00e2ncia de um clique...","potentialAction":[{"@type":"SearchAction","target":{"@type":"EntryPoint","urlTemplate":"https:\/\/www.altominho.tv\/site\/?s={search_term_string}"},"query-input":{"@type":"PropertyValueSpecification","valueRequired":true,"valueName":"search_term_string"}}],"inLanguage":"pt-PT"},{"@type":"Person","@id":"https:\/\/www.altominho.tv\/site\/#\/schema\/person\/d9be4265364723f14ea8e0d56a1d38cd","name":"Andreia Ferreira","image":{"@type":"ImageObject","inLanguage":"pt-PT","@id":"https:\/\/www.altominho.tv\/site\/wp-content\/uploads\/2021\/01\/AndreiaFerreira-150x150.jpg","url":"https:\/\/www.altominho.tv\/site\/wp-content\/uploads\/2021\/01\/AndreiaFerreira-150x150.jpg","contentUrl":"https:\/\/www.altominho.tv\/site\/wp-content\/uploads\/2021\/01\/AndreiaFerreira-150x150.jpg","caption":"Andreia Ferreira"},"url":"https:\/\/www.altominho.tv\/site\/author\/andreiaferreira\/"}]}},"_links":{"self":[{"href":"https:\/\/www.altominho.tv\/site\/wp-json\/wp\/v2\/posts\/32089","targetHints":{"allow":["GET"]}}],"collection":[{"href":"https:\/\/www.altominho.tv\/site\/wp-json\/wp\/v2\/posts"}],"about":[{"href":"https:\/\/www.altominho.tv\/site\/wp-json\/wp\/v2\/types\/post"}],"author":[{"embeddable":true,"href":"https:\/\/www.altominho.tv\/site\/wp-json\/wp\/v2\/users\/12"}],"replies":[{"embeddable":true,"href":"https:\/\/www.altominho.tv\/site\/wp-json\/wp\/v2\/comments?post=32089"}],"version-history":[{"count":0,"href":"https:\/\/www.altominho.tv\/site\/wp-json\/wp\/v2\/posts\/32089\/revisions"}],"wp:featuredmedia":[{"embeddable":true,"href":"https:\/\/www.altominho.tv\/site\/wp-json\/wp\/v2\/media\/32090"}],"wp:attachment":[{"href":"https:\/\/www.altominho.tv\/site\/wp-json\/wp\/v2\/media?parent=32089"}],"wp:term":[{"taxonomy":"category","embeddable":true,"href":"https:\/\/www.altominho.tv\/site\/wp-json\/wp\/v2\/categories?post=32089"},{"taxonomy":"post_tag","embeddable":true,"href":"https:\/\/www.altominho.tv\/site\/wp-json\/wp\/v2\/tags?post=32089"}],"curies":[{"name":"wp","href":"https:\/\/api.w.org\/{rel}","templated":true}]}}