{"id":32056,"date":"2019-07-31T10:31:24","date_gmt":"2019-07-31T09:31:24","guid":{"rendered":"http:\/\/www.altominho.tv\/site\/?p=32056"},"modified":"2019-07-31T10:31:28","modified_gmt":"2019-07-31T09:31:28","slug":"festas-de-nossa-senhora-da-lapa-comecam-sabado-com-um-tributo-aos-queen","status":"publish","type":"post","link":"https:\/\/www.altominho.tv\/site\/2019\/07\/31\/festas-de-nossa-senhora-da-lapa-comecam-sabado-com-um-tributo-aos-queen\/","title":{"rendered":"Festas de Nossa Senhora da Lapa come\u00e7am s\u00e1bado com um tributo aos Queen"},"content":{"rendered":"<p>As festas em honra de Nossa Senhora da Lapa, no concelho de Arcos de Valdevez come\u00e7am no s\u00e1bado, dia 3 de agosto, com um tributo aos Queen.<\/p>\n<p>O anfiteatro do Traslad\u00e1rio vai acolher, pelas 22h00, o concerto sinf\u00f3nico &#8220;The Queen Symphony &#8211; Tolga Kashif&#8221;, que conta com a participa\u00e7\u00e3o da Orquestra e Coro Nacional de Jovens, do Coro Municipal Marqu\u00eas de Pombal, do Coro David de Sousa e do Coro Infanto-Juvenil do Conservat\u00f3rio de M\u00fasica e Dan\u00e7a de Arcos de Valdevez. O espet\u00e1culo \u00e9 gratuito.<\/p>\n<p>As festividades prolongam-se at\u00e9 11 de agosto, com um programa variado qeue envolve gastronomia, folclore, concertinas, cantares ao desafio, tasquinhas, momentos musicais, entre outras atividades.<\/p>\n<p>Os destaques da edi\u00e7\u00e3o deste ano v\u00e3o para a realiza\u00e7\u00e3o de um Cortejo Etnogr\u00e1fico durante a noite de sexta-feira, dia 9, e para o refor\u00e7o da programa\u00e7\u00e3o direcionada para a juventude.<\/p>\n<p>Para al\u00e9m da realiza\u00e7\u00e3o do \u00cdnsua do Vez Summer Sessions, festival que j\u00e1 vai na 12\u00aa edi\u00e7\u00e3o, e que traz at\u00e9 \u00e0 beira rio Dj\u00b4s conhecidos do panorama musical portugu\u00eas, incluindo uma noite dedicada a Dj\u00b4s arcuenses, este ano, no intitulado Dia da Juventude, a 8 de agosto, os Expensive Soul ir\u00e3o dar um espet\u00e1culo no Anfiteatro do Traslad\u00e1rio.<\/p>\n<p>A Festa do Rio, um dos momentos altos das festas, retorna no s\u00e1bado, dia 10, trazendo este ano \u2018Os \u00d3scares de Hollywood\u2019. Este desfile de barcos aleg\u00f3ricos ser\u00e1 complementado com m\u00fasica e fogo-de-artif\u00edcio.<\/p>\n<p>Na programa\u00e7\u00e3o constam ainda os festivais de folclore, as rusgas, a festa da R\u00e1dio Valdevez e a Festa do Emigrante, os cantares ao desafio, a atua\u00e7\u00e3o da Banda da Sociedade Musical arcuense, de v\u00e1rios grupos musicais do concelho e dos bombos.<\/p>\n<p>Os momentos religiosos englobam a realiza\u00e7\u00e3o da Eucaristia em Honra de Nossa Senhora da Lapa e a Solene Prociss\u00e3o em Honra de Nossa Senhora da Lapa, no domingo \u00e0 tarde. Este ano a prociss\u00e3o tem como convidado o andor da Senhora dos Rem\u00e9dios.<\/p>\n<p>As Festas de Nossa Senhora da Lapa s\u00e3o organizadas pela associa\u00e7\u00e3o de festas, em colabora\u00e7\u00e3o com a C\u00e2mara Municipal dos Arcos de Valdevez.<\/p>\n","protected":false},"excerpt":{"rendered":"<p>As festas em honra de Nossa Senhora da Lapa, no concelho de Arcos de Valdevez come\u00e7am no s\u00e1bado, dia 3 de agosto, com um tributo aos Queen. O anfiteatro do Traslad\u00e1rio vai acolher, pelas 22h00, o concerto sinf\u00f3nico &#8220;The Queen Symphony &#8211; Tolga Kashif&#8221;, que conta com a participa\u00e7\u00e3o da Orquestra e Coro Nacional de [&hellip;]<\/p>\n","protected":false},"author":12,"featured_media":32057,"comment_status":"closed","ping_status":"closed","sticky":false,"template":"","format":"standard","meta":{"_exactmetrics_skip_tracking":false,"_exactmetrics_sitenote_active":false,"_exactmetrics_sitenote_note":"","_exactmetrics_sitenote_category":0,"footnotes":""},"categories":[2],"tags":[19,24],"class_list":["post-32056","post","type-post","status-publish","format-standard","has-post-thumbnail","hentry","category-arcos-de-valdevez","tag-cultura","tag-lazer"],"yoast_head":"<!-- This site is optimized with the Yoast SEO Premium plugin v27.5 (Yoast SEO v27.5) - https:\/\/yoast.com\/product\/yoast-seo-premium-wordpress\/ -->\n<title>Festas de Nossa Senhora da Lapa come\u00e7am s\u00e1bado com um tributo aos Queen<\/title>\n<meta name=\"robots\" content=\"index, follow, max-snippet:-1, max-image-preview:large, max-video-preview:-1\" \/>\n<link rel=\"canonical\" href=\"https:\/\/www.altominho.tv\/site\/2019\/07\/31\/festas-de-nossa-senhora-da-lapa-comecam-sabado-com-um-tributo-aos-queen\/\" \/>\n<meta property=\"og:locale\" content=\"pt_PT\" \/>\n<meta property=\"og:type\" content=\"article\" \/>\n<meta property=\"og:title\" content=\"Festas de Nossa Senhora da Lapa come\u00e7am s\u00e1bado com um tributo aos Queen\" \/>\n<meta property=\"og:description\" content=\"As festas em honra de Nossa Senhora da Lapa, no concelho de Arcos de Valdevez come\u00e7am no s\u00e1bado, dia 3 de agosto, com um tributo aos Queen. O anfiteatro do Traslad\u00e1rio vai acolher, pelas 22h00, o concerto sinf\u00f3nico &#8220;The Queen Symphony &#8211; Tolga Kashif&#8221;, que conta com a participa\u00e7\u00e3o da Orquestra e Coro Nacional de [&hellip;]\" \/>\n<meta property=\"og:url\" content=\"https:\/\/www.altominho.tv\/site\/2019\/07\/31\/festas-de-nossa-senhora-da-lapa-comecam-sabado-com-um-tributo-aos-queen\/\" \/>\n<meta property=\"og:site_name\" content=\"Altominho.tv\" \/>\n<meta property=\"article:publisher\" content=\"https:\/\/www.facebook.com\/altominhotv\" \/>\n<meta property=\"article:published_time\" content=\"2019-07-31T09:31:24+00:00\" \/>\n<meta property=\"article:modified_time\" content=\"2019-07-31T09:31:28+00:00\" \/>\n<meta property=\"og:image\" content=\"https:\/\/www.altominho.tv\/site\/wp-content\/uploads\/2019\/07\/festas-lapa-740x530.jpg\" \/>\n\t<meta property=\"og:image:width\" content=\"740\" \/>\n\t<meta property=\"og:image:height\" content=\"530\" \/>\n\t<meta property=\"og:image:type\" content=\"image\/jpeg\" \/>\n<meta name=\"author\" content=\"Andreia Ferreira\" \/>\n<meta name=\"twitter:card\" content=\"summary_large_image\" \/>\n<meta name=\"twitter:creator\" content=\"@altominhoTV\" \/>\n<meta name=\"twitter:site\" content=\"@altominhoTV\" \/>\n<meta name=\"twitter:label1\" content=\"Escrito por\" \/>\n\t<meta name=\"twitter:data1\" content=\"Andreia Ferreira\" \/>\n\t<meta name=\"twitter:label2\" content=\"Tempo estimado de leitura\" \/>\n\t<meta name=\"twitter:data2\" content=\"2 minutos\" \/>\n<script type=\"application\/ld+json\" class=\"yoast-schema-graph\">{\"@context\":\"https:\\\/\\\/schema.org\",\"@graph\":[{\"@type\":\"Article\",\"@id\":\"https:\\\/\\\/www.altominho.tv\\\/site\\\/2019\\\/07\\\/31\\\/festas-de-nossa-senhora-da-lapa-comecam-sabado-com-um-tributo-aos-queen\\\/#article\",\"isPartOf\":{\"@id\":\"https:\\\/\\\/www.altominho.tv\\\/site\\\/2019\\\/07\\\/31\\\/festas-de-nossa-senhora-da-lapa-comecam-sabado-com-um-tributo-aos-queen\\\/\"},\"author\":{\"name\":\"Andreia Ferreira\",\"@id\":\"https:\\\/\\\/www.altominho.tv\\\/site\\\/#\\\/schema\\\/person\\\/d9be4265364723f14ea8e0d56a1d38cd\"},\"headline\":\"Festas de Nossa Senhora da Lapa come\u00e7am s\u00e1bado com um tributo aos Queen\",\"datePublished\":\"2019-07-31T09:31:24+00:00\",\"dateModified\":\"2019-07-31T09:31:28+00:00\",\"mainEntityOfPage\":{\"@id\":\"https:\\\/\\\/www.altominho.tv\\\/site\\\/2019\\\/07\\\/31\\\/festas-de-nossa-senhora-da-lapa-comecam-sabado-com-um-tributo-aos-queen\\\/\"},\"wordCount\":387,\"image\":{\"@id\":\"https:\\\/\\\/www.altominho.tv\\\/site\\\/2019\\\/07\\\/31\\\/festas-de-nossa-senhora-da-lapa-comecam-sabado-com-um-tributo-aos-queen\\\/#primaryimage\"},\"thumbnailUrl\":\"https:\\\/\\\/www.altominho.tv\\\/site\\\/wp-content\\\/uploads\\\/2019\\\/07\\\/festas-lapa-740x530.jpg\",\"keywords\":[\"Cultura\",\"Lazer\"],\"articleSection\":[\"Arcos de Valdevez\"],\"inLanguage\":\"pt-PT\",\"copyrightYear\":\"2019\",\"copyrightHolder\":{\"@id\":\"https:\\\/\\\/www.altominho.tv\\\/site\\\/#organization\"}},{\"@type\":\"WebPage\",\"@id\":\"https:\\\/\\\/www.altominho.tv\\\/site\\\/2019\\\/07\\\/31\\\/festas-de-nossa-senhora-da-lapa-comecam-sabado-com-um-tributo-aos-queen\\\/\",\"url\":\"https:\\\/\\\/www.altominho.tv\\\/site\\\/2019\\\/07\\\/31\\\/festas-de-nossa-senhora-da-lapa-comecam-sabado-com-um-tributo-aos-queen\\\/\",\"name\":\"Festas de Nossa Senhora da Lapa come\u00e7am s\u00e1bado com um tributo aos Queen\",\"isPartOf\":{\"@id\":\"https:\\\/\\\/www.altominho.tv\\\/site\\\/#website\"},\"primaryImageOfPage\":{\"@id\":\"https:\\\/\\\/www.altominho.tv\\\/site\\\/2019\\\/07\\\/31\\\/festas-de-nossa-senhora-da-lapa-comecam-sabado-com-um-tributo-aos-queen\\\/#primaryimage\"},\"image\":{\"@id\":\"https:\\\/\\\/www.altominho.tv\\\/site\\\/2019\\\/07\\\/31\\\/festas-de-nossa-senhora-da-lapa-comecam-sabado-com-um-tributo-aos-queen\\\/#primaryimage\"},\"thumbnailUrl\":\"https:\\\/\\\/www.altominho.tv\\\/site\\\/wp-content\\\/uploads\\\/2019\\\/07\\\/festas-lapa-740x530.jpg\",\"datePublished\":\"2019-07-31T09:31:24+00:00\",\"dateModified\":\"2019-07-31T09:31:28+00:00\",\"author\":{\"@id\":\"https:\\\/\\\/www.altominho.tv\\\/site\\\/#\\\/schema\\\/person\\\/d9be4265364723f14ea8e0d56a1d38cd\"},\"breadcrumb\":{\"@id\":\"https:\\\/\\\/www.altominho.tv\\\/site\\\/2019\\\/07\\\/31\\\/festas-de-nossa-senhora-da-lapa-comecam-sabado-com-um-tributo-aos-queen\\\/#breadcrumb\"},\"inLanguage\":\"pt-PT\",\"potentialAction\":[{\"@type\":\"ReadAction\",\"target\":[\"https:\\\/\\\/www.altominho.tv\\\/site\\\/2019\\\/07\\\/31\\\/festas-de-nossa-senhora-da-lapa-comecam-sabado-com-um-tributo-aos-queen\\\/\"]}]},{\"@type\":\"ImageObject\",\"inLanguage\":\"pt-PT\",\"@id\":\"https:\\\/\\\/www.altominho.tv\\\/site\\\/2019\\\/07\\\/31\\\/festas-de-nossa-senhora-da-lapa-comecam-sabado-com-um-tributo-aos-queen\\\/#primaryimage\",\"url\":\"https:\\\/\\\/www.altominho.tv\\\/site\\\/wp-content\\\/uploads\\\/2019\\\/07\\\/festas-lapa-740x530.jpg\",\"contentUrl\":\"https:\\\/\\\/www.altominho.tv\\\/site\\\/wp-content\\\/uploads\\\/2019\\\/07\\\/festas-lapa-740x530.jpg\",\"width\":740,\"height\":530},{\"@type\":\"BreadcrumbList\",\"@id\":\"https:\\\/\\\/www.altominho.tv\\\/site\\\/2019\\\/07\\\/31\\\/festas-de-nossa-senhora-da-lapa-comecam-sabado-com-um-tributo-aos-queen\\\/#breadcrumb\",\"itemListElement\":[{\"@type\":\"ListItem\",\"position\":1,\"name\":\"In\u00edcio\",\"item\":\"https:\\\/\\\/www.altominho.tv\\\/site\\\/\"},{\"@type\":\"ListItem\",\"position\":2,\"name\":\"Festas de Nossa Senhora da Lapa come\u00e7am s\u00e1bado com um tributo aos Queen\"}]},{\"@type\":\"WebSite\",\"@id\":\"https:\\\/\\\/www.altominho.tv\\\/site\\\/#website\",\"url\":\"https:\\\/\\\/www.altominho.tv\\\/site\\\/\",\"name\":\"Altominho.tv\",\"description\":\"A sua regi\u00e3o \u00e0 dist\u00e2ncia de um clique...\",\"potentialAction\":[{\"@type\":\"SearchAction\",\"target\":{\"@type\":\"EntryPoint\",\"urlTemplate\":\"https:\\\/\\\/www.altominho.tv\\\/site\\\/?s={search_term_string}\"},\"query-input\":{\"@type\":\"PropertyValueSpecification\",\"valueRequired\":true,\"valueName\":\"search_term_string\"}}],\"inLanguage\":\"pt-PT\"},{\"@type\":\"Person\",\"@id\":\"https:\\\/\\\/www.altominho.tv\\\/site\\\/#\\\/schema\\\/person\\\/d9be4265364723f14ea8e0d56a1d38cd\",\"name\":\"Andreia Ferreira\",\"image\":{\"@type\":\"ImageObject\",\"inLanguage\":\"pt-PT\",\"@id\":\"https:\\\/\\\/www.altominho.tv\\\/site\\\/wp-content\\\/uploads\\\/2021\\\/01\\\/AndreiaFerreira-150x150.jpg\",\"url\":\"https:\\\/\\\/www.altominho.tv\\\/site\\\/wp-content\\\/uploads\\\/2021\\\/01\\\/AndreiaFerreira-150x150.jpg\",\"contentUrl\":\"https:\\\/\\\/www.altominho.tv\\\/site\\\/wp-content\\\/uploads\\\/2021\\\/01\\\/AndreiaFerreira-150x150.jpg\",\"caption\":\"Andreia Ferreira\"},\"url\":\"https:\\\/\\\/www.altominho.tv\\\/site\\\/author\\\/andreiaferreira\\\/\"}]}<\/script>\n<!-- \/ Yoast SEO Premium plugin. -->","yoast_head_json":{"title":"Festas de Nossa Senhora da Lapa come\u00e7am s\u00e1bado com um tributo aos Queen","robots":{"index":"index","follow":"follow","max-snippet":"max-snippet:-1","max-image-preview":"max-image-preview:large","max-video-preview":"max-video-preview:-1"},"canonical":"https:\/\/www.altominho.tv\/site\/2019\/07\/31\/festas-de-nossa-senhora-da-lapa-comecam-sabado-com-um-tributo-aos-queen\/","og_locale":"pt_PT","og_type":"article","og_title":"Festas de Nossa Senhora da Lapa come\u00e7am s\u00e1bado com um tributo aos Queen","og_description":"As festas em honra de Nossa Senhora da Lapa, no concelho de Arcos de Valdevez come\u00e7am no s\u00e1bado, dia 3 de agosto, com um tributo aos Queen. O anfiteatro do Traslad\u00e1rio vai acolher, pelas 22h00, o concerto sinf\u00f3nico &#8220;The Queen Symphony &#8211; Tolga Kashif&#8221;, que conta com a participa\u00e7\u00e3o da Orquestra e Coro Nacional de [&hellip;]","og_url":"https:\/\/www.altominho.tv\/site\/2019\/07\/31\/festas-de-nossa-senhora-da-lapa-comecam-sabado-com-um-tributo-aos-queen\/","og_site_name":"Altominho.tv","article_publisher":"https:\/\/www.facebook.com\/altominhotv","article_published_time":"2019-07-31T09:31:24+00:00","article_modified_time":"2019-07-31T09:31:28+00:00","og_image":[{"width":740,"height":530,"url":"https:\/\/www.altominho.tv\/site\/wp-content\/uploads\/2019\/07\/festas-lapa-740x530.jpg","type":"image\/jpeg"}],"author":"Andreia Ferreira","twitter_card":"summary_large_image","twitter_creator":"@altominhoTV","twitter_site":"@altominhoTV","twitter_misc":{"Escrito por":"Andreia Ferreira","Tempo estimado de leitura":"2 minutos"},"schema":{"@context":"https:\/\/schema.org","@graph":[{"@type":"Article","@id":"https:\/\/www.altominho.tv\/site\/2019\/07\/31\/festas-de-nossa-senhora-da-lapa-comecam-sabado-com-um-tributo-aos-queen\/#article","isPartOf":{"@id":"https:\/\/www.altominho.tv\/site\/2019\/07\/31\/festas-de-nossa-senhora-da-lapa-comecam-sabado-com-um-tributo-aos-queen\/"},"author":{"name":"Andreia Ferreira","@id":"https:\/\/www.altominho.tv\/site\/#\/schema\/person\/d9be4265364723f14ea8e0d56a1d38cd"},"headline":"Festas de Nossa Senhora da Lapa come\u00e7am s\u00e1bado com um tributo aos Queen","datePublished":"2019-07-31T09:31:24+00:00","dateModified":"2019-07-31T09:31:28+00:00","mainEntityOfPage":{"@id":"https:\/\/www.altominho.tv\/site\/2019\/07\/31\/festas-de-nossa-senhora-da-lapa-comecam-sabado-com-um-tributo-aos-queen\/"},"wordCount":387,"image":{"@id":"https:\/\/www.altominho.tv\/site\/2019\/07\/31\/festas-de-nossa-senhora-da-lapa-comecam-sabado-com-um-tributo-aos-queen\/#primaryimage"},"thumbnailUrl":"https:\/\/www.altominho.tv\/site\/wp-content\/uploads\/2019\/07\/festas-lapa-740x530.jpg","keywords":["Cultura","Lazer"],"articleSection":["Arcos de Valdevez"],"inLanguage":"pt-PT","copyrightYear":"2019","copyrightHolder":{"@id":"https:\/\/www.altominho.tv\/site\/#organization"}},{"@type":"WebPage","@id":"https:\/\/www.altominho.tv\/site\/2019\/07\/31\/festas-de-nossa-senhora-da-lapa-comecam-sabado-com-um-tributo-aos-queen\/","url":"https:\/\/www.altominho.tv\/site\/2019\/07\/31\/festas-de-nossa-senhora-da-lapa-comecam-sabado-com-um-tributo-aos-queen\/","name":"Festas de Nossa Senhora da Lapa come\u00e7am s\u00e1bado com um tributo aos Queen","isPartOf":{"@id":"https:\/\/www.altominho.tv\/site\/#website"},"primaryImageOfPage":{"@id":"https:\/\/www.altominho.tv\/site\/2019\/07\/31\/festas-de-nossa-senhora-da-lapa-comecam-sabado-com-um-tributo-aos-queen\/#primaryimage"},"image":{"@id":"https:\/\/www.altominho.tv\/site\/2019\/07\/31\/festas-de-nossa-senhora-da-lapa-comecam-sabado-com-um-tributo-aos-queen\/#primaryimage"},"thumbnailUrl":"https:\/\/www.altominho.tv\/site\/wp-content\/uploads\/2019\/07\/festas-lapa-740x530.jpg","datePublished":"2019-07-31T09:31:24+00:00","dateModified":"2019-07-31T09:31:28+00:00","author":{"@id":"https:\/\/www.altominho.tv\/site\/#\/schema\/person\/d9be4265364723f14ea8e0d56a1d38cd"},"breadcrumb":{"@id":"https:\/\/www.altominho.tv\/site\/2019\/07\/31\/festas-de-nossa-senhora-da-lapa-comecam-sabado-com-um-tributo-aos-queen\/#breadcrumb"},"inLanguage":"pt-PT","potentialAction":[{"@type":"ReadAction","target":["https:\/\/www.altominho.tv\/site\/2019\/07\/31\/festas-de-nossa-senhora-da-lapa-comecam-sabado-com-um-tributo-aos-queen\/"]}]},{"@type":"ImageObject","inLanguage":"pt-PT","@id":"https:\/\/www.altominho.tv\/site\/2019\/07\/31\/festas-de-nossa-senhora-da-lapa-comecam-sabado-com-um-tributo-aos-queen\/#primaryimage","url":"https:\/\/www.altominho.tv\/site\/wp-content\/uploads\/2019\/07\/festas-lapa-740x530.jpg","contentUrl":"https:\/\/www.altominho.tv\/site\/wp-content\/uploads\/2019\/07\/festas-lapa-740x530.jpg","width":740,"height":530},{"@type":"BreadcrumbList","@id":"https:\/\/www.altominho.tv\/site\/2019\/07\/31\/festas-de-nossa-senhora-da-lapa-comecam-sabado-com-um-tributo-aos-queen\/#breadcrumb","itemListElement":[{"@type":"ListItem","position":1,"name":"In\u00edcio","item":"https:\/\/www.altominho.tv\/site\/"},{"@type":"ListItem","position":2,"name":"Festas de Nossa Senhora da Lapa come\u00e7am s\u00e1bado com um tributo aos Queen"}]},{"@type":"WebSite","@id":"https:\/\/www.altominho.tv\/site\/#website","url":"https:\/\/www.altominho.tv\/site\/","name":"Altominho.tv","description":"A sua regi\u00e3o \u00e0 dist\u00e2ncia de um clique...","potentialAction":[{"@type":"SearchAction","target":{"@type":"EntryPoint","urlTemplate":"https:\/\/www.altominho.tv\/site\/?s={search_term_string}"},"query-input":{"@type":"PropertyValueSpecification","valueRequired":true,"valueName":"search_term_string"}}],"inLanguage":"pt-PT"},{"@type":"Person","@id":"https:\/\/www.altominho.tv\/site\/#\/schema\/person\/d9be4265364723f14ea8e0d56a1d38cd","name":"Andreia Ferreira","image":{"@type":"ImageObject","inLanguage":"pt-PT","@id":"https:\/\/www.altominho.tv\/site\/wp-content\/uploads\/2021\/01\/AndreiaFerreira-150x150.jpg","url":"https:\/\/www.altominho.tv\/site\/wp-content\/uploads\/2021\/01\/AndreiaFerreira-150x150.jpg","contentUrl":"https:\/\/www.altominho.tv\/site\/wp-content\/uploads\/2021\/01\/AndreiaFerreira-150x150.jpg","caption":"Andreia Ferreira"},"url":"https:\/\/www.altominho.tv\/site\/author\/andreiaferreira\/"}]}},"_links":{"self":[{"href":"https:\/\/www.altominho.tv\/site\/wp-json\/wp\/v2\/posts\/32056","targetHints":{"allow":["GET"]}}],"collection":[{"href":"https:\/\/www.altominho.tv\/site\/wp-json\/wp\/v2\/posts"}],"about":[{"href":"https:\/\/www.altominho.tv\/site\/wp-json\/wp\/v2\/types\/post"}],"author":[{"embeddable":true,"href":"https:\/\/www.altominho.tv\/site\/wp-json\/wp\/v2\/users\/12"}],"replies":[{"embeddable":true,"href":"https:\/\/www.altominho.tv\/site\/wp-json\/wp\/v2\/comments?post=32056"}],"version-history":[{"count":0,"href":"https:\/\/www.altominho.tv\/site\/wp-json\/wp\/v2\/posts\/32056\/revisions"}],"wp:featuredmedia":[{"embeddable":true,"href":"https:\/\/www.altominho.tv\/site\/wp-json\/wp\/v2\/media\/32057"}],"wp:attachment":[{"href":"https:\/\/www.altominho.tv\/site\/wp-json\/wp\/v2\/media?parent=32056"}],"wp:term":[{"taxonomy":"category","embeddable":true,"href":"https:\/\/www.altominho.tv\/site\/wp-json\/wp\/v2\/categories?post=32056"},{"taxonomy":"post_tag","embeddable":true,"href":"https:\/\/www.altominho.tv\/site\/wp-json\/wp\/v2\/tags?post=32056"}],"curies":[{"name":"wp","href":"https:\/\/api.w.org\/{rel}","templated":true}]}}