{"id":31862,"date":"2019-07-25T09:18:26","date_gmt":"2019-07-25T08:18:26","guid":{"rendered":"http:\/\/www.altominho.tv\/site\/?p=31862"},"modified":"2019-07-25T09:18:28","modified_gmt":"2019-07-25T08:18:28","slug":"dominado-incendio-que-destruiu-fabrica-de-madeiras-em-arcos-de-valdevez","status":"publish","type":"post","link":"https:\/\/www.altominho.tv\/site\/2019\/07\/25\/dominado-incendio-que-destruiu-fabrica-de-madeiras-em-arcos-de-valdevez\/","title":{"rendered":"Dominado inc\u00eandio que destruiu f\u00e1brica de madeiras em Arcos de Valdevez"},"content":{"rendered":"<p>O inc\u00eandio que deflagrou numa f\u00e1brica de madeiras na zona industrial de Padreiro, Arcos de Valdevez, pelas 20h50 de quarta-feira, foi dominado cerca da 01h00 de hoje.<\/p>\n<p>Em declara\u00e7\u00f5es aos jornalistas junto ao posto de comando instalado nas imedia\u00e7\u00f5es da f\u00e1brica, o comandante operacional distrital (CODIS) de Viana do Castelo, Marco Domingues, adiantou que \u201cos trabalhos de consolida\u00e7\u00e3o v\u00e3o prolongar-se por alguns dias devido \u00e0 carga [combust\u00edvel] acumulada no interior\u201d do espa\u00e7o.<\/p>\n<p>O respons\u00e1vel da Prote\u00e7\u00e3o Civil distrital referiu que deste inc\u00eandio resultou um ferido ligeiro, um bombeiro que sofreu uma entorse e foi transportado para o Hospital de Santa Luzia, em Viana do Castelo.<\/p>\n<p>O CODIS afirmou que \u201calguns meios est\u00e3o a ser desmobilizados\u201d face \u00e0 situa\u00e7\u00e3o feita neste \u00faltimo balan\u00e7o.<\/p>\n<p>\u201cPodemos garantir que n\u00e3o h\u00e1 risco de propaga\u00e7\u00e3o \u00e0s ind\u00fastrias cont\u00edguas\u201d, declarou Marco Domingues, acrescentando que o fogo, cujas causas n\u00e3o s\u00e3o ainda conhecidas, \u201cdestruiu completamente a f\u00e1brica que se encontrava encerrada e sem ningu\u00e9m no seu interior quando as chamas deflagraram\u201d.<\/p>\n<figure id=\"attachment_31865\" aria-describedby=\"caption-attachment-31865\" style=\"width: 960px\" class=\"wp-caption alignnone\"><img loading=\"lazy\" decoding=\"async\" class=\"size-full wp-image-31865\" src=\"http:\/\/www.altominho.tv\/site\/wp-content\/uploads\/2019\/07\/67237468_2771910849546291_4633018523986165760_n.jpg\" alt=\"\" width=\"960\" height=\"720\" srcset=\"https:\/\/www.altominho.tv\/site\/wp-content\/uploads\/2019\/07\/67237468_2771910849546291_4633018523986165760_n.jpg 960w, https:\/\/www.altominho.tv\/site\/wp-content\/uploads\/2019\/07\/67237468_2771910849546291_4633018523986165760_n-300x225.jpg 300w, https:\/\/www.altominho.tv\/site\/wp-content\/uploads\/2019\/07\/67237468_2771910849546291_4633018523986165760_n-768x576.jpg 768w, https:\/\/www.altominho.tv\/site\/wp-content\/uploads\/2019\/07\/67237468_2771910849546291_4633018523986165760_n-370x278.jpg 370w, https:\/\/www.altominho.tv\/site\/wp-content\/uploads\/2019\/07\/67237468_2771910849546291_4633018523986165760_n-270x203.jpg 270w, https:\/\/www.altominho.tv\/site\/wp-content\/uploads\/2019\/07\/67237468_2771910849546291_4633018523986165760_n-570x428.jpg 570w, https:\/\/www.altominho.tv\/site\/wp-content\/uploads\/2019\/07\/67237468_2771910849546291_4633018523986165760_n-740x555.jpg 740w, https:\/\/www.altominho.tv\/site\/wp-content\/uploads\/2019\/07\/67237468_2771910849546291_4633018523986165760_n-80x60.jpg 80w\" sizes=\"auto, (max-width: 960px) 100vw, 960px\" \/><figcaption id=\"caption-attachment-31865\" class=\"wp-caption-text\">FACEBOOK DA FREGUESIA DE PADREIRO<\/figcaption><\/figure>\n<p>Ao local acorreram 14 corpos de bombeiros dos distritos de Viana do Castelo e Braga, num total de 130 operacionais apoiados por 39 ve\u00edculos, al\u00e9m de INEM e GNR.<\/p>\n<p>Fonte: Lusa<\/p>\n<hr \/>\n","protected":false},"excerpt":{"rendered":"<p>O inc\u00eandio que deflagrou numa f\u00e1brica de madeiras na zona industrial de Padreiro, Arcos de Valdevez, pelas 20h50 de quarta-feira, foi dominado cerca da 01h00 de hoje. Em declara\u00e7\u00f5es aos jornalistas junto ao posto de comando instalado nas imedia\u00e7\u00f5es da f\u00e1brica, o comandante operacional distrital (CODIS) de Viana do Castelo, Marco Domingues, adiantou que \u201cos [&hellip;]<\/p>\n","protected":false},"author":12,"featured_media":31863,"comment_status":"closed","ping_status":"closed","sticky":false,"template":"","format":"standard","meta":{"_exactmetrics_skip_tracking":false,"_exactmetrics_sitenote_active":false,"_exactmetrics_sitenote_note":"","_exactmetrics_sitenote_category":0,"footnotes":""},"categories":[2],"tags":[27],"class_list":["post-31862","post","type-post","status-publish","format-standard","has-post-thumbnail","hentry","category-arcos-de-valdevez","tag-sociedade"],"yoast_head":"<!-- This site is optimized with the Yoast SEO Premium plugin v27.5 (Yoast SEO v27.5) - https:\/\/yoast.com\/product\/yoast-seo-premium-wordpress\/ -->\n<title>Dominado inc\u00eandio que destruiu f\u00e1brica de madeiras em Arcos de Valdevez<\/title>\n<meta name=\"robots\" content=\"index, follow, max-snippet:-1, max-image-preview:large, max-video-preview:-1\" \/>\n<link rel=\"canonical\" href=\"https:\/\/www.altominho.tv\/site\/2019\/07\/25\/dominado-incendio-que-destruiu-fabrica-de-madeiras-em-arcos-de-valdevez\/\" \/>\n<meta property=\"og:locale\" content=\"pt_PT\" \/>\n<meta property=\"og:type\" content=\"article\" \/>\n<meta property=\"og:title\" content=\"Dominado inc\u00eandio que destruiu f\u00e1brica de madeiras em Arcos de Valdevez\" \/>\n<meta property=\"og:description\" content=\"O inc\u00eandio que deflagrou numa f\u00e1brica de madeiras na zona industrial de Padreiro, Arcos de Valdevez, pelas 20h50 de quarta-feira, foi dominado cerca da 01h00 de hoje. Em declara\u00e7\u00f5es aos jornalistas junto ao posto de comando instalado nas imedia\u00e7\u00f5es da f\u00e1brica, o comandante operacional distrital (CODIS) de Viana do Castelo, Marco Domingues, adiantou que \u201cos [&hellip;]\" \/>\n<meta property=\"og:url\" content=\"https:\/\/www.altominho.tv\/site\/2019\/07\/25\/dominado-incendio-que-destruiu-fabrica-de-madeiras-em-arcos-de-valdevez\/\" \/>\n<meta property=\"og:site_name\" content=\"Altominho.tv\" \/>\n<meta property=\"article:publisher\" content=\"https:\/\/www.facebook.com\/altominhotv\" \/>\n<meta property=\"article:published_time\" content=\"2019-07-25T08:18:26+00:00\" \/>\n<meta property=\"article:modified_time\" content=\"2019-07-25T08:18:28+00:00\" \/>\n<meta property=\"og:image\" content=\"https:\/\/www.altominho.tv\/site\/wp-content\/uploads\/2019\/07\/67093419_2772995886104454_393843703564730368_n.jpg\" \/>\n\t<meta property=\"og:image:width\" content=\"960\" \/>\n\t<meta property=\"og:image:height\" content=\"720\" \/>\n\t<meta property=\"og:image:type\" content=\"image\/jpeg\" \/>\n<meta name=\"author\" content=\"Andreia Ferreira\" \/>\n<meta name=\"twitter:card\" content=\"summary_large_image\" \/>\n<meta name=\"twitter:creator\" content=\"@altominhoTV\" \/>\n<meta name=\"twitter:site\" content=\"@altominhoTV\" \/>\n<meta name=\"twitter:label1\" content=\"Escrito por\" \/>\n\t<meta name=\"twitter:data1\" content=\"Andreia Ferreira\" \/>\n\t<meta name=\"twitter:label2\" content=\"Tempo estimado de leitura\" \/>\n\t<meta name=\"twitter:data2\" content=\"1 minuto\" \/>\n<script type=\"application\/ld+json\" class=\"yoast-schema-graph\">{\"@context\":\"https:\\\/\\\/schema.org\",\"@graph\":[{\"@type\":\"Article\",\"@id\":\"https:\\\/\\\/www.altominho.tv\\\/site\\\/2019\\\/07\\\/25\\\/dominado-incendio-que-destruiu-fabrica-de-madeiras-em-arcos-de-valdevez\\\/#article\",\"isPartOf\":{\"@id\":\"https:\\\/\\\/www.altominho.tv\\\/site\\\/2019\\\/07\\\/25\\\/dominado-incendio-que-destruiu-fabrica-de-madeiras-em-arcos-de-valdevez\\\/\"},\"author\":{\"name\":\"Andreia Ferreira\",\"@id\":\"https:\\\/\\\/www.altominho.tv\\\/site\\\/#\\\/schema\\\/person\\\/d9be4265364723f14ea8e0d56a1d38cd\"},\"headline\":\"Dominado inc\u00eandio que destruiu f\u00e1brica de madeiras em Arcos de Valdevez\",\"datePublished\":\"2019-07-25T08:18:26+00:00\",\"dateModified\":\"2019-07-25T08:18:28+00:00\",\"mainEntityOfPage\":{\"@id\":\"https:\\\/\\\/www.altominho.tv\\\/site\\\/2019\\\/07\\\/25\\\/dominado-incendio-que-destruiu-fabrica-de-madeiras-em-arcos-de-valdevez\\\/\"},\"wordCount\":240,\"image\":{\"@id\":\"https:\\\/\\\/www.altominho.tv\\\/site\\\/2019\\\/07\\\/25\\\/dominado-incendio-que-destruiu-fabrica-de-madeiras-em-arcos-de-valdevez\\\/#primaryimage\"},\"thumbnailUrl\":\"https:\\\/\\\/www.altominho.tv\\\/site\\\/wp-content\\\/uploads\\\/2019\\\/07\\\/67093419_2772995886104454_393843703564730368_n.jpg\",\"keywords\":[\"Sociedade\"],\"articleSection\":[\"Arcos de Valdevez\"],\"inLanguage\":\"pt-PT\",\"copyrightYear\":\"2019\",\"copyrightHolder\":{\"@id\":\"https:\\\/\\\/www.altominho.tv\\\/site\\\/#organization\"}},{\"@type\":\"WebPage\",\"@id\":\"https:\\\/\\\/www.altominho.tv\\\/site\\\/2019\\\/07\\\/25\\\/dominado-incendio-que-destruiu-fabrica-de-madeiras-em-arcos-de-valdevez\\\/\",\"url\":\"https:\\\/\\\/www.altominho.tv\\\/site\\\/2019\\\/07\\\/25\\\/dominado-incendio-que-destruiu-fabrica-de-madeiras-em-arcos-de-valdevez\\\/\",\"name\":\"Dominado inc\u00eandio que destruiu f\u00e1brica de madeiras em Arcos de Valdevez\",\"isPartOf\":{\"@id\":\"https:\\\/\\\/www.altominho.tv\\\/site\\\/#website\"},\"primaryImageOfPage\":{\"@id\":\"https:\\\/\\\/www.altominho.tv\\\/site\\\/2019\\\/07\\\/25\\\/dominado-incendio-que-destruiu-fabrica-de-madeiras-em-arcos-de-valdevez\\\/#primaryimage\"},\"image\":{\"@id\":\"https:\\\/\\\/www.altominho.tv\\\/site\\\/2019\\\/07\\\/25\\\/dominado-incendio-que-destruiu-fabrica-de-madeiras-em-arcos-de-valdevez\\\/#primaryimage\"},\"thumbnailUrl\":\"https:\\\/\\\/www.altominho.tv\\\/site\\\/wp-content\\\/uploads\\\/2019\\\/07\\\/67093419_2772995886104454_393843703564730368_n.jpg\",\"datePublished\":\"2019-07-25T08:18:26+00:00\",\"dateModified\":\"2019-07-25T08:18:28+00:00\",\"author\":{\"@id\":\"https:\\\/\\\/www.altominho.tv\\\/site\\\/#\\\/schema\\\/person\\\/d9be4265364723f14ea8e0d56a1d38cd\"},\"breadcrumb\":{\"@id\":\"https:\\\/\\\/www.altominho.tv\\\/site\\\/2019\\\/07\\\/25\\\/dominado-incendio-que-destruiu-fabrica-de-madeiras-em-arcos-de-valdevez\\\/#breadcrumb\"},\"inLanguage\":\"pt-PT\",\"potentialAction\":[{\"@type\":\"ReadAction\",\"target\":[\"https:\\\/\\\/www.altominho.tv\\\/site\\\/2019\\\/07\\\/25\\\/dominado-incendio-que-destruiu-fabrica-de-madeiras-em-arcos-de-valdevez\\\/\"]}]},{\"@type\":\"ImageObject\",\"inLanguage\":\"pt-PT\",\"@id\":\"https:\\\/\\\/www.altominho.tv\\\/site\\\/2019\\\/07\\\/25\\\/dominado-incendio-que-destruiu-fabrica-de-madeiras-em-arcos-de-valdevez\\\/#primaryimage\",\"url\":\"https:\\\/\\\/www.altominho.tv\\\/site\\\/wp-content\\\/uploads\\\/2019\\\/07\\\/67093419_2772995886104454_393843703564730368_n.jpg\",\"contentUrl\":\"https:\\\/\\\/www.altominho.tv\\\/site\\\/wp-content\\\/uploads\\\/2019\\\/07\\\/67093419_2772995886104454_393843703564730368_n.jpg\",\"width\":960,\"height\":720,\"caption\":\"FACEBOOK DA FREGUESIA DE PADREIRO\"},{\"@type\":\"BreadcrumbList\",\"@id\":\"https:\\\/\\\/www.altominho.tv\\\/site\\\/2019\\\/07\\\/25\\\/dominado-incendio-que-destruiu-fabrica-de-madeiras-em-arcos-de-valdevez\\\/#breadcrumb\",\"itemListElement\":[{\"@type\":\"ListItem\",\"position\":1,\"name\":\"In\u00edcio\",\"item\":\"https:\\\/\\\/www.altominho.tv\\\/site\\\/\"},{\"@type\":\"ListItem\",\"position\":2,\"name\":\"Dominado inc\u00eandio que destruiu f\u00e1brica de madeiras em Arcos de Valdevez\"}]},{\"@type\":\"WebSite\",\"@id\":\"https:\\\/\\\/www.altominho.tv\\\/site\\\/#website\",\"url\":\"https:\\\/\\\/www.altominho.tv\\\/site\\\/\",\"name\":\"Altominho.tv\",\"description\":\"A sua regi\u00e3o \u00e0 dist\u00e2ncia de um clique...\",\"potentialAction\":[{\"@type\":\"SearchAction\",\"target\":{\"@type\":\"EntryPoint\",\"urlTemplate\":\"https:\\\/\\\/www.altominho.tv\\\/site\\\/?s={search_term_string}\"},\"query-input\":{\"@type\":\"PropertyValueSpecification\",\"valueRequired\":true,\"valueName\":\"search_term_string\"}}],\"inLanguage\":\"pt-PT\"},{\"@type\":\"Person\",\"@id\":\"https:\\\/\\\/www.altominho.tv\\\/site\\\/#\\\/schema\\\/person\\\/d9be4265364723f14ea8e0d56a1d38cd\",\"name\":\"Andreia Ferreira\",\"image\":{\"@type\":\"ImageObject\",\"inLanguage\":\"pt-PT\",\"@id\":\"https:\\\/\\\/www.altominho.tv\\\/site\\\/wp-content\\\/uploads\\\/2021\\\/01\\\/AndreiaFerreira-150x150.jpg\",\"url\":\"https:\\\/\\\/www.altominho.tv\\\/site\\\/wp-content\\\/uploads\\\/2021\\\/01\\\/AndreiaFerreira-150x150.jpg\",\"contentUrl\":\"https:\\\/\\\/www.altominho.tv\\\/site\\\/wp-content\\\/uploads\\\/2021\\\/01\\\/AndreiaFerreira-150x150.jpg\",\"caption\":\"Andreia Ferreira\"},\"url\":\"https:\\\/\\\/www.altominho.tv\\\/site\\\/author\\\/andreiaferreira\\\/\"}]}<\/script>\n<!-- \/ Yoast SEO Premium plugin. -->","yoast_head_json":{"title":"Dominado inc\u00eandio que destruiu f\u00e1brica de madeiras em Arcos de Valdevez","robots":{"index":"index","follow":"follow","max-snippet":"max-snippet:-1","max-image-preview":"max-image-preview:large","max-video-preview":"max-video-preview:-1"},"canonical":"https:\/\/www.altominho.tv\/site\/2019\/07\/25\/dominado-incendio-que-destruiu-fabrica-de-madeiras-em-arcos-de-valdevez\/","og_locale":"pt_PT","og_type":"article","og_title":"Dominado inc\u00eandio que destruiu f\u00e1brica de madeiras em Arcos de Valdevez","og_description":"O inc\u00eandio que deflagrou numa f\u00e1brica de madeiras na zona industrial de Padreiro, Arcos de Valdevez, pelas 20h50 de quarta-feira, foi dominado cerca da 01h00 de hoje. Em declara\u00e7\u00f5es aos jornalistas junto ao posto de comando instalado nas imedia\u00e7\u00f5es da f\u00e1brica, o comandante operacional distrital (CODIS) de Viana do Castelo, Marco Domingues, adiantou que \u201cos [&hellip;]","og_url":"https:\/\/www.altominho.tv\/site\/2019\/07\/25\/dominado-incendio-que-destruiu-fabrica-de-madeiras-em-arcos-de-valdevez\/","og_site_name":"Altominho.tv","article_publisher":"https:\/\/www.facebook.com\/altominhotv","article_published_time":"2019-07-25T08:18:26+00:00","article_modified_time":"2019-07-25T08:18:28+00:00","og_image":[{"width":960,"height":720,"url":"https:\/\/www.altominho.tv\/site\/wp-content\/uploads\/2019\/07\/67093419_2772995886104454_393843703564730368_n.jpg","type":"image\/jpeg"}],"author":"Andreia Ferreira","twitter_card":"summary_large_image","twitter_creator":"@altominhoTV","twitter_site":"@altominhoTV","twitter_misc":{"Escrito por":"Andreia Ferreira","Tempo estimado de leitura":"1 minuto"},"schema":{"@context":"https:\/\/schema.org","@graph":[{"@type":"Article","@id":"https:\/\/www.altominho.tv\/site\/2019\/07\/25\/dominado-incendio-que-destruiu-fabrica-de-madeiras-em-arcos-de-valdevez\/#article","isPartOf":{"@id":"https:\/\/www.altominho.tv\/site\/2019\/07\/25\/dominado-incendio-que-destruiu-fabrica-de-madeiras-em-arcos-de-valdevez\/"},"author":{"name":"Andreia Ferreira","@id":"https:\/\/www.altominho.tv\/site\/#\/schema\/person\/d9be4265364723f14ea8e0d56a1d38cd"},"headline":"Dominado inc\u00eandio que destruiu f\u00e1brica de madeiras em Arcos de Valdevez","datePublished":"2019-07-25T08:18:26+00:00","dateModified":"2019-07-25T08:18:28+00:00","mainEntityOfPage":{"@id":"https:\/\/www.altominho.tv\/site\/2019\/07\/25\/dominado-incendio-que-destruiu-fabrica-de-madeiras-em-arcos-de-valdevez\/"},"wordCount":240,"image":{"@id":"https:\/\/www.altominho.tv\/site\/2019\/07\/25\/dominado-incendio-que-destruiu-fabrica-de-madeiras-em-arcos-de-valdevez\/#primaryimage"},"thumbnailUrl":"https:\/\/www.altominho.tv\/site\/wp-content\/uploads\/2019\/07\/67093419_2772995886104454_393843703564730368_n.jpg","keywords":["Sociedade"],"articleSection":["Arcos de Valdevez"],"inLanguage":"pt-PT","copyrightYear":"2019","copyrightHolder":{"@id":"https:\/\/www.altominho.tv\/site\/#organization"}},{"@type":"WebPage","@id":"https:\/\/www.altominho.tv\/site\/2019\/07\/25\/dominado-incendio-que-destruiu-fabrica-de-madeiras-em-arcos-de-valdevez\/","url":"https:\/\/www.altominho.tv\/site\/2019\/07\/25\/dominado-incendio-que-destruiu-fabrica-de-madeiras-em-arcos-de-valdevez\/","name":"Dominado inc\u00eandio que destruiu f\u00e1brica de madeiras em Arcos de Valdevez","isPartOf":{"@id":"https:\/\/www.altominho.tv\/site\/#website"},"primaryImageOfPage":{"@id":"https:\/\/www.altominho.tv\/site\/2019\/07\/25\/dominado-incendio-que-destruiu-fabrica-de-madeiras-em-arcos-de-valdevez\/#primaryimage"},"image":{"@id":"https:\/\/www.altominho.tv\/site\/2019\/07\/25\/dominado-incendio-que-destruiu-fabrica-de-madeiras-em-arcos-de-valdevez\/#primaryimage"},"thumbnailUrl":"https:\/\/www.altominho.tv\/site\/wp-content\/uploads\/2019\/07\/67093419_2772995886104454_393843703564730368_n.jpg","datePublished":"2019-07-25T08:18:26+00:00","dateModified":"2019-07-25T08:18:28+00:00","author":{"@id":"https:\/\/www.altominho.tv\/site\/#\/schema\/person\/d9be4265364723f14ea8e0d56a1d38cd"},"breadcrumb":{"@id":"https:\/\/www.altominho.tv\/site\/2019\/07\/25\/dominado-incendio-que-destruiu-fabrica-de-madeiras-em-arcos-de-valdevez\/#breadcrumb"},"inLanguage":"pt-PT","potentialAction":[{"@type":"ReadAction","target":["https:\/\/www.altominho.tv\/site\/2019\/07\/25\/dominado-incendio-que-destruiu-fabrica-de-madeiras-em-arcos-de-valdevez\/"]}]},{"@type":"ImageObject","inLanguage":"pt-PT","@id":"https:\/\/www.altominho.tv\/site\/2019\/07\/25\/dominado-incendio-que-destruiu-fabrica-de-madeiras-em-arcos-de-valdevez\/#primaryimage","url":"https:\/\/www.altominho.tv\/site\/wp-content\/uploads\/2019\/07\/67093419_2772995886104454_393843703564730368_n.jpg","contentUrl":"https:\/\/www.altominho.tv\/site\/wp-content\/uploads\/2019\/07\/67093419_2772995886104454_393843703564730368_n.jpg","width":960,"height":720,"caption":"FACEBOOK DA FREGUESIA DE PADREIRO"},{"@type":"BreadcrumbList","@id":"https:\/\/www.altominho.tv\/site\/2019\/07\/25\/dominado-incendio-que-destruiu-fabrica-de-madeiras-em-arcos-de-valdevez\/#breadcrumb","itemListElement":[{"@type":"ListItem","position":1,"name":"In\u00edcio","item":"https:\/\/www.altominho.tv\/site\/"},{"@type":"ListItem","position":2,"name":"Dominado inc\u00eandio que destruiu f\u00e1brica de madeiras em Arcos de Valdevez"}]},{"@type":"WebSite","@id":"https:\/\/www.altominho.tv\/site\/#website","url":"https:\/\/www.altominho.tv\/site\/","name":"Altominho.tv","description":"A sua regi\u00e3o \u00e0 dist\u00e2ncia de um clique...","potentialAction":[{"@type":"SearchAction","target":{"@type":"EntryPoint","urlTemplate":"https:\/\/www.altominho.tv\/site\/?s={search_term_string}"},"query-input":{"@type":"PropertyValueSpecification","valueRequired":true,"valueName":"search_term_string"}}],"inLanguage":"pt-PT"},{"@type":"Person","@id":"https:\/\/www.altominho.tv\/site\/#\/schema\/person\/d9be4265364723f14ea8e0d56a1d38cd","name":"Andreia Ferreira","image":{"@type":"ImageObject","inLanguage":"pt-PT","@id":"https:\/\/www.altominho.tv\/site\/wp-content\/uploads\/2021\/01\/AndreiaFerreira-150x150.jpg","url":"https:\/\/www.altominho.tv\/site\/wp-content\/uploads\/2021\/01\/AndreiaFerreira-150x150.jpg","contentUrl":"https:\/\/www.altominho.tv\/site\/wp-content\/uploads\/2021\/01\/AndreiaFerreira-150x150.jpg","caption":"Andreia Ferreira"},"url":"https:\/\/www.altominho.tv\/site\/author\/andreiaferreira\/"}]}},"_links":{"self":[{"href":"https:\/\/www.altominho.tv\/site\/wp-json\/wp\/v2\/posts\/31862","targetHints":{"allow":["GET"]}}],"collection":[{"href":"https:\/\/www.altominho.tv\/site\/wp-json\/wp\/v2\/posts"}],"about":[{"href":"https:\/\/www.altominho.tv\/site\/wp-json\/wp\/v2\/types\/post"}],"author":[{"embeddable":true,"href":"https:\/\/www.altominho.tv\/site\/wp-json\/wp\/v2\/users\/12"}],"replies":[{"embeddable":true,"href":"https:\/\/www.altominho.tv\/site\/wp-json\/wp\/v2\/comments?post=31862"}],"version-history":[{"count":0,"href":"https:\/\/www.altominho.tv\/site\/wp-json\/wp\/v2\/posts\/31862\/revisions"}],"wp:featuredmedia":[{"embeddable":true,"href":"https:\/\/www.altominho.tv\/site\/wp-json\/wp\/v2\/media\/31863"}],"wp:attachment":[{"href":"https:\/\/www.altominho.tv\/site\/wp-json\/wp\/v2\/media?parent=31862"}],"wp:term":[{"taxonomy":"category","embeddable":true,"href":"https:\/\/www.altominho.tv\/site\/wp-json\/wp\/v2\/categories?post=31862"},{"taxonomy":"post_tag","embeddable":true,"href":"https:\/\/www.altominho.tv\/site\/wp-json\/wp\/v2\/tags?post=31862"}],"curies":[{"name":"wp","href":"https:\/\/api.w.org\/{rel}","templated":true}]}}