{"id":31858,"date":"2019-07-24T23:50:58","date_gmt":"2019-07-24T22:50:58","guid":{"rendered":"http:\/\/www.altominho.tv\/site\/?p=31858"},"modified":"2019-07-24T23:51:01","modified_gmt":"2019-07-24T22:51:01","slug":"incendio-em-fabrica-em-arcos-de-valdevez-esta-contido-mas-nao-dominado","status":"publish","type":"post","link":"https:\/\/www.altominho.tv\/site\/2019\/07\/24\/incendio-em-fabrica-em-arcos-de-valdevez-esta-contido-mas-nao-dominado\/","title":{"rendered":"Inc\u00eandio em f\u00e1brica em Arcos de Valdevez est\u00e1 contido, mas n\u00e3o dominado"},"content":{"rendered":"\n<p>O inc\u00eandio que deflagrou hoje numa f\u00e1brica de madeiras na zona industrial de Padreiro, Arcos de Valdevez, est\u00e1 contido, mas ainda n\u00e3o dominado, disse o primeiro comandante operacional distrital (CODIS) de Viana do Castelo, Marco Domingues.<\/p>\n\n\n\n<p>Aos jornalistas, o respons\u00e1vel pelo posto de comando instalado naquela zona industrial adiantou que as chamas lavram ainda &#8220;com muita intensidade&#8221; e que v\u00e3o ser necess\u00e1rias &#8220;algumas horas de trabalho moroso&#8221;.<br><\/p>\n\n\n\n<p>Sobre este inc\u00eandio, que deflagrou cerca das 20h50, Marco Domingues explicou que a prioridade \u00e9 a prote\u00e7\u00e3o dos edif\u00edcios cont\u00edguos, que n\u00e3o foram afetados, que a f\u00e1brica de madeiras atingida apresenta &#8220;muita carga combust\u00edvel&#8221; e &#8220;n\u00e3o h\u00e1 meios de combate dentro da f\u00e1brica porque n\u00e3o \u00e9 compat\u00edvel&#8221;.<br><\/p>\n\n\n\n<p>O comandante revelou tamb\u00e9m que, cerca das 23h00, combatiam as chamas 84 operacionais apoiados por 30 ve\u00edculos, quatro dos quais plataformas de grande capacidade, tendo sido solicitado ainda refor\u00e7o de meios ao distrito de Braga.<br><\/p>\n\n\n\n<p>Questionado sobre a eventual propaga\u00e7\u00e3o das chamas \u00e0 creche da zona industrial de Padreiro, Marco Domingues rejeitou essa possibilidade, refor\u00e7ando que a prioridade \u00e9 a prote\u00e7\u00e3o de &#8220;todo o edificado da envolvente&#8221;.<br><\/p>\n\n\n\n<p>&#8220;De momento a pr\u00f3pria f\u00e1brica \u00e9 a \u00fanica afectada. Dadas as altas temperaturas, alguns edif\u00edcios poder\u00e3o sofrer danos, mas de momento est\u00e1 tudo salvaguardado&#8221;, afirmou.<br><\/p>\n\n\n\n<p>Sobre a ocorr\u00eancia de alguns rebentamentos, disse n\u00e3o serem &#8220;alarmantes&#8221;, garantindo ser &#8220;natural que venham a ocorrer outros por poderem ainda existir no interior da f\u00e1brica alguns recipientes&#8221;.<\/p>\n\n\n\n<p>Fonte: Lusa<\/p>\n","protected":false},"excerpt":{"rendered":"<p>O inc\u00eandio que deflagrou hoje numa f\u00e1brica de madeiras na zona industrial de Padreiro, Arcos de Valdevez, est\u00e1 contido, mas ainda n\u00e3o dominado, disse o primeiro comandante operacional distrital (CODIS) de Viana do Castelo, Marco Domingues. Aos jornalistas, o respons\u00e1vel pelo posto de comando instalado naquela zona industrial adiantou que as chamas lavram ainda &#8220;com [&hellip;]<\/p>\n","protected":false},"author":7,"featured_media":31859,"comment_status":"closed","ping_status":"closed","sticky":false,"template":"","format":"standard","meta":{"_exactmetrics_skip_tracking":false,"_exactmetrics_sitenote_active":false,"_exactmetrics_sitenote_note":"","_exactmetrics_sitenote_category":0,"footnotes":""},"categories":[2],"tags":[27],"class_list":["post-31858","post","type-post","status-publish","format-standard","has-post-thumbnail","hentry","category-arcos-de-valdevez","tag-sociedade"],"yoast_head":"<!-- This site is optimized with the Yoast SEO Premium plugin v27.5 (Yoast SEO v27.5) - https:\/\/yoast.com\/product\/yoast-seo-premium-wordpress\/ -->\n<title>Inc\u00eandio em f\u00e1brica em Arcos de Valdevez est\u00e1 contido, mas n\u00e3o dominado<\/title>\n<meta name=\"robots\" content=\"index, follow, max-snippet:-1, max-image-preview:large, max-video-preview:-1\" \/>\n<link rel=\"canonical\" href=\"https:\/\/www.altominho.tv\/site\/2019\/07\/24\/incendio-em-fabrica-em-arcos-de-valdevez-esta-contido-mas-nao-dominado\/\" \/>\n<meta property=\"og:locale\" content=\"pt_PT\" \/>\n<meta property=\"og:type\" content=\"article\" \/>\n<meta property=\"og:title\" content=\"Inc\u00eandio em f\u00e1brica em Arcos de Valdevez est\u00e1 contido, mas n\u00e3o dominado\" \/>\n<meta property=\"og:description\" content=\"O inc\u00eandio que deflagrou hoje numa f\u00e1brica de madeiras na zona industrial de Padreiro, Arcos de Valdevez, est\u00e1 contido, mas ainda n\u00e3o dominado, disse o primeiro comandante operacional distrital (CODIS) de Viana do Castelo, Marco Domingues. Aos jornalistas, o respons\u00e1vel pelo posto de comando instalado naquela zona industrial adiantou que as chamas lavram ainda &#8220;com [&hellip;]\" \/>\n<meta property=\"og:url\" content=\"https:\/\/www.altominho.tv\/site\/2019\/07\/24\/incendio-em-fabrica-em-arcos-de-valdevez-esta-contido-mas-nao-dominado\/\" \/>\n<meta property=\"og:site_name\" content=\"Altominho.tv\" \/>\n<meta property=\"article:publisher\" content=\"https:\/\/www.facebook.com\/altominhotv\" \/>\n<meta property=\"article:published_time\" content=\"2019-07-24T22:50:58+00:00\" \/>\n<meta property=\"article:modified_time\" content=\"2019-07-24T22:51:01+00:00\" \/>\n<meta property=\"og:image\" content=\"https:\/\/www.altominho.tv\/site\/wp-content\/uploads\/2019\/07\/chamas.jpg\" \/>\n\t<meta property=\"og:image:width\" content=\"284\" \/>\n\t<meta property=\"og:image:height\" content=\"177\" \/>\n\t<meta property=\"og:image:type\" content=\"image\/jpeg\" \/>\n<meta name=\"author\" content=\"Andreia Cunha\" \/>\n<meta name=\"twitter:card\" content=\"summary_large_image\" \/>\n<meta name=\"twitter:creator\" content=\"@altominhoTV\" \/>\n<meta name=\"twitter:site\" content=\"@altominhoTV\" \/>\n<meta name=\"twitter:label1\" content=\"Escrito por\" \/>\n\t<meta name=\"twitter:data1\" content=\"Andreia Cunha\" \/>\n\t<meta name=\"twitter:label2\" content=\"Tempo estimado de leitura\" \/>\n\t<meta name=\"twitter:data2\" content=\"1 minuto\" \/>\n<script type=\"application\/ld+json\" class=\"yoast-schema-graph\">{\"@context\":\"https:\\\/\\\/schema.org\",\"@graph\":[{\"@type\":\"Article\",\"@id\":\"https:\\\/\\\/www.altominho.tv\\\/site\\\/2019\\\/07\\\/24\\\/incendio-em-fabrica-em-arcos-de-valdevez-esta-contido-mas-nao-dominado\\\/#article\",\"isPartOf\":{\"@id\":\"https:\\\/\\\/www.altominho.tv\\\/site\\\/2019\\\/07\\\/24\\\/incendio-em-fabrica-em-arcos-de-valdevez-esta-contido-mas-nao-dominado\\\/\"},\"author\":{\"name\":\"Andreia Cunha\",\"@id\":\"https:\\\/\\\/www.altominho.tv\\\/site\\\/#\\\/schema\\\/person\\\/a0e4ef6d041f98ca284393d8f1d97153\"},\"headline\":\"Inc\u00eandio em f\u00e1brica em Arcos de Valdevez est\u00e1 contido, mas n\u00e3o dominado\",\"datePublished\":\"2019-07-24T22:50:58+00:00\",\"dateModified\":\"2019-07-24T22:51:01+00:00\",\"mainEntityOfPage\":{\"@id\":\"https:\\\/\\\/www.altominho.tv\\\/site\\\/2019\\\/07\\\/24\\\/incendio-em-fabrica-em-arcos-de-valdevez-esta-contido-mas-nao-dominado\\\/\"},\"wordCount\":274,\"image\":{\"@id\":\"https:\\\/\\\/www.altominho.tv\\\/site\\\/2019\\\/07\\\/24\\\/incendio-em-fabrica-em-arcos-de-valdevez-esta-contido-mas-nao-dominado\\\/#primaryimage\"},\"thumbnailUrl\":\"https:\\\/\\\/www.altominho.tv\\\/site\\\/wp-content\\\/uploads\\\/2019\\\/07\\\/chamas.jpg\",\"keywords\":[\"Sociedade\"],\"articleSection\":[\"Arcos de Valdevez\"],\"inLanguage\":\"pt-PT\",\"copyrightYear\":\"2019\",\"copyrightHolder\":{\"@id\":\"https:\\\/\\\/www.altominho.tv\\\/site\\\/#organization\"}},{\"@type\":\"WebPage\",\"@id\":\"https:\\\/\\\/www.altominho.tv\\\/site\\\/2019\\\/07\\\/24\\\/incendio-em-fabrica-em-arcos-de-valdevez-esta-contido-mas-nao-dominado\\\/\",\"url\":\"https:\\\/\\\/www.altominho.tv\\\/site\\\/2019\\\/07\\\/24\\\/incendio-em-fabrica-em-arcos-de-valdevez-esta-contido-mas-nao-dominado\\\/\",\"name\":\"Inc\u00eandio em f\u00e1brica em Arcos de Valdevez est\u00e1 contido, mas n\u00e3o dominado\",\"isPartOf\":{\"@id\":\"https:\\\/\\\/www.altominho.tv\\\/site\\\/#website\"},\"primaryImageOfPage\":{\"@id\":\"https:\\\/\\\/www.altominho.tv\\\/site\\\/2019\\\/07\\\/24\\\/incendio-em-fabrica-em-arcos-de-valdevez-esta-contido-mas-nao-dominado\\\/#primaryimage\"},\"image\":{\"@id\":\"https:\\\/\\\/www.altominho.tv\\\/site\\\/2019\\\/07\\\/24\\\/incendio-em-fabrica-em-arcos-de-valdevez-esta-contido-mas-nao-dominado\\\/#primaryimage\"},\"thumbnailUrl\":\"https:\\\/\\\/www.altominho.tv\\\/site\\\/wp-content\\\/uploads\\\/2019\\\/07\\\/chamas.jpg\",\"datePublished\":\"2019-07-24T22:50:58+00:00\",\"dateModified\":\"2019-07-24T22:51:01+00:00\",\"author\":{\"@id\":\"https:\\\/\\\/www.altominho.tv\\\/site\\\/#\\\/schema\\\/person\\\/a0e4ef6d041f98ca284393d8f1d97153\"},\"breadcrumb\":{\"@id\":\"https:\\\/\\\/www.altominho.tv\\\/site\\\/2019\\\/07\\\/24\\\/incendio-em-fabrica-em-arcos-de-valdevez-esta-contido-mas-nao-dominado\\\/#breadcrumb\"},\"inLanguage\":\"pt-PT\",\"potentialAction\":[{\"@type\":\"ReadAction\",\"target\":[\"https:\\\/\\\/www.altominho.tv\\\/site\\\/2019\\\/07\\\/24\\\/incendio-em-fabrica-em-arcos-de-valdevez-esta-contido-mas-nao-dominado\\\/\"]}]},{\"@type\":\"ImageObject\",\"inLanguage\":\"pt-PT\",\"@id\":\"https:\\\/\\\/www.altominho.tv\\\/site\\\/2019\\\/07\\\/24\\\/incendio-em-fabrica-em-arcos-de-valdevez-esta-contido-mas-nao-dominado\\\/#primaryimage\",\"url\":\"https:\\\/\\\/www.altominho.tv\\\/site\\\/wp-content\\\/uploads\\\/2019\\\/07\\\/chamas.jpg\",\"contentUrl\":\"https:\\\/\\\/www.altominho.tv\\\/site\\\/wp-content\\\/uploads\\\/2019\\\/07\\\/chamas.jpg\",\"width\":284,\"height\":177},{\"@type\":\"BreadcrumbList\",\"@id\":\"https:\\\/\\\/www.altominho.tv\\\/site\\\/2019\\\/07\\\/24\\\/incendio-em-fabrica-em-arcos-de-valdevez-esta-contido-mas-nao-dominado\\\/#breadcrumb\",\"itemListElement\":[{\"@type\":\"ListItem\",\"position\":1,\"name\":\"In\u00edcio\",\"item\":\"https:\\\/\\\/www.altominho.tv\\\/site\\\/\"},{\"@type\":\"ListItem\",\"position\":2,\"name\":\"Inc\u00eandio em f\u00e1brica em Arcos de Valdevez est\u00e1 contido, mas n\u00e3o dominado\"}]},{\"@type\":\"WebSite\",\"@id\":\"https:\\\/\\\/www.altominho.tv\\\/site\\\/#website\",\"url\":\"https:\\\/\\\/www.altominho.tv\\\/site\\\/\",\"name\":\"Altominho.tv\",\"description\":\"A sua regi\u00e3o \u00e0 dist\u00e2ncia de um clique...\",\"potentialAction\":[{\"@type\":\"SearchAction\",\"target\":{\"@type\":\"EntryPoint\",\"urlTemplate\":\"https:\\\/\\\/www.altominho.tv\\\/site\\\/?s={search_term_string}\"},\"query-input\":{\"@type\":\"PropertyValueSpecification\",\"valueRequired\":true,\"valueName\":\"search_term_string\"}}],\"inLanguage\":\"pt-PT\"},{\"@type\":\"Person\",\"@id\":\"https:\\\/\\\/www.altominho.tv\\\/site\\\/#\\\/schema\\\/person\\\/a0e4ef6d041f98ca284393d8f1d97153\",\"name\":\"Andreia Cunha\",\"image\":{\"@type\":\"ImageObject\",\"inLanguage\":\"pt-PT\",\"@id\":\"https:\\\/\\\/www.altominho.tv\\\/site\\\/wp-content\\\/uploads\\\/2017\\\/11\\\/Andreia_Cunha-1-150x150.jpg\",\"url\":\"https:\\\/\\\/www.altominho.tv\\\/site\\\/wp-content\\\/uploads\\\/2017\\\/11\\\/Andreia_Cunha-1-150x150.jpg\",\"contentUrl\":\"https:\\\/\\\/www.altominho.tv\\\/site\\\/wp-content\\\/uploads\\\/2017\\\/11\\\/Andreia_Cunha-1-150x150.jpg\",\"caption\":\"Andreia Cunha\"},\"url\":\"https:\\\/\\\/www.altominho.tv\\\/site\\\/author\\\/andreiacunha\\\/\"}]}<\/script>\n<!-- \/ Yoast SEO Premium plugin. -->","yoast_head_json":{"title":"Inc\u00eandio em f\u00e1brica em Arcos de Valdevez est\u00e1 contido, mas n\u00e3o dominado","robots":{"index":"index","follow":"follow","max-snippet":"max-snippet:-1","max-image-preview":"max-image-preview:large","max-video-preview":"max-video-preview:-1"},"canonical":"https:\/\/www.altominho.tv\/site\/2019\/07\/24\/incendio-em-fabrica-em-arcos-de-valdevez-esta-contido-mas-nao-dominado\/","og_locale":"pt_PT","og_type":"article","og_title":"Inc\u00eandio em f\u00e1brica em Arcos de Valdevez est\u00e1 contido, mas n\u00e3o dominado","og_description":"O inc\u00eandio que deflagrou hoje numa f\u00e1brica de madeiras na zona industrial de Padreiro, Arcos de Valdevez, est\u00e1 contido, mas ainda n\u00e3o dominado, disse o primeiro comandante operacional distrital (CODIS) de Viana do Castelo, Marco Domingues. Aos jornalistas, o respons\u00e1vel pelo posto de comando instalado naquela zona industrial adiantou que as chamas lavram ainda &#8220;com [&hellip;]","og_url":"https:\/\/www.altominho.tv\/site\/2019\/07\/24\/incendio-em-fabrica-em-arcos-de-valdevez-esta-contido-mas-nao-dominado\/","og_site_name":"Altominho.tv","article_publisher":"https:\/\/www.facebook.com\/altominhotv","article_published_time":"2019-07-24T22:50:58+00:00","article_modified_time":"2019-07-24T22:51:01+00:00","og_image":[{"width":284,"height":177,"url":"https:\/\/www.altominho.tv\/site\/wp-content\/uploads\/2019\/07\/chamas.jpg","type":"image\/jpeg"}],"author":"Andreia Cunha","twitter_card":"summary_large_image","twitter_creator":"@altominhoTV","twitter_site":"@altominhoTV","twitter_misc":{"Escrito por":"Andreia Cunha","Tempo estimado de leitura":"1 minuto"},"schema":{"@context":"https:\/\/schema.org","@graph":[{"@type":"Article","@id":"https:\/\/www.altominho.tv\/site\/2019\/07\/24\/incendio-em-fabrica-em-arcos-de-valdevez-esta-contido-mas-nao-dominado\/#article","isPartOf":{"@id":"https:\/\/www.altominho.tv\/site\/2019\/07\/24\/incendio-em-fabrica-em-arcos-de-valdevez-esta-contido-mas-nao-dominado\/"},"author":{"name":"Andreia Cunha","@id":"https:\/\/www.altominho.tv\/site\/#\/schema\/person\/a0e4ef6d041f98ca284393d8f1d97153"},"headline":"Inc\u00eandio em f\u00e1brica em Arcos de Valdevez est\u00e1 contido, mas n\u00e3o dominado","datePublished":"2019-07-24T22:50:58+00:00","dateModified":"2019-07-24T22:51:01+00:00","mainEntityOfPage":{"@id":"https:\/\/www.altominho.tv\/site\/2019\/07\/24\/incendio-em-fabrica-em-arcos-de-valdevez-esta-contido-mas-nao-dominado\/"},"wordCount":274,"image":{"@id":"https:\/\/www.altominho.tv\/site\/2019\/07\/24\/incendio-em-fabrica-em-arcos-de-valdevez-esta-contido-mas-nao-dominado\/#primaryimage"},"thumbnailUrl":"https:\/\/www.altominho.tv\/site\/wp-content\/uploads\/2019\/07\/chamas.jpg","keywords":["Sociedade"],"articleSection":["Arcos de Valdevez"],"inLanguage":"pt-PT","copyrightYear":"2019","copyrightHolder":{"@id":"https:\/\/www.altominho.tv\/site\/#organization"}},{"@type":"WebPage","@id":"https:\/\/www.altominho.tv\/site\/2019\/07\/24\/incendio-em-fabrica-em-arcos-de-valdevez-esta-contido-mas-nao-dominado\/","url":"https:\/\/www.altominho.tv\/site\/2019\/07\/24\/incendio-em-fabrica-em-arcos-de-valdevez-esta-contido-mas-nao-dominado\/","name":"Inc\u00eandio em f\u00e1brica em Arcos de Valdevez est\u00e1 contido, mas n\u00e3o dominado","isPartOf":{"@id":"https:\/\/www.altominho.tv\/site\/#website"},"primaryImageOfPage":{"@id":"https:\/\/www.altominho.tv\/site\/2019\/07\/24\/incendio-em-fabrica-em-arcos-de-valdevez-esta-contido-mas-nao-dominado\/#primaryimage"},"image":{"@id":"https:\/\/www.altominho.tv\/site\/2019\/07\/24\/incendio-em-fabrica-em-arcos-de-valdevez-esta-contido-mas-nao-dominado\/#primaryimage"},"thumbnailUrl":"https:\/\/www.altominho.tv\/site\/wp-content\/uploads\/2019\/07\/chamas.jpg","datePublished":"2019-07-24T22:50:58+00:00","dateModified":"2019-07-24T22:51:01+00:00","author":{"@id":"https:\/\/www.altominho.tv\/site\/#\/schema\/person\/a0e4ef6d041f98ca284393d8f1d97153"},"breadcrumb":{"@id":"https:\/\/www.altominho.tv\/site\/2019\/07\/24\/incendio-em-fabrica-em-arcos-de-valdevez-esta-contido-mas-nao-dominado\/#breadcrumb"},"inLanguage":"pt-PT","potentialAction":[{"@type":"ReadAction","target":["https:\/\/www.altominho.tv\/site\/2019\/07\/24\/incendio-em-fabrica-em-arcos-de-valdevez-esta-contido-mas-nao-dominado\/"]}]},{"@type":"ImageObject","inLanguage":"pt-PT","@id":"https:\/\/www.altominho.tv\/site\/2019\/07\/24\/incendio-em-fabrica-em-arcos-de-valdevez-esta-contido-mas-nao-dominado\/#primaryimage","url":"https:\/\/www.altominho.tv\/site\/wp-content\/uploads\/2019\/07\/chamas.jpg","contentUrl":"https:\/\/www.altominho.tv\/site\/wp-content\/uploads\/2019\/07\/chamas.jpg","width":284,"height":177},{"@type":"BreadcrumbList","@id":"https:\/\/www.altominho.tv\/site\/2019\/07\/24\/incendio-em-fabrica-em-arcos-de-valdevez-esta-contido-mas-nao-dominado\/#breadcrumb","itemListElement":[{"@type":"ListItem","position":1,"name":"In\u00edcio","item":"https:\/\/www.altominho.tv\/site\/"},{"@type":"ListItem","position":2,"name":"Inc\u00eandio em f\u00e1brica em Arcos de Valdevez est\u00e1 contido, mas n\u00e3o dominado"}]},{"@type":"WebSite","@id":"https:\/\/www.altominho.tv\/site\/#website","url":"https:\/\/www.altominho.tv\/site\/","name":"Altominho.tv","description":"A sua regi\u00e3o \u00e0 dist\u00e2ncia de um clique...","potentialAction":[{"@type":"SearchAction","target":{"@type":"EntryPoint","urlTemplate":"https:\/\/www.altominho.tv\/site\/?s={search_term_string}"},"query-input":{"@type":"PropertyValueSpecification","valueRequired":true,"valueName":"search_term_string"}}],"inLanguage":"pt-PT"},{"@type":"Person","@id":"https:\/\/www.altominho.tv\/site\/#\/schema\/person\/a0e4ef6d041f98ca284393d8f1d97153","name":"Andreia Cunha","image":{"@type":"ImageObject","inLanguage":"pt-PT","@id":"https:\/\/www.altominho.tv\/site\/wp-content\/uploads\/2017\/11\/Andreia_Cunha-1-150x150.jpg","url":"https:\/\/www.altominho.tv\/site\/wp-content\/uploads\/2017\/11\/Andreia_Cunha-1-150x150.jpg","contentUrl":"https:\/\/www.altominho.tv\/site\/wp-content\/uploads\/2017\/11\/Andreia_Cunha-1-150x150.jpg","caption":"Andreia Cunha"},"url":"https:\/\/www.altominho.tv\/site\/author\/andreiacunha\/"}]}},"_links":{"self":[{"href":"https:\/\/www.altominho.tv\/site\/wp-json\/wp\/v2\/posts\/31858","targetHints":{"allow":["GET"]}}],"collection":[{"href":"https:\/\/www.altominho.tv\/site\/wp-json\/wp\/v2\/posts"}],"about":[{"href":"https:\/\/www.altominho.tv\/site\/wp-json\/wp\/v2\/types\/post"}],"author":[{"embeddable":true,"href":"https:\/\/www.altominho.tv\/site\/wp-json\/wp\/v2\/users\/7"}],"replies":[{"embeddable":true,"href":"https:\/\/www.altominho.tv\/site\/wp-json\/wp\/v2\/comments?post=31858"}],"version-history":[{"count":0,"href":"https:\/\/www.altominho.tv\/site\/wp-json\/wp\/v2\/posts\/31858\/revisions"}],"wp:featuredmedia":[{"embeddable":true,"href":"https:\/\/www.altominho.tv\/site\/wp-json\/wp\/v2\/media\/31859"}],"wp:attachment":[{"href":"https:\/\/www.altominho.tv\/site\/wp-json\/wp\/v2\/media?parent=31858"}],"wp:term":[{"taxonomy":"category","embeddable":true,"href":"https:\/\/www.altominho.tv\/site\/wp-json\/wp\/v2\/categories?post=31858"},{"taxonomy":"post_tag","embeddable":true,"href":"https:\/\/www.altominho.tv\/site\/wp-json\/wp\/v2\/tags?post=31858"}],"curies":[{"name":"wp","href":"https:\/\/api.w.org\/{rel}","templated":true}]}}