{"id":31807,"date":"2019-07-24T11:13:37","date_gmt":"2019-07-24T10:13:37","guid":{"rendered":"http:\/\/www.altominho.tv\/site\/?p=31807"},"modified":"2019-07-24T11:14:22","modified_gmt":"2019-07-24T10:14:22","slug":"exposicao-que-assianala-100-anos-da-morte-de-teixeira-de-queiroz-patente-ate-outubro","status":"publish","type":"post","link":"https:\/\/www.altominho.tv\/site\/2019\/07\/24\/exposicao-que-assianala-100-anos-da-morte-de-teixeira-de-queiroz-patente-ate-outubro\/","title":{"rendered":"Exposi\u00e7\u00e3o que assinala 100 anos da morte de Teixeira de Queiroz patente at\u00e9 outubro"},"content":{"rendered":"\n<p>No \u00e2mbito das Comemora\u00e7\u00f5es municipais dos 100 anos da morte do escritor Teixeira de Queiroz, est\u00e1 patente na Casa das Artes, uma exposi\u00e7\u00e3o que recria algum do universo criativo do autor e a import\u00e2ncia da sua figura no panorama cultural e liter\u00e1rio do nosso pa\u00eds.<\/p>\n\n\n\n<p><a href=\"https:\/\/www.cmav.pt\/pages\/520?event_id=2324#\"><\/a><a href=\"https:\/\/www.cmav.pt\/pages\/520?event_id=2324#\"><\/a><a href=\"https:\/\/www.cmav.pt\/pages\/520?event_id=2324#\"><\/a><a href=\"https:\/\/www.cmav.pt\/pages\/520?event_id=2324#\"><\/a>A exposi\u00e7\u00e3o intitulada &#8220;Teixeira de Queiroz: 100 anos depois&#8221; pode ser visitada at\u00e9 ao dia 6 de outubro, no Foyer do Audit\u00f3rio da Casa das Artes arcuense. <br><\/p>\n","protected":false},"excerpt":{"rendered":"<p>No \u00e2mbito das Comemora\u00e7\u00f5es municipais dos 100 anos da morte do escritor Teixeira de Queiroz, est\u00e1 patente na Casa das Artes, uma exposi\u00e7\u00e3o que recria algum do universo criativo do autor e a import\u00e2ncia da sua figura no panorama cultural e liter\u00e1rio do nosso pa\u00eds. A exposi\u00e7\u00e3o intitulada &#8220;Teixeira de Queiroz: 100 anos depois&#8221; pode [&hellip;]<\/p>\n","protected":false},"author":7,"featured_media":31808,"comment_status":"closed","ping_status":"closed","sticky":false,"template":"","format":"standard","meta":{"_exactmetrics_skip_tracking":false,"_exactmetrics_sitenote_active":false,"_exactmetrics_sitenote_note":"","_exactmetrics_sitenote_category":0,"footnotes":""},"categories":[2],"tags":[19,27],"class_list":["post-31807","post","type-post","status-publish","format-standard","has-post-thumbnail","hentry","category-arcos-de-valdevez","tag-cultura","tag-sociedade"],"yoast_head":"<!-- This site is optimized with the Yoast SEO Premium plugin v27.5 (Yoast SEO v27.5) - https:\/\/yoast.com\/product\/yoast-seo-premium-wordpress\/ -->\n<title>Exposi\u00e7\u00e3o que assinala 100 anos da morte de Teixeira de Queiroz patente at\u00e9 outubro<\/title>\n<meta name=\"robots\" content=\"index, follow, max-snippet:-1, max-image-preview:large, max-video-preview:-1\" \/>\n<link rel=\"canonical\" href=\"https:\/\/www.altominho.tv\/site\/2019\/07\/24\/exposicao-que-assianala-100-anos-da-morte-de-teixeira-de-queiroz-patente-ate-outubro\/\" \/>\n<meta property=\"og:locale\" content=\"pt_PT\" \/>\n<meta property=\"og:type\" content=\"article\" \/>\n<meta property=\"og:title\" content=\"Exposi\u00e7\u00e3o que assinala 100 anos da morte de Teixeira de Queiroz patente at\u00e9 outubro\" \/>\n<meta property=\"og:description\" content=\"No \u00e2mbito das Comemora\u00e7\u00f5es municipais dos 100 anos da morte do escritor Teixeira de Queiroz, est\u00e1 patente na Casa das Artes, uma exposi\u00e7\u00e3o que recria algum do universo criativo do autor e a import\u00e2ncia da sua figura no panorama cultural e liter\u00e1rio do nosso pa\u00eds. A exposi\u00e7\u00e3o intitulada &#8220;Teixeira de Queiroz: 100 anos depois&#8221; pode [&hellip;]\" \/>\n<meta property=\"og:url\" content=\"https:\/\/www.altominho.tv\/site\/2019\/07\/24\/exposicao-que-assianala-100-anos-da-morte-de-teixeira-de-queiroz-patente-ate-outubro\/\" \/>\n<meta property=\"og:site_name\" content=\"Altominho.tv\" \/>\n<meta property=\"article:publisher\" content=\"https:\/\/www.facebook.com\/altominhotv\" \/>\n<meta property=\"article:published_time\" content=\"2019-07-24T10:13:37+00:00\" \/>\n<meta property=\"article:modified_time\" content=\"2019-07-24T10:14:22+00:00\" \/>\n<meta property=\"og:image\" content=\"https:\/\/www.altominho.tv\/site\/wp-content\/uploads\/2019\/07\/casa_artes_006_1_1024_2500.jpg\" \/>\n\t<meta property=\"og:image:width\" content=\"1024\" \/>\n\t<meta property=\"og:image:height\" content=\"645\" \/>\n\t<meta property=\"og:image:type\" content=\"image\/jpeg\" \/>\n<meta name=\"author\" content=\"Andreia Cunha\" \/>\n<meta name=\"twitter:card\" content=\"summary_large_image\" \/>\n<meta name=\"twitter:creator\" content=\"@altominhoTV\" \/>\n<meta name=\"twitter:site\" content=\"@altominhoTV\" \/>\n<meta name=\"twitter:label1\" content=\"Escrito por\" \/>\n\t<meta name=\"twitter:data1\" content=\"Andreia Cunha\" \/>\n<script type=\"application\/ld+json\" class=\"yoast-schema-graph\">{\"@context\":\"https:\\\/\\\/schema.org\",\"@graph\":[{\"@type\":\"Article\",\"@id\":\"https:\\\/\\\/www.altominho.tv\\\/site\\\/2019\\\/07\\\/24\\\/exposicao-que-assianala-100-anos-da-morte-de-teixeira-de-queiroz-patente-ate-outubro\\\/#article\",\"isPartOf\":{\"@id\":\"https:\\\/\\\/www.altominho.tv\\\/site\\\/2019\\\/07\\\/24\\\/exposicao-que-assianala-100-anos-da-morte-de-teixeira-de-queiroz-patente-ate-outubro\\\/\"},\"author\":{\"name\":\"Andreia Cunha\",\"@id\":\"https:\\\/\\\/www.altominho.tv\\\/site\\\/#\\\/schema\\\/person\\\/a0e4ef6d041f98ca284393d8f1d97153\"},\"headline\":\"Exposi\u00e7\u00e3o que assinala 100 anos da morte de Teixeira de Queiroz patente at\u00e9 outubro\",\"datePublished\":\"2019-07-24T10:13:37+00:00\",\"dateModified\":\"2019-07-24T10:14:22+00:00\",\"mainEntityOfPage\":{\"@id\":\"https:\\\/\\\/www.altominho.tv\\\/site\\\/2019\\\/07\\\/24\\\/exposicao-que-assianala-100-anos-da-morte-de-teixeira-de-queiroz-patente-ate-outubro\\\/\"},\"wordCount\":90,\"image\":{\"@id\":\"https:\\\/\\\/www.altominho.tv\\\/site\\\/2019\\\/07\\\/24\\\/exposicao-que-assianala-100-anos-da-morte-de-teixeira-de-queiroz-patente-ate-outubro\\\/#primaryimage\"},\"thumbnailUrl\":\"https:\\\/\\\/www.altominho.tv\\\/site\\\/wp-content\\\/uploads\\\/2019\\\/07\\\/casa_artes_006_1_1024_2500.jpg\",\"keywords\":[\"Cultura\",\"Sociedade\"],\"articleSection\":[\"Arcos de Valdevez\"],\"inLanguage\":\"pt-PT\",\"copyrightYear\":\"2019\",\"copyrightHolder\":{\"@id\":\"https:\\\/\\\/www.altominho.tv\\\/site\\\/#organization\"}},{\"@type\":\"WebPage\",\"@id\":\"https:\\\/\\\/www.altominho.tv\\\/site\\\/2019\\\/07\\\/24\\\/exposicao-que-assianala-100-anos-da-morte-de-teixeira-de-queiroz-patente-ate-outubro\\\/\",\"url\":\"https:\\\/\\\/www.altominho.tv\\\/site\\\/2019\\\/07\\\/24\\\/exposicao-que-assianala-100-anos-da-morte-de-teixeira-de-queiroz-patente-ate-outubro\\\/\",\"name\":\"Exposi\u00e7\u00e3o que assinala 100 anos da morte de Teixeira de Queiroz patente at\u00e9 outubro\",\"isPartOf\":{\"@id\":\"https:\\\/\\\/www.altominho.tv\\\/site\\\/#website\"},\"primaryImageOfPage\":{\"@id\":\"https:\\\/\\\/www.altominho.tv\\\/site\\\/2019\\\/07\\\/24\\\/exposicao-que-assianala-100-anos-da-morte-de-teixeira-de-queiroz-patente-ate-outubro\\\/#primaryimage\"},\"image\":{\"@id\":\"https:\\\/\\\/www.altominho.tv\\\/site\\\/2019\\\/07\\\/24\\\/exposicao-que-assianala-100-anos-da-morte-de-teixeira-de-queiroz-patente-ate-outubro\\\/#primaryimage\"},\"thumbnailUrl\":\"https:\\\/\\\/www.altominho.tv\\\/site\\\/wp-content\\\/uploads\\\/2019\\\/07\\\/casa_artes_006_1_1024_2500.jpg\",\"datePublished\":\"2019-07-24T10:13:37+00:00\",\"dateModified\":\"2019-07-24T10:14:22+00:00\",\"author\":{\"@id\":\"https:\\\/\\\/www.altominho.tv\\\/site\\\/#\\\/schema\\\/person\\\/a0e4ef6d041f98ca284393d8f1d97153\"},\"breadcrumb\":{\"@id\":\"https:\\\/\\\/www.altominho.tv\\\/site\\\/2019\\\/07\\\/24\\\/exposicao-que-assianala-100-anos-da-morte-de-teixeira-de-queiroz-patente-ate-outubro\\\/#breadcrumb\"},\"inLanguage\":\"pt-PT\",\"potentialAction\":[{\"@type\":\"ReadAction\",\"target\":[\"https:\\\/\\\/www.altominho.tv\\\/site\\\/2019\\\/07\\\/24\\\/exposicao-que-assianala-100-anos-da-morte-de-teixeira-de-queiroz-patente-ate-outubro\\\/\"]}]},{\"@type\":\"ImageObject\",\"inLanguage\":\"pt-PT\",\"@id\":\"https:\\\/\\\/www.altominho.tv\\\/site\\\/2019\\\/07\\\/24\\\/exposicao-que-assianala-100-anos-da-morte-de-teixeira-de-queiroz-patente-ate-outubro\\\/#primaryimage\",\"url\":\"https:\\\/\\\/www.altominho.tv\\\/site\\\/wp-content\\\/uploads\\\/2019\\\/07\\\/casa_artes_006_1_1024_2500.jpg\",\"contentUrl\":\"https:\\\/\\\/www.altominho.tv\\\/site\\\/wp-content\\\/uploads\\\/2019\\\/07\\\/casa_artes_006_1_1024_2500.jpg\",\"width\":1024,\"height\":645},{\"@type\":\"BreadcrumbList\",\"@id\":\"https:\\\/\\\/www.altominho.tv\\\/site\\\/2019\\\/07\\\/24\\\/exposicao-que-assianala-100-anos-da-morte-de-teixeira-de-queiroz-patente-ate-outubro\\\/#breadcrumb\",\"itemListElement\":[{\"@type\":\"ListItem\",\"position\":1,\"name\":\"In\u00edcio\",\"item\":\"https:\\\/\\\/www.altominho.tv\\\/site\\\/\"},{\"@type\":\"ListItem\",\"position\":2,\"name\":\"Exposi\u00e7\u00e3o que assinala 100 anos da morte de Teixeira de Queiroz patente at\u00e9 outubro\"}]},{\"@type\":\"WebSite\",\"@id\":\"https:\\\/\\\/www.altominho.tv\\\/site\\\/#website\",\"url\":\"https:\\\/\\\/www.altominho.tv\\\/site\\\/\",\"name\":\"Altominho.tv\",\"description\":\"A sua regi\u00e3o \u00e0 dist\u00e2ncia de um clique...\",\"potentialAction\":[{\"@type\":\"SearchAction\",\"target\":{\"@type\":\"EntryPoint\",\"urlTemplate\":\"https:\\\/\\\/www.altominho.tv\\\/site\\\/?s={search_term_string}\"},\"query-input\":{\"@type\":\"PropertyValueSpecification\",\"valueRequired\":true,\"valueName\":\"search_term_string\"}}],\"inLanguage\":\"pt-PT\"},{\"@type\":\"Person\",\"@id\":\"https:\\\/\\\/www.altominho.tv\\\/site\\\/#\\\/schema\\\/person\\\/a0e4ef6d041f98ca284393d8f1d97153\",\"name\":\"Andreia Cunha\",\"image\":{\"@type\":\"ImageObject\",\"inLanguage\":\"pt-PT\",\"@id\":\"https:\\\/\\\/www.altominho.tv\\\/site\\\/wp-content\\\/uploads\\\/2017\\\/11\\\/Andreia_Cunha-1-150x150.jpg\",\"url\":\"https:\\\/\\\/www.altominho.tv\\\/site\\\/wp-content\\\/uploads\\\/2017\\\/11\\\/Andreia_Cunha-1-150x150.jpg\",\"contentUrl\":\"https:\\\/\\\/www.altominho.tv\\\/site\\\/wp-content\\\/uploads\\\/2017\\\/11\\\/Andreia_Cunha-1-150x150.jpg\",\"caption\":\"Andreia Cunha\"},\"url\":\"https:\\\/\\\/www.altominho.tv\\\/site\\\/author\\\/andreiacunha\\\/\"}]}<\/script>\n<!-- \/ Yoast SEO Premium plugin. -->","yoast_head_json":{"title":"Exposi\u00e7\u00e3o que assinala 100 anos da morte de Teixeira de Queiroz patente at\u00e9 outubro","robots":{"index":"index","follow":"follow","max-snippet":"max-snippet:-1","max-image-preview":"max-image-preview:large","max-video-preview":"max-video-preview:-1"},"canonical":"https:\/\/www.altominho.tv\/site\/2019\/07\/24\/exposicao-que-assianala-100-anos-da-morte-de-teixeira-de-queiroz-patente-ate-outubro\/","og_locale":"pt_PT","og_type":"article","og_title":"Exposi\u00e7\u00e3o que assinala 100 anos da morte de Teixeira de Queiroz patente at\u00e9 outubro","og_description":"No \u00e2mbito das Comemora\u00e7\u00f5es municipais dos 100 anos da morte do escritor Teixeira de Queiroz, est\u00e1 patente na Casa das Artes, uma exposi\u00e7\u00e3o que recria algum do universo criativo do autor e a import\u00e2ncia da sua figura no panorama cultural e liter\u00e1rio do nosso pa\u00eds. A exposi\u00e7\u00e3o intitulada &#8220;Teixeira de Queiroz: 100 anos depois&#8221; pode [&hellip;]","og_url":"https:\/\/www.altominho.tv\/site\/2019\/07\/24\/exposicao-que-assianala-100-anos-da-morte-de-teixeira-de-queiroz-patente-ate-outubro\/","og_site_name":"Altominho.tv","article_publisher":"https:\/\/www.facebook.com\/altominhotv","article_published_time":"2019-07-24T10:13:37+00:00","article_modified_time":"2019-07-24T10:14:22+00:00","og_image":[{"width":1024,"height":645,"url":"https:\/\/www.altominho.tv\/site\/wp-content\/uploads\/2019\/07\/casa_artes_006_1_1024_2500.jpg","type":"image\/jpeg"}],"author":"Andreia Cunha","twitter_card":"summary_large_image","twitter_creator":"@altominhoTV","twitter_site":"@altominhoTV","twitter_misc":{"Escrito por":"Andreia Cunha"},"schema":{"@context":"https:\/\/schema.org","@graph":[{"@type":"Article","@id":"https:\/\/www.altominho.tv\/site\/2019\/07\/24\/exposicao-que-assianala-100-anos-da-morte-de-teixeira-de-queiroz-patente-ate-outubro\/#article","isPartOf":{"@id":"https:\/\/www.altominho.tv\/site\/2019\/07\/24\/exposicao-que-assianala-100-anos-da-morte-de-teixeira-de-queiroz-patente-ate-outubro\/"},"author":{"name":"Andreia Cunha","@id":"https:\/\/www.altominho.tv\/site\/#\/schema\/person\/a0e4ef6d041f98ca284393d8f1d97153"},"headline":"Exposi\u00e7\u00e3o que assinala 100 anos da morte de Teixeira de Queiroz patente at\u00e9 outubro","datePublished":"2019-07-24T10:13:37+00:00","dateModified":"2019-07-24T10:14:22+00:00","mainEntityOfPage":{"@id":"https:\/\/www.altominho.tv\/site\/2019\/07\/24\/exposicao-que-assianala-100-anos-da-morte-de-teixeira-de-queiroz-patente-ate-outubro\/"},"wordCount":90,"image":{"@id":"https:\/\/www.altominho.tv\/site\/2019\/07\/24\/exposicao-que-assianala-100-anos-da-morte-de-teixeira-de-queiroz-patente-ate-outubro\/#primaryimage"},"thumbnailUrl":"https:\/\/www.altominho.tv\/site\/wp-content\/uploads\/2019\/07\/casa_artes_006_1_1024_2500.jpg","keywords":["Cultura","Sociedade"],"articleSection":["Arcos de Valdevez"],"inLanguage":"pt-PT","copyrightYear":"2019","copyrightHolder":{"@id":"https:\/\/www.altominho.tv\/site\/#organization"}},{"@type":"WebPage","@id":"https:\/\/www.altominho.tv\/site\/2019\/07\/24\/exposicao-que-assianala-100-anos-da-morte-de-teixeira-de-queiroz-patente-ate-outubro\/","url":"https:\/\/www.altominho.tv\/site\/2019\/07\/24\/exposicao-que-assianala-100-anos-da-morte-de-teixeira-de-queiroz-patente-ate-outubro\/","name":"Exposi\u00e7\u00e3o que assinala 100 anos da morte de Teixeira de Queiroz patente at\u00e9 outubro","isPartOf":{"@id":"https:\/\/www.altominho.tv\/site\/#website"},"primaryImageOfPage":{"@id":"https:\/\/www.altominho.tv\/site\/2019\/07\/24\/exposicao-que-assianala-100-anos-da-morte-de-teixeira-de-queiroz-patente-ate-outubro\/#primaryimage"},"image":{"@id":"https:\/\/www.altominho.tv\/site\/2019\/07\/24\/exposicao-que-assianala-100-anos-da-morte-de-teixeira-de-queiroz-patente-ate-outubro\/#primaryimage"},"thumbnailUrl":"https:\/\/www.altominho.tv\/site\/wp-content\/uploads\/2019\/07\/casa_artes_006_1_1024_2500.jpg","datePublished":"2019-07-24T10:13:37+00:00","dateModified":"2019-07-24T10:14:22+00:00","author":{"@id":"https:\/\/www.altominho.tv\/site\/#\/schema\/person\/a0e4ef6d041f98ca284393d8f1d97153"},"breadcrumb":{"@id":"https:\/\/www.altominho.tv\/site\/2019\/07\/24\/exposicao-que-assianala-100-anos-da-morte-de-teixeira-de-queiroz-patente-ate-outubro\/#breadcrumb"},"inLanguage":"pt-PT","potentialAction":[{"@type":"ReadAction","target":["https:\/\/www.altominho.tv\/site\/2019\/07\/24\/exposicao-que-assianala-100-anos-da-morte-de-teixeira-de-queiroz-patente-ate-outubro\/"]}]},{"@type":"ImageObject","inLanguage":"pt-PT","@id":"https:\/\/www.altominho.tv\/site\/2019\/07\/24\/exposicao-que-assianala-100-anos-da-morte-de-teixeira-de-queiroz-patente-ate-outubro\/#primaryimage","url":"https:\/\/www.altominho.tv\/site\/wp-content\/uploads\/2019\/07\/casa_artes_006_1_1024_2500.jpg","contentUrl":"https:\/\/www.altominho.tv\/site\/wp-content\/uploads\/2019\/07\/casa_artes_006_1_1024_2500.jpg","width":1024,"height":645},{"@type":"BreadcrumbList","@id":"https:\/\/www.altominho.tv\/site\/2019\/07\/24\/exposicao-que-assianala-100-anos-da-morte-de-teixeira-de-queiroz-patente-ate-outubro\/#breadcrumb","itemListElement":[{"@type":"ListItem","position":1,"name":"In\u00edcio","item":"https:\/\/www.altominho.tv\/site\/"},{"@type":"ListItem","position":2,"name":"Exposi\u00e7\u00e3o que assinala 100 anos da morte de Teixeira de Queiroz patente at\u00e9 outubro"}]},{"@type":"WebSite","@id":"https:\/\/www.altominho.tv\/site\/#website","url":"https:\/\/www.altominho.tv\/site\/","name":"Altominho.tv","description":"A sua regi\u00e3o \u00e0 dist\u00e2ncia de um clique...","potentialAction":[{"@type":"SearchAction","target":{"@type":"EntryPoint","urlTemplate":"https:\/\/www.altominho.tv\/site\/?s={search_term_string}"},"query-input":{"@type":"PropertyValueSpecification","valueRequired":true,"valueName":"search_term_string"}}],"inLanguage":"pt-PT"},{"@type":"Person","@id":"https:\/\/www.altominho.tv\/site\/#\/schema\/person\/a0e4ef6d041f98ca284393d8f1d97153","name":"Andreia Cunha","image":{"@type":"ImageObject","inLanguage":"pt-PT","@id":"https:\/\/www.altominho.tv\/site\/wp-content\/uploads\/2017\/11\/Andreia_Cunha-1-150x150.jpg","url":"https:\/\/www.altominho.tv\/site\/wp-content\/uploads\/2017\/11\/Andreia_Cunha-1-150x150.jpg","contentUrl":"https:\/\/www.altominho.tv\/site\/wp-content\/uploads\/2017\/11\/Andreia_Cunha-1-150x150.jpg","caption":"Andreia Cunha"},"url":"https:\/\/www.altominho.tv\/site\/author\/andreiacunha\/"}]}},"_links":{"self":[{"href":"https:\/\/www.altominho.tv\/site\/wp-json\/wp\/v2\/posts\/31807","targetHints":{"allow":["GET"]}}],"collection":[{"href":"https:\/\/www.altominho.tv\/site\/wp-json\/wp\/v2\/posts"}],"about":[{"href":"https:\/\/www.altominho.tv\/site\/wp-json\/wp\/v2\/types\/post"}],"author":[{"embeddable":true,"href":"https:\/\/www.altominho.tv\/site\/wp-json\/wp\/v2\/users\/7"}],"replies":[{"embeddable":true,"href":"https:\/\/www.altominho.tv\/site\/wp-json\/wp\/v2\/comments?post=31807"}],"version-history":[{"count":0,"href":"https:\/\/www.altominho.tv\/site\/wp-json\/wp\/v2\/posts\/31807\/revisions"}],"wp:featuredmedia":[{"embeddable":true,"href":"https:\/\/www.altominho.tv\/site\/wp-json\/wp\/v2\/media\/31808"}],"wp:attachment":[{"href":"https:\/\/www.altominho.tv\/site\/wp-json\/wp\/v2\/media?parent=31807"}],"wp:term":[{"taxonomy":"category","embeddable":true,"href":"https:\/\/www.altominho.tv\/site\/wp-json\/wp\/v2\/categories?post=31807"},{"taxonomy":"post_tag","embeddable":true,"href":"https:\/\/www.altominho.tv\/site\/wp-json\/wp\/v2\/tags?post=31807"}],"curies":[{"name":"wp","href":"https:\/\/api.w.org\/{rel}","templated":true}]}}