{"id":31382,"date":"2019-07-15T21:00:01","date_gmt":"2019-07-15T20:00:01","guid":{"rendered":"http:\/\/www.altominho.tv\/site\/?p=31382"},"modified":"2019-07-15T17:10:15","modified_gmt":"2019-07-15T16:10:15","slug":"o-crochet-veste-com-arte-em-desfile-em-vila-nova-de-cerveira","status":"publish","type":"post","link":"https:\/\/www.altominho.tv\/site\/2019\/07\/15\/o-crochet-veste-com-arte-em-desfile-em-vila-nova-de-cerveira\/","title":{"rendered":"\u2018O crochet veste com arte\u2019 em desfile em Vila Nova de Cerveira"},"content":{"rendered":"\n<p>Mais de 40 cria\u00e7\u00f5es elaboradas em crochet foram apresentadas num desfile, que decorreu no audit\u00f3rio municipal de Vila Nova de Cerveira. Na iniciativa \u201cO Crochet veste com arte\u201d foram ainda exibidos trajes tradicionais que remetem para esta arte secular e para as principais atividades das freguesias deste concelho.<\/p>\n\n\n\n<figure class=\"wp-block-embed-youtube wp-block-embed is-type-video is-provider-youtube wp-embed-aspect-16-9 wp-has-aspect-ratio\"><div class=\"wp-block-embed__wrapper\">\n<iframe loading=\"lazy\" title=\"\u2018O crochet veste com arte\u2019 em desfile em Vila Nova de Cerveira | Altominho TV\" width=\"770\" height=\"433\" src=\"https:\/\/www.youtube.com\/embed\/0NxkgDFearQ?feature=oembed\" frameborder=\"0\" allow=\"accelerometer; autoplay; encrypted-media; gyroscope; picture-in-picture\" allowfullscreen><\/iframe>\n<\/div><\/figure>\n","protected":false},"excerpt":{"rendered":"<p>Mais de 40 cria\u00e7\u00f5es elaboradas em crochet foram apresentadas num desfile, que decorreu no audit\u00f3rio municipal de Vila Nova de Cerveira. Na iniciativa \u201cO Crochet veste com arte\u201d foram ainda exibidos trajes tradicionais que remetem para esta arte secular e para as principais atividades das freguesias deste concelho.<\/p>\n","protected":false},"author":9,"featured_media":31383,"comment_status":"closed","ping_status":"closed","sticky":false,"template":"","format":"video","meta":{"_exactmetrics_skip_tracking":false,"_exactmetrics_sitenote_active":false,"_exactmetrics_sitenote_note":"","_exactmetrics_sitenote_category":0,"footnotes":""},"categories":[15],"tags":[19,24,27],"class_list":["post-31382","post","type-post","status-publish","format-video","has-post-thumbnail","hentry","category-vila-nova-de-cerveira","tag-cultura","tag-lazer","tag-sociedade","post_format-post-format-video"],"yoast_head":"<!-- This site is optimized with the Yoast SEO Premium plugin v27.5 (Yoast SEO v27.5) - https:\/\/yoast.com\/product\/yoast-seo-premium-wordpress\/ -->\n<title>\u2018O crochet veste com arte\u2019 em desfile em Vila Nova de Cerveira<\/title>\n<meta name=\"robots\" content=\"index, follow, max-snippet:-1, max-image-preview:large, max-video-preview:-1\" \/>\n<link rel=\"canonical\" href=\"https:\/\/www.altominho.tv\/site\/2019\/07\/15\/o-crochet-veste-com-arte-em-desfile-em-vila-nova-de-cerveira\/\" \/>\n<meta property=\"og:locale\" content=\"pt_PT\" \/>\n<meta property=\"og:type\" content=\"article\" \/>\n<meta property=\"og:title\" content=\"\u2018O crochet veste com arte\u2019 em desfile em Vila Nova de Cerveira\" \/>\n<meta property=\"og:description\" content=\"Mais de 40 cria\u00e7\u00f5es elaboradas em crochet foram apresentadas num desfile, que decorreu no audit\u00f3rio municipal de Vila Nova de Cerveira. Na iniciativa \u201cO Crochet veste com arte\u201d foram ainda exibidos trajes tradicionais que remetem para esta arte secular e para as principais atividades das freguesias deste concelho.\" \/>\n<meta property=\"og:url\" content=\"https:\/\/www.altominho.tv\/site\/2019\/07\/15\/o-crochet-veste-com-arte-em-desfile-em-vila-nova-de-cerveira\/\" \/>\n<meta property=\"og:site_name\" content=\"Altominho.tv\" \/>\n<meta property=\"article:publisher\" content=\"https:\/\/www.facebook.com\/altominhotv\" \/>\n<meta property=\"article:published_time\" content=\"2019-07-15T20:00:01+00:00\" \/>\n<meta property=\"og:image\" content=\"https:\/\/www.altominho.tv\/site\/wp-content\/uploads\/2019\/07\/Untitled-Project-2.jpg\" \/>\n\t<meta property=\"og:image:width\" content=\"1920\" \/>\n\t<meta property=\"og:image:height\" content=\"1080\" \/>\n\t<meta property=\"og:image:type\" content=\"image\/jpeg\" \/>\n<meta name=\"author\" content=\"Rafael Pereira\" \/>\n<meta name=\"twitter:card\" content=\"summary_large_image\" \/>\n<meta name=\"twitter:creator\" content=\"@altominhoTV\" \/>\n<meta name=\"twitter:site\" content=\"@altominhoTV\" \/>\n<meta name=\"twitter:label1\" content=\"Escrito por\" \/>\n\t<meta name=\"twitter:data1\" content=\"Rafael Pereira\" \/>\n<script type=\"application\/ld+json\" class=\"yoast-schema-graph\">{\"@context\":\"https:\\\/\\\/schema.org\",\"@graph\":[{\"@type\":\"Article\",\"@id\":\"https:\\\/\\\/www.altominho.tv\\\/site\\\/2019\\\/07\\\/15\\\/o-crochet-veste-com-arte-em-desfile-em-vila-nova-de-cerveira\\\/#article\",\"isPartOf\":{\"@id\":\"https:\\\/\\\/www.altominho.tv\\\/site\\\/2019\\\/07\\\/15\\\/o-crochet-veste-com-arte-em-desfile-em-vila-nova-de-cerveira\\\/\"},\"author\":{\"name\":\"Rafael Pereira\",\"@id\":\"https:\\\/\\\/www.altominho.tv\\\/site\\\/#\\\/schema\\\/person\\\/2690abd4f0b3984514ce0607afbfced7\"},\"headline\":\"\u2018O crochet veste com arte\u2019 em desfile em Vila Nova de Cerveira\",\"datePublished\":\"2019-07-15T20:00:01+00:00\",\"mainEntityOfPage\":{\"@id\":\"https:\\\/\\\/www.altominho.tv\\\/site\\\/2019\\\/07\\\/15\\\/o-crochet-veste-com-arte-em-desfile-em-vila-nova-de-cerveira\\\/\"},\"wordCount\":65,\"image\":{\"@id\":\"https:\\\/\\\/www.altominho.tv\\\/site\\\/2019\\\/07\\\/15\\\/o-crochet-veste-com-arte-em-desfile-em-vila-nova-de-cerveira\\\/#primaryimage\"},\"thumbnailUrl\":\"https:\\\/\\\/www.altominho.tv\\\/site\\\/wp-content\\\/uploads\\\/2019\\\/07\\\/Untitled-Project-2.jpg\",\"keywords\":[\"Cultura\",\"Lazer\",\"Sociedade\"],\"articleSection\":[\"Vila Nova de Cerveira\"],\"inLanguage\":\"pt-PT\",\"copyrightYear\":\"2019\",\"copyrightHolder\":{\"@id\":\"https:\\\/\\\/www.altominho.tv\\\/site\\\/#organization\"}},{\"@type\":\"WebPage\",\"@id\":\"https:\\\/\\\/www.altominho.tv\\\/site\\\/2019\\\/07\\\/15\\\/o-crochet-veste-com-arte-em-desfile-em-vila-nova-de-cerveira\\\/\",\"url\":\"https:\\\/\\\/www.altominho.tv\\\/site\\\/2019\\\/07\\\/15\\\/o-crochet-veste-com-arte-em-desfile-em-vila-nova-de-cerveira\\\/\",\"name\":\"\u2018O crochet veste com arte\u2019 em desfile em Vila Nova de Cerveira\",\"isPartOf\":{\"@id\":\"https:\\\/\\\/www.altominho.tv\\\/site\\\/#website\"},\"primaryImageOfPage\":{\"@id\":\"https:\\\/\\\/www.altominho.tv\\\/site\\\/2019\\\/07\\\/15\\\/o-crochet-veste-com-arte-em-desfile-em-vila-nova-de-cerveira\\\/#primaryimage\"},\"image\":{\"@id\":\"https:\\\/\\\/www.altominho.tv\\\/site\\\/2019\\\/07\\\/15\\\/o-crochet-veste-com-arte-em-desfile-em-vila-nova-de-cerveira\\\/#primaryimage\"},\"thumbnailUrl\":\"https:\\\/\\\/www.altominho.tv\\\/site\\\/wp-content\\\/uploads\\\/2019\\\/07\\\/Untitled-Project-2.jpg\",\"datePublished\":\"2019-07-15T20:00:01+00:00\",\"author\":{\"@id\":\"https:\\\/\\\/www.altominho.tv\\\/site\\\/#\\\/schema\\\/person\\\/2690abd4f0b3984514ce0607afbfced7\"},\"breadcrumb\":{\"@id\":\"https:\\\/\\\/www.altominho.tv\\\/site\\\/2019\\\/07\\\/15\\\/o-crochet-veste-com-arte-em-desfile-em-vila-nova-de-cerveira\\\/#breadcrumb\"},\"inLanguage\":\"pt-PT\",\"potentialAction\":[{\"@type\":\"ReadAction\",\"target\":[\"https:\\\/\\\/www.altominho.tv\\\/site\\\/2019\\\/07\\\/15\\\/o-crochet-veste-com-arte-em-desfile-em-vila-nova-de-cerveira\\\/\"]}]},{\"@type\":\"ImageObject\",\"inLanguage\":\"pt-PT\",\"@id\":\"https:\\\/\\\/www.altominho.tv\\\/site\\\/2019\\\/07\\\/15\\\/o-crochet-veste-com-arte-em-desfile-em-vila-nova-de-cerveira\\\/#primaryimage\",\"url\":\"https:\\\/\\\/www.altominho.tv\\\/site\\\/wp-content\\\/uploads\\\/2019\\\/07\\\/Untitled-Project-2.jpg\",\"contentUrl\":\"https:\\\/\\\/www.altominho.tv\\\/site\\\/wp-content\\\/uploads\\\/2019\\\/07\\\/Untitled-Project-2.jpg\",\"width\":1920,\"height\":1080},{\"@type\":\"BreadcrumbList\",\"@id\":\"https:\\\/\\\/www.altominho.tv\\\/site\\\/2019\\\/07\\\/15\\\/o-crochet-veste-com-arte-em-desfile-em-vila-nova-de-cerveira\\\/#breadcrumb\",\"itemListElement\":[{\"@type\":\"ListItem\",\"position\":1,\"name\":\"In\u00edcio\",\"item\":\"https:\\\/\\\/www.altominho.tv\\\/site\\\/\"},{\"@type\":\"ListItem\",\"position\":2,\"name\":\"\u2018O crochet veste com arte\u2019 em desfile em Vila Nova de Cerveira\"}]},{\"@type\":\"WebSite\",\"@id\":\"https:\\\/\\\/www.altominho.tv\\\/site\\\/#website\",\"url\":\"https:\\\/\\\/www.altominho.tv\\\/site\\\/\",\"name\":\"Altominho.tv\",\"description\":\"A sua regi\u00e3o \u00e0 dist\u00e2ncia de um clique...\",\"potentialAction\":[{\"@type\":\"SearchAction\",\"target\":{\"@type\":\"EntryPoint\",\"urlTemplate\":\"https:\\\/\\\/www.altominho.tv\\\/site\\\/?s={search_term_string}\"},\"query-input\":{\"@type\":\"PropertyValueSpecification\",\"valueRequired\":true,\"valueName\":\"search_term_string\"}}],\"inLanguage\":\"pt-PT\"},{\"@type\":\"Person\",\"@id\":\"https:\\\/\\\/www.altominho.tv\\\/site\\\/#\\\/schema\\\/person\\\/2690abd4f0b3984514ce0607afbfced7\",\"name\":\"Rafael Pereira\",\"image\":{\"@type\":\"ImageObject\",\"inLanguage\":\"pt-PT\",\"@id\":\"https:\\\/\\\/www.altominho.tv\\\/site\\\/wp-content\\\/uploads\\\/2021\\\/08\\\/42996867_1705603802900752_8292335788369117184_n-150x150.jpeg\",\"url\":\"https:\\\/\\\/www.altominho.tv\\\/site\\\/wp-content\\\/uploads\\\/2021\\\/08\\\/42996867_1705603802900752_8292335788369117184_n-150x150.jpeg\",\"contentUrl\":\"https:\\\/\\\/www.altominho.tv\\\/site\\\/wp-content\\\/uploads\\\/2021\\\/08\\\/42996867_1705603802900752_8292335788369117184_n-150x150.jpeg\",\"caption\":\"Rafael Pereira\"},\"url\":\"https:\\\/\\\/www.altominho.tv\\\/site\\\/author\\\/rafaelpereira\\\/\"}]}<\/script>\n<meta property=\"og:video\" content=\"https:\/\/www.youtube.com\/embed\/0NxkgDFearQ\" \/>\n<meta property=\"og:video:type\" content=\"text\/html\" \/>\n<meta property=\"og:video:duration\" content=\"109\" \/>\n<meta property=\"og:video:width\" content=\"480\" \/>\n<meta property=\"og:video:height\" content=\"270\" \/>\n<meta property=\"ya:ovs:adult\" content=\"false\" \/>\n<meta property=\"ya:ovs:upload_date\" content=\"2019-07-15T20:00:01+00:00\" \/>\n<meta property=\"ya:ovs:allow_embed\" content=\"true\" \/>\n<!-- \/ Yoast SEO Premium plugin. -->","yoast_head_json":{"title":"\u2018O crochet veste com arte\u2019 em desfile em Vila Nova de Cerveira","robots":{"index":"index","follow":"follow","max-snippet":"max-snippet:-1","max-image-preview":"max-image-preview:large","max-video-preview":"max-video-preview:-1"},"canonical":"https:\/\/www.altominho.tv\/site\/2019\/07\/15\/o-crochet-veste-com-arte-em-desfile-em-vila-nova-de-cerveira\/","og_locale":"pt_PT","og_type":"article","og_title":"\u2018O crochet veste com arte\u2019 em desfile em Vila Nova de Cerveira","og_description":"Mais de 40 cria\u00e7\u00f5es elaboradas em crochet foram apresentadas num desfile, que decorreu no audit\u00f3rio municipal de Vila Nova de Cerveira. Na iniciativa \u201cO Crochet veste com arte\u201d foram ainda exibidos trajes tradicionais que remetem para esta arte secular e para as principais atividades das freguesias deste concelho.","og_url":"https:\/\/www.altominho.tv\/site\/2019\/07\/15\/o-crochet-veste-com-arte-em-desfile-em-vila-nova-de-cerveira\/","og_site_name":"Altominho.tv","article_publisher":"https:\/\/www.facebook.com\/altominhotv","article_published_time":"2019-07-15T20:00:01+00:00","og_image":[{"width":1920,"height":1080,"url":"https:\/\/www.altominho.tv\/site\/wp-content\/uploads\/2019\/07\/Untitled-Project-2.jpg","type":"image\/jpeg"}],"author":"Rafael Pereira","twitter_card":"summary_large_image","twitter_creator":"@altominhoTV","twitter_site":"@altominhoTV","twitter_misc":{"Escrito por":"Rafael Pereira"},"schema":{"@context":"https:\/\/schema.org","@graph":[{"@type":"Article","@id":"https:\/\/www.altominho.tv\/site\/2019\/07\/15\/o-crochet-veste-com-arte-em-desfile-em-vila-nova-de-cerveira\/#article","isPartOf":{"@id":"https:\/\/www.altominho.tv\/site\/2019\/07\/15\/o-crochet-veste-com-arte-em-desfile-em-vila-nova-de-cerveira\/"},"author":{"name":"Rafael Pereira","@id":"https:\/\/www.altominho.tv\/site\/#\/schema\/person\/2690abd4f0b3984514ce0607afbfced7"},"headline":"\u2018O crochet veste com arte\u2019 em desfile em Vila Nova de Cerveira","datePublished":"2019-07-15T20:00:01+00:00","mainEntityOfPage":{"@id":"https:\/\/www.altominho.tv\/site\/2019\/07\/15\/o-crochet-veste-com-arte-em-desfile-em-vila-nova-de-cerveira\/"},"wordCount":65,"image":{"@id":"https:\/\/www.altominho.tv\/site\/2019\/07\/15\/o-crochet-veste-com-arte-em-desfile-em-vila-nova-de-cerveira\/#primaryimage"},"thumbnailUrl":"https:\/\/www.altominho.tv\/site\/wp-content\/uploads\/2019\/07\/Untitled-Project-2.jpg","keywords":["Cultura","Lazer","Sociedade"],"articleSection":["Vila Nova de Cerveira"],"inLanguage":"pt-PT","copyrightYear":"2019","copyrightHolder":{"@id":"https:\/\/www.altominho.tv\/site\/#organization"}},{"@type":"WebPage","@id":"https:\/\/www.altominho.tv\/site\/2019\/07\/15\/o-crochet-veste-com-arte-em-desfile-em-vila-nova-de-cerveira\/","url":"https:\/\/www.altominho.tv\/site\/2019\/07\/15\/o-crochet-veste-com-arte-em-desfile-em-vila-nova-de-cerveira\/","name":"\u2018O crochet veste com arte\u2019 em desfile em Vila Nova de Cerveira","isPartOf":{"@id":"https:\/\/www.altominho.tv\/site\/#website"},"primaryImageOfPage":{"@id":"https:\/\/www.altominho.tv\/site\/2019\/07\/15\/o-crochet-veste-com-arte-em-desfile-em-vila-nova-de-cerveira\/#primaryimage"},"image":{"@id":"https:\/\/www.altominho.tv\/site\/2019\/07\/15\/o-crochet-veste-com-arte-em-desfile-em-vila-nova-de-cerveira\/#primaryimage"},"thumbnailUrl":"https:\/\/www.altominho.tv\/site\/wp-content\/uploads\/2019\/07\/Untitled-Project-2.jpg","datePublished":"2019-07-15T20:00:01+00:00","author":{"@id":"https:\/\/www.altominho.tv\/site\/#\/schema\/person\/2690abd4f0b3984514ce0607afbfced7"},"breadcrumb":{"@id":"https:\/\/www.altominho.tv\/site\/2019\/07\/15\/o-crochet-veste-com-arte-em-desfile-em-vila-nova-de-cerveira\/#breadcrumb"},"inLanguage":"pt-PT","potentialAction":[{"@type":"ReadAction","target":["https:\/\/www.altominho.tv\/site\/2019\/07\/15\/o-crochet-veste-com-arte-em-desfile-em-vila-nova-de-cerveira\/"]}]},{"@type":"ImageObject","inLanguage":"pt-PT","@id":"https:\/\/www.altominho.tv\/site\/2019\/07\/15\/o-crochet-veste-com-arte-em-desfile-em-vila-nova-de-cerveira\/#primaryimage","url":"https:\/\/www.altominho.tv\/site\/wp-content\/uploads\/2019\/07\/Untitled-Project-2.jpg","contentUrl":"https:\/\/www.altominho.tv\/site\/wp-content\/uploads\/2019\/07\/Untitled-Project-2.jpg","width":1920,"height":1080},{"@type":"BreadcrumbList","@id":"https:\/\/www.altominho.tv\/site\/2019\/07\/15\/o-crochet-veste-com-arte-em-desfile-em-vila-nova-de-cerveira\/#breadcrumb","itemListElement":[{"@type":"ListItem","position":1,"name":"In\u00edcio","item":"https:\/\/www.altominho.tv\/site\/"},{"@type":"ListItem","position":2,"name":"\u2018O crochet veste com arte\u2019 em desfile em Vila Nova de Cerveira"}]},{"@type":"WebSite","@id":"https:\/\/www.altominho.tv\/site\/#website","url":"https:\/\/www.altominho.tv\/site\/","name":"Altominho.tv","description":"A sua regi\u00e3o \u00e0 dist\u00e2ncia de um clique...","potentialAction":[{"@type":"SearchAction","target":{"@type":"EntryPoint","urlTemplate":"https:\/\/www.altominho.tv\/site\/?s={search_term_string}"},"query-input":{"@type":"PropertyValueSpecification","valueRequired":true,"valueName":"search_term_string"}}],"inLanguage":"pt-PT"},{"@type":"Person","@id":"https:\/\/www.altominho.tv\/site\/#\/schema\/person\/2690abd4f0b3984514ce0607afbfced7","name":"Rafael Pereira","image":{"@type":"ImageObject","inLanguage":"pt-PT","@id":"https:\/\/www.altominho.tv\/site\/wp-content\/uploads\/2021\/08\/42996867_1705603802900752_8292335788369117184_n-150x150.jpeg","url":"https:\/\/www.altominho.tv\/site\/wp-content\/uploads\/2021\/08\/42996867_1705603802900752_8292335788369117184_n-150x150.jpeg","contentUrl":"https:\/\/www.altominho.tv\/site\/wp-content\/uploads\/2021\/08\/42996867_1705603802900752_8292335788369117184_n-150x150.jpeg","caption":"Rafael Pereira"},"url":"https:\/\/www.altominho.tv\/site\/author\/rafaelpereira\/"}]},"og_video":"https:\/\/www.youtube.com\/embed\/0NxkgDFearQ","og_video_type":"text\/html","og_video_duration":"109","og_video_width":"480","og_video_height":"270","ya_ovs_adult":"false","ya_ovs_upload_date":"2019-07-15T20:00:01+00:00","ya_ovs_allow_embed":"true"},"_links":{"self":[{"href":"https:\/\/www.altominho.tv\/site\/wp-json\/wp\/v2\/posts\/31382","targetHints":{"allow":["GET"]}}],"collection":[{"href":"https:\/\/www.altominho.tv\/site\/wp-json\/wp\/v2\/posts"}],"about":[{"href":"https:\/\/www.altominho.tv\/site\/wp-json\/wp\/v2\/types\/post"}],"author":[{"embeddable":true,"href":"https:\/\/www.altominho.tv\/site\/wp-json\/wp\/v2\/users\/9"}],"replies":[{"embeddable":true,"href":"https:\/\/www.altominho.tv\/site\/wp-json\/wp\/v2\/comments?post=31382"}],"version-history":[{"count":0,"href":"https:\/\/www.altominho.tv\/site\/wp-json\/wp\/v2\/posts\/31382\/revisions"}],"wp:featuredmedia":[{"embeddable":true,"href":"https:\/\/www.altominho.tv\/site\/wp-json\/wp\/v2\/media\/31383"}],"wp:attachment":[{"href":"https:\/\/www.altominho.tv\/site\/wp-json\/wp\/v2\/media?parent=31382"}],"wp:term":[{"taxonomy":"category","embeddable":true,"href":"https:\/\/www.altominho.tv\/site\/wp-json\/wp\/v2\/categories?post=31382"},{"taxonomy":"post_tag","embeddable":true,"href":"https:\/\/www.altominho.tv\/site\/wp-json\/wp\/v2\/tags?post=31382"}],"curies":[{"name":"wp","href":"https:\/\/api.w.org\/{rel}","templated":true}]}}