{"id":31247,"date":"2019-07-12T19:47:57","date_gmt":"2019-07-12T18:47:57","guid":{"rendered":"http:\/\/www.altominho.tv\/site\/?p=31247"},"modified":"2019-07-12T19:47:59","modified_gmt":"2019-07-12T18:47:59","slug":"festival-de-musica-tradicional-regressa-dia-27-a-moncao","status":"publish","type":"post","link":"https:\/\/www.altominho.tv\/site\/2019\/07\/12\/festival-de-musica-tradicional-regressa-dia-27-a-moncao\/","title":{"rendered":"Festival de m\u00fasica tradicional regressa dia 27 a Mon\u00e7\u00e3o"},"content":{"rendered":"<p>A zona de lazer da freguesia da Portela, em Mon\u00e7\u00e3o, vai acolher, no dia 27 de julho, a segunda edi\u00e7\u00e3o do Traditum. Este festival de m\u00fasica tradicional tem entrada gratuita e conta com representantes desde o Alto Minho at\u00e9 \u00e0 Am\u00e9rica.<\/p>\n<p>Tendo como objetivo &#8220;homenagear a m\u00fasica tradicional de v\u00e1rios pa\u00edses&#8221;, o evento vai contar, este ano, com m\u00fasica cubana, brasileira, espanhola e portuguesa.<\/p>\n<p>De Cuba participa o grupo <em>La Timba Mullallo<\/em>, que subir\u00e1 ao palco \u00e0s 21h30. O forr\u00f3 brasileiro ser\u00e1 tocado pelo <em>Mi\u00f3r e Jabu<\/em>, pelas 22h30. <em>El Camino Xavier Llonc<\/em> \u00e9 o representante do flamenco espanhol e encerrar\u00e1 as atua\u00e7\u00f5es \u00e0s 23h30.<\/p>\n<p>Fado livre, rusgas, bombos e grupos tradicionais complementam a programa\u00e7\u00e3o da segunda edi\u00e7\u00e3o do Traditum. A partir das 15h00, haver\u00e1 m\u00fasica e anima\u00e7\u00e3o no recinto para uma tarde e noite de homenagem \u00e0 m\u00fasica com ra\u00edzes.<\/p>\n<p>O grupo popular Os Teimosos, o grupo de Gaitas e Cantares da Portela e o grupo de Bombos Amigos D`Areia, de Darque, Viana do Castelo s\u00e3o os representantes da m\u00fasica tradicional lusa.<\/p>\n<p>Al\u00e9m das atua\u00e7\u00f5es musicais, o <a href=\"\/\/www.altominho.tv\/site\/2018\/08\/27\/primeiro-festival-de-musica-tradicional-de-portugal-e-da-galiza-chega-a-moncao-2\/\">Traditum<\/a> compreende ainda jogos tradicionais e espa\u00e7os para saborear petiscos t\u00edpicos.<\/p>\n<p>A iniciativa \u00e9 organizada pela Associa\u00e7\u00e3o de Jovens da Portela e conta com a colabora\u00e7\u00e3o da Junta de Freguesia, de v\u00e1rias entidades privadas e da C\u00e2mara Municipal de Mon\u00e7\u00e3o.<\/p>\n<p><strong>Programa<\/strong><\/p>\n<p>15h00 &#8211; Rusgas Populares<\/p>\n<p>17h00 \u2013 Gaitas e Cantares da Portela<\/p>\n<p>17h45 \u2013 Grupo popular Os Teimosos<\/p>\n<p>18h30 \u2013 Bombos Amigos D\u00b4Areia Darque<\/p>\n<p>20h30 \u2013 Fado Livre<\/p>\n<p>21h30 \u2013 La Timba Mullallo (Cuba)<\/p>\n<p>22h30 \u2013 Forr\u00f3 Mior e Jabu (Brasil)<\/p>\n<p>23h30 \u2013 El Camino Xavier Llonc (Flamenco &#8211; Espanha)<\/p>\n","protected":false},"excerpt":{"rendered":"<p>A zona de lazer da freguesia da Portela, em Mon\u00e7\u00e3o, vai acolher, no dia 27 de julho, a segunda edi\u00e7\u00e3o do Traditum. Este festival de m\u00fasica tradicional tem entrada gratuita e conta com representantes desde o Alto Minho at\u00e9 \u00e0 Am\u00e9rica. Tendo como objetivo &#8220;homenagear a m\u00fasica tradicional de v\u00e1rios pa\u00edses&#8221;, o evento vai contar, [&hellip;]<\/p>\n","protected":false},"author":12,"featured_media":31249,"comment_status":"closed","ping_status":"closed","sticky":false,"template":"","format":"standard","meta":{"_exactmetrics_skip_tracking":false,"footnotes":""},"categories":[9],"tags":[19],"class_list":["post-31247","post","type-post","status-publish","format-standard","has-post-thumbnail","hentry","category-moncao","tag-cultura"],"yoast_head":"<!-- This site is optimized with the Yoast SEO Premium plugin v28.3 (Yoast SEO v28.3) - https:\/\/yoast.com\/product\/yoast-seo-premium-wordpress\/ -->\n<title>Festival de m\u00fasica tradicional regressa dia 27 a Mon\u00e7\u00e3o<\/title>\n<meta name=\"robots\" content=\"index, follow, max-snippet:-1, max-image-preview:large, max-video-preview:-1\" \/>\n<link rel=\"canonical\" href=\"https:\/\/www.altominho.tv\/site\/2019\/07\/12\/festival-de-musica-tradicional-regressa-dia-27-a-moncao\/\" \/>\n<meta property=\"og:locale\" content=\"pt_PT\" \/>\n<meta property=\"og:type\" content=\"article\" \/>\n<meta property=\"og:title\" content=\"Festival de m\u00fasica tradicional regressa dia 27 a Mon\u00e7\u00e3o\" \/>\n<meta property=\"og:description\" content=\"A zona de lazer da freguesia da Portela, em Mon\u00e7\u00e3o, vai acolher, no dia 27 de julho, a segunda edi\u00e7\u00e3o do Traditum. Este festival de m\u00fasica tradicional tem entrada gratuita e conta com representantes desde o Alto Minho at\u00e9 \u00e0 Am\u00e9rica. Tendo como objetivo &#8220;homenagear a m\u00fasica tradicional de v\u00e1rios pa\u00edses&#8221;, o evento vai contar, [&hellip;]\" \/>\n<meta property=\"og:url\" content=\"https:\/\/www.altominho.tv\/site\/2019\/07\/12\/festival-de-musica-tradicional-regressa-dia-27-a-moncao\/\" \/>\n<meta property=\"og:site_name\" content=\"Altominho.tv\" \/>\n<meta property=\"article:publisher\" content=\"https:\/\/www.facebook.com\/altominhotv\" \/>\n<meta property=\"article:published_time\" content=\"2019-07-12T18:47:57+00:00\" \/>\n<meta property=\"article:modified_time\" content=\"2019-07-12T18:47:59+00:00\" \/>\n<meta property=\"og:image\" content=\"https:\/\/www.altominho.tv\/site\/wp-content\/uploads\/2019\/07\/maxresdefault.jpg\" \/>\n\t<meta property=\"og:image:width\" content=\"1280\" \/>\n\t<meta property=\"og:image:height\" content=\"720\" \/>\n\t<meta property=\"og:image:type\" content=\"image\/jpeg\" \/>\n<meta name=\"author\" content=\"Andreia Ferreira\" \/>\n<meta name=\"twitter:card\" content=\"summary_large_image\" \/>\n<meta name=\"twitter:creator\" content=\"@altominhoTV\" \/>\n<meta name=\"twitter:site\" content=\"@altominhoTV\" \/>\n<meta name=\"twitter:label1\" content=\"Escrito por\" \/>\n\t<meta name=\"twitter:data1\" content=\"Andreia Ferreira\" \/>\n\t<meta name=\"twitter:label2\" content=\"Tempo estimado de leitura\" \/>\n\t<meta name=\"twitter:data2\" content=\"1 minuto\" \/>\n<script type=\"application\/ld+json\" class=\"yoast-schema-graph\">{\"@context\":\"https:\\\/\\\/schema.org\",\"@graph\":[{\"@type\":\"Article\",\"@id\":\"https:\\\/\\\/www.altominho.tv\\\/site\\\/2019\\\/07\\\/12\\\/festival-de-musica-tradicional-regressa-dia-27-a-moncao\\\/#article\",\"isPartOf\":{\"@id\":\"https:\\\/\\\/www.altominho.tv\\\/site\\\/2019\\\/07\\\/12\\\/festival-de-musica-tradicional-regressa-dia-27-a-moncao\\\/\"},\"author\":{\"name\":\"Andreia Ferreira\",\"@id\":\"https:\\\/\\\/www.altominho.tv\\\/site\\\/#\\\/schema\\\/person\\\/d9be4265364723f14ea8e0d56a1d38cd\"},\"headline\":\"Festival de m\u00fasica tradicional regressa dia 27 a Mon\u00e7\u00e3o\",\"datePublished\":\"2019-07-12T18:47:57+00:00\",\"dateModified\":\"2019-07-12T18:47:59+00:00\",\"mainEntityOfPage\":{\"@id\":\"https:\\\/\\\/www.altominho.tv\\\/site\\\/2019\\\/07\\\/12\\\/festival-de-musica-tradicional-regressa-dia-27-a-moncao\\\/\"},\"wordCount\":295,\"image\":{\"@id\":\"https:\\\/\\\/www.altominho.tv\\\/site\\\/2019\\\/07\\\/12\\\/festival-de-musica-tradicional-regressa-dia-27-a-moncao\\\/#primaryimage\"},\"thumbnailUrl\":\"https:\\\/\\\/www.altominho.tv\\\/site\\\/wp-content\\\/uploads\\\/2019\\\/07\\\/maxresdefault.jpg\",\"keywords\":[\"Cultura\"],\"articleSection\":[\"Mon\u00e7\u00e3o\"],\"inLanguage\":\"pt-PT\",\"copyrightYear\":\"2019\",\"copyrightHolder\":{\"@id\":\"https:\\\/\\\/www.altominho.tv\\\/site\\\/#organization\"}},{\"@type\":\"WebPage\",\"@id\":\"https:\\\/\\\/www.altominho.tv\\\/site\\\/2019\\\/07\\\/12\\\/festival-de-musica-tradicional-regressa-dia-27-a-moncao\\\/\",\"url\":\"https:\\\/\\\/www.altominho.tv\\\/site\\\/2019\\\/07\\\/12\\\/festival-de-musica-tradicional-regressa-dia-27-a-moncao\\\/\",\"name\":\"Festival de m\u00fasica tradicional regressa dia 27 a Mon\u00e7\u00e3o\",\"isPartOf\":{\"@id\":\"https:\\\/\\\/www.altominho.tv\\\/site\\\/#website\"},\"primaryImageOfPage\":{\"@id\":\"https:\\\/\\\/www.altominho.tv\\\/site\\\/2019\\\/07\\\/12\\\/festival-de-musica-tradicional-regressa-dia-27-a-moncao\\\/#primaryimage\"},\"image\":{\"@id\":\"https:\\\/\\\/www.altominho.tv\\\/site\\\/2019\\\/07\\\/12\\\/festival-de-musica-tradicional-regressa-dia-27-a-moncao\\\/#primaryimage\"},\"thumbnailUrl\":\"https:\\\/\\\/www.altominho.tv\\\/site\\\/wp-content\\\/uploads\\\/2019\\\/07\\\/maxresdefault.jpg\",\"datePublished\":\"2019-07-12T18:47:57+00:00\",\"dateModified\":\"2019-07-12T18:47:59+00:00\",\"author\":{\"@id\":\"https:\\\/\\\/www.altominho.tv\\\/site\\\/#\\\/schema\\\/person\\\/d9be4265364723f14ea8e0d56a1d38cd\"},\"breadcrumb\":{\"@id\":\"https:\\\/\\\/www.altominho.tv\\\/site\\\/2019\\\/07\\\/12\\\/festival-de-musica-tradicional-regressa-dia-27-a-moncao\\\/#breadcrumb\"},\"inLanguage\":\"pt-PT\",\"potentialAction\":[{\"@type\":\"ReadAction\",\"target\":[\"https:\\\/\\\/www.altominho.tv\\\/site\\\/2019\\\/07\\\/12\\\/festival-de-musica-tradicional-regressa-dia-27-a-moncao\\\/\"]}]},{\"@type\":\"ImageObject\",\"inLanguage\":\"pt-PT\",\"@id\":\"https:\\\/\\\/www.altominho.tv\\\/site\\\/2019\\\/07\\\/12\\\/festival-de-musica-tradicional-regressa-dia-27-a-moncao\\\/#primaryimage\",\"url\":\"https:\\\/\\\/www.altominho.tv\\\/site\\\/wp-content\\\/uploads\\\/2019\\\/07\\\/maxresdefault.jpg\",\"contentUrl\":\"https:\\\/\\\/www.altominho.tv\\\/site\\\/wp-content\\\/uploads\\\/2019\\\/07\\\/maxresdefault.jpg\",\"width\":1280,\"height\":720},{\"@type\":\"BreadcrumbList\",\"@id\":\"https:\\\/\\\/www.altominho.tv\\\/site\\\/2019\\\/07\\\/12\\\/festival-de-musica-tradicional-regressa-dia-27-a-moncao\\\/#breadcrumb\",\"itemListElement\":[{\"@type\":\"ListItem\",\"position\":1,\"name\":\"In\u00edcio\",\"item\":\"https:\\\/\\\/www.altominho.tv\\\/site\\\/\"},{\"@type\":\"ListItem\",\"position\":2,\"name\":\"Festival de m\u00fasica tradicional regressa dia 27 a Mon\u00e7\u00e3o\"}]},{\"@type\":\"WebSite\",\"@id\":\"https:\\\/\\\/www.altominho.tv\\\/site\\\/#website\",\"url\":\"https:\\\/\\\/www.altominho.tv\\\/site\\\/\",\"name\":\"Altominho.tv\",\"description\":\"A sua regi\u00e3o \u00e0 dist\u00e2ncia de um clique...\",\"potentialAction\":[{\"@type\":\"SearchAction\",\"target\":{\"@type\":\"EntryPoint\",\"urlTemplate\":\"https:\\\/\\\/www.altominho.tv\\\/site\\\/?s={search_term_string}\"},\"query-input\":{\"@type\":\"PropertyValueSpecification\",\"valueRequired\":true,\"valueName\":\"search_term_string\"}}],\"inLanguage\":\"pt-PT\"},{\"@type\":\"Person\",\"@id\":\"https:\\\/\\\/www.altominho.tv\\\/site\\\/#\\\/schema\\\/person\\\/d9be4265364723f14ea8e0d56a1d38cd\",\"name\":\"Andreia Ferreira\",\"image\":{\"@type\":\"ImageObject\",\"inLanguage\":\"pt-PT\",\"@id\":\"https:\\\/\\\/www.altominho.tv\\\/site\\\/wp-content\\\/uploads\\\/2021\\\/01\\\/AndreiaFerreira-150x150.jpg\",\"url\":\"https:\\\/\\\/www.altominho.tv\\\/site\\\/wp-content\\\/uploads\\\/2021\\\/01\\\/AndreiaFerreira-150x150.jpg\",\"contentUrl\":\"https:\\\/\\\/www.altominho.tv\\\/site\\\/wp-content\\\/uploads\\\/2021\\\/01\\\/AndreiaFerreira-150x150.jpg\",\"caption\":\"Andreia Ferreira\"},\"url\":\"https:\\\/\\\/www.altominho.tv\\\/site\\\/author\\\/andreiaferreira\\\/\"}]}<\/script>\n<!-- \/ Yoast SEO Premium plugin. -->","yoast_head_json":{"title":"Festival de m\u00fasica tradicional regressa dia 27 a Mon\u00e7\u00e3o","robots":{"index":"index","follow":"follow","max-snippet":"max-snippet:-1","max-image-preview":"max-image-preview:large","max-video-preview":"max-video-preview:-1"},"canonical":"https:\/\/www.altominho.tv\/site\/2019\/07\/12\/festival-de-musica-tradicional-regressa-dia-27-a-moncao\/","og_locale":"pt_PT","og_type":"article","og_title":"Festival de m\u00fasica tradicional regressa dia 27 a Mon\u00e7\u00e3o","og_description":"A zona de lazer da freguesia da Portela, em Mon\u00e7\u00e3o, vai acolher, no dia 27 de julho, a segunda edi\u00e7\u00e3o do Traditum. Este festival de m\u00fasica tradicional tem entrada gratuita e conta com representantes desde o Alto Minho at\u00e9 \u00e0 Am\u00e9rica. Tendo como objetivo &#8220;homenagear a m\u00fasica tradicional de v\u00e1rios pa\u00edses&#8221;, o evento vai contar, [&hellip;]","og_url":"https:\/\/www.altominho.tv\/site\/2019\/07\/12\/festival-de-musica-tradicional-regressa-dia-27-a-moncao\/","og_site_name":"Altominho.tv","article_publisher":"https:\/\/www.facebook.com\/altominhotv","article_published_time":"2019-07-12T18:47:57+00:00","article_modified_time":"2019-07-12T18:47:59+00:00","og_image":[{"width":1280,"height":720,"url":"https:\/\/www.altominho.tv\/site\/wp-content\/uploads\/2019\/07\/maxresdefault.jpg","type":"image\/jpeg"}],"author":"Andreia Ferreira","twitter_card":"summary_large_image","twitter_creator":"@altominhoTV","twitter_site":"@altominhoTV","twitter_misc":{"Escrito por":"Andreia Ferreira","Tempo estimado de leitura":"1 minuto"},"schema":{"@context":"https:\/\/schema.org","@graph":[{"@type":"Article","@id":"https:\/\/www.altominho.tv\/site\/2019\/07\/12\/festival-de-musica-tradicional-regressa-dia-27-a-moncao\/#article","isPartOf":{"@id":"https:\/\/www.altominho.tv\/site\/2019\/07\/12\/festival-de-musica-tradicional-regressa-dia-27-a-moncao\/"},"author":{"name":"Andreia Ferreira","@id":"https:\/\/www.altominho.tv\/site\/#\/schema\/person\/d9be4265364723f14ea8e0d56a1d38cd"},"headline":"Festival de m\u00fasica tradicional regressa dia 27 a Mon\u00e7\u00e3o","datePublished":"2019-07-12T18:47:57+00:00","dateModified":"2019-07-12T18:47:59+00:00","mainEntityOfPage":{"@id":"https:\/\/www.altominho.tv\/site\/2019\/07\/12\/festival-de-musica-tradicional-regressa-dia-27-a-moncao\/"},"wordCount":295,"image":{"@id":"https:\/\/www.altominho.tv\/site\/2019\/07\/12\/festival-de-musica-tradicional-regressa-dia-27-a-moncao\/#primaryimage"},"thumbnailUrl":"https:\/\/www.altominho.tv\/site\/wp-content\/uploads\/2019\/07\/maxresdefault.jpg","keywords":["Cultura"],"articleSection":["Mon\u00e7\u00e3o"],"inLanguage":"pt-PT","copyrightYear":"2019","copyrightHolder":{"@id":"https:\/\/www.altominho.tv\/site\/#organization"}},{"@type":"WebPage","@id":"https:\/\/www.altominho.tv\/site\/2019\/07\/12\/festival-de-musica-tradicional-regressa-dia-27-a-moncao\/","url":"https:\/\/www.altominho.tv\/site\/2019\/07\/12\/festival-de-musica-tradicional-regressa-dia-27-a-moncao\/","name":"Festival de m\u00fasica tradicional regressa dia 27 a Mon\u00e7\u00e3o","isPartOf":{"@id":"https:\/\/www.altominho.tv\/site\/#website"},"primaryImageOfPage":{"@id":"https:\/\/www.altominho.tv\/site\/2019\/07\/12\/festival-de-musica-tradicional-regressa-dia-27-a-moncao\/#primaryimage"},"image":{"@id":"https:\/\/www.altominho.tv\/site\/2019\/07\/12\/festival-de-musica-tradicional-regressa-dia-27-a-moncao\/#primaryimage"},"thumbnailUrl":"https:\/\/www.altominho.tv\/site\/wp-content\/uploads\/2019\/07\/maxresdefault.jpg","datePublished":"2019-07-12T18:47:57+00:00","dateModified":"2019-07-12T18:47:59+00:00","author":{"@id":"https:\/\/www.altominho.tv\/site\/#\/schema\/person\/d9be4265364723f14ea8e0d56a1d38cd"},"breadcrumb":{"@id":"https:\/\/www.altominho.tv\/site\/2019\/07\/12\/festival-de-musica-tradicional-regressa-dia-27-a-moncao\/#breadcrumb"},"inLanguage":"pt-PT","potentialAction":[{"@type":"ReadAction","target":["https:\/\/www.altominho.tv\/site\/2019\/07\/12\/festival-de-musica-tradicional-regressa-dia-27-a-moncao\/"]}]},{"@type":"ImageObject","inLanguage":"pt-PT","@id":"https:\/\/www.altominho.tv\/site\/2019\/07\/12\/festival-de-musica-tradicional-regressa-dia-27-a-moncao\/#primaryimage","url":"https:\/\/www.altominho.tv\/site\/wp-content\/uploads\/2019\/07\/maxresdefault.jpg","contentUrl":"https:\/\/www.altominho.tv\/site\/wp-content\/uploads\/2019\/07\/maxresdefault.jpg","width":1280,"height":720},{"@type":"BreadcrumbList","@id":"https:\/\/www.altominho.tv\/site\/2019\/07\/12\/festival-de-musica-tradicional-regressa-dia-27-a-moncao\/#breadcrumb","itemListElement":[{"@type":"ListItem","position":1,"name":"In\u00edcio","item":"https:\/\/www.altominho.tv\/site\/"},{"@type":"ListItem","position":2,"name":"Festival de m\u00fasica tradicional regressa dia 27 a Mon\u00e7\u00e3o"}]},{"@type":"WebSite","@id":"https:\/\/www.altominho.tv\/site\/#website","url":"https:\/\/www.altominho.tv\/site\/","name":"Altominho.tv","description":"A sua regi\u00e3o \u00e0 dist\u00e2ncia de um clique...","potentialAction":[{"@type":"SearchAction","target":{"@type":"EntryPoint","urlTemplate":"https:\/\/www.altominho.tv\/site\/?s={search_term_string}"},"query-input":{"@type":"PropertyValueSpecification","valueRequired":true,"valueName":"search_term_string"}}],"inLanguage":"pt-PT"},{"@type":"Person","@id":"https:\/\/www.altominho.tv\/site\/#\/schema\/person\/d9be4265364723f14ea8e0d56a1d38cd","name":"Andreia Ferreira","image":{"@type":"ImageObject","inLanguage":"pt-PT","@id":"https:\/\/www.altominho.tv\/site\/wp-content\/uploads\/2021\/01\/AndreiaFerreira-150x150.jpg","url":"https:\/\/www.altominho.tv\/site\/wp-content\/uploads\/2021\/01\/AndreiaFerreira-150x150.jpg","contentUrl":"https:\/\/www.altominho.tv\/site\/wp-content\/uploads\/2021\/01\/AndreiaFerreira-150x150.jpg","caption":"Andreia Ferreira"},"url":"https:\/\/www.altominho.tv\/site\/author\/andreiaferreira\/"}]}},"_links":{"self":[{"href":"https:\/\/www.altominho.tv\/site\/wp-json\/wp\/v2\/posts\/31247","targetHints":{"allow":["GET"]}}],"collection":[{"href":"https:\/\/www.altominho.tv\/site\/wp-json\/wp\/v2\/posts"}],"about":[{"href":"https:\/\/www.altominho.tv\/site\/wp-json\/wp\/v2\/types\/post"}],"author":[{"embeddable":true,"href":"https:\/\/www.altominho.tv\/site\/wp-json\/wp\/v2\/users\/12"}],"replies":[{"embeddable":true,"href":"https:\/\/www.altominho.tv\/site\/wp-json\/wp\/v2\/comments?post=31247"}],"version-history":[{"count":0,"href":"https:\/\/www.altominho.tv\/site\/wp-json\/wp\/v2\/posts\/31247\/revisions"}],"wp:featuredmedia":[{"embeddable":true,"href":"https:\/\/www.altominho.tv\/site\/wp-json\/wp\/v2\/media\/31249"}],"wp:attachment":[{"href":"https:\/\/www.altominho.tv\/site\/wp-json\/wp\/v2\/media?parent=31247"}],"wp:term":[{"taxonomy":"category","embeddable":true,"href":"https:\/\/www.altominho.tv\/site\/wp-json\/wp\/v2\/categories?post=31247"},{"taxonomy":"post_tag","embeddable":true,"href":"https:\/\/www.altominho.tv\/site\/wp-json\/wp\/v2\/tags?post=31247"}],"curies":[{"name":"wp","href":"https:\/\/api.w.org\/{rel}","templated":true}]}}