{"id":31031,"date":"2019-07-09T13:09:29","date_gmt":"2019-07-09T12:09:29","guid":{"rendered":"http:\/\/www.altominho.tv\/site\/?p=31031"},"modified":"2019-07-09T13:09:31","modified_gmt":"2019-07-09T12:09:31","slug":"nas-noites-de-fado-de-cerveira-estarao-este-ano-camane-mario-laginha-maria-ana-bobone-e-marco-rodrigues","status":"publish","type":"post","link":"https:\/\/www.altominho.tv\/site\/2019\/07\/09\/nas-noites-de-fado-de-cerveira-estarao-este-ano-camane-mario-laginha-maria-ana-bobone-e-marco-rodrigues\/","title":{"rendered":"Nas noites de fado de Cerveira, estar\u00e3o este ano Caman\u00e9, M\u00e1rio Laginha, Maria Ana Bobone e Marco Rodrigues"},"content":{"rendered":"<p>As Noites de Fado regressam, este ano, a Vila Nova de Cerveira com dois espet\u00e1culos e duas duplas de artistas portugueses nos dias 20 e 27 de julho.<\/p>\n<p>Na primeira noite, sobem ao palco do Audit\u00f3rio Municipal Caman\u00e9 e M\u00e1rio Laginha. Em 2019, o fadista e o pianista decidiram lan\u00e7ar o projeto \u201cAqui Est\u00e1-se Sossegado\u201d, que representa um regresso \u00e0s origens do fado.<\/p>\n<p>O alinhamento dos concertos inclui \u201ccerca de duas dezenas de temas, sa\u00eddos do c\u00e2none fadista tradicional, do repert\u00f3rio de Caman\u00e9 e tamb\u00e9m in\u00e9ditos compostos por M\u00e1rio Laginha\u201d. Em Vila Nova de Cerveira, o p\u00fablico poder\u00e1 ouvir alguns dos temas constru\u00eddos para este projeto.<\/p>\n<p>J\u00e1 a 27 de julho, Maria Ana Bobone convida Marco Rodrigues para a acompanhar na interpreta\u00e7\u00e3o dos seus temas. A fadista tem apresentado um dos espet\u00e1culos mais bem-sucedidos da sua carreira, \u201cFado e Piano\u201d.<\/p>\n<p><span style=\"font-size: inherit\">Neste concerto, como no disco que esteve na base do mesmo, a fadista recupera uma tradi\u00e7\u00e3o do final do s\u00e9culo XIX, o fado de sal\u00e3o, onde os amigos se juntam a cantar com a anfitri\u00e3. Maria Ana Bobone assina uma grande parte das m\u00fasicas, letras e arranjos ao piano, conferindo novas roupagens aos fados que interpreta.<\/span><\/p>\n<p>Os bilhetes para os dois concertos j\u00e1 est\u00e3o dispon\u00edveis na Loja Interativa de Turismo de Vila Nova de Cerveira.<\/p>\n<p>Depois das duas \u2018Noites de Fado\u2019 no m\u00eas de julho, Vila Nova de Cerveira prepara-se tamb\u00e9m para receber mais uma edi\u00e7\u00e3o do \u2018Cerveira Ac\u00fastica\u2019, que, em 2019, &#8220;aposta em dois concertos para gera\u00e7\u00f5es distintas&#8221;, com GNR, no dia 10 de agosto, e os HMB, a 17 de agosto.<\/p>\n","protected":false},"excerpt":{"rendered":"<p>As Noites de Fado regressam, este ano, a Vila Nova de Cerveira com dois espet\u00e1culos e duas duplas de artistas portugueses nos dias 20 e 27 de julho. Na primeira noite, sobem ao palco do Audit\u00f3rio Municipal Caman\u00e9 e M\u00e1rio Laginha. Em 2019, o fadista e o pianista decidiram lan\u00e7ar o projeto \u201cAqui Est\u00e1-se Sossegado\u201d, [&hellip;]<\/p>\n","protected":false},"author":12,"featured_media":31032,"comment_status":"closed","ping_status":"closed","sticky":false,"template":"","format":"standard","meta":{"_exactmetrics_skip_tracking":false,"_exactmetrics_sitenote_active":false,"_exactmetrics_sitenote_note":"","_exactmetrics_sitenote_category":0,"footnotes":""},"categories":[15],"tags":[19],"class_list":["post-31031","post","type-post","status-publish","format-standard","has-post-thumbnail","hentry","category-vila-nova-de-cerveira","tag-cultura"],"yoast_head":"<!-- This site is optimized with the Yoast SEO Premium plugin v27.5 (Yoast SEO v27.5) - https:\/\/yoast.com\/product\/yoast-seo-premium-wordpress\/ -->\n<title>Nas noites de fado de Cerveira, estar\u00e3o este ano Caman\u00e9, M\u00e1rio Laginha, Maria Ana Bobone e Marco Rodrigues<\/title>\n<meta name=\"robots\" content=\"index, follow, max-snippet:-1, max-image-preview:large, max-video-preview:-1\" \/>\n<link rel=\"canonical\" href=\"https:\/\/www.altominho.tv\/site\/2019\/07\/09\/nas-noites-de-fado-de-cerveira-estarao-este-ano-camane-mario-laginha-maria-ana-bobone-e-marco-rodrigues\/\" \/>\n<meta property=\"og:locale\" content=\"pt_PT\" \/>\n<meta property=\"og:type\" content=\"article\" \/>\n<meta property=\"og:title\" content=\"Nas noites de fado de Cerveira, estar\u00e3o este ano Caman\u00e9, M\u00e1rio Laginha, Maria Ana Bobone e Marco Rodrigues\" \/>\n<meta property=\"og:description\" content=\"As Noites de Fado regressam, este ano, a Vila Nova de Cerveira com dois espet\u00e1culos e duas duplas de artistas portugueses nos dias 20 e 27 de julho. Na primeira noite, sobem ao palco do Audit\u00f3rio Municipal Caman\u00e9 e M\u00e1rio Laginha. Em 2019, o fadista e o pianista decidiram lan\u00e7ar o projeto \u201cAqui Est\u00e1-se Sossegado\u201d, [&hellip;]\" \/>\n<meta property=\"og:url\" content=\"https:\/\/www.altominho.tv\/site\/2019\/07\/09\/nas-noites-de-fado-de-cerveira-estarao-este-ano-camane-mario-laginha-maria-ana-bobone-e-marco-rodrigues\/\" \/>\n<meta property=\"og:site_name\" content=\"Altominho.tv\" \/>\n<meta property=\"article:publisher\" content=\"https:\/\/www.facebook.com\/altominhotv\" \/>\n<meta property=\"article:published_time\" content=\"2019-07-09T12:09:29+00:00\" \/>\n<meta property=\"article:modified_time\" content=\"2019-07-09T12:09:31+00:00\" \/>\n<meta property=\"og:image\" content=\"https:\/\/www.altominho.tv\/site\/wp-content\/uploads\/2019\/07\/camane_e_mario_laginha_5bf0129a67f62.jpg\" \/>\n\t<meta property=\"og:image:width\" content=\"850\" \/>\n\t<meta property=\"og:image:height\" content=\"467\" \/>\n\t<meta property=\"og:image:type\" content=\"image\/jpeg\" \/>\n<meta name=\"author\" content=\"Andreia Ferreira\" \/>\n<meta name=\"twitter:card\" content=\"summary_large_image\" \/>\n<meta name=\"twitter:creator\" content=\"@altominhoTV\" \/>\n<meta name=\"twitter:site\" content=\"@altominhoTV\" \/>\n<meta name=\"twitter:label1\" content=\"Escrito por\" \/>\n\t<meta name=\"twitter:data1\" content=\"Andreia Ferreira\" \/>\n\t<meta name=\"twitter:label2\" content=\"Tempo estimado de leitura\" \/>\n\t<meta name=\"twitter:data2\" content=\"1 minuto\" \/>\n<script type=\"application\/ld+json\" class=\"yoast-schema-graph\">{\"@context\":\"https:\\\/\\\/schema.org\",\"@graph\":[{\"@type\":\"Article\",\"@id\":\"https:\\\/\\\/www.altominho.tv\\\/site\\\/2019\\\/07\\\/09\\\/nas-noites-de-fado-de-cerveira-estarao-este-ano-camane-mario-laginha-maria-ana-bobone-e-marco-rodrigues\\\/#article\",\"isPartOf\":{\"@id\":\"https:\\\/\\\/www.altominho.tv\\\/site\\\/2019\\\/07\\\/09\\\/nas-noites-de-fado-de-cerveira-estarao-este-ano-camane-mario-laginha-maria-ana-bobone-e-marco-rodrigues\\\/\"},\"author\":{\"name\":\"Andreia Ferreira\",\"@id\":\"https:\\\/\\\/www.altominho.tv\\\/site\\\/#\\\/schema\\\/person\\\/d9be4265364723f14ea8e0d56a1d38cd\"},\"headline\":\"Nas noites de fado de Cerveira, estar\u00e3o este ano Caman\u00e9, M\u00e1rio Laginha, Maria Ana Bobone e Marco Rodrigues\",\"datePublished\":\"2019-07-09T12:09:29+00:00\",\"dateModified\":\"2019-07-09T12:09:31+00:00\",\"mainEntityOfPage\":{\"@id\":\"https:\\\/\\\/www.altominho.tv\\\/site\\\/2019\\\/07\\\/09\\\/nas-noites-de-fado-de-cerveira-estarao-este-ano-camane-mario-laginha-maria-ana-bobone-e-marco-rodrigues\\\/\"},\"wordCount\":302,\"image\":{\"@id\":\"https:\\\/\\\/www.altominho.tv\\\/site\\\/2019\\\/07\\\/09\\\/nas-noites-de-fado-de-cerveira-estarao-este-ano-camane-mario-laginha-maria-ana-bobone-e-marco-rodrigues\\\/#primaryimage\"},\"thumbnailUrl\":\"https:\\\/\\\/www.altominho.tv\\\/site\\\/wp-content\\\/uploads\\\/2019\\\/07\\\/camane_e_mario_laginha_5bf0129a67f62.jpg\",\"keywords\":[\"Cultura\"],\"articleSection\":[\"Vila Nova de Cerveira\"],\"inLanguage\":\"pt-PT\",\"copyrightYear\":\"2019\",\"copyrightHolder\":{\"@id\":\"https:\\\/\\\/www.altominho.tv\\\/site\\\/#organization\"}},{\"@type\":\"WebPage\",\"@id\":\"https:\\\/\\\/www.altominho.tv\\\/site\\\/2019\\\/07\\\/09\\\/nas-noites-de-fado-de-cerveira-estarao-este-ano-camane-mario-laginha-maria-ana-bobone-e-marco-rodrigues\\\/\",\"url\":\"https:\\\/\\\/www.altominho.tv\\\/site\\\/2019\\\/07\\\/09\\\/nas-noites-de-fado-de-cerveira-estarao-este-ano-camane-mario-laginha-maria-ana-bobone-e-marco-rodrigues\\\/\",\"name\":\"Nas noites de fado de Cerveira, estar\u00e3o este ano Caman\u00e9, M\u00e1rio Laginha, Maria Ana Bobone e Marco Rodrigues\",\"isPartOf\":{\"@id\":\"https:\\\/\\\/www.altominho.tv\\\/site\\\/#website\"},\"primaryImageOfPage\":{\"@id\":\"https:\\\/\\\/www.altominho.tv\\\/site\\\/2019\\\/07\\\/09\\\/nas-noites-de-fado-de-cerveira-estarao-este-ano-camane-mario-laginha-maria-ana-bobone-e-marco-rodrigues\\\/#primaryimage\"},\"image\":{\"@id\":\"https:\\\/\\\/www.altominho.tv\\\/site\\\/2019\\\/07\\\/09\\\/nas-noites-de-fado-de-cerveira-estarao-este-ano-camane-mario-laginha-maria-ana-bobone-e-marco-rodrigues\\\/#primaryimage\"},\"thumbnailUrl\":\"https:\\\/\\\/www.altominho.tv\\\/site\\\/wp-content\\\/uploads\\\/2019\\\/07\\\/camane_e_mario_laginha_5bf0129a67f62.jpg\",\"datePublished\":\"2019-07-09T12:09:29+00:00\",\"dateModified\":\"2019-07-09T12:09:31+00:00\",\"author\":{\"@id\":\"https:\\\/\\\/www.altominho.tv\\\/site\\\/#\\\/schema\\\/person\\\/d9be4265364723f14ea8e0d56a1d38cd\"},\"breadcrumb\":{\"@id\":\"https:\\\/\\\/www.altominho.tv\\\/site\\\/2019\\\/07\\\/09\\\/nas-noites-de-fado-de-cerveira-estarao-este-ano-camane-mario-laginha-maria-ana-bobone-e-marco-rodrigues\\\/#breadcrumb\"},\"inLanguage\":\"pt-PT\",\"potentialAction\":[{\"@type\":\"ReadAction\",\"target\":[\"https:\\\/\\\/www.altominho.tv\\\/site\\\/2019\\\/07\\\/09\\\/nas-noites-de-fado-de-cerveira-estarao-este-ano-camane-mario-laginha-maria-ana-bobone-e-marco-rodrigues\\\/\"]}]},{\"@type\":\"ImageObject\",\"inLanguage\":\"pt-PT\",\"@id\":\"https:\\\/\\\/www.altominho.tv\\\/site\\\/2019\\\/07\\\/09\\\/nas-noites-de-fado-de-cerveira-estarao-este-ano-camane-mario-laginha-maria-ana-bobone-e-marco-rodrigues\\\/#primaryimage\",\"url\":\"https:\\\/\\\/www.altominho.tv\\\/site\\\/wp-content\\\/uploads\\\/2019\\\/07\\\/camane_e_mario_laginha_5bf0129a67f62.jpg\",\"contentUrl\":\"https:\\\/\\\/www.altominho.tv\\\/site\\\/wp-content\\\/uploads\\\/2019\\\/07\\\/camane_e_mario_laginha_5bf0129a67f62.jpg\",\"width\":850,\"height\":467},{\"@type\":\"BreadcrumbList\",\"@id\":\"https:\\\/\\\/www.altominho.tv\\\/site\\\/2019\\\/07\\\/09\\\/nas-noites-de-fado-de-cerveira-estarao-este-ano-camane-mario-laginha-maria-ana-bobone-e-marco-rodrigues\\\/#breadcrumb\",\"itemListElement\":[{\"@type\":\"ListItem\",\"position\":1,\"name\":\"In\u00edcio\",\"item\":\"https:\\\/\\\/www.altominho.tv\\\/site\\\/\"},{\"@type\":\"ListItem\",\"position\":2,\"name\":\"Nas noites de fado de Cerveira, estar\u00e3o este ano Caman\u00e9, M\u00e1rio Laginha, Maria Ana Bobone e Marco Rodrigues\"}]},{\"@type\":\"WebSite\",\"@id\":\"https:\\\/\\\/www.altominho.tv\\\/site\\\/#website\",\"url\":\"https:\\\/\\\/www.altominho.tv\\\/site\\\/\",\"name\":\"Altominho.tv\",\"description\":\"A sua regi\u00e3o \u00e0 dist\u00e2ncia de um clique...\",\"potentialAction\":[{\"@type\":\"SearchAction\",\"target\":{\"@type\":\"EntryPoint\",\"urlTemplate\":\"https:\\\/\\\/www.altominho.tv\\\/site\\\/?s={search_term_string}\"},\"query-input\":{\"@type\":\"PropertyValueSpecification\",\"valueRequired\":true,\"valueName\":\"search_term_string\"}}],\"inLanguage\":\"pt-PT\"},{\"@type\":\"Person\",\"@id\":\"https:\\\/\\\/www.altominho.tv\\\/site\\\/#\\\/schema\\\/person\\\/d9be4265364723f14ea8e0d56a1d38cd\",\"name\":\"Andreia Ferreira\",\"image\":{\"@type\":\"ImageObject\",\"inLanguage\":\"pt-PT\",\"@id\":\"https:\\\/\\\/www.altominho.tv\\\/site\\\/wp-content\\\/uploads\\\/2021\\\/01\\\/AndreiaFerreira-150x150.jpg\",\"url\":\"https:\\\/\\\/www.altominho.tv\\\/site\\\/wp-content\\\/uploads\\\/2021\\\/01\\\/AndreiaFerreira-150x150.jpg\",\"contentUrl\":\"https:\\\/\\\/www.altominho.tv\\\/site\\\/wp-content\\\/uploads\\\/2021\\\/01\\\/AndreiaFerreira-150x150.jpg\",\"caption\":\"Andreia Ferreira\"},\"url\":\"https:\\\/\\\/www.altominho.tv\\\/site\\\/author\\\/andreiaferreira\\\/\"}]}<\/script>\n<!-- \/ Yoast SEO Premium plugin. -->","yoast_head_json":{"title":"Nas noites de fado de Cerveira, estar\u00e3o este ano Caman\u00e9, M\u00e1rio Laginha, Maria Ana Bobone e Marco Rodrigues","robots":{"index":"index","follow":"follow","max-snippet":"max-snippet:-1","max-image-preview":"max-image-preview:large","max-video-preview":"max-video-preview:-1"},"canonical":"https:\/\/www.altominho.tv\/site\/2019\/07\/09\/nas-noites-de-fado-de-cerveira-estarao-este-ano-camane-mario-laginha-maria-ana-bobone-e-marco-rodrigues\/","og_locale":"pt_PT","og_type":"article","og_title":"Nas noites de fado de Cerveira, estar\u00e3o este ano Caman\u00e9, M\u00e1rio Laginha, Maria Ana Bobone e Marco Rodrigues","og_description":"As Noites de Fado regressam, este ano, a Vila Nova de Cerveira com dois espet\u00e1culos e duas duplas de artistas portugueses nos dias 20 e 27 de julho. Na primeira noite, sobem ao palco do Audit\u00f3rio Municipal Caman\u00e9 e M\u00e1rio Laginha. Em 2019, o fadista e o pianista decidiram lan\u00e7ar o projeto \u201cAqui Est\u00e1-se Sossegado\u201d, [&hellip;]","og_url":"https:\/\/www.altominho.tv\/site\/2019\/07\/09\/nas-noites-de-fado-de-cerveira-estarao-este-ano-camane-mario-laginha-maria-ana-bobone-e-marco-rodrigues\/","og_site_name":"Altominho.tv","article_publisher":"https:\/\/www.facebook.com\/altominhotv","article_published_time":"2019-07-09T12:09:29+00:00","article_modified_time":"2019-07-09T12:09:31+00:00","og_image":[{"width":850,"height":467,"url":"https:\/\/www.altominho.tv\/site\/wp-content\/uploads\/2019\/07\/camane_e_mario_laginha_5bf0129a67f62.jpg","type":"image\/jpeg"}],"author":"Andreia Ferreira","twitter_card":"summary_large_image","twitter_creator":"@altominhoTV","twitter_site":"@altominhoTV","twitter_misc":{"Escrito por":"Andreia Ferreira","Tempo estimado de leitura":"1 minuto"},"schema":{"@context":"https:\/\/schema.org","@graph":[{"@type":"Article","@id":"https:\/\/www.altominho.tv\/site\/2019\/07\/09\/nas-noites-de-fado-de-cerveira-estarao-este-ano-camane-mario-laginha-maria-ana-bobone-e-marco-rodrigues\/#article","isPartOf":{"@id":"https:\/\/www.altominho.tv\/site\/2019\/07\/09\/nas-noites-de-fado-de-cerveira-estarao-este-ano-camane-mario-laginha-maria-ana-bobone-e-marco-rodrigues\/"},"author":{"name":"Andreia Ferreira","@id":"https:\/\/www.altominho.tv\/site\/#\/schema\/person\/d9be4265364723f14ea8e0d56a1d38cd"},"headline":"Nas noites de fado de Cerveira, estar\u00e3o este ano Caman\u00e9, M\u00e1rio Laginha, Maria Ana Bobone e Marco Rodrigues","datePublished":"2019-07-09T12:09:29+00:00","dateModified":"2019-07-09T12:09:31+00:00","mainEntityOfPage":{"@id":"https:\/\/www.altominho.tv\/site\/2019\/07\/09\/nas-noites-de-fado-de-cerveira-estarao-este-ano-camane-mario-laginha-maria-ana-bobone-e-marco-rodrigues\/"},"wordCount":302,"image":{"@id":"https:\/\/www.altominho.tv\/site\/2019\/07\/09\/nas-noites-de-fado-de-cerveira-estarao-este-ano-camane-mario-laginha-maria-ana-bobone-e-marco-rodrigues\/#primaryimage"},"thumbnailUrl":"https:\/\/www.altominho.tv\/site\/wp-content\/uploads\/2019\/07\/camane_e_mario_laginha_5bf0129a67f62.jpg","keywords":["Cultura"],"articleSection":["Vila Nova de Cerveira"],"inLanguage":"pt-PT","copyrightYear":"2019","copyrightHolder":{"@id":"https:\/\/www.altominho.tv\/site\/#organization"}},{"@type":"WebPage","@id":"https:\/\/www.altominho.tv\/site\/2019\/07\/09\/nas-noites-de-fado-de-cerveira-estarao-este-ano-camane-mario-laginha-maria-ana-bobone-e-marco-rodrigues\/","url":"https:\/\/www.altominho.tv\/site\/2019\/07\/09\/nas-noites-de-fado-de-cerveira-estarao-este-ano-camane-mario-laginha-maria-ana-bobone-e-marco-rodrigues\/","name":"Nas noites de fado de Cerveira, estar\u00e3o este ano Caman\u00e9, M\u00e1rio Laginha, Maria Ana Bobone e Marco Rodrigues","isPartOf":{"@id":"https:\/\/www.altominho.tv\/site\/#website"},"primaryImageOfPage":{"@id":"https:\/\/www.altominho.tv\/site\/2019\/07\/09\/nas-noites-de-fado-de-cerveira-estarao-este-ano-camane-mario-laginha-maria-ana-bobone-e-marco-rodrigues\/#primaryimage"},"image":{"@id":"https:\/\/www.altominho.tv\/site\/2019\/07\/09\/nas-noites-de-fado-de-cerveira-estarao-este-ano-camane-mario-laginha-maria-ana-bobone-e-marco-rodrigues\/#primaryimage"},"thumbnailUrl":"https:\/\/www.altominho.tv\/site\/wp-content\/uploads\/2019\/07\/camane_e_mario_laginha_5bf0129a67f62.jpg","datePublished":"2019-07-09T12:09:29+00:00","dateModified":"2019-07-09T12:09:31+00:00","author":{"@id":"https:\/\/www.altominho.tv\/site\/#\/schema\/person\/d9be4265364723f14ea8e0d56a1d38cd"},"breadcrumb":{"@id":"https:\/\/www.altominho.tv\/site\/2019\/07\/09\/nas-noites-de-fado-de-cerveira-estarao-este-ano-camane-mario-laginha-maria-ana-bobone-e-marco-rodrigues\/#breadcrumb"},"inLanguage":"pt-PT","potentialAction":[{"@type":"ReadAction","target":["https:\/\/www.altominho.tv\/site\/2019\/07\/09\/nas-noites-de-fado-de-cerveira-estarao-este-ano-camane-mario-laginha-maria-ana-bobone-e-marco-rodrigues\/"]}]},{"@type":"ImageObject","inLanguage":"pt-PT","@id":"https:\/\/www.altominho.tv\/site\/2019\/07\/09\/nas-noites-de-fado-de-cerveira-estarao-este-ano-camane-mario-laginha-maria-ana-bobone-e-marco-rodrigues\/#primaryimage","url":"https:\/\/www.altominho.tv\/site\/wp-content\/uploads\/2019\/07\/camane_e_mario_laginha_5bf0129a67f62.jpg","contentUrl":"https:\/\/www.altominho.tv\/site\/wp-content\/uploads\/2019\/07\/camane_e_mario_laginha_5bf0129a67f62.jpg","width":850,"height":467},{"@type":"BreadcrumbList","@id":"https:\/\/www.altominho.tv\/site\/2019\/07\/09\/nas-noites-de-fado-de-cerveira-estarao-este-ano-camane-mario-laginha-maria-ana-bobone-e-marco-rodrigues\/#breadcrumb","itemListElement":[{"@type":"ListItem","position":1,"name":"In\u00edcio","item":"https:\/\/www.altominho.tv\/site\/"},{"@type":"ListItem","position":2,"name":"Nas noites de fado de Cerveira, estar\u00e3o este ano Caman\u00e9, M\u00e1rio Laginha, Maria Ana Bobone e Marco Rodrigues"}]},{"@type":"WebSite","@id":"https:\/\/www.altominho.tv\/site\/#website","url":"https:\/\/www.altominho.tv\/site\/","name":"Altominho.tv","description":"A sua regi\u00e3o \u00e0 dist\u00e2ncia de um clique...","potentialAction":[{"@type":"SearchAction","target":{"@type":"EntryPoint","urlTemplate":"https:\/\/www.altominho.tv\/site\/?s={search_term_string}"},"query-input":{"@type":"PropertyValueSpecification","valueRequired":true,"valueName":"search_term_string"}}],"inLanguage":"pt-PT"},{"@type":"Person","@id":"https:\/\/www.altominho.tv\/site\/#\/schema\/person\/d9be4265364723f14ea8e0d56a1d38cd","name":"Andreia Ferreira","image":{"@type":"ImageObject","inLanguage":"pt-PT","@id":"https:\/\/www.altominho.tv\/site\/wp-content\/uploads\/2021\/01\/AndreiaFerreira-150x150.jpg","url":"https:\/\/www.altominho.tv\/site\/wp-content\/uploads\/2021\/01\/AndreiaFerreira-150x150.jpg","contentUrl":"https:\/\/www.altominho.tv\/site\/wp-content\/uploads\/2021\/01\/AndreiaFerreira-150x150.jpg","caption":"Andreia Ferreira"},"url":"https:\/\/www.altominho.tv\/site\/author\/andreiaferreira\/"}]}},"_links":{"self":[{"href":"https:\/\/www.altominho.tv\/site\/wp-json\/wp\/v2\/posts\/31031","targetHints":{"allow":["GET"]}}],"collection":[{"href":"https:\/\/www.altominho.tv\/site\/wp-json\/wp\/v2\/posts"}],"about":[{"href":"https:\/\/www.altominho.tv\/site\/wp-json\/wp\/v2\/types\/post"}],"author":[{"embeddable":true,"href":"https:\/\/www.altominho.tv\/site\/wp-json\/wp\/v2\/users\/12"}],"replies":[{"embeddable":true,"href":"https:\/\/www.altominho.tv\/site\/wp-json\/wp\/v2\/comments?post=31031"}],"version-history":[{"count":0,"href":"https:\/\/www.altominho.tv\/site\/wp-json\/wp\/v2\/posts\/31031\/revisions"}],"wp:featuredmedia":[{"embeddable":true,"href":"https:\/\/www.altominho.tv\/site\/wp-json\/wp\/v2\/media\/31032"}],"wp:attachment":[{"href":"https:\/\/www.altominho.tv\/site\/wp-json\/wp\/v2\/media?parent=31031"}],"wp:term":[{"taxonomy":"category","embeddable":true,"href":"https:\/\/www.altominho.tv\/site\/wp-json\/wp\/v2\/categories?post=31031"},{"taxonomy":"post_tag","embeddable":true,"href":"https:\/\/www.altominho.tv\/site\/wp-json\/wp\/v2\/tags?post=31031"}],"curies":[{"name":"wp","href":"https:\/\/api.w.org\/{rel}","templated":true}]}}