{"id":30444,"date":"2019-06-28T17:37:37","date_gmt":"2019-06-28T16:37:37","guid":{"rendered":"http:\/\/www.altominho.tv\/site\/?p=30444"},"modified":"2019-06-28T17:37:40","modified_gmt":"2019-06-28T16:37:40","slug":"alunos-de-moncao-sao-incentivados-a-usar-a-bicicleta-como-meio-de-transporte","status":"publish","type":"post","link":"https:\/\/www.altominho.tv\/site\/2019\/06\/28\/alunos-de-moncao-sao-incentivados-a-usar-a-bicicleta-como-meio-de-transporte\/","title":{"rendered":"Alunos de Mon\u00e7\u00e3o s\u00e3o incentivados a usar a bicicleta como meio de transporte"},"content":{"rendered":"<p>A C\u00e2mara de Mon\u00e7\u00e3o informou hoje que procedeu \u00e0 coloca\u00e7\u00e3o de quatro suportes para bicicletas na Escola Secund\u00e1ria de Mon\u00e7\u00e3o, na Escola B\u00e1sica 2\/3 de Mon\u00e7\u00e3o, na Escola B\u00e1sica do Vale do Mouro, em Tangil, e na Escola Profissional do Alto Minho Interior (EPRAMI), polo de Mon\u00e7\u00e3o.<\/p>\n<p>Em comunicado, a autarquia explica que os suportes, com capacidade para seis lugares, t\u00eam como finalidade a &#8220;utiliza\u00e7\u00e3o daquele meio de transporte ecol\u00f3gico, promovendo a pr\u00e1tica do ciclismo em meio escolar&#8221;, bem como o &#8220;desenvolvimento de exerc\u00edcio f\u00edsico dos alunos e o refor\u00e7o de uma vida saud\u00e1vel&#8221;.<\/p>\n<p>Esta iniciativa municipal enquadra-se no projeto \u201cOn your bike\u201d, que envolve 14 escolas de cinco pa\u00edses, nomeadamente, Portugal, Espanha, Finl\u00e2ndia, Noruega e Turquia. O Agrupamento de Escolas de Mon\u00e7\u00e3o \u00e9 um dos participantes do projeto, que teve in\u00edcio no ano letivo 2018\/2019 e termina no ano letivo 2020\/2021.<\/p>\n<p>No \u00e2mbito deste projeto europeu, apoiado pelo programa Erasmus +, ser\u00e3o realizadas v\u00e1rias atividades, como a\u00e7\u00f5es de forma\u00e7\u00e3o e <em>workshops<\/em> dirigidos a alunos, professores e autoridades locais, de forma a potenciar o uso da bicicleta como meio de transporte.<\/p>\n","protected":false},"excerpt":{"rendered":"<p>A C\u00e2mara de Mon\u00e7\u00e3o informou hoje que procedeu \u00e0 coloca\u00e7\u00e3o de quatro suportes para bicicletas na Escola Secund\u00e1ria de Mon\u00e7\u00e3o, na Escola B\u00e1sica 2\/3 de Mon\u00e7\u00e3o, na Escola B\u00e1sica do Vale do Mouro, em Tangil, e na Escola Profissional do Alto Minho Interior (EPRAMI), polo de Mon\u00e7\u00e3o. Em comunicado, a autarquia explica que os suportes, [&hellip;]<\/p>\n","protected":false},"author":12,"featured_media":30445,"comment_status":"closed","ping_status":"closed","sticky":false,"template":"","format":"standard","meta":{"_exactmetrics_skip_tracking":false,"_exactmetrics_sitenote_active":false,"_exactmetrics_sitenote_note":"","_exactmetrics_sitenote_category":0,"footnotes":""},"categories":[9],"tags":[22],"class_list":["post-30444","post","type-post","status-publish","format-standard","has-post-thumbnail","hentry","category-moncao","tag-educacao"],"yoast_head":"<!-- This site is optimized with the Yoast SEO Premium plugin v27.5 (Yoast SEO v27.5) - https:\/\/yoast.com\/product\/yoast-seo-premium-wordpress\/ -->\n<title>Alunos de Mon\u00e7\u00e3o s\u00e3o incentivados a usar a bicicleta como meio de transporte<\/title>\n<meta name=\"robots\" content=\"index, follow, max-snippet:-1, max-image-preview:large, max-video-preview:-1\" \/>\n<link rel=\"canonical\" href=\"https:\/\/www.altominho.tv\/site\/2019\/06\/28\/alunos-de-moncao-sao-incentivados-a-usar-a-bicicleta-como-meio-de-transporte\/\" \/>\n<meta property=\"og:locale\" content=\"pt_PT\" \/>\n<meta property=\"og:type\" content=\"article\" \/>\n<meta property=\"og:title\" content=\"Alunos de Mon\u00e7\u00e3o s\u00e3o incentivados a usar a bicicleta como meio de transporte\" \/>\n<meta property=\"og:description\" content=\"A C\u00e2mara de Mon\u00e7\u00e3o informou hoje que procedeu \u00e0 coloca\u00e7\u00e3o de quatro suportes para bicicletas na Escola Secund\u00e1ria de Mon\u00e7\u00e3o, na Escola B\u00e1sica 2\/3 de Mon\u00e7\u00e3o, na Escola B\u00e1sica do Vale do Mouro, em Tangil, e na Escola Profissional do Alto Minho Interior (EPRAMI), polo de Mon\u00e7\u00e3o. Em comunicado, a autarquia explica que os suportes, [&hellip;]\" \/>\n<meta property=\"og:url\" content=\"https:\/\/www.altominho.tv\/site\/2019\/06\/28\/alunos-de-moncao-sao-incentivados-a-usar-a-bicicleta-como-meio-de-transporte\/\" \/>\n<meta property=\"og:site_name\" content=\"Altominho.tv\" \/>\n<meta property=\"article:publisher\" content=\"https:\/\/www.facebook.com\/altominhotv\" \/>\n<meta property=\"article:published_time\" content=\"2019-06-28T16:37:37+00:00\" \/>\n<meta property=\"article:modified_time\" content=\"2019-06-28T16:37:40+00:00\" \/>\n<meta property=\"og:image\" content=\"https:\/\/www.altominho.tv\/site\/wp-content\/uploads\/2019\/06\/bike.png\" \/>\n\t<meta property=\"og:image:width\" content=\"515\" \/>\n\t<meta property=\"og:image:height\" content=\"366\" \/>\n\t<meta property=\"og:image:type\" content=\"image\/png\" \/>\n<meta name=\"author\" content=\"Andreia Ferreira\" \/>\n<meta name=\"twitter:card\" content=\"summary_large_image\" \/>\n<meta name=\"twitter:creator\" content=\"@altominhoTV\" \/>\n<meta name=\"twitter:site\" content=\"@altominhoTV\" \/>\n<meta name=\"twitter:label1\" content=\"Escrito por\" \/>\n\t<meta name=\"twitter:data1\" content=\"Andreia Ferreira\" \/>\n\t<meta name=\"twitter:label2\" content=\"Tempo estimado de leitura\" \/>\n\t<meta name=\"twitter:data2\" content=\"1 minuto\" \/>\n<script type=\"application\/ld+json\" class=\"yoast-schema-graph\">{\"@context\":\"https:\\\/\\\/schema.org\",\"@graph\":[{\"@type\":\"Article\",\"@id\":\"https:\\\/\\\/www.altominho.tv\\\/site\\\/2019\\\/06\\\/28\\\/alunos-de-moncao-sao-incentivados-a-usar-a-bicicleta-como-meio-de-transporte\\\/#article\",\"isPartOf\":{\"@id\":\"https:\\\/\\\/www.altominho.tv\\\/site\\\/2019\\\/06\\\/28\\\/alunos-de-moncao-sao-incentivados-a-usar-a-bicicleta-como-meio-de-transporte\\\/\"},\"author\":{\"name\":\"Andreia Ferreira\",\"@id\":\"https:\\\/\\\/www.altominho.tv\\\/site\\\/#\\\/schema\\\/person\\\/d9be4265364723f14ea8e0d56a1d38cd\"},\"headline\":\"Alunos de Mon\u00e7\u00e3o s\u00e3o incentivados a usar a bicicleta como meio de transporte\",\"datePublished\":\"2019-06-28T16:37:37+00:00\",\"dateModified\":\"2019-06-28T16:37:40+00:00\",\"mainEntityOfPage\":{\"@id\":\"https:\\\/\\\/www.altominho.tv\\\/site\\\/2019\\\/06\\\/28\\\/alunos-de-moncao-sao-incentivados-a-usar-a-bicicleta-como-meio-de-transporte\\\/\"},\"wordCount\":214,\"image\":{\"@id\":\"https:\\\/\\\/www.altominho.tv\\\/site\\\/2019\\\/06\\\/28\\\/alunos-de-moncao-sao-incentivados-a-usar-a-bicicleta-como-meio-de-transporte\\\/#primaryimage\"},\"thumbnailUrl\":\"https:\\\/\\\/www.altominho.tv\\\/site\\\/wp-content\\\/uploads\\\/2019\\\/06\\\/bike.png\",\"keywords\":[\"Educa\u00e7\u00e3o\"],\"articleSection\":[\"Mon\u00e7\u00e3o\"],\"inLanguage\":\"pt-PT\",\"copyrightYear\":\"2019\",\"copyrightHolder\":{\"@id\":\"https:\\\/\\\/www.altominho.tv\\\/site\\\/#organization\"}},{\"@type\":\"WebPage\",\"@id\":\"https:\\\/\\\/www.altominho.tv\\\/site\\\/2019\\\/06\\\/28\\\/alunos-de-moncao-sao-incentivados-a-usar-a-bicicleta-como-meio-de-transporte\\\/\",\"url\":\"https:\\\/\\\/www.altominho.tv\\\/site\\\/2019\\\/06\\\/28\\\/alunos-de-moncao-sao-incentivados-a-usar-a-bicicleta-como-meio-de-transporte\\\/\",\"name\":\"Alunos de Mon\u00e7\u00e3o s\u00e3o incentivados a usar a bicicleta como meio de transporte\",\"isPartOf\":{\"@id\":\"https:\\\/\\\/www.altominho.tv\\\/site\\\/#website\"},\"primaryImageOfPage\":{\"@id\":\"https:\\\/\\\/www.altominho.tv\\\/site\\\/2019\\\/06\\\/28\\\/alunos-de-moncao-sao-incentivados-a-usar-a-bicicleta-como-meio-de-transporte\\\/#primaryimage\"},\"image\":{\"@id\":\"https:\\\/\\\/www.altominho.tv\\\/site\\\/2019\\\/06\\\/28\\\/alunos-de-moncao-sao-incentivados-a-usar-a-bicicleta-como-meio-de-transporte\\\/#primaryimage\"},\"thumbnailUrl\":\"https:\\\/\\\/www.altominho.tv\\\/site\\\/wp-content\\\/uploads\\\/2019\\\/06\\\/bike.png\",\"datePublished\":\"2019-06-28T16:37:37+00:00\",\"dateModified\":\"2019-06-28T16:37:40+00:00\",\"author\":{\"@id\":\"https:\\\/\\\/www.altominho.tv\\\/site\\\/#\\\/schema\\\/person\\\/d9be4265364723f14ea8e0d56a1d38cd\"},\"breadcrumb\":{\"@id\":\"https:\\\/\\\/www.altominho.tv\\\/site\\\/2019\\\/06\\\/28\\\/alunos-de-moncao-sao-incentivados-a-usar-a-bicicleta-como-meio-de-transporte\\\/#breadcrumb\"},\"inLanguage\":\"pt-PT\",\"potentialAction\":[{\"@type\":\"ReadAction\",\"target\":[\"https:\\\/\\\/www.altominho.tv\\\/site\\\/2019\\\/06\\\/28\\\/alunos-de-moncao-sao-incentivados-a-usar-a-bicicleta-como-meio-de-transporte\\\/\"]}]},{\"@type\":\"ImageObject\",\"inLanguage\":\"pt-PT\",\"@id\":\"https:\\\/\\\/www.altominho.tv\\\/site\\\/2019\\\/06\\\/28\\\/alunos-de-moncao-sao-incentivados-a-usar-a-bicicleta-como-meio-de-transporte\\\/#primaryimage\",\"url\":\"https:\\\/\\\/www.altominho.tv\\\/site\\\/wp-content\\\/uploads\\\/2019\\\/06\\\/bike.png\",\"contentUrl\":\"https:\\\/\\\/www.altominho.tv\\\/site\\\/wp-content\\\/uploads\\\/2019\\\/06\\\/bike.png\",\"width\":515,\"height\":366},{\"@type\":\"BreadcrumbList\",\"@id\":\"https:\\\/\\\/www.altominho.tv\\\/site\\\/2019\\\/06\\\/28\\\/alunos-de-moncao-sao-incentivados-a-usar-a-bicicleta-como-meio-de-transporte\\\/#breadcrumb\",\"itemListElement\":[{\"@type\":\"ListItem\",\"position\":1,\"name\":\"In\u00edcio\",\"item\":\"https:\\\/\\\/www.altominho.tv\\\/site\\\/\"},{\"@type\":\"ListItem\",\"position\":2,\"name\":\"Alunos de Mon\u00e7\u00e3o s\u00e3o incentivados a usar a bicicleta como meio de transporte\"}]},{\"@type\":\"WebSite\",\"@id\":\"https:\\\/\\\/www.altominho.tv\\\/site\\\/#website\",\"url\":\"https:\\\/\\\/www.altominho.tv\\\/site\\\/\",\"name\":\"Altominho.tv\",\"description\":\"A sua regi\u00e3o \u00e0 dist\u00e2ncia de um clique...\",\"potentialAction\":[{\"@type\":\"SearchAction\",\"target\":{\"@type\":\"EntryPoint\",\"urlTemplate\":\"https:\\\/\\\/www.altominho.tv\\\/site\\\/?s={search_term_string}\"},\"query-input\":{\"@type\":\"PropertyValueSpecification\",\"valueRequired\":true,\"valueName\":\"search_term_string\"}}],\"inLanguage\":\"pt-PT\"},{\"@type\":\"Person\",\"@id\":\"https:\\\/\\\/www.altominho.tv\\\/site\\\/#\\\/schema\\\/person\\\/d9be4265364723f14ea8e0d56a1d38cd\",\"name\":\"Andreia Ferreira\",\"image\":{\"@type\":\"ImageObject\",\"inLanguage\":\"pt-PT\",\"@id\":\"https:\\\/\\\/www.altominho.tv\\\/site\\\/wp-content\\\/uploads\\\/2021\\\/01\\\/AndreiaFerreira-150x150.jpg\",\"url\":\"https:\\\/\\\/www.altominho.tv\\\/site\\\/wp-content\\\/uploads\\\/2021\\\/01\\\/AndreiaFerreira-150x150.jpg\",\"contentUrl\":\"https:\\\/\\\/www.altominho.tv\\\/site\\\/wp-content\\\/uploads\\\/2021\\\/01\\\/AndreiaFerreira-150x150.jpg\",\"caption\":\"Andreia Ferreira\"},\"url\":\"https:\\\/\\\/www.altominho.tv\\\/site\\\/author\\\/andreiaferreira\\\/\"}]}<\/script>\n<!-- \/ Yoast SEO Premium plugin. -->","yoast_head_json":{"title":"Alunos de Mon\u00e7\u00e3o s\u00e3o incentivados a usar a bicicleta como meio de transporte","robots":{"index":"index","follow":"follow","max-snippet":"max-snippet:-1","max-image-preview":"max-image-preview:large","max-video-preview":"max-video-preview:-1"},"canonical":"https:\/\/www.altominho.tv\/site\/2019\/06\/28\/alunos-de-moncao-sao-incentivados-a-usar-a-bicicleta-como-meio-de-transporte\/","og_locale":"pt_PT","og_type":"article","og_title":"Alunos de Mon\u00e7\u00e3o s\u00e3o incentivados a usar a bicicleta como meio de transporte","og_description":"A C\u00e2mara de Mon\u00e7\u00e3o informou hoje que procedeu \u00e0 coloca\u00e7\u00e3o de quatro suportes para bicicletas na Escola Secund\u00e1ria de Mon\u00e7\u00e3o, na Escola B\u00e1sica 2\/3 de Mon\u00e7\u00e3o, na Escola B\u00e1sica do Vale do Mouro, em Tangil, e na Escola Profissional do Alto Minho Interior (EPRAMI), polo de Mon\u00e7\u00e3o. Em comunicado, a autarquia explica que os suportes, [&hellip;]","og_url":"https:\/\/www.altominho.tv\/site\/2019\/06\/28\/alunos-de-moncao-sao-incentivados-a-usar-a-bicicleta-como-meio-de-transporte\/","og_site_name":"Altominho.tv","article_publisher":"https:\/\/www.facebook.com\/altominhotv","article_published_time":"2019-06-28T16:37:37+00:00","article_modified_time":"2019-06-28T16:37:40+00:00","og_image":[{"width":515,"height":366,"url":"https:\/\/www.altominho.tv\/site\/wp-content\/uploads\/2019\/06\/bike.png","type":"image\/png"}],"author":"Andreia Ferreira","twitter_card":"summary_large_image","twitter_creator":"@altominhoTV","twitter_site":"@altominhoTV","twitter_misc":{"Escrito por":"Andreia Ferreira","Tempo estimado de leitura":"1 minuto"},"schema":{"@context":"https:\/\/schema.org","@graph":[{"@type":"Article","@id":"https:\/\/www.altominho.tv\/site\/2019\/06\/28\/alunos-de-moncao-sao-incentivados-a-usar-a-bicicleta-como-meio-de-transporte\/#article","isPartOf":{"@id":"https:\/\/www.altominho.tv\/site\/2019\/06\/28\/alunos-de-moncao-sao-incentivados-a-usar-a-bicicleta-como-meio-de-transporte\/"},"author":{"name":"Andreia Ferreira","@id":"https:\/\/www.altominho.tv\/site\/#\/schema\/person\/d9be4265364723f14ea8e0d56a1d38cd"},"headline":"Alunos de Mon\u00e7\u00e3o s\u00e3o incentivados a usar a bicicleta como meio de transporte","datePublished":"2019-06-28T16:37:37+00:00","dateModified":"2019-06-28T16:37:40+00:00","mainEntityOfPage":{"@id":"https:\/\/www.altominho.tv\/site\/2019\/06\/28\/alunos-de-moncao-sao-incentivados-a-usar-a-bicicleta-como-meio-de-transporte\/"},"wordCount":214,"image":{"@id":"https:\/\/www.altominho.tv\/site\/2019\/06\/28\/alunos-de-moncao-sao-incentivados-a-usar-a-bicicleta-como-meio-de-transporte\/#primaryimage"},"thumbnailUrl":"https:\/\/www.altominho.tv\/site\/wp-content\/uploads\/2019\/06\/bike.png","keywords":["Educa\u00e7\u00e3o"],"articleSection":["Mon\u00e7\u00e3o"],"inLanguage":"pt-PT","copyrightYear":"2019","copyrightHolder":{"@id":"https:\/\/www.altominho.tv\/site\/#organization"}},{"@type":"WebPage","@id":"https:\/\/www.altominho.tv\/site\/2019\/06\/28\/alunos-de-moncao-sao-incentivados-a-usar-a-bicicleta-como-meio-de-transporte\/","url":"https:\/\/www.altominho.tv\/site\/2019\/06\/28\/alunos-de-moncao-sao-incentivados-a-usar-a-bicicleta-como-meio-de-transporte\/","name":"Alunos de Mon\u00e7\u00e3o s\u00e3o incentivados a usar a bicicleta como meio de transporte","isPartOf":{"@id":"https:\/\/www.altominho.tv\/site\/#website"},"primaryImageOfPage":{"@id":"https:\/\/www.altominho.tv\/site\/2019\/06\/28\/alunos-de-moncao-sao-incentivados-a-usar-a-bicicleta-como-meio-de-transporte\/#primaryimage"},"image":{"@id":"https:\/\/www.altominho.tv\/site\/2019\/06\/28\/alunos-de-moncao-sao-incentivados-a-usar-a-bicicleta-como-meio-de-transporte\/#primaryimage"},"thumbnailUrl":"https:\/\/www.altominho.tv\/site\/wp-content\/uploads\/2019\/06\/bike.png","datePublished":"2019-06-28T16:37:37+00:00","dateModified":"2019-06-28T16:37:40+00:00","author":{"@id":"https:\/\/www.altominho.tv\/site\/#\/schema\/person\/d9be4265364723f14ea8e0d56a1d38cd"},"breadcrumb":{"@id":"https:\/\/www.altominho.tv\/site\/2019\/06\/28\/alunos-de-moncao-sao-incentivados-a-usar-a-bicicleta-como-meio-de-transporte\/#breadcrumb"},"inLanguage":"pt-PT","potentialAction":[{"@type":"ReadAction","target":["https:\/\/www.altominho.tv\/site\/2019\/06\/28\/alunos-de-moncao-sao-incentivados-a-usar-a-bicicleta-como-meio-de-transporte\/"]}]},{"@type":"ImageObject","inLanguage":"pt-PT","@id":"https:\/\/www.altominho.tv\/site\/2019\/06\/28\/alunos-de-moncao-sao-incentivados-a-usar-a-bicicleta-como-meio-de-transporte\/#primaryimage","url":"https:\/\/www.altominho.tv\/site\/wp-content\/uploads\/2019\/06\/bike.png","contentUrl":"https:\/\/www.altominho.tv\/site\/wp-content\/uploads\/2019\/06\/bike.png","width":515,"height":366},{"@type":"BreadcrumbList","@id":"https:\/\/www.altominho.tv\/site\/2019\/06\/28\/alunos-de-moncao-sao-incentivados-a-usar-a-bicicleta-como-meio-de-transporte\/#breadcrumb","itemListElement":[{"@type":"ListItem","position":1,"name":"In\u00edcio","item":"https:\/\/www.altominho.tv\/site\/"},{"@type":"ListItem","position":2,"name":"Alunos de Mon\u00e7\u00e3o s\u00e3o incentivados a usar a bicicleta como meio de transporte"}]},{"@type":"WebSite","@id":"https:\/\/www.altominho.tv\/site\/#website","url":"https:\/\/www.altominho.tv\/site\/","name":"Altominho.tv","description":"A sua regi\u00e3o \u00e0 dist\u00e2ncia de um clique...","potentialAction":[{"@type":"SearchAction","target":{"@type":"EntryPoint","urlTemplate":"https:\/\/www.altominho.tv\/site\/?s={search_term_string}"},"query-input":{"@type":"PropertyValueSpecification","valueRequired":true,"valueName":"search_term_string"}}],"inLanguage":"pt-PT"},{"@type":"Person","@id":"https:\/\/www.altominho.tv\/site\/#\/schema\/person\/d9be4265364723f14ea8e0d56a1d38cd","name":"Andreia Ferreira","image":{"@type":"ImageObject","inLanguage":"pt-PT","@id":"https:\/\/www.altominho.tv\/site\/wp-content\/uploads\/2021\/01\/AndreiaFerreira-150x150.jpg","url":"https:\/\/www.altominho.tv\/site\/wp-content\/uploads\/2021\/01\/AndreiaFerreira-150x150.jpg","contentUrl":"https:\/\/www.altominho.tv\/site\/wp-content\/uploads\/2021\/01\/AndreiaFerreira-150x150.jpg","caption":"Andreia Ferreira"},"url":"https:\/\/www.altominho.tv\/site\/author\/andreiaferreira\/"}]}},"_links":{"self":[{"href":"https:\/\/www.altominho.tv\/site\/wp-json\/wp\/v2\/posts\/30444","targetHints":{"allow":["GET"]}}],"collection":[{"href":"https:\/\/www.altominho.tv\/site\/wp-json\/wp\/v2\/posts"}],"about":[{"href":"https:\/\/www.altominho.tv\/site\/wp-json\/wp\/v2\/types\/post"}],"author":[{"embeddable":true,"href":"https:\/\/www.altominho.tv\/site\/wp-json\/wp\/v2\/users\/12"}],"replies":[{"embeddable":true,"href":"https:\/\/www.altominho.tv\/site\/wp-json\/wp\/v2\/comments?post=30444"}],"version-history":[{"count":0,"href":"https:\/\/www.altominho.tv\/site\/wp-json\/wp\/v2\/posts\/30444\/revisions"}],"wp:featuredmedia":[{"embeddable":true,"href":"https:\/\/www.altominho.tv\/site\/wp-json\/wp\/v2\/media\/30445"}],"wp:attachment":[{"href":"https:\/\/www.altominho.tv\/site\/wp-json\/wp\/v2\/media?parent=30444"}],"wp:term":[{"taxonomy":"category","embeddable":true,"href":"https:\/\/www.altominho.tv\/site\/wp-json\/wp\/v2\/categories?post=30444"},{"taxonomy":"post_tag","embeddable":true,"href":"https:\/\/www.altominho.tv\/site\/wp-json\/wp\/v2\/tags?post=30444"}],"curies":[{"name":"wp","href":"https:\/\/api.w.org\/{rel}","templated":true}]}}