{"id":29858,"date":"2019-06-18T13:42:12","date_gmt":"2019-06-18T12:42:12","guid":{"rendered":"http:\/\/www.altominho.tv\/site\/?p=29858"},"modified":"2019-06-18T13:42:18","modified_gmt":"2019-06-18T12:42:18","slug":"projeto-de-energias-renovaveis-permite-poupanca-de-12-000-euros-anuais-a-empresa-de-viana","status":"publish","type":"post","link":"https:\/\/www.altominho.tv\/site\/2019\/06\/18\/projeto-de-energias-renovaveis-permite-poupanca-de-12-000-euros-anuais-a-empresa-de-viana\/","title":{"rendered":"Projeto de energias renov\u00e1veis permite poupan\u00e7a de 12.000 euros anuais a empresa de Viana"},"content":{"rendered":"\n<p>A empresa de solu\u00e7\u00f5es de energias renov\u00e1veis SunEnergy anunciou hoje ter assinado na zona Industrial de Neiva, em Viana do Castelo, um contrato para execu\u00e7\u00e3o de um projeto em modelo de autoconsumo com a empresa de frescos e congelados Trincapeixe.<br><\/p>\n\n\n\n<p>Em comunicado, a SunEnergy adianta que a unidade de produ\u00e7\u00e3o em autoconsumo \u00e9 constitu\u00edda por 147 pain\u00e9is solares fotovoltaicos de 290 W (watts) que ir\u00e3o produzir cerca de 59.000 kWh (quilowatts por hora) de energia el\u00e9trica por ano a partir do sol, energia esta que ser\u00e1 consumida pelo edif\u00edcio da empresa.\u00a0<br><\/p>\n\n\n\n<p>\u201cEsta produ\u00e7\u00e3o ir\u00e1 permitir uma significativa redu\u00e7\u00e3o da fatura energ\u00e9tica, em torno dos 12.000 euros por ano, bem como, a n\u00edvel ambiental, uma redu\u00e7\u00e3o de 50 toneladas em emiss\u00f5es de di\u00f3xido de carbono\u201d destaca.<\/p>\n\n\n\n<p>Fonte: Lusa<\/p>\n","protected":false},"excerpt":{"rendered":"<p>A empresa de solu\u00e7\u00f5es de energias renov\u00e1veis SunEnergy anunciou hoje ter assinado na zona Industrial de Neiva, em Viana do Castelo, um contrato para execu\u00e7\u00e3o de um projeto em modelo de autoconsumo com a empresa de frescos e congelados Trincapeixe. Em comunicado, a SunEnergy adianta que a unidade de produ\u00e7\u00e3o em autoconsumo \u00e9 constitu\u00edda por [&hellip;]<\/p>\n","protected":false},"author":7,"featured_media":29859,"comment_status":"closed","ping_status":"closed","sticky":false,"template":"","format":"standard","meta":{"_exactmetrics_skip_tracking":false,"_exactmetrics_sitenote_active":false,"_exactmetrics_sitenote_note":"","_exactmetrics_sitenote_category":0,"footnotes":""},"categories":[14],"tags":[27],"class_list":["post-29858","post","type-post","status-publish","format-standard","has-post-thumbnail","hentry","category-viana-do-castelo","tag-sociedade"],"yoast_head":"<!-- This site is optimized with the Yoast SEO Premium plugin v27.4 (Yoast SEO v27.4) - https:\/\/yoast.com\/product\/yoast-seo-premium-wordpress\/ -->\n<title>Projeto de energias renov\u00e1veis permite poupan\u00e7a de 12.000 euros anuais a empresa de Viana<\/title>\n<meta name=\"robots\" content=\"index, follow, max-snippet:-1, max-image-preview:large, max-video-preview:-1\" \/>\n<link rel=\"canonical\" href=\"https:\/\/www.altominho.tv\/site\/2019\/06\/18\/projeto-de-energias-renovaveis-permite-poupanca-de-12-000-euros-anuais-a-empresa-de-viana\/\" \/>\n<meta property=\"og:locale\" content=\"pt_PT\" \/>\n<meta property=\"og:type\" content=\"article\" \/>\n<meta property=\"og:title\" content=\"Projeto de energias renov\u00e1veis permite poupan\u00e7a de 12.000 euros anuais a empresa de Viana\" \/>\n<meta property=\"og:description\" content=\"A empresa de solu\u00e7\u00f5es de energias renov\u00e1veis SunEnergy anunciou hoje ter assinado na zona Industrial de Neiva, em Viana do Castelo, um contrato para execu\u00e7\u00e3o de um projeto em modelo de autoconsumo com a empresa de frescos e congelados Trincapeixe. Em comunicado, a SunEnergy adianta que a unidade de produ\u00e7\u00e3o em autoconsumo \u00e9 constitu\u00edda por [&hellip;]\" \/>\n<meta property=\"og:url\" content=\"https:\/\/www.altominho.tv\/site\/2019\/06\/18\/projeto-de-energias-renovaveis-permite-poupanca-de-12-000-euros-anuais-a-empresa-de-viana\/\" \/>\n<meta property=\"og:site_name\" content=\"Altominho.tv\" \/>\n<meta property=\"article:publisher\" content=\"https:\/\/www.facebook.com\/altominhotv\" \/>\n<meta property=\"article:published_time\" content=\"2019-06-18T12:42:12+00:00\" \/>\n<meta property=\"article:modified_time\" content=\"2019-06-18T12:42:18+00:00\" \/>\n<meta property=\"og:image\" content=\"https:\/\/www.altominho.tv\/site\/wp-content\/uploads\/2019\/06\/first-solar-1060x594.jpg\" \/>\n\t<meta property=\"og:image:width\" content=\"1060\" \/>\n\t<meta property=\"og:image:height\" content=\"594\" \/>\n\t<meta property=\"og:image:type\" content=\"image\/jpeg\" \/>\n<meta name=\"author\" content=\"Andreia Cunha\" \/>\n<meta name=\"twitter:card\" content=\"summary_large_image\" \/>\n<meta name=\"twitter:creator\" content=\"@altominhoTV\" \/>\n<meta name=\"twitter:site\" content=\"@altominhoTV\" \/>\n<meta name=\"twitter:label1\" content=\"Escrito por\" \/>\n\t<meta name=\"twitter:data1\" content=\"Andreia Cunha\" \/>\n\t<meta name=\"twitter:label2\" content=\"Tempo estimado de leitura\" \/>\n\t<meta name=\"twitter:data2\" content=\"1 minuto\" \/>\n<script type=\"application\/ld+json\" class=\"yoast-schema-graph\">{\"@context\":\"https:\\\/\\\/schema.org\",\"@graph\":[{\"@type\":\"Article\",\"@id\":\"https:\\\/\\\/www.altominho.tv\\\/site\\\/2019\\\/06\\\/18\\\/projeto-de-energias-renovaveis-permite-poupanca-de-12-000-euros-anuais-a-empresa-de-viana\\\/#article\",\"isPartOf\":{\"@id\":\"https:\\\/\\\/www.altominho.tv\\\/site\\\/2019\\\/06\\\/18\\\/projeto-de-energias-renovaveis-permite-poupanca-de-12-000-euros-anuais-a-empresa-de-viana\\\/\"},\"author\":{\"name\":\"Andreia Cunha\",\"@id\":\"https:\\\/\\\/www.altominho.tv\\\/site\\\/#\\\/schema\\\/person\\\/a0e4ef6d041f98ca284393d8f1d97153\"},\"headline\":\"Projeto de energias renov\u00e1veis permite poupan\u00e7a de 12.000 euros anuais a empresa de Viana\",\"datePublished\":\"2019-06-18T12:42:12+00:00\",\"dateModified\":\"2019-06-18T12:42:18+00:00\",\"mainEntityOfPage\":{\"@id\":\"https:\\\/\\\/www.altominho.tv\\\/site\\\/2019\\\/06\\\/18\\\/projeto-de-energias-renovaveis-permite-poupanca-de-12-000-euros-anuais-a-empresa-de-viana\\\/\"},\"wordCount\":152,\"image\":{\"@id\":\"https:\\\/\\\/www.altominho.tv\\\/site\\\/2019\\\/06\\\/18\\\/projeto-de-energias-renovaveis-permite-poupanca-de-12-000-euros-anuais-a-empresa-de-viana\\\/#primaryimage\"},\"thumbnailUrl\":\"https:\\\/\\\/www.altominho.tv\\\/site\\\/wp-content\\\/uploads\\\/2019\\\/06\\\/first-solar-1060x594.jpg\",\"keywords\":[\"Sociedade\"],\"articleSection\":[\"Viana do Castelo\"],\"inLanguage\":\"pt-PT\",\"copyrightYear\":\"2019\",\"copyrightHolder\":{\"@id\":\"https:\\\/\\\/www.altominho.tv\\\/site\\\/#organization\"}},{\"@type\":\"WebPage\",\"@id\":\"https:\\\/\\\/www.altominho.tv\\\/site\\\/2019\\\/06\\\/18\\\/projeto-de-energias-renovaveis-permite-poupanca-de-12-000-euros-anuais-a-empresa-de-viana\\\/\",\"url\":\"https:\\\/\\\/www.altominho.tv\\\/site\\\/2019\\\/06\\\/18\\\/projeto-de-energias-renovaveis-permite-poupanca-de-12-000-euros-anuais-a-empresa-de-viana\\\/\",\"name\":\"Projeto de energias renov\u00e1veis permite poupan\u00e7a de 12.000 euros anuais a empresa de Viana\",\"isPartOf\":{\"@id\":\"https:\\\/\\\/www.altominho.tv\\\/site\\\/#website\"},\"primaryImageOfPage\":{\"@id\":\"https:\\\/\\\/www.altominho.tv\\\/site\\\/2019\\\/06\\\/18\\\/projeto-de-energias-renovaveis-permite-poupanca-de-12-000-euros-anuais-a-empresa-de-viana\\\/#primaryimage\"},\"image\":{\"@id\":\"https:\\\/\\\/www.altominho.tv\\\/site\\\/2019\\\/06\\\/18\\\/projeto-de-energias-renovaveis-permite-poupanca-de-12-000-euros-anuais-a-empresa-de-viana\\\/#primaryimage\"},\"thumbnailUrl\":\"https:\\\/\\\/www.altominho.tv\\\/site\\\/wp-content\\\/uploads\\\/2019\\\/06\\\/first-solar-1060x594.jpg\",\"datePublished\":\"2019-06-18T12:42:12+00:00\",\"dateModified\":\"2019-06-18T12:42:18+00:00\",\"author\":{\"@id\":\"https:\\\/\\\/www.altominho.tv\\\/site\\\/#\\\/schema\\\/person\\\/a0e4ef6d041f98ca284393d8f1d97153\"},\"breadcrumb\":{\"@id\":\"https:\\\/\\\/www.altominho.tv\\\/site\\\/2019\\\/06\\\/18\\\/projeto-de-energias-renovaveis-permite-poupanca-de-12-000-euros-anuais-a-empresa-de-viana\\\/#breadcrumb\"},\"inLanguage\":\"pt-PT\",\"potentialAction\":[{\"@type\":\"ReadAction\",\"target\":[\"https:\\\/\\\/www.altominho.tv\\\/site\\\/2019\\\/06\\\/18\\\/projeto-de-energias-renovaveis-permite-poupanca-de-12-000-euros-anuais-a-empresa-de-viana\\\/\"]}]},{\"@type\":\"ImageObject\",\"inLanguage\":\"pt-PT\",\"@id\":\"https:\\\/\\\/www.altominho.tv\\\/site\\\/2019\\\/06\\\/18\\\/projeto-de-energias-renovaveis-permite-poupanca-de-12-000-euros-anuais-a-empresa-de-viana\\\/#primaryimage\",\"url\":\"https:\\\/\\\/www.altominho.tv\\\/site\\\/wp-content\\\/uploads\\\/2019\\\/06\\\/first-solar-1060x594.jpg\",\"contentUrl\":\"https:\\\/\\\/www.altominho.tv\\\/site\\\/wp-content\\\/uploads\\\/2019\\\/06\\\/first-solar-1060x594.jpg\",\"width\":1060,\"height\":594},{\"@type\":\"BreadcrumbList\",\"@id\":\"https:\\\/\\\/www.altominho.tv\\\/site\\\/2019\\\/06\\\/18\\\/projeto-de-energias-renovaveis-permite-poupanca-de-12-000-euros-anuais-a-empresa-de-viana\\\/#breadcrumb\",\"itemListElement\":[{\"@type\":\"ListItem\",\"position\":1,\"name\":\"In\u00edcio\",\"item\":\"https:\\\/\\\/www.altominho.tv\\\/site\\\/\"},{\"@type\":\"ListItem\",\"position\":2,\"name\":\"Projeto de energias renov\u00e1veis permite poupan\u00e7a de 12.000 euros anuais a empresa de Viana\"}]},{\"@type\":\"WebSite\",\"@id\":\"https:\\\/\\\/www.altominho.tv\\\/site\\\/#website\",\"url\":\"https:\\\/\\\/www.altominho.tv\\\/site\\\/\",\"name\":\"Altominho.tv\",\"description\":\"A sua regi\u00e3o \u00e0 dist\u00e2ncia de um clique...\",\"potentialAction\":[{\"@type\":\"SearchAction\",\"target\":{\"@type\":\"EntryPoint\",\"urlTemplate\":\"https:\\\/\\\/www.altominho.tv\\\/site\\\/?s={search_term_string}\"},\"query-input\":{\"@type\":\"PropertyValueSpecification\",\"valueRequired\":true,\"valueName\":\"search_term_string\"}}],\"inLanguage\":\"pt-PT\"},{\"@type\":\"Person\",\"@id\":\"https:\\\/\\\/www.altominho.tv\\\/site\\\/#\\\/schema\\\/person\\\/a0e4ef6d041f98ca284393d8f1d97153\",\"name\":\"Andreia Cunha\",\"image\":{\"@type\":\"ImageObject\",\"inLanguage\":\"pt-PT\",\"@id\":\"https:\\\/\\\/www.altominho.tv\\\/site\\\/wp-content\\\/uploads\\\/2017\\\/11\\\/Andreia_Cunha-1-150x150.jpg\",\"url\":\"https:\\\/\\\/www.altominho.tv\\\/site\\\/wp-content\\\/uploads\\\/2017\\\/11\\\/Andreia_Cunha-1-150x150.jpg\",\"contentUrl\":\"https:\\\/\\\/www.altominho.tv\\\/site\\\/wp-content\\\/uploads\\\/2017\\\/11\\\/Andreia_Cunha-1-150x150.jpg\",\"caption\":\"Andreia Cunha\"},\"url\":\"https:\\\/\\\/www.altominho.tv\\\/site\\\/author\\\/andreiacunha\\\/\"}]}<\/script>\n<!-- \/ Yoast SEO Premium plugin. -->","yoast_head_json":{"title":"Projeto de energias renov\u00e1veis permite poupan\u00e7a de 12.000 euros anuais a empresa de Viana","robots":{"index":"index","follow":"follow","max-snippet":"max-snippet:-1","max-image-preview":"max-image-preview:large","max-video-preview":"max-video-preview:-1"},"canonical":"https:\/\/www.altominho.tv\/site\/2019\/06\/18\/projeto-de-energias-renovaveis-permite-poupanca-de-12-000-euros-anuais-a-empresa-de-viana\/","og_locale":"pt_PT","og_type":"article","og_title":"Projeto de energias renov\u00e1veis permite poupan\u00e7a de 12.000 euros anuais a empresa de Viana","og_description":"A empresa de solu\u00e7\u00f5es de energias renov\u00e1veis SunEnergy anunciou hoje ter assinado na zona Industrial de Neiva, em Viana do Castelo, um contrato para execu\u00e7\u00e3o de um projeto em modelo de autoconsumo com a empresa de frescos e congelados Trincapeixe. Em comunicado, a SunEnergy adianta que a unidade de produ\u00e7\u00e3o em autoconsumo \u00e9 constitu\u00edda por [&hellip;]","og_url":"https:\/\/www.altominho.tv\/site\/2019\/06\/18\/projeto-de-energias-renovaveis-permite-poupanca-de-12-000-euros-anuais-a-empresa-de-viana\/","og_site_name":"Altominho.tv","article_publisher":"https:\/\/www.facebook.com\/altominhotv","article_published_time":"2019-06-18T12:42:12+00:00","article_modified_time":"2019-06-18T12:42:18+00:00","og_image":[{"width":1060,"height":594,"url":"https:\/\/www.altominho.tv\/site\/wp-content\/uploads\/2019\/06\/first-solar-1060x594.jpg","type":"image\/jpeg"}],"author":"Andreia Cunha","twitter_card":"summary_large_image","twitter_creator":"@altominhoTV","twitter_site":"@altominhoTV","twitter_misc":{"Escrito por":"Andreia Cunha","Tempo estimado de leitura":"1 minuto"},"schema":{"@context":"https:\/\/schema.org","@graph":[{"@type":"Article","@id":"https:\/\/www.altominho.tv\/site\/2019\/06\/18\/projeto-de-energias-renovaveis-permite-poupanca-de-12-000-euros-anuais-a-empresa-de-viana\/#article","isPartOf":{"@id":"https:\/\/www.altominho.tv\/site\/2019\/06\/18\/projeto-de-energias-renovaveis-permite-poupanca-de-12-000-euros-anuais-a-empresa-de-viana\/"},"author":{"name":"Andreia Cunha","@id":"https:\/\/www.altominho.tv\/site\/#\/schema\/person\/a0e4ef6d041f98ca284393d8f1d97153"},"headline":"Projeto de energias renov\u00e1veis permite poupan\u00e7a de 12.000 euros anuais a empresa de Viana","datePublished":"2019-06-18T12:42:12+00:00","dateModified":"2019-06-18T12:42:18+00:00","mainEntityOfPage":{"@id":"https:\/\/www.altominho.tv\/site\/2019\/06\/18\/projeto-de-energias-renovaveis-permite-poupanca-de-12-000-euros-anuais-a-empresa-de-viana\/"},"wordCount":152,"image":{"@id":"https:\/\/www.altominho.tv\/site\/2019\/06\/18\/projeto-de-energias-renovaveis-permite-poupanca-de-12-000-euros-anuais-a-empresa-de-viana\/#primaryimage"},"thumbnailUrl":"https:\/\/www.altominho.tv\/site\/wp-content\/uploads\/2019\/06\/first-solar-1060x594.jpg","keywords":["Sociedade"],"articleSection":["Viana do Castelo"],"inLanguage":"pt-PT","copyrightYear":"2019","copyrightHolder":{"@id":"https:\/\/www.altominho.tv\/site\/#organization"}},{"@type":"WebPage","@id":"https:\/\/www.altominho.tv\/site\/2019\/06\/18\/projeto-de-energias-renovaveis-permite-poupanca-de-12-000-euros-anuais-a-empresa-de-viana\/","url":"https:\/\/www.altominho.tv\/site\/2019\/06\/18\/projeto-de-energias-renovaveis-permite-poupanca-de-12-000-euros-anuais-a-empresa-de-viana\/","name":"Projeto de energias renov\u00e1veis permite poupan\u00e7a de 12.000 euros anuais a empresa de Viana","isPartOf":{"@id":"https:\/\/www.altominho.tv\/site\/#website"},"primaryImageOfPage":{"@id":"https:\/\/www.altominho.tv\/site\/2019\/06\/18\/projeto-de-energias-renovaveis-permite-poupanca-de-12-000-euros-anuais-a-empresa-de-viana\/#primaryimage"},"image":{"@id":"https:\/\/www.altominho.tv\/site\/2019\/06\/18\/projeto-de-energias-renovaveis-permite-poupanca-de-12-000-euros-anuais-a-empresa-de-viana\/#primaryimage"},"thumbnailUrl":"https:\/\/www.altominho.tv\/site\/wp-content\/uploads\/2019\/06\/first-solar-1060x594.jpg","datePublished":"2019-06-18T12:42:12+00:00","dateModified":"2019-06-18T12:42:18+00:00","author":{"@id":"https:\/\/www.altominho.tv\/site\/#\/schema\/person\/a0e4ef6d041f98ca284393d8f1d97153"},"breadcrumb":{"@id":"https:\/\/www.altominho.tv\/site\/2019\/06\/18\/projeto-de-energias-renovaveis-permite-poupanca-de-12-000-euros-anuais-a-empresa-de-viana\/#breadcrumb"},"inLanguage":"pt-PT","potentialAction":[{"@type":"ReadAction","target":["https:\/\/www.altominho.tv\/site\/2019\/06\/18\/projeto-de-energias-renovaveis-permite-poupanca-de-12-000-euros-anuais-a-empresa-de-viana\/"]}]},{"@type":"ImageObject","inLanguage":"pt-PT","@id":"https:\/\/www.altominho.tv\/site\/2019\/06\/18\/projeto-de-energias-renovaveis-permite-poupanca-de-12-000-euros-anuais-a-empresa-de-viana\/#primaryimage","url":"https:\/\/www.altominho.tv\/site\/wp-content\/uploads\/2019\/06\/first-solar-1060x594.jpg","contentUrl":"https:\/\/www.altominho.tv\/site\/wp-content\/uploads\/2019\/06\/first-solar-1060x594.jpg","width":1060,"height":594},{"@type":"BreadcrumbList","@id":"https:\/\/www.altominho.tv\/site\/2019\/06\/18\/projeto-de-energias-renovaveis-permite-poupanca-de-12-000-euros-anuais-a-empresa-de-viana\/#breadcrumb","itemListElement":[{"@type":"ListItem","position":1,"name":"In\u00edcio","item":"https:\/\/www.altominho.tv\/site\/"},{"@type":"ListItem","position":2,"name":"Projeto de energias renov\u00e1veis permite poupan\u00e7a de 12.000 euros anuais a empresa de Viana"}]},{"@type":"WebSite","@id":"https:\/\/www.altominho.tv\/site\/#website","url":"https:\/\/www.altominho.tv\/site\/","name":"Altominho.tv","description":"A sua regi\u00e3o \u00e0 dist\u00e2ncia de um clique...","potentialAction":[{"@type":"SearchAction","target":{"@type":"EntryPoint","urlTemplate":"https:\/\/www.altominho.tv\/site\/?s={search_term_string}"},"query-input":{"@type":"PropertyValueSpecification","valueRequired":true,"valueName":"search_term_string"}}],"inLanguage":"pt-PT"},{"@type":"Person","@id":"https:\/\/www.altominho.tv\/site\/#\/schema\/person\/a0e4ef6d041f98ca284393d8f1d97153","name":"Andreia Cunha","image":{"@type":"ImageObject","inLanguage":"pt-PT","@id":"https:\/\/www.altominho.tv\/site\/wp-content\/uploads\/2017\/11\/Andreia_Cunha-1-150x150.jpg","url":"https:\/\/www.altominho.tv\/site\/wp-content\/uploads\/2017\/11\/Andreia_Cunha-1-150x150.jpg","contentUrl":"https:\/\/www.altominho.tv\/site\/wp-content\/uploads\/2017\/11\/Andreia_Cunha-1-150x150.jpg","caption":"Andreia Cunha"},"url":"https:\/\/www.altominho.tv\/site\/author\/andreiacunha\/"}]}},"_links":{"self":[{"href":"https:\/\/www.altominho.tv\/site\/wp-json\/wp\/v2\/posts\/29858","targetHints":{"allow":["GET"]}}],"collection":[{"href":"https:\/\/www.altominho.tv\/site\/wp-json\/wp\/v2\/posts"}],"about":[{"href":"https:\/\/www.altominho.tv\/site\/wp-json\/wp\/v2\/types\/post"}],"author":[{"embeddable":true,"href":"https:\/\/www.altominho.tv\/site\/wp-json\/wp\/v2\/users\/7"}],"replies":[{"embeddable":true,"href":"https:\/\/www.altominho.tv\/site\/wp-json\/wp\/v2\/comments?post=29858"}],"version-history":[{"count":0,"href":"https:\/\/www.altominho.tv\/site\/wp-json\/wp\/v2\/posts\/29858\/revisions"}],"wp:featuredmedia":[{"embeddable":true,"href":"https:\/\/www.altominho.tv\/site\/wp-json\/wp\/v2\/media\/29859"}],"wp:attachment":[{"href":"https:\/\/www.altominho.tv\/site\/wp-json\/wp\/v2\/media?parent=29858"}],"wp:term":[{"taxonomy":"category","embeddable":true,"href":"https:\/\/www.altominho.tv\/site\/wp-json\/wp\/v2\/categories?post=29858"},{"taxonomy":"post_tag","embeddable":true,"href":"https:\/\/www.altominho.tv\/site\/wp-json\/wp\/v2\/tags?post=29858"}],"curies":[{"name":"wp","href":"https:\/\/api.w.org\/{rel}","templated":true}]}}