{"id":29817,"date":"2019-06-17T16:55:36","date_gmt":"2019-06-17T15:55:36","guid":{"rendered":"http:\/\/www.altominho.tv\/site\/?p=29817"},"modified":"2019-06-17T16:55:42","modified_gmt":"2019-06-17T15:55:42","slug":"touro-de-450-kg-chega-a-ponte-de-lima-para-tradicao-secular","status":"publish","type":"post","link":"https:\/\/www.altominho.tv\/site\/2019\/06\/17\/touro-de-450-kg-chega-a-ponte-de-lima-para-tradicao-secular\/","title":{"rendered":"Touro de 450 kg chega a Ponte de Lima para tradi\u00e7\u00e3o secular"},"content":{"rendered":"\n<p>Um touro de uma ganadaria de Montemor-o-Velho, Coimbra, com 450 quilos de peso, chega na ter\u00e7a-feira a Ponte de Lima, no Alto Minho, para cumprir a tradi\u00e7\u00e3o secular de a \u201cVaca das Cordas\u201d, assegurou hoje a organiza\u00e7\u00e3o.<\/p>\n\n\n\n<p>O presidente da associa\u00e7\u00e3o &#8220;Amigos da Vaca das Cordas&#8221;, An\u00edbal Varela, que h\u00e1 mais de 35 anos organiza o ritual, adiantou que o animal, comprado \u00e0 ganadaria Jo\u00e3o Isidro dos Reis, em Montemor-o-Velho, &#8220;chega ao final da manh\u00e3 de ter\u00e7a-feira e vai ficar na corte instalada no recinto da Expolima&#8221;.<\/p>\n\n\n\n<p>Na quarta-feira, \u00e9 transportado num cami\u00e3o at\u00e9 ao centro hist\u00f3rico da vila para cumprir aquela tradi\u00e7\u00e3o, que se realiza sempre na v\u00e9spera do feriado do Corpo de Deus e que &#8220;todos os anos arrasta multid\u00f5es&#8221;.\u00a0<\/p>\n\n\n\n<p>&#8220;A \u00fanica preocupa\u00e7\u00e3o \u00e9 a previs\u00e3o de chuva. A \u2018Vaca das Cordas&#8217; \u00e9 uma festa que arrasta centenas de pessoas\u201d, sendo muito importante \u201cpara o com\u00e9rcio, sobretudo para a restaura\u00e7\u00e3o&#8221;, disse An\u00edbal Varela.<\/p>\n\n\n\n<p>A tradi\u00e7\u00e3o de a &#8216;Vaca das Cordas&#8217; obriga a que o animal saia para a rua, na quarta-feira, pelas 18h00, conduzido por cerca de dezena e meia de pessoas e preso por duas cordas.<\/p>\n\n\n\n<p>\u00c9 levado at\u00e9 \u00e0 Igreja Matriz e preso \u00e0 janela de ferro da Torre dos Sinos, sendo-lhe dado um banho de vinho tinto da regi\u00e3o, &#8220;lombo abaixo, para retemperar for\u00e7as&#8221;, conforme reza o costume local.\u00a0<br><\/p>\n\n\n\n<p>D\u00e1 depois tr\u00eas voltas \u00e0 igreja, sempre com percal\u00e7os e muitos trambolh\u00f5es \u00e0 mistura dos populares que ousam enfrent\u00e1-lo, ap\u00f3s o que \u00e9 levado para o extenso areal da vila, dando lugar a perip\u00e9cias, com corridas, sustos, n\u00f3doas negras e trambolh\u00f5es e at\u00e9 pegas de caras amadoras.\u00a0<br><\/p>\n\n\n\n<p>Nas ruas do centro hist\u00f3rico ir\u00e1 cumprir-se, madrugada dentro, a confe\u00e7\u00e3o dos tapetes floridos, por onde ir\u00e1 passar a prociss\u00e3o do Corpo de Deus.\u00a0<br><\/p>\n\n\n\n<p>Na sexta-feira, o animal ser\u00e1 abatido no matadouro. A carne ser\u00e1 vendida num talho de Ponte de Lima.<br><\/p>\n\n\n\n<p>A mais antiga refer\u00eancia que se conhece de a \u201cVaca das Cordas\u201d remonta a 1646, quando um c\u00f3digo de posturas obrigava os moleiros do concelho (ministros de fun\u00e7\u00e3o) a conduzir, presa por cordas, uma vaca brava, sob condena\u00e7\u00e3o de 200 reis pagos na cadeia.\u00a0<br><\/p>\n\n\n\n<p>Mais tarde, segundo o C\u00f3digo de Posturas de 1720, a pena agravava-se para 480 r\u00e9is. Diz a lenda que a Igreja Matriz, da primitiva vila, era um tempo pag\u00e3o dedicado a uma deusa, simbolizada por uma vaca.\u00a0<br><\/p>\n\n\n\n<p>Posteriormente, este templo foi transformado em igreja pelos crist\u00e3os que retiraram do seu nicho a imagem da &#8220;deusa vaca&#8221; e com ela deram tr\u00eas voltas \u00e0 igreja, ap\u00f3s o que a arrastaram pelas ruas da vila.<br><\/p>\n\n\n\n<p>Da\u00ed vir\u00e1 o costume de a \u201cVaca das Cordas\u201d, um ritual que foi interrompido em 1881 pela verea\u00e7\u00e3o, tendo reaparecido por volta de 1922, para n\u00e3o mais deixar de se realizar.<\/p>\n\n\n\n<p>Fonte: Lusa<\/p>\n","protected":false},"excerpt":{"rendered":"<p>Um touro de uma ganadaria de Montemor-o-Velho, Coimbra, com 450 quilos de peso, chega na ter\u00e7a-feira a Ponte de Lima, no Alto Minho, para cumprir a tradi\u00e7\u00e3o secular de a \u201cVaca das Cordas\u201d, assegurou hoje a organiza\u00e7\u00e3o. O presidente da associa\u00e7\u00e3o &#8220;Amigos da Vaca das Cordas&#8221;, An\u00edbal Varela, que h\u00e1 mais de 35 anos organiza [&hellip;]<\/p>\n","protected":false},"author":7,"featured_media":29818,"comment_status":"closed","ping_status":"closed","sticky":false,"template":"","format":"standard","meta":{"_exactmetrics_skip_tracking":false,"_exactmetrics_sitenote_active":false,"_exactmetrics_sitenote_note":"","_exactmetrics_sitenote_category":0,"footnotes":""},"categories":[12],"tags":[27],"class_list":["post-29817","post","type-post","status-publish","format-standard","has-post-thumbnail","hentry","category-ponte-de-lima","tag-sociedade"],"yoast_head":"<!-- This site is optimized with the Yoast SEO Premium plugin v27.4 (Yoast SEO v27.4) - https:\/\/yoast.com\/product\/yoast-seo-premium-wordpress\/ -->\n<title>Touro de 450 kg chega a Ponte de Lima para tradi\u00e7\u00e3o secular<\/title>\n<meta name=\"robots\" content=\"index, follow, max-snippet:-1, max-image-preview:large, max-video-preview:-1\" \/>\n<link rel=\"canonical\" href=\"https:\/\/www.altominho.tv\/site\/2019\/06\/17\/touro-de-450-kg-chega-a-ponte-de-lima-para-tradicao-secular\/\" \/>\n<meta property=\"og:locale\" content=\"pt_PT\" \/>\n<meta property=\"og:type\" content=\"article\" \/>\n<meta property=\"og:title\" content=\"Touro de 450 kg chega a Ponte de Lima para tradi\u00e7\u00e3o secular\" \/>\n<meta property=\"og:description\" content=\"Um touro de uma ganadaria de Montemor-o-Velho, Coimbra, com 450 quilos de peso, chega na ter\u00e7a-feira a Ponte de Lima, no Alto Minho, para cumprir a tradi\u00e7\u00e3o secular de a \u201cVaca das Cordas\u201d, assegurou hoje a organiza\u00e7\u00e3o. O presidente da associa\u00e7\u00e3o &#8220;Amigos da Vaca das Cordas&#8221;, An\u00edbal Varela, que h\u00e1 mais de 35 anos organiza [&hellip;]\" \/>\n<meta property=\"og:url\" content=\"https:\/\/www.altominho.tv\/site\/2019\/06\/17\/touro-de-450-kg-chega-a-ponte-de-lima-para-tradicao-secular\/\" \/>\n<meta property=\"og:site_name\" content=\"Altominho.tv\" \/>\n<meta property=\"article:publisher\" content=\"https:\/\/www.facebook.com\/altominhotv\" \/>\n<meta property=\"article:published_time\" content=\"2019-06-17T15:55:36+00:00\" \/>\n<meta property=\"article:modified_time\" content=\"2019-06-17T15:55:42+00:00\" \/>\n<meta property=\"og:image\" content=\"https:\/\/www.altominho.tv\/site\/wp-content\/uploads\/2019\/06\/vaca-das-cordas.jpg\" \/>\n\t<meta property=\"og:image:width\" content=\"1280\" \/>\n\t<meta property=\"og:image:height\" content=\"720\" \/>\n\t<meta property=\"og:image:type\" content=\"image\/jpeg\" \/>\n<meta name=\"author\" content=\"Andreia Cunha\" \/>\n<meta name=\"twitter:card\" content=\"summary_large_image\" \/>\n<meta name=\"twitter:creator\" content=\"@altominhoTV\" \/>\n<meta name=\"twitter:site\" content=\"@altominhoTV\" \/>\n<meta name=\"twitter:label1\" content=\"Escrito por\" \/>\n\t<meta name=\"twitter:data1\" content=\"Andreia Cunha\" \/>\n\t<meta name=\"twitter:label2\" content=\"Tempo estimado de leitura\" \/>\n\t<meta name=\"twitter:data2\" content=\"2 minutos\" \/>\n<script type=\"application\/ld+json\" class=\"yoast-schema-graph\">{\"@context\":\"https:\\\/\\\/schema.org\",\"@graph\":[{\"@type\":\"Article\",\"@id\":\"https:\\\/\\\/www.altominho.tv\\\/site\\\/2019\\\/06\\\/17\\\/touro-de-450-kg-chega-a-ponte-de-lima-para-tradicao-secular\\\/#article\",\"isPartOf\":{\"@id\":\"https:\\\/\\\/www.altominho.tv\\\/site\\\/2019\\\/06\\\/17\\\/touro-de-450-kg-chega-a-ponte-de-lima-para-tradicao-secular\\\/\"},\"author\":{\"name\":\"Andreia Cunha\",\"@id\":\"https:\\\/\\\/www.altominho.tv\\\/site\\\/#\\\/schema\\\/person\\\/a0e4ef6d041f98ca284393d8f1d97153\"},\"headline\":\"Touro de 450 kg chega a Ponte de Lima para tradi\u00e7\u00e3o secular\",\"datePublished\":\"2019-06-17T15:55:36+00:00\",\"dateModified\":\"2019-06-17T15:55:42+00:00\",\"mainEntityOfPage\":{\"@id\":\"https:\\\/\\\/www.altominho.tv\\\/site\\\/2019\\\/06\\\/17\\\/touro-de-450-kg-chega-a-ponte-de-lima-para-tradicao-secular\\\/\"},\"wordCount\":499,\"image\":{\"@id\":\"https:\\\/\\\/www.altominho.tv\\\/site\\\/2019\\\/06\\\/17\\\/touro-de-450-kg-chega-a-ponte-de-lima-para-tradicao-secular\\\/#primaryimage\"},\"thumbnailUrl\":\"https:\\\/\\\/www.altominho.tv\\\/site\\\/wp-content\\\/uploads\\\/2019\\\/06\\\/vaca-das-cordas.jpg\",\"keywords\":[\"Sociedade\"],\"articleSection\":[\"Ponte de Lima\"],\"inLanguage\":\"pt-PT\",\"copyrightYear\":\"2019\",\"copyrightHolder\":{\"@id\":\"https:\\\/\\\/www.altominho.tv\\\/site\\\/#organization\"}},{\"@type\":\"WebPage\",\"@id\":\"https:\\\/\\\/www.altominho.tv\\\/site\\\/2019\\\/06\\\/17\\\/touro-de-450-kg-chega-a-ponte-de-lima-para-tradicao-secular\\\/\",\"url\":\"https:\\\/\\\/www.altominho.tv\\\/site\\\/2019\\\/06\\\/17\\\/touro-de-450-kg-chega-a-ponte-de-lima-para-tradicao-secular\\\/\",\"name\":\"Touro de 450 kg chega a Ponte de Lima para tradi\u00e7\u00e3o secular\",\"isPartOf\":{\"@id\":\"https:\\\/\\\/www.altominho.tv\\\/site\\\/#website\"},\"primaryImageOfPage\":{\"@id\":\"https:\\\/\\\/www.altominho.tv\\\/site\\\/2019\\\/06\\\/17\\\/touro-de-450-kg-chega-a-ponte-de-lima-para-tradicao-secular\\\/#primaryimage\"},\"image\":{\"@id\":\"https:\\\/\\\/www.altominho.tv\\\/site\\\/2019\\\/06\\\/17\\\/touro-de-450-kg-chega-a-ponte-de-lima-para-tradicao-secular\\\/#primaryimage\"},\"thumbnailUrl\":\"https:\\\/\\\/www.altominho.tv\\\/site\\\/wp-content\\\/uploads\\\/2019\\\/06\\\/vaca-das-cordas.jpg\",\"datePublished\":\"2019-06-17T15:55:36+00:00\",\"dateModified\":\"2019-06-17T15:55:42+00:00\",\"author\":{\"@id\":\"https:\\\/\\\/www.altominho.tv\\\/site\\\/#\\\/schema\\\/person\\\/a0e4ef6d041f98ca284393d8f1d97153\"},\"breadcrumb\":{\"@id\":\"https:\\\/\\\/www.altominho.tv\\\/site\\\/2019\\\/06\\\/17\\\/touro-de-450-kg-chega-a-ponte-de-lima-para-tradicao-secular\\\/#breadcrumb\"},\"inLanguage\":\"pt-PT\",\"potentialAction\":[{\"@type\":\"ReadAction\",\"target\":[\"https:\\\/\\\/www.altominho.tv\\\/site\\\/2019\\\/06\\\/17\\\/touro-de-450-kg-chega-a-ponte-de-lima-para-tradicao-secular\\\/\"]}]},{\"@type\":\"ImageObject\",\"inLanguage\":\"pt-PT\",\"@id\":\"https:\\\/\\\/www.altominho.tv\\\/site\\\/2019\\\/06\\\/17\\\/touro-de-450-kg-chega-a-ponte-de-lima-para-tradicao-secular\\\/#primaryimage\",\"url\":\"https:\\\/\\\/www.altominho.tv\\\/site\\\/wp-content\\\/uploads\\\/2019\\\/06\\\/vaca-das-cordas.jpg\",\"contentUrl\":\"https:\\\/\\\/www.altominho.tv\\\/site\\\/wp-content\\\/uploads\\\/2019\\\/06\\\/vaca-das-cordas.jpg\",\"width\":1280,\"height\":720},{\"@type\":\"BreadcrumbList\",\"@id\":\"https:\\\/\\\/www.altominho.tv\\\/site\\\/2019\\\/06\\\/17\\\/touro-de-450-kg-chega-a-ponte-de-lima-para-tradicao-secular\\\/#breadcrumb\",\"itemListElement\":[{\"@type\":\"ListItem\",\"position\":1,\"name\":\"In\u00edcio\",\"item\":\"https:\\\/\\\/www.altominho.tv\\\/site\\\/\"},{\"@type\":\"ListItem\",\"position\":2,\"name\":\"Touro de 450 kg chega a Ponte de Lima para tradi\u00e7\u00e3o secular\"}]},{\"@type\":\"WebSite\",\"@id\":\"https:\\\/\\\/www.altominho.tv\\\/site\\\/#website\",\"url\":\"https:\\\/\\\/www.altominho.tv\\\/site\\\/\",\"name\":\"Altominho.tv\",\"description\":\"A sua regi\u00e3o \u00e0 dist\u00e2ncia de um clique...\",\"potentialAction\":[{\"@type\":\"SearchAction\",\"target\":{\"@type\":\"EntryPoint\",\"urlTemplate\":\"https:\\\/\\\/www.altominho.tv\\\/site\\\/?s={search_term_string}\"},\"query-input\":{\"@type\":\"PropertyValueSpecification\",\"valueRequired\":true,\"valueName\":\"search_term_string\"}}],\"inLanguage\":\"pt-PT\"},{\"@type\":\"Person\",\"@id\":\"https:\\\/\\\/www.altominho.tv\\\/site\\\/#\\\/schema\\\/person\\\/a0e4ef6d041f98ca284393d8f1d97153\",\"name\":\"Andreia Cunha\",\"image\":{\"@type\":\"ImageObject\",\"inLanguage\":\"pt-PT\",\"@id\":\"https:\\\/\\\/www.altominho.tv\\\/site\\\/wp-content\\\/uploads\\\/2017\\\/11\\\/Andreia_Cunha-1-150x150.jpg\",\"url\":\"https:\\\/\\\/www.altominho.tv\\\/site\\\/wp-content\\\/uploads\\\/2017\\\/11\\\/Andreia_Cunha-1-150x150.jpg\",\"contentUrl\":\"https:\\\/\\\/www.altominho.tv\\\/site\\\/wp-content\\\/uploads\\\/2017\\\/11\\\/Andreia_Cunha-1-150x150.jpg\",\"caption\":\"Andreia Cunha\"},\"url\":\"https:\\\/\\\/www.altominho.tv\\\/site\\\/author\\\/andreiacunha\\\/\"}]}<\/script>\n<!-- \/ Yoast SEO Premium plugin. -->","yoast_head_json":{"title":"Touro de 450 kg chega a Ponte de Lima para tradi\u00e7\u00e3o secular","robots":{"index":"index","follow":"follow","max-snippet":"max-snippet:-1","max-image-preview":"max-image-preview:large","max-video-preview":"max-video-preview:-1"},"canonical":"https:\/\/www.altominho.tv\/site\/2019\/06\/17\/touro-de-450-kg-chega-a-ponte-de-lima-para-tradicao-secular\/","og_locale":"pt_PT","og_type":"article","og_title":"Touro de 450 kg chega a Ponte de Lima para tradi\u00e7\u00e3o secular","og_description":"Um touro de uma ganadaria de Montemor-o-Velho, Coimbra, com 450 quilos de peso, chega na ter\u00e7a-feira a Ponte de Lima, no Alto Minho, para cumprir a tradi\u00e7\u00e3o secular de a \u201cVaca das Cordas\u201d, assegurou hoje a organiza\u00e7\u00e3o. O presidente da associa\u00e7\u00e3o &#8220;Amigos da Vaca das Cordas&#8221;, An\u00edbal Varela, que h\u00e1 mais de 35 anos organiza [&hellip;]","og_url":"https:\/\/www.altominho.tv\/site\/2019\/06\/17\/touro-de-450-kg-chega-a-ponte-de-lima-para-tradicao-secular\/","og_site_name":"Altominho.tv","article_publisher":"https:\/\/www.facebook.com\/altominhotv","article_published_time":"2019-06-17T15:55:36+00:00","article_modified_time":"2019-06-17T15:55:42+00:00","og_image":[{"width":1280,"height":720,"url":"https:\/\/www.altominho.tv\/site\/wp-content\/uploads\/2019\/06\/vaca-das-cordas.jpg","type":"image\/jpeg"}],"author":"Andreia Cunha","twitter_card":"summary_large_image","twitter_creator":"@altominhoTV","twitter_site":"@altominhoTV","twitter_misc":{"Escrito por":"Andreia Cunha","Tempo estimado de leitura":"2 minutos"},"schema":{"@context":"https:\/\/schema.org","@graph":[{"@type":"Article","@id":"https:\/\/www.altominho.tv\/site\/2019\/06\/17\/touro-de-450-kg-chega-a-ponte-de-lima-para-tradicao-secular\/#article","isPartOf":{"@id":"https:\/\/www.altominho.tv\/site\/2019\/06\/17\/touro-de-450-kg-chega-a-ponte-de-lima-para-tradicao-secular\/"},"author":{"name":"Andreia Cunha","@id":"https:\/\/www.altominho.tv\/site\/#\/schema\/person\/a0e4ef6d041f98ca284393d8f1d97153"},"headline":"Touro de 450 kg chega a Ponte de Lima para tradi\u00e7\u00e3o secular","datePublished":"2019-06-17T15:55:36+00:00","dateModified":"2019-06-17T15:55:42+00:00","mainEntityOfPage":{"@id":"https:\/\/www.altominho.tv\/site\/2019\/06\/17\/touro-de-450-kg-chega-a-ponte-de-lima-para-tradicao-secular\/"},"wordCount":499,"image":{"@id":"https:\/\/www.altominho.tv\/site\/2019\/06\/17\/touro-de-450-kg-chega-a-ponte-de-lima-para-tradicao-secular\/#primaryimage"},"thumbnailUrl":"https:\/\/www.altominho.tv\/site\/wp-content\/uploads\/2019\/06\/vaca-das-cordas.jpg","keywords":["Sociedade"],"articleSection":["Ponte de Lima"],"inLanguage":"pt-PT","copyrightYear":"2019","copyrightHolder":{"@id":"https:\/\/www.altominho.tv\/site\/#organization"}},{"@type":"WebPage","@id":"https:\/\/www.altominho.tv\/site\/2019\/06\/17\/touro-de-450-kg-chega-a-ponte-de-lima-para-tradicao-secular\/","url":"https:\/\/www.altominho.tv\/site\/2019\/06\/17\/touro-de-450-kg-chega-a-ponte-de-lima-para-tradicao-secular\/","name":"Touro de 450 kg chega a Ponte de Lima para tradi\u00e7\u00e3o secular","isPartOf":{"@id":"https:\/\/www.altominho.tv\/site\/#website"},"primaryImageOfPage":{"@id":"https:\/\/www.altominho.tv\/site\/2019\/06\/17\/touro-de-450-kg-chega-a-ponte-de-lima-para-tradicao-secular\/#primaryimage"},"image":{"@id":"https:\/\/www.altominho.tv\/site\/2019\/06\/17\/touro-de-450-kg-chega-a-ponte-de-lima-para-tradicao-secular\/#primaryimage"},"thumbnailUrl":"https:\/\/www.altominho.tv\/site\/wp-content\/uploads\/2019\/06\/vaca-das-cordas.jpg","datePublished":"2019-06-17T15:55:36+00:00","dateModified":"2019-06-17T15:55:42+00:00","author":{"@id":"https:\/\/www.altominho.tv\/site\/#\/schema\/person\/a0e4ef6d041f98ca284393d8f1d97153"},"breadcrumb":{"@id":"https:\/\/www.altominho.tv\/site\/2019\/06\/17\/touro-de-450-kg-chega-a-ponte-de-lima-para-tradicao-secular\/#breadcrumb"},"inLanguage":"pt-PT","potentialAction":[{"@type":"ReadAction","target":["https:\/\/www.altominho.tv\/site\/2019\/06\/17\/touro-de-450-kg-chega-a-ponte-de-lima-para-tradicao-secular\/"]}]},{"@type":"ImageObject","inLanguage":"pt-PT","@id":"https:\/\/www.altominho.tv\/site\/2019\/06\/17\/touro-de-450-kg-chega-a-ponte-de-lima-para-tradicao-secular\/#primaryimage","url":"https:\/\/www.altominho.tv\/site\/wp-content\/uploads\/2019\/06\/vaca-das-cordas.jpg","contentUrl":"https:\/\/www.altominho.tv\/site\/wp-content\/uploads\/2019\/06\/vaca-das-cordas.jpg","width":1280,"height":720},{"@type":"BreadcrumbList","@id":"https:\/\/www.altominho.tv\/site\/2019\/06\/17\/touro-de-450-kg-chega-a-ponte-de-lima-para-tradicao-secular\/#breadcrumb","itemListElement":[{"@type":"ListItem","position":1,"name":"In\u00edcio","item":"https:\/\/www.altominho.tv\/site\/"},{"@type":"ListItem","position":2,"name":"Touro de 450 kg chega a Ponte de Lima para tradi\u00e7\u00e3o secular"}]},{"@type":"WebSite","@id":"https:\/\/www.altominho.tv\/site\/#website","url":"https:\/\/www.altominho.tv\/site\/","name":"Altominho.tv","description":"A sua regi\u00e3o \u00e0 dist\u00e2ncia de um clique...","potentialAction":[{"@type":"SearchAction","target":{"@type":"EntryPoint","urlTemplate":"https:\/\/www.altominho.tv\/site\/?s={search_term_string}"},"query-input":{"@type":"PropertyValueSpecification","valueRequired":true,"valueName":"search_term_string"}}],"inLanguage":"pt-PT"},{"@type":"Person","@id":"https:\/\/www.altominho.tv\/site\/#\/schema\/person\/a0e4ef6d041f98ca284393d8f1d97153","name":"Andreia Cunha","image":{"@type":"ImageObject","inLanguage":"pt-PT","@id":"https:\/\/www.altominho.tv\/site\/wp-content\/uploads\/2017\/11\/Andreia_Cunha-1-150x150.jpg","url":"https:\/\/www.altominho.tv\/site\/wp-content\/uploads\/2017\/11\/Andreia_Cunha-1-150x150.jpg","contentUrl":"https:\/\/www.altominho.tv\/site\/wp-content\/uploads\/2017\/11\/Andreia_Cunha-1-150x150.jpg","caption":"Andreia Cunha"},"url":"https:\/\/www.altominho.tv\/site\/author\/andreiacunha\/"}]}},"_links":{"self":[{"href":"https:\/\/www.altominho.tv\/site\/wp-json\/wp\/v2\/posts\/29817","targetHints":{"allow":["GET"]}}],"collection":[{"href":"https:\/\/www.altominho.tv\/site\/wp-json\/wp\/v2\/posts"}],"about":[{"href":"https:\/\/www.altominho.tv\/site\/wp-json\/wp\/v2\/types\/post"}],"author":[{"embeddable":true,"href":"https:\/\/www.altominho.tv\/site\/wp-json\/wp\/v2\/users\/7"}],"replies":[{"embeddable":true,"href":"https:\/\/www.altominho.tv\/site\/wp-json\/wp\/v2\/comments?post=29817"}],"version-history":[{"count":0,"href":"https:\/\/www.altominho.tv\/site\/wp-json\/wp\/v2\/posts\/29817\/revisions"}],"wp:featuredmedia":[{"embeddable":true,"href":"https:\/\/www.altominho.tv\/site\/wp-json\/wp\/v2\/media\/29818"}],"wp:attachment":[{"href":"https:\/\/www.altominho.tv\/site\/wp-json\/wp\/v2\/media?parent=29817"}],"wp:term":[{"taxonomy":"category","embeddable":true,"href":"https:\/\/www.altominho.tv\/site\/wp-json\/wp\/v2\/categories?post=29817"},{"taxonomy":"post_tag","embeddable":true,"href":"https:\/\/www.altominho.tv\/site\/wp-json\/wp\/v2\/tags?post=29817"}],"curies":[{"name":"wp","href":"https:\/\/api.w.org\/{rel}","templated":true}]}}