{"id":29806,"date":"2019-06-17T15:44:03","date_gmt":"2019-06-17T14:44:03","guid":{"rendered":"http:\/\/www.altominho.tv\/site\/?p=29806"},"modified":"2019-06-17T15:50:43","modified_gmt":"2019-06-17T14:50:43","slug":"marchas-de-s-joao-em-ponte-de-lima-no-dia-22","status":"publish","type":"post","link":"https:\/\/www.altominho.tv\/site\/2019\/06\/17\/marchas-de-s-joao-em-ponte-de-lima-no-dia-22\/","title":{"rendered":"Marchas de S. Jo\u00e3o em Ponte de Lima no dia 22"},"content":{"rendered":"\n<p>O desfile das Marchas de S\u00e3o Jo\u00e3o est\u00e1 de regresso a Ponte de Lima no pr\u00f3ximo s\u00e1bado, dia 22 de junho.<\/p>\n\n\n\n<p>O desfile tem partida na Rua do Arrabalde, com a presen\u00e7a das freguesias de Anais, Correlh\u00e3 e Seara.<\/p>\n\n\n\n<p>Este desfile \u00e9 j\u00e1 uma tradi\u00e7\u00e3o e tem in\u00edcio pelas 22h00. <\/p>\n","protected":false},"excerpt":{"rendered":"<p>O desfile das Marchas de S\u00e3o Jo\u00e3o est\u00e1 de regresso a Ponte de Lima no pr\u00f3ximo s\u00e1bado, dia 22 de junho. O desfile tem partida na Rua do Arrabalde, com a presen\u00e7a das freguesias de Anais, Correlh\u00e3 e Seara. Este desfile \u00e9 j\u00e1 uma tradi\u00e7\u00e3o e tem in\u00edcio pelas 22h00.<\/p>\n","protected":false},"author":7,"featured_media":29807,"comment_status":"closed","ping_status":"closed","sticky":false,"template":"","format":"standard","meta":{"_exactmetrics_skip_tracking":false,"_exactmetrics_sitenote_active":false,"_exactmetrics_sitenote_note":"","_exactmetrics_sitenote_category":0,"footnotes":""},"categories":[12],"tags":[27],"class_list":["post-29806","post","type-post","status-publish","format-standard","has-post-thumbnail","hentry","category-ponte-de-lima","tag-sociedade"],"yoast_head":"<!-- This site is optimized with the Yoast SEO Premium plugin v27.4 (Yoast SEO v27.4) - https:\/\/yoast.com\/product\/yoast-seo-premium-wordpress\/ -->\n<title>Marchas de S. Jo\u00e3o em Ponte de Lima no dia 22<\/title>\n<meta name=\"robots\" content=\"index, follow, max-snippet:-1, max-image-preview:large, max-video-preview:-1\" \/>\n<link rel=\"canonical\" href=\"https:\/\/www.altominho.tv\/site\/2019\/06\/17\/marchas-de-s-joao-em-ponte-de-lima-no-dia-22\/\" \/>\n<meta property=\"og:locale\" content=\"pt_PT\" \/>\n<meta property=\"og:type\" content=\"article\" \/>\n<meta property=\"og:title\" content=\"Marchas de S. Jo\u00e3o em Ponte de Lima no dia 22\" \/>\n<meta property=\"og:description\" content=\"O desfile das Marchas de S\u00e3o Jo\u00e3o est\u00e1 de regresso a Ponte de Lima no pr\u00f3ximo s\u00e1bado, dia 22 de junho. O desfile tem partida na Rua do Arrabalde, com a presen\u00e7a das freguesias de Anais, Correlh\u00e3 e Seara. Este desfile \u00e9 j\u00e1 uma tradi\u00e7\u00e3o e tem in\u00edcio pelas 22h00.\" \/>\n<meta property=\"og:url\" content=\"https:\/\/www.altominho.tv\/site\/2019\/06\/17\/marchas-de-s-joao-em-ponte-de-lima-no-dia-22\/\" \/>\n<meta property=\"og:site_name\" content=\"Altominho.tv\" \/>\n<meta property=\"article:publisher\" content=\"https:\/\/www.facebook.com\/altominhotv\" \/>\n<meta property=\"article:published_time\" content=\"2019-06-17T14:44:03+00:00\" \/>\n<meta property=\"article:modified_time\" content=\"2019-06-17T14:50:43+00:00\" \/>\n<meta property=\"og:image\" content=\"https:\/\/www.altominho.tv\/site\/wp-content\/uploads\/2019\/06\/marchas.jpg\" \/>\n\t<meta property=\"og:image:width\" content=\"1000\" \/>\n\t<meta property=\"og:image:height\" content=\"524\" \/>\n\t<meta property=\"og:image:type\" content=\"image\/jpeg\" \/>\n<meta name=\"author\" content=\"Andreia Cunha\" \/>\n<meta name=\"twitter:card\" content=\"summary_large_image\" \/>\n<meta name=\"twitter:creator\" content=\"@altominhoTV\" \/>\n<meta name=\"twitter:site\" content=\"@altominhoTV\" \/>\n<meta name=\"twitter:label1\" content=\"Escrito por\" \/>\n\t<meta name=\"twitter:data1\" content=\"Andreia Cunha\" \/>\n<script type=\"application\/ld+json\" class=\"yoast-schema-graph\">{\"@context\":\"https:\\\/\\\/schema.org\",\"@graph\":[{\"@type\":\"Article\",\"@id\":\"https:\\\/\\\/www.altominho.tv\\\/site\\\/2019\\\/06\\\/17\\\/marchas-de-s-joao-em-ponte-de-lima-no-dia-22\\\/#article\",\"isPartOf\":{\"@id\":\"https:\\\/\\\/www.altominho.tv\\\/site\\\/2019\\\/06\\\/17\\\/marchas-de-s-joao-em-ponte-de-lima-no-dia-22\\\/\"},\"author\":{\"name\":\"Andreia Cunha\",\"@id\":\"https:\\\/\\\/www.altominho.tv\\\/site\\\/#\\\/schema\\\/person\\\/a0e4ef6d041f98ca284393d8f1d97153\"},\"headline\":\"Marchas de S. Jo\u00e3o em Ponte de Lima no dia 22\",\"datePublished\":\"2019-06-17T14:44:03+00:00\",\"dateModified\":\"2019-06-17T14:50:43+00:00\",\"mainEntityOfPage\":{\"@id\":\"https:\\\/\\\/www.altominho.tv\\\/site\\\/2019\\\/06\\\/17\\\/marchas-de-s-joao-em-ponte-de-lima-no-dia-22\\\/\"},\"wordCount\":66,\"image\":{\"@id\":\"https:\\\/\\\/www.altominho.tv\\\/site\\\/2019\\\/06\\\/17\\\/marchas-de-s-joao-em-ponte-de-lima-no-dia-22\\\/#primaryimage\"},\"thumbnailUrl\":\"https:\\\/\\\/www.altominho.tv\\\/site\\\/wp-content\\\/uploads\\\/2019\\\/06\\\/marchas.jpg\",\"keywords\":[\"Sociedade\"],\"articleSection\":[\"Ponte de Lima\"],\"inLanguage\":\"pt-PT\",\"copyrightYear\":\"2019\",\"copyrightHolder\":{\"@id\":\"https:\\\/\\\/www.altominho.tv\\\/site\\\/#organization\"}},{\"@type\":\"WebPage\",\"@id\":\"https:\\\/\\\/www.altominho.tv\\\/site\\\/2019\\\/06\\\/17\\\/marchas-de-s-joao-em-ponte-de-lima-no-dia-22\\\/\",\"url\":\"https:\\\/\\\/www.altominho.tv\\\/site\\\/2019\\\/06\\\/17\\\/marchas-de-s-joao-em-ponte-de-lima-no-dia-22\\\/\",\"name\":\"Marchas de S. Jo\u00e3o em Ponte de Lima no dia 22\",\"isPartOf\":{\"@id\":\"https:\\\/\\\/www.altominho.tv\\\/site\\\/#website\"},\"primaryImageOfPage\":{\"@id\":\"https:\\\/\\\/www.altominho.tv\\\/site\\\/2019\\\/06\\\/17\\\/marchas-de-s-joao-em-ponte-de-lima-no-dia-22\\\/#primaryimage\"},\"image\":{\"@id\":\"https:\\\/\\\/www.altominho.tv\\\/site\\\/2019\\\/06\\\/17\\\/marchas-de-s-joao-em-ponte-de-lima-no-dia-22\\\/#primaryimage\"},\"thumbnailUrl\":\"https:\\\/\\\/www.altominho.tv\\\/site\\\/wp-content\\\/uploads\\\/2019\\\/06\\\/marchas.jpg\",\"datePublished\":\"2019-06-17T14:44:03+00:00\",\"dateModified\":\"2019-06-17T14:50:43+00:00\",\"author\":{\"@id\":\"https:\\\/\\\/www.altominho.tv\\\/site\\\/#\\\/schema\\\/person\\\/a0e4ef6d041f98ca284393d8f1d97153\"},\"breadcrumb\":{\"@id\":\"https:\\\/\\\/www.altominho.tv\\\/site\\\/2019\\\/06\\\/17\\\/marchas-de-s-joao-em-ponte-de-lima-no-dia-22\\\/#breadcrumb\"},\"inLanguage\":\"pt-PT\",\"potentialAction\":[{\"@type\":\"ReadAction\",\"target\":[\"https:\\\/\\\/www.altominho.tv\\\/site\\\/2019\\\/06\\\/17\\\/marchas-de-s-joao-em-ponte-de-lima-no-dia-22\\\/\"]}]},{\"@type\":\"ImageObject\",\"inLanguage\":\"pt-PT\",\"@id\":\"https:\\\/\\\/www.altominho.tv\\\/site\\\/2019\\\/06\\\/17\\\/marchas-de-s-joao-em-ponte-de-lima-no-dia-22\\\/#primaryimage\",\"url\":\"https:\\\/\\\/www.altominho.tv\\\/site\\\/wp-content\\\/uploads\\\/2019\\\/06\\\/marchas.jpg\",\"contentUrl\":\"https:\\\/\\\/www.altominho.tv\\\/site\\\/wp-content\\\/uploads\\\/2019\\\/06\\\/marchas.jpg\",\"width\":1000,\"height\":524},{\"@type\":\"BreadcrumbList\",\"@id\":\"https:\\\/\\\/www.altominho.tv\\\/site\\\/2019\\\/06\\\/17\\\/marchas-de-s-joao-em-ponte-de-lima-no-dia-22\\\/#breadcrumb\",\"itemListElement\":[{\"@type\":\"ListItem\",\"position\":1,\"name\":\"In\u00edcio\",\"item\":\"https:\\\/\\\/www.altominho.tv\\\/site\\\/\"},{\"@type\":\"ListItem\",\"position\":2,\"name\":\"Marchas de S. Jo\u00e3o em Ponte de Lima no dia 22\"}]},{\"@type\":\"WebSite\",\"@id\":\"https:\\\/\\\/www.altominho.tv\\\/site\\\/#website\",\"url\":\"https:\\\/\\\/www.altominho.tv\\\/site\\\/\",\"name\":\"Altominho.tv\",\"description\":\"A sua regi\u00e3o \u00e0 dist\u00e2ncia de um clique...\",\"potentialAction\":[{\"@type\":\"SearchAction\",\"target\":{\"@type\":\"EntryPoint\",\"urlTemplate\":\"https:\\\/\\\/www.altominho.tv\\\/site\\\/?s={search_term_string}\"},\"query-input\":{\"@type\":\"PropertyValueSpecification\",\"valueRequired\":true,\"valueName\":\"search_term_string\"}}],\"inLanguage\":\"pt-PT\"},{\"@type\":\"Person\",\"@id\":\"https:\\\/\\\/www.altominho.tv\\\/site\\\/#\\\/schema\\\/person\\\/a0e4ef6d041f98ca284393d8f1d97153\",\"name\":\"Andreia Cunha\",\"image\":{\"@type\":\"ImageObject\",\"inLanguage\":\"pt-PT\",\"@id\":\"https:\\\/\\\/www.altominho.tv\\\/site\\\/wp-content\\\/uploads\\\/2017\\\/11\\\/Andreia_Cunha-1-150x150.jpg\",\"url\":\"https:\\\/\\\/www.altominho.tv\\\/site\\\/wp-content\\\/uploads\\\/2017\\\/11\\\/Andreia_Cunha-1-150x150.jpg\",\"contentUrl\":\"https:\\\/\\\/www.altominho.tv\\\/site\\\/wp-content\\\/uploads\\\/2017\\\/11\\\/Andreia_Cunha-1-150x150.jpg\",\"caption\":\"Andreia Cunha\"},\"url\":\"https:\\\/\\\/www.altominho.tv\\\/site\\\/author\\\/andreiacunha\\\/\"}]}<\/script>\n<!-- \/ Yoast SEO Premium plugin. -->","yoast_head_json":{"title":"Marchas de S. Jo\u00e3o em Ponte de Lima no dia 22","robots":{"index":"index","follow":"follow","max-snippet":"max-snippet:-1","max-image-preview":"max-image-preview:large","max-video-preview":"max-video-preview:-1"},"canonical":"https:\/\/www.altominho.tv\/site\/2019\/06\/17\/marchas-de-s-joao-em-ponte-de-lima-no-dia-22\/","og_locale":"pt_PT","og_type":"article","og_title":"Marchas de S. Jo\u00e3o em Ponte de Lima no dia 22","og_description":"O desfile das Marchas de S\u00e3o Jo\u00e3o est\u00e1 de regresso a Ponte de Lima no pr\u00f3ximo s\u00e1bado, dia 22 de junho. O desfile tem partida na Rua do Arrabalde, com a presen\u00e7a das freguesias de Anais, Correlh\u00e3 e Seara. Este desfile \u00e9 j\u00e1 uma tradi\u00e7\u00e3o e tem in\u00edcio pelas 22h00.","og_url":"https:\/\/www.altominho.tv\/site\/2019\/06\/17\/marchas-de-s-joao-em-ponte-de-lima-no-dia-22\/","og_site_name":"Altominho.tv","article_publisher":"https:\/\/www.facebook.com\/altominhotv","article_published_time":"2019-06-17T14:44:03+00:00","article_modified_time":"2019-06-17T14:50:43+00:00","og_image":[{"width":1000,"height":524,"url":"https:\/\/www.altominho.tv\/site\/wp-content\/uploads\/2019\/06\/marchas.jpg","type":"image\/jpeg"}],"author":"Andreia Cunha","twitter_card":"summary_large_image","twitter_creator":"@altominhoTV","twitter_site":"@altominhoTV","twitter_misc":{"Escrito por":"Andreia Cunha"},"schema":{"@context":"https:\/\/schema.org","@graph":[{"@type":"Article","@id":"https:\/\/www.altominho.tv\/site\/2019\/06\/17\/marchas-de-s-joao-em-ponte-de-lima-no-dia-22\/#article","isPartOf":{"@id":"https:\/\/www.altominho.tv\/site\/2019\/06\/17\/marchas-de-s-joao-em-ponte-de-lima-no-dia-22\/"},"author":{"name":"Andreia Cunha","@id":"https:\/\/www.altominho.tv\/site\/#\/schema\/person\/a0e4ef6d041f98ca284393d8f1d97153"},"headline":"Marchas de S. Jo\u00e3o em Ponte de Lima no dia 22","datePublished":"2019-06-17T14:44:03+00:00","dateModified":"2019-06-17T14:50:43+00:00","mainEntityOfPage":{"@id":"https:\/\/www.altominho.tv\/site\/2019\/06\/17\/marchas-de-s-joao-em-ponte-de-lima-no-dia-22\/"},"wordCount":66,"image":{"@id":"https:\/\/www.altominho.tv\/site\/2019\/06\/17\/marchas-de-s-joao-em-ponte-de-lima-no-dia-22\/#primaryimage"},"thumbnailUrl":"https:\/\/www.altominho.tv\/site\/wp-content\/uploads\/2019\/06\/marchas.jpg","keywords":["Sociedade"],"articleSection":["Ponte de Lima"],"inLanguage":"pt-PT","copyrightYear":"2019","copyrightHolder":{"@id":"https:\/\/www.altominho.tv\/site\/#organization"}},{"@type":"WebPage","@id":"https:\/\/www.altominho.tv\/site\/2019\/06\/17\/marchas-de-s-joao-em-ponte-de-lima-no-dia-22\/","url":"https:\/\/www.altominho.tv\/site\/2019\/06\/17\/marchas-de-s-joao-em-ponte-de-lima-no-dia-22\/","name":"Marchas de S. Jo\u00e3o em Ponte de Lima no dia 22","isPartOf":{"@id":"https:\/\/www.altominho.tv\/site\/#website"},"primaryImageOfPage":{"@id":"https:\/\/www.altominho.tv\/site\/2019\/06\/17\/marchas-de-s-joao-em-ponte-de-lima-no-dia-22\/#primaryimage"},"image":{"@id":"https:\/\/www.altominho.tv\/site\/2019\/06\/17\/marchas-de-s-joao-em-ponte-de-lima-no-dia-22\/#primaryimage"},"thumbnailUrl":"https:\/\/www.altominho.tv\/site\/wp-content\/uploads\/2019\/06\/marchas.jpg","datePublished":"2019-06-17T14:44:03+00:00","dateModified":"2019-06-17T14:50:43+00:00","author":{"@id":"https:\/\/www.altominho.tv\/site\/#\/schema\/person\/a0e4ef6d041f98ca284393d8f1d97153"},"breadcrumb":{"@id":"https:\/\/www.altominho.tv\/site\/2019\/06\/17\/marchas-de-s-joao-em-ponte-de-lima-no-dia-22\/#breadcrumb"},"inLanguage":"pt-PT","potentialAction":[{"@type":"ReadAction","target":["https:\/\/www.altominho.tv\/site\/2019\/06\/17\/marchas-de-s-joao-em-ponte-de-lima-no-dia-22\/"]}]},{"@type":"ImageObject","inLanguage":"pt-PT","@id":"https:\/\/www.altominho.tv\/site\/2019\/06\/17\/marchas-de-s-joao-em-ponte-de-lima-no-dia-22\/#primaryimage","url":"https:\/\/www.altominho.tv\/site\/wp-content\/uploads\/2019\/06\/marchas.jpg","contentUrl":"https:\/\/www.altominho.tv\/site\/wp-content\/uploads\/2019\/06\/marchas.jpg","width":1000,"height":524},{"@type":"BreadcrumbList","@id":"https:\/\/www.altominho.tv\/site\/2019\/06\/17\/marchas-de-s-joao-em-ponte-de-lima-no-dia-22\/#breadcrumb","itemListElement":[{"@type":"ListItem","position":1,"name":"In\u00edcio","item":"https:\/\/www.altominho.tv\/site\/"},{"@type":"ListItem","position":2,"name":"Marchas de S. Jo\u00e3o em Ponte de Lima no dia 22"}]},{"@type":"WebSite","@id":"https:\/\/www.altominho.tv\/site\/#website","url":"https:\/\/www.altominho.tv\/site\/","name":"Altominho.tv","description":"A sua regi\u00e3o \u00e0 dist\u00e2ncia de um clique...","potentialAction":[{"@type":"SearchAction","target":{"@type":"EntryPoint","urlTemplate":"https:\/\/www.altominho.tv\/site\/?s={search_term_string}"},"query-input":{"@type":"PropertyValueSpecification","valueRequired":true,"valueName":"search_term_string"}}],"inLanguage":"pt-PT"},{"@type":"Person","@id":"https:\/\/www.altominho.tv\/site\/#\/schema\/person\/a0e4ef6d041f98ca284393d8f1d97153","name":"Andreia Cunha","image":{"@type":"ImageObject","inLanguage":"pt-PT","@id":"https:\/\/www.altominho.tv\/site\/wp-content\/uploads\/2017\/11\/Andreia_Cunha-1-150x150.jpg","url":"https:\/\/www.altominho.tv\/site\/wp-content\/uploads\/2017\/11\/Andreia_Cunha-1-150x150.jpg","contentUrl":"https:\/\/www.altominho.tv\/site\/wp-content\/uploads\/2017\/11\/Andreia_Cunha-1-150x150.jpg","caption":"Andreia Cunha"},"url":"https:\/\/www.altominho.tv\/site\/author\/andreiacunha\/"}]}},"_links":{"self":[{"href":"https:\/\/www.altominho.tv\/site\/wp-json\/wp\/v2\/posts\/29806","targetHints":{"allow":["GET"]}}],"collection":[{"href":"https:\/\/www.altominho.tv\/site\/wp-json\/wp\/v2\/posts"}],"about":[{"href":"https:\/\/www.altominho.tv\/site\/wp-json\/wp\/v2\/types\/post"}],"author":[{"embeddable":true,"href":"https:\/\/www.altominho.tv\/site\/wp-json\/wp\/v2\/users\/7"}],"replies":[{"embeddable":true,"href":"https:\/\/www.altominho.tv\/site\/wp-json\/wp\/v2\/comments?post=29806"}],"version-history":[{"count":0,"href":"https:\/\/www.altominho.tv\/site\/wp-json\/wp\/v2\/posts\/29806\/revisions"}],"wp:featuredmedia":[{"embeddable":true,"href":"https:\/\/www.altominho.tv\/site\/wp-json\/wp\/v2\/media\/29807"}],"wp:attachment":[{"href":"https:\/\/www.altominho.tv\/site\/wp-json\/wp\/v2\/media?parent=29806"}],"wp:term":[{"taxonomy":"category","embeddable":true,"href":"https:\/\/www.altominho.tv\/site\/wp-json\/wp\/v2\/categories?post=29806"},{"taxonomy":"post_tag","embeddable":true,"href":"https:\/\/www.altominho.tv\/site\/wp-json\/wp\/v2\/tags?post=29806"}],"curies":[{"name":"wp","href":"https:\/\/api.w.org\/{rel}","templated":true}]}}