{"id":29729,"date":"2019-06-15T01:05:51","date_gmt":"2019-06-15T00:05:51","guid":{"rendered":"http:\/\/www.altominho.tv\/site\/?p=29729"},"modified":"2019-06-15T01:06:57","modified_gmt":"2019-06-15T00:06:57","slug":"camara-avanca-com-obra-para-travar-sinistralidade-em-acessos-a-ponte-de-lima","status":"publish","type":"post","link":"https:\/\/www.altominho.tv\/site\/2019\/06\/15\/camara-avanca-com-obra-para-travar-sinistralidade-em-acessos-a-ponte-de-lima\/","title":{"rendered":"C\u00e2mara avan\u00e7a com obra para travar sinistralidade em acessos a Ponte de Lima"},"content":{"rendered":"\n<p>A C\u00e2mara de Ponte de Lima vai avan\u00e7ar com a empreitada de remodela\u00e7\u00e3o da via Foral Dona Teresa, de acesso \u00e0quela vila do Alto Minho, para prevenir a sinistralidade na Estrada Nacional (EN) 203, informou o munic\u00edpio.<br><\/p>\n\n\n\n<p>De acordo com a C\u00e2mara de Ponte de Lima, presidida por Victor Mendes (CDS-PP), &#8220;a interven\u00e7\u00e3o visa dotar a Via Foral de D. Teresa (designa\u00e7\u00e3o daquele tro\u00e7o da EN 203) de melhores condi\u00e7\u00f5es de seguran\u00e7a, tendo em conta os v\u00e1rios acidentes mortais ocorridos nos \u00faltimos anos&#8221;.<br><\/p>\n\n\n\n<p>O prazo de execu\u00e7\u00e3o da obra, &#8220;ap\u00f3s a consigna\u00e7\u00e3o dos trabalhos, \u00e9 de cinco meses e o valor previsto da empreitada ronda os 775 mil euros, sendo que cerca de 400 mil euros s\u00e3o suportados pela Infraestruturas de Portugal (IP)&#8221;.<br><\/p>\n\n\n\n<p>A decis\u00e3o de iniciar a requalifica\u00e7\u00e3o daquela via foi aprovada, na \u00faltima reuni\u00e3o camar\u00e1ria.<br><\/p>\n\n\n\n<p>&#8220;A via em causa \u00e9 um dos principais acessos \u00e0 vila de Ponte de Lima, integrando uma malha urbana plenamente consolidada, onde se localizam diversos espa\u00e7os e equipamentos p\u00fablicos educativos e desportivos, bem como estabelecimentos de com\u00e9rcio e de servi\u00e7os&#8221;, refere o munic\u00edpio.<br><\/p>\n\n\n\n<p>A decis\u00e3o de avan\u00e7ar com a empreitada resultou de um acordo estabelecido entre a C\u00e2mara de Ponte de Lima e a IP.<br><\/p>\n\n\n\n<p>&#8220;Embora os encargos de gest\u00e3o da manuten\u00e7\u00e3o deste tro\u00e7o de estrada nacional n\u00e3o estivessem sob a tutela da autarquia, mas sob a jurisdi\u00e7\u00e3o da IP, ambos celebraram um acordo de gest\u00e3o, decorrente da atitude proativa por parte do munic\u00edpio, para que a interven\u00e7\u00e3o possa ser efetivada. Este acordo de gest\u00e3o permitir\u00e1 ao munic\u00edpio avan\u00e7ar com a interven\u00e7\u00e3o, enquanto dono da obra&#8221;, explicou a autarquia.<br><\/p>\n\n\n\n<p>O projeto de reabilita\u00e7\u00e3o prev\u00ea &#8220;o tratamento da travessia urbana, incluindo o reordenamento de acessos e a reformula\u00e7\u00e3o de interce\u00e7\u00f5es, atrav\u00e9s da constru\u00e7\u00e3o de duas rotundas de forma a reduzir a velocidade de circula\u00e7\u00e3o autom\u00f3vel&#8221;.\u00a0<br><\/p>\n\n\n\n<p>A empreitada &#8220;inclui tamb\u00e9m a execu\u00e7\u00e3o de um separador central, infraestruturas, ilumina\u00e7\u00e3o, ciclovia e vias pedonais da envolvente urbana, para uma maior seguran\u00e7a do pe\u00e3o&#8221;.<br><\/p>\n\n\n\n<p>Em novembro, um movimento c\u00edvico criado em Ponte de Lima promoveu uma vig\u00edlia para &#8220;sensibilizar pe\u00f5es e automobilistas&#8221; para a necessidade de prevenir a sinistralidade na EN 203.<br><\/p>\n\n\n\n<p>A vig\u00edlia surgiu na sequ\u00eancia de um atropelamento, que causou a morte de uma mulher de 56 anos.<br><\/p>\n\n\n\n<p>J\u00e1 em novembro de 2017, a C\u00e2mara de Ponte de Lima tinha aprovado um voto de protesto por a IP n\u00e3o avan\u00e7ar com a requalifica\u00e7\u00e3o daquela via. <\/p>\n\n\n\n<p>Fonte: Lusa<\/p>\n","protected":false},"excerpt":{"rendered":"<p>A C\u00e2mara de Ponte de Lima vai avan\u00e7ar com a empreitada de remodela\u00e7\u00e3o da via Foral Dona Teresa, de acesso \u00e0quela vila do Alto Minho, para prevenir a sinistralidade na Estrada Nacional (EN) 203, informou o munic\u00edpio. De acordo com a C\u00e2mara de Ponte de Lima, presidida por Victor Mendes (CDS-PP), &#8220;a interven\u00e7\u00e3o visa dotar [&hellip;]<\/p>\n","protected":false},"author":7,"featured_media":29730,"comment_status":"closed","ping_status":"closed","sticky":false,"template":"","format":"standard","meta":{"_exactmetrics_skip_tracking":false,"_exactmetrics_sitenote_active":false,"_exactmetrics_sitenote_note":"","_exactmetrics_sitenote_category":0,"footnotes":""},"categories":[12],"tags":[27],"class_list":["post-29729","post","type-post","status-publish","format-standard","has-post-thumbnail","hentry","category-ponte-de-lima","tag-sociedade"],"yoast_head":"<!-- This site is optimized with the Yoast SEO Premium plugin v27.4 (Yoast SEO v27.4) - https:\/\/yoast.com\/product\/yoast-seo-premium-wordpress\/ -->\n<title>C\u00e2mara avan\u00e7a com obra para travar sinistralidade em acessos a Ponte de Lima<\/title>\n<meta name=\"robots\" content=\"index, follow, max-snippet:-1, max-image-preview:large, max-video-preview:-1\" \/>\n<link rel=\"canonical\" href=\"https:\/\/www.altominho.tv\/site\/2019\/06\/15\/camara-avanca-com-obra-para-travar-sinistralidade-em-acessos-a-ponte-de-lima\/\" \/>\n<meta property=\"og:locale\" content=\"pt_PT\" \/>\n<meta property=\"og:type\" content=\"article\" \/>\n<meta property=\"og:title\" content=\"C\u00e2mara avan\u00e7a com obra para travar sinistralidade em acessos a Ponte de Lima\" \/>\n<meta property=\"og:description\" content=\"A C\u00e2mara de Ponte de Lima vai avan\u00e7ar com a empreitada de remodela\u00e7\u00e3o da via Foral Dona Teresa, de acesso \u00e0quela vila do Alto Minho, para prevenir a sinistralidade na Estrada Nacional (EN) 203, informou o munic\u00edpio. De acordo com a C\u00e2mara de Ponte de Lima, presidida por Victor Mendes (CDS-PP), &#8220;a interven\u00e7\u00e3o visa dotar [&hellip;]\" \/>\n<meta property=\"og:url\" content=\"https:\/\/www.altominho.tv\/site\/2019\/06\/15\/camara-avanca-com-obra-para-travar-sinistralidade-em-acessos-a-ponte-de-lima\/\" \/>\n<meta property=\"og:site_name\" content=\"Altominho.tv\" \/>\n<meta property=\"article:publisher\" content=\"https:\/\/www.facebook.com\/altominhotv\" \/>\n<meta property=\"article:published_time\" content=\"2019-06-15T00:05:51+00:00\" \/>\n<meta property=\"article:modified_time\" content=\"2019-06-15T00:06:57+00:00\" \/>\n<meta property=\"og:image\" content=\"https:\/\/www.altominho.tv\/site\/wp-content\/uploads\/2019\/06\/via_foral_velho_dona_teresa.jpg\" \/>\n\t<meta property=\"og:image:width\" content=\"1464\" \/>\n\t<meta property=\"og:image:height\" content=\"800\" \/>\n\t<meta property=\"og:image:type\" content=\"image\/jpeg\" \/>\n<meta name=\"author\" content=\"Andreia Cunha\" \/>\n<meta name=\"twitter:card\" content=\"summary_large_image\" \/>\n<meta name=\"twitter:creator\" content=\"@altominhoTV\" \/>\n<meta name=\"twitter:site\" content=\"@altominhoTV\" \/>\n<meta name=\"twitter:label1\" content=\"Escrito por\" \/>\n\t<meta name=\"twitter:data1\" content=\"Andreia Cunha\" \/>\n\t<meta name=\"twitter:label2\" content=\"Tempo estimado de leitura\" \/>\n\t<meta name=\"twitter:data2\" content=\"2 minutos\" \/>\n<script type=\"application\/ld+json\" class=\"yoast-schema-graph\">{\"@context\":\"https:\\\/\\\/schema.org\",\"@graph\":[{\"@type\":\"Article\",\"@id\":\"https:\\\/\\\/www.altominho.tv\\\/site\\\/2019\\\/06\\\/15\\\/camara-avanca-com-obra-para-travar-sinistralidade-em-acessos-a-ponte-de-lima\\\/#article\",\"isPartOf\":{\"@id\":\"https:\\\/\\\/www.altominho.tv\\\/site\\\/2019\\\/06\\\/15\\\/camara-avanca-com-obra-para-travar-sinistralidade-em-acessos-a-ponte-de-lima\\\/\"},\"author\":{\"name\":\"Andreia Cunha\",\"@id\":\"https:\\\/\\\/www.altominho.tv\\\/site\\\/#\\\/schema\\\/person\\\/a0e4ef6d041f98ca284393d8f1d97153\"},\"headline\":\"C\u00e2mara avan\u00e7a com obra para travar sinistralidade em acessos a Ponte de Lima\",\"datePublished\":\"2019-06-15T00:05:51+00:00\",\"dateModified\":\"2019-06-15T00:06:57+00:00\",\"mainEntityOfPage\":{\"@id\":\"https:\\\/\\\/www.altominho.tv\\\/site\\\/2019\\\/06\\\/15\\\/camara-avanca-com-obra-para-travar-sinistralidade-em-acessos-a-ponte-de-lima\\\/\"},\"wordCount\":466,\"image\":{\"@id\":\"https:\\\/\\\/www.altominho.tv\\\/site\\\/2019\\\/06\\\/15\\\/camara-avanca-com-obra-para-travar-sinistralidade-em-acessos-a-ponte-de-lima\\\/#primaryimage\"},\"thumbnailUrl\":\"https:\\\/\\\/www.altominho.tv\\\/site\\\/wp-content\\\/uploads\\\/2019\\\/06\\\/via_foral_velho_dona_teresa.jpg\",\"keywords\":[\"Sociedade\"],\"articleSection\":[\"Ponte de Lima\"],\"inLanguage\":\"pt-PT\",\"copyrightYear\":\"2019\",\"copyrightHolder\":{\"@id\":\"https:\\\/\\\/www.altominho.tv\\\/site\\\/#organization\"}},{\"@type\":\"WebPage\",\"@id\":\"https:\\\/\\\/www.altominho.tv\\\/site\\\/2019\\\/06\\\/15\\\/camara-avanca-com-obra-para-travar-sinistralidade-em-acessos-a-ponte-de-lima\\\/\",\"url\":\"https:\\\/\\\/www.altominho.tv\\\/site\\\/2019\\\/06\\\/15\\\/camara-avanca-com-obra-para-travar-sinistralidade-em-acessos-a-ponte-de-lima\\\/\",\"name\":\"C\u00e2mara avan\u00e7a com obra para travar sinistralidade em acessos a Ponte de Lima\",\"isPartOf\":{\"@id\":\"https:\\\/\\\/www.altominho.tv\\\/site\\\/#website\"},\"primaryImageOfPage\":{\"@id\":\"https:\\\/\\\/www.altominho.tv\\\/site\\\/2019\\\/06\\\/15\\\/camara-avanca-com-obra-para-travar-sinistralidade-em-acessos-a-ponte-de-lima\\\/#primaryimage\"},\"image\":{\"@id\":\"https:\\\/\\\/www.altominho.tv\\\/site\\\/2019\\\/06\\\/15\\\/camara-avanca-com-obra-para-travar-sinistralidade-em-acessos-a-ponte-de-lima\\\/#primaryimage\"},\"thumbnailUrl\":\"https:\\\/\\\/www.altominho.tv\\\/site\\\/wp-content\\\/uploads\\\/2019\\\/06\\\/via_foral_velho_dona_teresa.jpg\",\"datePublished\":\"2019-06-15T00:05:51+00:00\",\"dateModified\":\"2019-06-15T00:06:57+00:00\",\"author\":{\"@id\":\"https:\\\/\\\/www.altominho.tv\\\/site\\\/#\\\/schema\\\/person\\\/a0e4ef6d041f98ca284393d8f1d97153\"},\"breadcrumb\":{\"@id\":\"https:\\\/\\\/www.altominho.tv\\\/site\\\/2019\\\/06\\\/15\\\/camara-avanca-com-obra-para-travar-sinistralidade-em-acessos-a-ponte-de-lima\\\/#breadcrumb\"},\"inLanguage\":\"pt-PT\",\"potentialAction\":[{\"@type\":\"ReadAction\",\"target\":[\"https:\\\/\\\/www.altominho.tv\\\/site\\\/2019\\\/06\\\/15\\\/camara-avanca-com-obra-para-travar-sinistralidade-em-acessos-a-ponte-de-lima\\\/\"]}]},{\"@type\":\"ImageObject\",\"inLanguage\":\"pt-PT\",\"@id\":\"https:\\\/\\\/www.altominho.tv\\\/site\\\/2019\\\/06\\\/15\\\/camara-avanca-com-obra-para-travar-sinistralidade-em-acessos-a-ponte-de-lima\\\/#primaryimage\",\"url\":\"https:\\\/\\\/www.altominho.tv\\\/site\\\/wp-content\\\/uploads\\\/2019\\\/06\\\/via_foral_velho_dona_teresa.jpg\",\"contentUrl\":\"https:\\\/\\\/www.altominho.tv\\\/site\\\/wp-content\\\/uploads\\\/2019\\\/06\\\/via_foral_velho_dona_teresa.jpg\",\"width\":1464,\"height\":800},{\"@type\":\"BreadcrumbList\",\"@id\":\"https:\\\/\\\/www.altominho.tv\\\/site\\\/2019\\\/06\\\/15\\\/camara-avanca-com-obra-para-travar-sinistralidade-em-acessos-a-ponte-de-lima\\\/#breadcrumb\",\"itemListElement\":[{\"@type\":\"ListItem\",\"position\":1,\"name\":\"In\u00edcio\",\"item\":\"https:\\\/\\\/www.altominho.tv\\\/site\\\/\"},{\"@type\":\"ListItem\",\"position\":2,\"name\":\"C\u00e2mara avan\u00e7a com obra para travar sinistralidade em acessos a Ponte de Lima\"}]},{\"@type\":\"WebSite\",\"@id\":\"https:\\\/\\\/www.altominho.tv\\\/site\\\/#website\",\"url\":\"https:\\\/\\\/www.altominho.tv\\\/site\\\/\",\"name\":\"Altominho.tv\",\"description\":\"A sua regi\u00e3o \u00e0 dist\u00e2ncia de um clique...\",\"potentialAction\":[{\"@type\":\"SearchAction\",\"target\":{\"@type\":\"EntryPoint\",\"urlTemplate\":\"https:\\\/\\\/www.altominho.tv\\\/site\\\/?s={search_term_string}\"},\"query-input\":{\"@type\":\"PropertyValueSpecification\",\"valueRequired\":true,\"valueName\":\"search_term_string\"}}],\"inLanguage\":\"pt-PT\"},{\"@type\":\"Person\",\"@id\":\"https:\\\/\\\/www.altominho.tv\\\/site\\\/#\\\/schema\\\/person\\\/a0e4ef6d041f98ca284393d8f1d97153\",\"name\":\"Andreia Cunha\",\"image\":{\"@type\":\"ImageObject\",\"inLanguage\":\"pt-PT\",\"@id\":\"https:\\\/\\\/www.altominho.tv\\\/site\\\/wp-content\\\/uploads\\\/2017\\\/11\\\/Andreia_Cunha-1-150x150.jpg\",\"url\":\"https:\\\/\\\/www.altominho.tv\\\/site\\\/wp-content\\\/uploads\\\/2017\\\/11\\\/Andreia_Cunha-1-150x150.jpg\",\"contentUrl\":\"https:\\\/\\\/www.altominho.tv\\\/site\\\/wp-content\\\/uploads\\\/2017\\\/11\\\/Andreia_Cunha-1-150x150.jpg\",\"caption\":\"Andreia Cunha\"},\"url\":\"https:\\\/\\\/www.altominho.tv\\\/site\\\/author\\\/andreiacunha\\\/\"}]}<\/script>\n<!-- \/ Yoast SEO Premium plugin. -->","yoast_head_json":{"title":"C\u00e2mara avan\u00e7a com obra para travar sinistralidade em acessos a Ponte de Lima","robots":{"index":"index","follow":"follow","max-snippet":"max-snippet:-1","max-image-preview":"max-image-preview:large","max-video-preview":"max-video-preview:-1"},"canonical":"https:\/\/www.altominho.tv\/site\/2019\/06\/15\/camara-avanca-com-obra-para-travar-sinistralidade-em-acessos-a-ponte-de-lima\/","og_locale":"pt_PT","og_type":"article","og_title":"C\u00e2mara avan\u00e7a com obra para travar sinistralidade em acessos a Ponte de Lima","og_description":"A C\u00e2mara de Ponte de Lima vai avan\u00e7ar com a empreitada de remodela\u00e7\u00e3o da via Foral Dona Teresa, de acesso \u00e0quela vila do Alto Minho, para prevenir a sinistralidade na Estrada Nacional (EN) 203, informou o munic\u00edpio. De acordo com a C\u00e2mara de Ponte de Lima, presidida por Victor Mendes (CDS-PP), &#8220;a interven\u00e7\u00e3o visa dotar [&hellip;]","og_url":"https:\/\/www.altominho.tv\/site\/2019\/06\/15\/camara-avanca-com-obra-para-travar-sinistralidade-em-acessos-a-ponte-de-lima\/","og_site_name":"Altominho.tv","article_publisher":"https:\/\/www.facebook.com\/altominhotv","article_published_time":"2019-06-15T00:05:51+00:00","article_modified_time":"2019-06-15T00:06:57+00:00","og_image":[{"width":1464,"height":800,"url":"https:\/\/www.altominho.tv\/site\/wp-content\/uploads\/2019\/06\/via_foral_velho_dona_teresa.jpg","type":"image\/jpeg"}],"author":"Andreia Cunha","twitter_card":"summary_large_image","twitter_creator":"@altominhoTV","twitter_site":"@altominhoTV","twitter_misc":{"Escrito por":"Andreia Cunha","Tempo estimado de leitura":"2 minutos"},"schema":{"@context":"https:\/\/schema.org","@graph":[{"@type":"Article","@id":"https:\/\/www.altominho.tv\/site\/2019\/06\/15\/camara-avanca-com-obra-para-travar-sinistralidade-em-acessos-a-ponte-de-lima\/#article","isPartOf":{"@id":"https:\/\/www.altominho.tv\/site\/2019\/06\/15\/camara-avanca-com-obra-para-travar-sinistralidade-em-acessos-a-ponte-de-lima\/"},"author":{"name":"Andreia Cunha","@id":"https:\/\/www.altominho.tv\/site\/#\/schema\/person\/a0e4ef6d041f98ca284393d8f1d97153"},"headline":"C\u00e2mara avan\u00e7a com obra para travar sinistralidade em acessos a Ponte de Lima","datePublished":"2019-06-15T00:05:51+00:00","dateModified":"2019-06-15T00:06:57+00:00","mainEntityOfPage":{"@id":"https:\/\/www.altominho.tv\/site\/2019\/06\/15\/camara-avanca-com-obra-para-travar-sinistralidade-em-acessos-a-ponte-de-lima\/"},"wordCount":466,"image":{"@id":"https:\/\/www.altominho.tv\/site\/2019\/06\/15\/camara-avanca-com-obra-para-travar-sinistralidade-em-acessos-a-ponte-de-lima\/#primaryimage"},"thumbnailUrl":"https:\/\/www.altominho.tv\/site\/wp-content\/uploads\/2019\/06\/via_foral_velho_dona_teresa.jpg","keywords":["Sociedade"],"articleSection":["Ponte de Lima"],"inLanguage":"pt-PT","copyrightYear":"2019","copyrightHolder":{"@id":"https:\/\/www.altominho.tv\/site\/#organization"}},{"@type":"WebPage","@id":"https:\/\/www.altominho.tv\/site\/2019\/06\/15\/camara-avanca-com-obra-para-travar-sinistralidade-em-acessos-a-ponte-de-lima\/","url":"https:\/\/www.altominho.tv\/site\/2019\/06\/15\/camara-avanca-com-obra-para-travar-sinistralidade-em-acessos-a-ponte-de-lima\/","name":"C\u00e2mara avan\u00e7a com obra para travar sinistralidade em acessos a Ponte de Lima","isPartOf":{"@id":"https:\/\/www.altominho.tv\/site\/#website"},"primaryImageOfPage":{"@id":"https:\/\/www.altominho.tv\/site\/2019\/06\/15\/camara-avanca-com-obra-para-travar-sinistralidade-em-acessos-a-ponte-de-lima\/#primaryimage"},"image":{"@id":"https:\/\/www.altominho.tv\/site\/2019\/06\/15\/camara-avanca-com-obra-para-travar-sinistralidade-em-acessos-a-ponte-de-lima\/#primaryimage"},"thumbnailUrl":"https:\/\/www.altominho.tv\/site\/wp-content\/uploads\/2019\/06\/via_foral_velho_dona_teresa.jpg","datePublished":"2019-06-15T00:05:51+00:00","dateModified":"2019-06-15T00:06:57+00:00","author":{"@id":"https:\/\/www.altominho.tv\/site\/#\/schema\/person\/a0e4ef6d041f98ca284393d8f1d97153"},"breadcrumb":{"@id":"https:\/\/www.altominho.tv\/site\/2019\/06\/15\/camara-avanca-com-obra-para-travar-sinistralidade-em-acessos-a-ponte-de-lima\/#breadcrumb"},"inLanguage":"pt-PT","potentialAction":[{"@type":"ReadAction","target":["https:\/\/www.altominho.tv\/site\/2019\/06\/15\/camara-avanca-com-obra-para-travar-sinistralidade-em-acessos-a-ponte-de-lima\/"]}]},{"@type":"ImageObject","inLanguage":"pt-PT","@id":"https:\/\/www.altominho.tv\/site\/2019\/06\/15\/camara-avanca-com-obra-para-travar-sinistralidade-em-acessos-a-ponte-de-lima\/#primaryimage","url":"https:\/\/www.altominho.tv\/site\/wp-content\/uploads\/2019\/06\/via_foral_velho_dona_teresa.jpg","contentUrl":"https:\/\/www.altominho.tv\/site\/wp-content\/uploads\/2019\/06\/via_foral_velho_dona_teresa.jpg","width":1464,"height":800},{"@type":"BreadcrumbList","@id":"https:\/\/www.altominho.tv\/site\/2019\/06\/15\/camara-avanca-com-obra-para-travar-sinistralidade-em-acessos-a-ponte-de-lima\/#breadcrumb","itemListElement":[{"@type":"ListItem","position":1,"name":"In\u00edcio","item":"https:\/\/www.altominho.tv\/site\/"},{"@type":"ListItem","position":2,"name":"C\u00e2mara avan\u00e7a com obra para travar sinistralidade em acessos a Ponte de Lima"}]},{"@type":"WebSite","@id":"https:\/\/www.altominho.tv\/site\/#website","url":"https:\/\/www.altominho.tv\/site\/","name":"Altominho.tv","description":"A sua regi\u00e3o \u00e0 dist\u00e2ncia de um clique...","potentialAction":[{"@type":"SearchAction","target":{"@type":"EntryPoint","urlTemplate":"https:\/\/www.altominho.tv\/site\/?s={search_term_string}"},"query-input":{"@type":"PropertyValueSpecification","valueRequired":true,"valueName":"search_term_string"}}],"inLanguage":"pt-PT"},{"@type":"Person","@id":"https:\/\/www.altominho.tv\/site\/#\/schema\/person\/a0e4ef6d041f98ca284393d8f1d97153","name":"Andreia Cunha","image":{"@type":"ImageObject","inLanguage":"pt-PT","@id":"https:\/\/www.altominho.tv\/site\/wp-content\/uploads\/2017\/11\/Andreia_Cunha-1-150x150.jpg","url":"https:\/\/www.altominho.tv\/site\/wp-content\/uploads\/2017\/11\/Andreia_Cunha-1-150x150.jpg","contentUrl":"https:\/\/www.altominho.tv\/site\/wp-content\/uploads\/2017\/11\/Andreia_Cunha-1-150x150.jpg","caption":"Andreia Cunha"},"url":"https:\/\/www.altominho.tv\/site\/author\/andreiacunha\/"}]}},"_links":{"self":[{"href":"https:\/\/www.altominho.tv\/site\/wp-json\/wp\/v2\/posts\/29729","targetHints":{"allow":["GET"]}}],"collection":[{"href":"https:\/\/www.altominho.tv\/site\/wp-json\/wp\/v2\/posts"}],"about":[{"href":"https:\/\/www.altominho.tv\/site\/wp-json\/wp\/v2\/types\/post"}],"author":[{"embeddable":true,"href":"https:\/\/www.altominho.tv\/site\/wp-json\/wp\/v2\/users\/7"}],"replies":[{"embeddable":true,"href":"https:\/\/www.altominho.tv\/site\/wp-json\/wp\/v2\/comments?post=29729"}],"version-history":[{"count":0,"href":"https:\/\/www.altominho.tv\/site\/wp-json\/wp\/v2\/posts\/29729\/revisions"}],"wp:featuredmedia":[{"embeddable":true,"href":"https:\/\/www.altominho.tv\/site\/wp-json\/wp\/v2\/media\/29730"}],"wp:attachment":[{"href":"https:\/\/www.altominho.tv\/site\/wp-json\/wp\/v2\/media?parent=29729"}],"wp:term":[{"taxonomy":"category","embeddable":true,"href":"https:\/\/www.altominho.tv\/site\/wp-json\/wp\/v2\/categories?post=29729"},{"taxonomy":"post_tag","embeddable":true,"href":"https:\/\/www.altominho.tv\/site\/wp-json\/wp\/v2\/tags?post=29729"}],"curies":[{"name":"wp","href":"https:\/\/api.w.org\/{rel}","templated":true}]}}