{"id":28932,"date":"2019-05-28T14:50:01","date_gmt":"2019-05-28T13:50:01","guid":{"rendered":"http:\/\/www.altominho.tv\/site\/?p=28932"},"modified":"2019-05-28T14:50:05","modified_gmt":"2019-05-28T13:50:05","slug":"tdc-viabiliza-constituicao-de-empresa-regional-aguas-do-alto-minho","status":"publish","type":"post","link":"https:\/\/www.altominho.tv\/site\/2019\/05\/28\/tdc-viabiliza-constituicao-de-empresa-regional-aguas-do-alto-minho\/","title":{"rendered":"TdC viabiliza constitui\u00e7\u00e3o de empresa regional \u00c1guas do Alto Minho"},"content":{"rendered":"\n<p>O presidente da Comunidade Intermunicipal (CIM) do Alto Minho, Jos\u00e9 Maria Costa, disse hoje \u00e0 ag\u00eancia Lusa que o Tribunal de Contas (TdC) deu visto favor\u00e1vel ao processo de constitui\u00e7\u00e3o da empresa regional \u00c1guas do Alto Minho.<br><\/p>\n\n\n\n<p>&#8220;O TdC deu hoje visto favor\u00e1vel ao processo de constitui\u00e7\u00e3o da empresa \u00c1guas do Alto Minho. Esta empresa resulta de uma parceria p\u00fablica entre as \u00c1guas de Portugal e sete munic\u00edpios do Alto Minho&#8221;, afirmou o socialista, que \u00e9 tamb\u00e9m presidente da C\u00e2mara de Viana do Castelo.<br><\/p>\n\n\n\n<p>Jos\u00e9 Maria Costa adiantou que, com o visto favor\u00e1vel do TdC, a CIM do Alto Minho &#8220;vai agora concluir o processo de ades\u00e3o com a escritura p\u00fablica para ser iniciada a atividade da empresa regional&#8221;.<br><\/p>\n\n\n\n<p>&#8220;Foi, entretanto, constitu\u00edda uma comiss\u00e3o instaladora que est\u00e1 a trabalhar a bom ritmo para que a nova empresa inicie fun\u00e7\u00f5es&#8221;, explicou, adiantando que a \u00c1guas do Alto Minho dever\u00e1 estar a funcionar em setembro ou outubro.<br><\/p>\n\n\n\n<p>A \u00c1guas do Alto Minho \u00e9 uma empresa de gest\u00e3o das redes de \u00e1gua em baixa e do saneamento, detida em 51% pela \u00c1guas de Portugal (AdP) e em 49% por sete munic\u00edpios do distrito de Viana do Castelo que comp\u00f5em a Comunidade Intermunicipal (CIM) do Alto Minho.<br><\/p>\n\n\n\n<p>Dos dez concelhos do distrito de Viana do Castelo, tr\u00eas &#8211; Ponte da Barca (PSD), Mon\u00e7\u00e3o (PSD) e Melga\u00e7o (PS) &#8211; chumbaram a constitui\u00e7\u00e3o daquela parceria.<br><\/p>\n\n\n\n<p>A cerim\u00f3nia de assinatura da parceria p\u00fablica da nova empresa regional \u00c1guas do Alto Minho ocorreu em janeiro, em Viana do Castelo, na presen\u00e7a do ministro do Ambiente.<br><\/p>\n\n\n\n<p>A fus\u00e3o dos servi\u00e7os municipais de \u00e1guas e saneamento dos sete concelhos vai assegurar, em 30 anos, um investimento de 271 milh\u00f5es, na renova\u00e7\u00e3o, manuten\u00e7\u00e3o e amplia\u00e7\u00e3o de infraestruturas.<br><\/p>\n\n\n\n<p>A \u00c1guas do Alto Minho ser\u00e1 respons\u00e1vel pela gest\u00e3o e explora\u00e7\u00e3o do sistema integrado de abastecimento de \u00e1gua e de saneamento do Alto Minho, servindo uma popula\u00e7\u00e3o residente de 204 mil habitantes nos sete munic\u00edpios envolvidos e abrangendo 5.400 quil\u00f3metros de rede.<br><\/p>\n\n\n\n<p>Este projeto intermunicipal de abastecimento de \u00e1gua e saneamento de \u00e1guas residuais &#8220;tem como metas, entre outras, a redu\u00e7\u00e3o em um ter\u00e7o das perdas de \u00e1gua e o pleno cumprimento das licen\u00e7as de descarga das ETAR de pequena dimens\u00e3o&#8221;.<br><\/p>\n\n\n\n<p>Fonte: Lusa<\/p>\n","protected":false},"excerpt":{"rendered":"<p>O presidente da Comunidade Intermunicipal (CIM) do Alto Minho, Jos\u00e9 Maria Costa, disse hoje \u00e0 ag\u00eancia Lusa que o Tribunal de Contas (TdC) deu visto favor\u00e1vel ao processo de constitui\u00e7\u00e3o da empresa regional \u00c1guas do Alto Minho. &#8220;O TdC deu hoje visto favor\u00e1vel ao processo de constitui\u00e7\u00e3o da empresa \u00c1guas do Alto Minho. Esta empresa [&hellip;]<\/p>\n","protected":false},"author":7,"featured_media":28933,"comment_status":"closed","ping_status":"closed","sticky":false,"template":"","format":"standard","meta":{"_exactmetrics_skip_tracking":false,"_exactmetrics_sitenote_active":false,"_exactmetrics_sitenote_note":"","_exactmetrics_sitenote_category":0,"footnotes":""},"categories":[73],"tags":[27],"class_list":["post-28932","post","type-post","status-publish","format-standard","has-post-thumbnail","hentry","category-alto-minho","tag-sociedade"],"yoast_head":"<!-- This site is optimized with the Yoast SEO Premium plugin v27.4 (Yoast SEO v27.4) - https:\/\/yoast.com\/product\/yoast-seo-premium-wordpress\/ -->\n<title>TdC viabiliza constitui\u00e7\u00e3o de empresa regional \u00c1guas do Alto Minho<\/title>\n<meta name=\"robots\" content=\"index, follow, max-snippet:-1, max-image-preview:large, max-video-preview:-1\" \/>\n<link rel=\"canonical\" href=\"https:\/\/www.altominho.tv\/site\/2019\/05\/28\/tdc-viabiliza-constituicao-de-empresa-regional-aguas-do-alto-minho\/\" \/>\n<meta property=\"og:locale\" content=\"pt_PT\" \/>\n<meta property=\"og:type\" content=\"article\" \/>\n<meta property=\"og:title\" content=\"TdC viabiliza constitui\u00e7\u00e3o de empresa regional \u00c1guas do Alto Minho\" \/>\n<meta property=\"og:description\" content=\"O presidente da Comunidade Intermunicipal (CIM) do Alto Minho, Jos\u00e9 Maria Costa, disse hoje \u00e0 ag\u00eancia Lusa que o Tribunal de Contas (TdC) deu visto favor\u00e1vel ao processo de constitui\u00e7\u00e3o da empresa regional \u00c1guas do Alto Minho. &#8220;O TdC deu hoje visto favor\u00e1vel ao processo de constitui\u00e7\u00e3o da empresa \u00c1guas do Alto Minho. Esta empresa [&hellip;]\" \/>\n<meta property=\"og:url\" content=\"https:\/\/www.altominho.tv\/site\/2019\/05\/28\/tdc-viabiliza-constituicao-de-empresa-regional-aguas-do-alto-minho\/\" \/>\n<meta property=\"og:site_name\" content=\"Altominho.tv\" \/>\n<meta property=\"article:publisher\" content=\"https:\/\/www.facebook.com\/altominhotv\" \/>\n<meta property=\"article:published_time\" content=\"2019-05-28T13:50:01+00:00\" \/>\n<meta property=\"article:modified_time\" content=\"2019-05-28T13:50:05+00:00\" \/>\n<meta property=\"og:image\" content=\"https:\/\/www.altominho.tv\/site\/wp-content\/uploads\/2019\/05\/agua.jpg\" \/>\n\t<meta property=\"og:image:width\" content=\"740\" \/>\n\t<meta property=\"og:image:height\" content=\"394\" \/>\n\t<meta property=\"og:image:type\" content=\"image\/jpeg\" \/>\n<meta name=\"author\" content=\"Andreia Cunha\" \/>\n<meta name=\"twitter:card\" content=\"summary_large_image\" \/>\n<meta name=\"twitter:creator\" content=\"@altominhoTV\" \/>\n<meta name=\"twitter:site\" content=\"@altominhoTV\" \/>\n<meta name=\"twitter:label1\" content=\"Escrito por\" \/>\n\t<meta name=\"twitter:data1\" content=\"Andreia Cunha\" \/>\n\t<meta name=\"twitter:label2\" content=\"Tempo estimado de leitura\" \/>\n\t<meta name=\"twitter:data2\" content=\"2 minutos\" \/>\n<script type=\"application\/ld+json\" class=\"yoast-schema-graph\">{\"@context\":\"https:\\\/\\\/schema.org\",\"@graph\":[{\"@type\":\"Article\",\"@id\":\"https:\\\/\\\/www.altominho.tv\\\/site\\\/2019\\\/05\\\/28\\\/tdc-viabiliza-constituicao-de-empresa-regional-aguas-do-alto-minho\\\/#article\",\"isPartOf\":{\"@id\":\"https:\\\/\\\/www.altominho.tv\\\/site\\\/2019\\\/05\\\/28\\\/tdc-viabiliza-constituicao-de-empresa-regional-aguas-do-alto-minho\\\/\"},\"author\":{\"name\":\"Andreia Cunha\",\"@id\":\"https:\\\/\\\/www.altominho.tv\\\/site\\\/#\\\/schema\\\/person\\\/a0e4ef6d041f98ca284393d8f1d97153\"},\"headline\":\"TdC viabiliza constitui\u00e7\u00e3o de empresa regional \u00c1guas do Alto Minho\",\"datePublished\":\"2019-05-28T13:50:01+00:00\",\"dateModified\":\"2019-05-28T13:50:05+00:00\",\"mainEntityOfPage\":{\"@id\":\"https:\\\/\\\/www.altominho.tv\\\/site\\\/2019\\\/05\\\/28\\\/tdc-viabiliza-constituicao-de-empresa-regional-aguas-do-alto-minho\\\/\"},\"wordCount\":412,\"image\":{\"@id\":\"https:\\\/\\\/www.altominho.tv\\\/site\\\/2019\\\/05\\\/28\\\/tdc-viabiliza-constituicao-de-empresa-regional-aguas-do-alto-minho\\\/#primaryimage\"},\"thumbnailUrl\":\"https:\\\/\\\/www.altominho.tv\\\/site\\\/wp-content\\\/uploads\\\/2019\\\/05\\\/agua.jpg\",\"keywords\":[\"Sociedade\"],\"articleSection\":[\"Alto Minho\"],\"inLanguage\":\"pt-PT\",\"copyrightYear\":\"2019\",\"copyrightHolder\":{\"@id\":\"https:\\\/\\\/www.altominho.tv\\\/site\\\/#organization\"}},{\"@type\":\"WebPage\",\"@id\":\"https:\\\/\\\/www.altominho.tv\\\/site\\\/2019\\\/05\\\/28\\\/tdc-viabiliza-constituicao-de-empresa-regional-aguas-do-alto-minho\\\/\",\"url\":\"https:\\\/\\\/www.altominho.tv\\\/site\\\/2019\\\/05\\\/28\\\/tdc-viabiliza-constituicao-de-empresa-regional-aguas-do-alto-minho\\\/\",\"name\":\"TdC viabiliza constitui\u00e7\u00e3o de empresa regional \u00c1guas do Alto Minho\",\"isPartOf\":{\"@id\":\"https:\\\/\\\/www.altominho.tv\\\/site\\\/#website\"},\"primaryImageOfPage\":{\"@id\":\"https:\\\/\\\/www.altominho.tv\\\/site\\\/2019\\\/05\\\/28\\\/tdc-viabiliza-constituicao-de-empresa-regional-aguas-do-alto-minho\\\/#primaryimage\"},\"image\":{\"@id\":\"https:\\\/\\\/www.altominho.tv\\\/site\\\/2019\\\/05\\\/28\\\/tdc-viabiliza-constituicao-de-empresa-regional-aguas-do-alto-minho\\\/#primaryimage\"},\"thumbnailUrl\":\"https:\\\/\\\/www.altominho.tv\\\/site\\\/wp-content\\\/uploads\\\/2019\\\/05\\\/agua.jpg\",\"datePublished\":\"2019-05-28T13:50:01+00:00\",\"dateModified\":\"2019-05-28T13:50:05+00:00\",\"author\":{\"@id\":\"https:\\\/\\\/www.altominho.tv\\\/site\\\/#\\\/schema\\\/person\\\/a0e4ef6d041f98ca284393d8f1d97153\"},\"breadcrumb\":{\"@id\":\"https:\\\/\\\/www.altominho.tv\\\/site\\\/2019\\\/05\\\/28\\\/tdc-viabiliza-constituicao-de-empresa-regional-aguas-do-alto-minho\\\/#breadcrumb\"},\"inLanguage\":\"pt-PT\",\"potentialAction\":[{\"@type\":\"ReadAction\",\"target\":[\"https:\\\/\\\/www.altominho.tv\\\/site\\\/2019\\\/05\\\/28\\\/tdc-viabiliza-constituicao-de-empresa-regional-aguas-do-alto-minho\\\/\"]}]},{\"@type\":\"ImageObject\",\"inLanguage\":\"pt-PT\",\"@id\":\"https:\\\/\\\/www.altominho.tv\\\/site\\\/2019\\\/05\\\/28\\\/tdc-viabiliza-constituicao-de-empresa-regional-aguas-do-alto-minho\\\/#primaryimage\",\"url\":\"https:\\\/\\\/www.altominho.tv\\\/site\\\/wp-content\\\/uploads\\\/2019\\\/05\\\/agua.jpg\",\"contentUrl\":\"https:\\\/\\\/www.altominho.tv\\\/site\\\/wp-content\\\/uploads\\\/2019\\\/05\\\/agua.jpg\",\"width\":740,\"height\":394},{\"@type\":\"BreadcrumbList\",\"@id\":\"https:\\\/\\\/www.altominho.tv\\\/site\\\/2019\\\/05\\\/28\\\/tdc-viabiliza-constituicao-de-empresa-regional-aguas-do-alto-minho\\\/#breadcrumb\",\"itemListElement\":[{\"@type\":\"ListItem\",\"position\":1,\"name\":\"In\u00edcio\",\"item\":\"https:\\\/\\\/www.altominho.tv\\\/site\\\/\"},{\"@type\":\"ListItem\",\"position\":2,\"name\":\"TdC viabiliza constitui\u00e7\u00e3o de empresa regional \u00c1guas do Alto Minho\"}]},{\"@type\":\"WebSite\",\"@id\":\"https:\\\/\\\/www.altominho.tv\\\/site\\\/#website\",\"url\":\"https:\\\/\\\/www.altominho.tv\\\/site\\\/\",\"name\":\"Altominho.tv\",\"description\":\"A sua regi\u00e3o \u00e0 dist\u00e2ncia de um clique...\",\"potentialAction\":[{\"@type\":\"SearchAction\",\"target\":{\"@type\":\"EntryPoint\",\"urlTemplate\":\"https:\\\/\\\/www.altominho.tv\\\/site\\\/?s={search_term_string}\"},\"query-input\":{\"@type\":\"PropertyValueSpecification\",\"valueRequired\":true,\"valueName\":\"search_term_string\"}}],\"inLanguage\":\"pt-PT\"},{\"@type\":\"Person\",\"@id\":\"https:\\\/\\\/www.altominho.tv\\\/site\\\/#\\\/schema\\\/person\\\/a0e4ef6d041f98ca284393d8f1d97153\",\"name\":\"Andreia Cunha\",\"image\":{\"@type\":\"ImageObject\",\"inLanguage\":\"pt-PT\",\"@id\":\"https:\\\/\\\/www.altominho.tv\\\/site\\\/wp-content\\\/uploads\\\/2017\\\/11\\\/Andreia_Cunha-1-150x150.jpg\",\"url\":\"https:\\\/\\\/www.altominho.tv\\\/site\\\/wp-content\\\/uploads\\\/2017\\\/11\\\/Andreia_Cunha-1-150x150.jpg\",\"contentUrl\":\"https:\\\/\\\/www.altominho.tv\\\/site\\\/wp-content\\\/uploads\\\/2017\\\/11\\\/Andreia_Cunha-1-150x150.jpg\",\"caption\":\"Andreia Cunha\"},\"url\":\"https:\\\/\\\/www.altominho.tv\\\/site\\\/author\\\/andreiacunha\\\/\"}]}<\/script>\n<!-- \/ Yoast SEO Premium plugin. -->","yoast_head_json":{"title":"TdC viabiliza constitui\u00e7\u00e3o de empresa regional \u00c1guas do Alto Minho","robots":{"index":"index","follow":"follow","max-snippet":"max-snippet:-1","max-image-preview":"max-image-preview:large","max-video-preview":"max-video-preview:-1"},"canonical":"https:\/\/www.altominho.tv\/site\/2019\/05\/28\/tdc-viabiliza-constituicao-de-empresa-regional-aguas-do-alto-minho\/","og_locale":"pt_PT","og_type":"article","og_title":"TdC viabiliza constitui\u00e7\u00e3o de empresa regional \u00c1guas do Alto Minho","og_description":"O presidente da Comunidade Intermunicipal (CIM) do Alto Minho, Jos\u00e9 Maria Costa, disse hoje \u00e0 ag\u00eancia Lusa que o Tribunal de Contas (TdC) deu visto favor\u00e1vel ao processo de constitui\u00e7\u00e3o da empresa regional \u00c1guas do Alto Minho. &#8220;O TdC deu hoje visto favor\u00e1vel ao processo de constitui\u00e7\u00e3o da empresa \u00c1guas do Alto Minho. Esta empresa [&hellip;]","og_url":"https:\/\/www.altominho.tv\/site\/2019\/05\/28\/tdc-viabiliza-constituicao-de-empresa-regional-aguas-do-alto-minho\/","og_site_name":"Altominho.tv","article_publisher":"https:\/\/www.facebook.com\/altominhotv","article_published_time":"2019-05-28T13:50:01+00:00","article_modified_time":"2019-05-28T13:50:05+00:00","og_image":[{"width":740,"height":394,"url":"https:\/\/www.altominho.tv\/site\/wp-content\/uploads\/2019\/05\/agua.jpg","type":"image\/jpeg"}],"author":"Andreia Cunha","twitter_card":"summary_large_image","twitter_creator":"@altominhoTV","twitter_site":"@altominhoTV","twitter_misc":{"Escrito por":"Andreia Cunha","Tempo estimado de leitura":"2 minutos"},"schema":{"@context":"https:\/\/schema.org","@graph":[{"@type":"Article","@id":"https:\/\/www.altominho.tv\/site\/2019\/05\/28\/tdc-viabiliza-constituicao-de-empresa-regional-aguas-do-alto-minho\/#article","isPartOf":{"@id":"https:\/\/www.altominho.tv\/site\/2019\/05\/28\/tdc-viabiliza-constituicao-de-empresa-regional-aguas-do-alto-minho\/"},"author":{"name":"Andreia Cunha","@id":"https:\/\/www.altominho.tv\/site\/#\/schema\/person\/a0e4ef6d041f98ca284393d8f1d97153"},"headline":"TdC viabiliza constitui\u00e7\u00e3o de empresa regional \u00c1guas do Alto Minho","datePublished":"2019-05-28T13:50:01+00:00","dateModified":"2019-05-28T13:50:05+00:00","mainEntityOfPage":{"@id":"https:\/\/www.altominho.tv\/site\/2019\/05\/28\/tdc-viabiliza-constituicao-de-empresa-regional-aguas-do-alto-minho\/"},"wordCount":412,"image":{"@id":"https:\/\/www.altominho.tv\/site\/2019\/05\/28\/tdc-viabiliza-constituicao-de-empresa-regional-aguas-do-alto-minho\/#primaryimage"},"thumbnailUrl":"https:\/\/www.altominho.tv\/site\/wp-content\/uploads\/2019\/05\/agua.jpg","keywords":["Sociedade"],"articleSection":["Alto Minho"],"inLanguage":"pt-PT","copyrightYear":"2019","copyrightHolder":{"@id":"https:\/\/www.altominho.tv\/site\/#organization"}},{"@type":"WebPage","@id":"https:\/\/www.altominho.tv\/site\/2019\/05\/28\/tdc-viabiliza-constituicao-de-empresa-regional-aguas-do-alto-minho\/","url":"https:\/\/www.altominho.tv\/site\/2019\/05\/28\/tdc-viabiliza-constituicao-de-empresa-regional-aguas-do-alto-minho\/","name":"TdC viabiliza constitui\u00e7\u00e3o de empresa regional \u00c1guas do Alto Minho","isPartOf":{"@id":"https:\/\/www.altominho.tv\/site\/#website"},"primaryImageOfPage":{"@id":"https:\/\/www.altominho.tv\/site\/2019\/05\/28\/tdc-viabiliza-constituicao-de-empresa-regional-aguas-do-alto-minho\/#primaryimage"},"image":{"@id":"https:\/\/www.altominho.tv\/site\/2019\/05\/28\/tdc-viabiliza-constituicao-de-empresa-regional-aguas-do-alto-minho\/#primaryimage"},"thumbnailUrl":"https:\/\/www.altominho.tv\/site\/wp-content\/uploads\/2019\/05\/agua.jpg","datePublished":"2019-05-28T13:50:01+00:00","dateModified":"2019-05-28T13:50:05+00:00","author":{"@id":"https:\/\/www.altominho.tv\/site\/#\/schema\/person\/a0e4ef6d041f98ca284393d8f1d97153"},"breadcrumb":{"@id":"https:\/\/www.altominho.tv\/site\/2019\/05\/28\/tdc-viabiliza-constituicao-de-empresa-regional-aguas-do-alto-minho\/#breadcrumb"},"inLanguage":"pt-PT","potentialAction":[{"@type":"ReadAction","target":["https:\/\/www.altominho.tv\/site\/2019\/05\/28\/tdc-viabiliza-constituicao-de-empresa-regional-aguas-do-alto-minho\/"]}]},{"@type":"ImageObject","inLanguage":"pt-PT","@id":"https:\/\/www.altominho.tv\/site\/2019\/05\/28\/tdc-viabiliza-constituicao-de-empresa-regional-aguas-do-alto-minho\/#primaryimage","url":"https:\/\/www.altominho.tv\/site\/wp-content\/uploads\/2019\/05\/agua.jpg","contentUrl":"https:\/\/www.altominho.tv\/site\/wp-content\/uploads\/2019\/05\/agua.jpg","width":740,"height":394},{"@type":"BreadcrumbList","@id":"https:\/\/www.altominho.tv\/site\/2019\/05\/28\/tdc-viabiliza-constituicao-de-empresa-regional-aguas-do-alto-minho\/#breadcrumb","itemListElement":[{"@type":"ListItem","position":1,"name":"In\u00edcio","item":"https:\/\/www.altominho.tv\/site\/"},{"@type":"ListItem","position":2,"name":"TdC viabiliza constitui\u00e7\u00e3o de empresa regional \u00c1guas do Alto Minho"}]},{"@type":"WebSite","@id":"https:\/\/www.altominho.tv\/site\/#website","url":"https:\/\/www.altominho.tv\/site\/","name":"Altominho.tv","description":"A sua regi\u00e3o \u00e0 dist\u00e2ncia de um clique...","potentialAction":[{"@type":"SearchAction","target":{"@type":"EntryPoint","urlTemplate":"https:\/\/www.altominho.tv\/site\/?s={search_term_string}"},"query-input":{"@type":"PropertyValueSpecification","valueRequired":true,"valueName":"search_term_string"}}],"inLanguage":"pt-PT"},{"@type":"Person","@id":"https:\/\/www.altominho.tv\/site\/#\/schema\/person\/a0e4ef6d041f98ca284393d8f1d97153","name":"Andreia Cunha","image":{"@type":"ImageObject","inLanguage":"pt-PT","@id":"https:\/\/www.altominho.tv\/site\/wp-content\/uploads\/2017\/11\/Andreia_Cunha-1-150x150.jpg","url":"https:\/\/www.altominho.tv\/site\/wp-content\/uploads\/2017\/11\/Andreia_Cunha-1-150x150.jpg","contentUrl":"https:\/\/www.altominho.tv\/site\/wp-content\/uploads\/2017\/11\/Andreia_Cunha-1-150x150.jpg","caption":"Andreia Cunha"},"url":"https:\/\/www.altominho.tv\/site\/author\/andreiacunha\/"}]}},"_links":{"self":[{"href":"https:\/\/www.altominho.tv\/site\/wp-json\/wp\/v2\/posts\/28932","targetHints":{"allow":["GET"]}}],"collection":[{"href":"https:\/\/www.altominho.tv\/site\/wp-json\/wp\/v2\/posts"}],"about":[{"href":"https:\/\/www.altominho.tv\/site\/wp-json\/wp\/v2\/types\/post"}],"author":[{"embeddable":true,"href":"https:\/\/www.altominho.tv\/site\/wp-json\/wp\/v2\/users\/7"}],"replies":[{"embeddable":true,"href":"https:\/\/www.altominho.tv\/site\/wp-json\/wp\/v2\/comments?post=28932"}],"version-history":[{"count":0,"href":"https:\/\/www.altominho.tv\/site\/wp-json\/wp\/v2\/posts\/28932\/revisions"}],"wp:featuredmedia":[{"embeddable":true,"href":"https:\/\/www.altominho.tv\/site\/wp-json\/wp\/v2\/media\/28933"}],"wp:attachment":[{"href":"https:\/\/www.altominho.tv\/site\/wp-json\/wp\/v2\/media?parent=28932"}],"wp:term":[{"taxonomy":"category","embeddable":true,"href":"https:\/\/www.altominho.tv\/site\/wp-json\/wp\/v2\/categories?post=28932"},{"taxonomy":"post_tag","embeddable":true,"href":"https:\/\/www.altominho.tv\/site\/wp-json\/wp\/v2\/tags?post=28932"}],"curies":[{"name":"wp","href":"https:\/\/api.w.org\/{rel}","templated":true}]}}