{"id":28843,"date":"2019-05-27T10:53:46","date_gmt":"2019-05-27T09:53:46","guid":{"rendered":"http:\/\/www.altominho.tv\/site\/?p=28843"},"modified":"2022-01-17T14:32:23","modified_gmt":"2022-01-17T14:32:23","slug":"ps-vence-eleicoes-europeias-no-alto-minho-com-3222-dos-votos","status":"publish","type":"post","link":"https:\/\/www.altominho.tv\/site\/2019\/05\/27\/ps-vence-eleicoes-europeias-no-alto-minho-com-3222-dos-votos\/","title":{"rendered":"PS vence elei\u00e7\u00f5es europeias no Alto Minho com 32,22% dos votos"},"content":{"rendered":"<p>O PS foi o partido mais votado no distrito de Viana do Castelo nas elei\u00e7\u00f5es europeias deste domingo, com 32,22% dos votos, apurados os resultados das 208 freguesias.<\/p>\n<p>Dados oficiais da Secretaria-Geral do Minist\u00e9rio da Administra\u00e7\u00e3o Interna:<\/p>\n<p><img loading=\"lazy\" decoding=\"async\" class=\"alignnone wp-image-28844\" src=\"http:\/\/www.altominho.tv\/site\/wp-content\/uploads\/2019\/05\/Alto-Minho.jpg\" alt=\"\" width=\"1000\" height=\"690\" data-wp-pid=\"28844\" srcset=\"https:\/\/www.altominho.tv\/site\/wp-content\/uploads\/2019\/05\/Alto-Minho.jpg 831w, https:\/\/www.altominho.tv\/site\/wp-content\/uploads\/2019\/05\/Alto-Minho-300x207.jpg 300w, https:\/\/www.altominho.tv\/site\/wp-content\/uploads\/2019\/05\/Alto-Minho-768x530.jpg 768w, https:\/\/www.altominho.tv\/site\/wp-content\/uploads\/2019\/05\/Alto-Minho-370x255.jpg 370w, https:\/\/www.altominho.tv\/site\/wp-content\/uploads\/2019\/05\/Alto-Minho-435x300.jpg 435w, https:\/\/www.altominho.tv\/site\/wp-content\/uploads\/2019\/05\/Alto-Minho-270x186.jpg 270w, https:\/\/www.altominho.tv\/site\/wp-content\/uploads\/2019\/05\/Alto-Minho-740x510.jpg 740w, https:\/\/www.altominho.tv\/site\/wp-content\/uploads\/2019\/05\/Alto-Minho-800x552.jpg 800w, https:\/\/www.altominho.tv\/site\/wp-content\/uploads\/2019\/05\/Alto-Minho-457x315.jpg 457w, https:\/\/www.altominho.tv\/site\/wp-content\/uploads\/2019\/05\/Alto-Minho-600x414.jpg 600w\" sizes=\"auto, (max-width: 1000px) 100vw, 1000px\" \/><\/p>\n<p class=\"text-paragraph\">Outros dados das elei\u00e7\u00f5es europeias 2019:<\/p>\n<p class=\"text-paragraph\">Inscritos: 240910<\/p>\n<p class=\"text-paragraph\">Votos brancos: 5,61%<\/p>\n<p class=\"text-paragraph\">Votos nulos: 2,77%<\/p>\n<p class=\"text-paragraph\">Votantes: 31,43%<\/p>\n<p class=\"text-paragraph\">Absten\u00e7\u00e3o: 68,57%<\/p>\n<p class=\"text-paragraph\">Outros dados das elei\u00e7\u00f5es europeias 2014:<\/p>\n<p class=\"text-paragraph\">Inscritos: 253349<\/p>\n<p class=\"text-paragraph\">Votos brancos: 5,49%<\/p>\n<p class=\"text-paragraph\">Votos nulos: 2,84%<\/p>\n<p class=\"text-paragraph\">Votantes: 30,68%<\/p>\n<p class=\"text-paragraph\">Absten\u00e7\u00e3o: 69,32%<\/p>\n<p><strong>Principais resultados nos concelhos do Alto Minho<\/strong><\/p>\n<p>O Partido Socialista conseguiu vit\u00f3rias nos concelhos de Caminha (35,07%), Melga\u00e7o (49,30%), Paredes de Coura (48,21%), Vila Nova de Cerveira (39,19%) e Viana do Castelo (32,68%), tendo sido a segunda for\u00e7a pol\u00edtica mais votada nos restantes concelhos do Alto Minho.<\/p>\n<p>O PSD, que tinha como cabe\u00e7a de lista, Paulo Rangel, obteve 42,71% dos votos em Arcos de Valdevez, 34,54% em Mon\u00e7\u00e3o, 36,59% em Ponte da Barca, 29,50% em Ponte de Lima e 33,51% em Valen\u00e7a.<\/p>\n<p><strong>Resultados das elei\u00e7\u00f5es europeias em Portugal<\/strong><\/p>\n<p>A <a href=\"https:\/\/www.europeias2019.mai.gov.pt\/territorio-nacional.html\" target=\"_blank\" rel=\"noopener noreferrer\">n\u00edvel nacional<\/a>, o PS ganhou as elei\u00e7\u00f5es europeias com 33,41% dos votos, elegendo nove deputados e aumentando a sua representa\u00e7\u00e3o no Parlamento Europeu.<\/p>\n<p>O derrotado destas elei\u00e7\u00f5es \u00e9 o PSD que se ficou pelos 21,91%, embora mantendo seis representantes.<\/p>\n<p>O terceiro partido nestas elei\u00e7\u00f5es \u00e9 o BE, que obt\u00e9m 9,82% dos votos e dobra a sua representa\u00e7\u00e3o, elegendo dois deputados. Segue-se a CDU, com 6,89%, que elege um eurodeputado. J\u00e1 o CDS ficou com 6,19% e mant\u00e9m um eurodeputado.<\/p>\n<p>A estreia na elei\u00e7\u00e3o de eurodeputados \u00e9 o PAN, que obteve 5,08% e elegeu Francisco Guerreiro.<\/p>\n","protected":false},"excerpt":{"rendered":"<p>O PS foi o partido mais votado no distrito de Viana do Castelo nas elei\u00e7\u00f5es europeias deste domingo, com 32,22% dos votos, apurados os resultados das 208 freguesias. Dados oficiais da Secretaria-Geral do Minist\u00e9rio da Administra\u00e7\u00e3o Interna: Outros dados das elei\u00e7\u00f5es europeias 2019: Inscritos: 240910 Votos brancos: 5,61% Votos nulos: 2,77% Votantes: 31,43% Absten\u00e7\u00e3o: 68,57% [&hellip;]<\/p>\n","protected":false},"author":12,"featured_media":28846,"comment_status":"closed","ping_status":"closed","sticky":false,"template":"","format":"standard","meta":{"_exactmetrics_skip_tracking":false,"_exactmetrics_sitenote_active":false,"_exactmetrics_sitenote_note":"","_exactmetrics_sitenote_category":0,"footnotes":""},"categories":[73],"tags":[56326],"class_list":["post-28843","post","type-post","status-publish","format-standard","has-post-thumbnail","hentry","category-alto-minho","tag-politica"],"yoast_head":"<!-- This site is optimized with the Yoast SEO Premium plugin v27.4 (Yoast SEO v27.4) - https:\/\/yoast.com\/product\/yoast-seo-premium-wordpress\/ -->\n<title>PS vence elei\u00e7\u00f5es europeias no Alto Minho com 32,22% dos votos<\/title>\n<meta name=\"robots\" content=\"index, follow, max-snippet:-1, max-image-preview:large, max-video-preview:-1\" \/>\n<link rel=\"canonical\" href=\"https:\/\/www.altominho.tv\/site\/2019\/05\/27\/ps-vence-eleicoes-europeias-no-alto-minho-com-3222-dos-votos\/\" \/>\n<meta property=\"og:locale\" content=\"pt_PT\" \/>\n<meta property=\"og:type\" content=\"article\" \/>\n<meta property=\"og:title\" content=\"PS vence elei\u00e7\u00f5es europeias no Alto Minho com 32,22% dos votos\" \/>\n<meta property=\"og:description\" content=\"O PS foi o partido mais votado no distrito de Viana do Castelo nas elei\u00e7\u00f5es europeias deste domingo, com 32,22% dos votos, apurados os resultados das 208 freguesias. Dados oficiais da Secretaria-Geral do Minist\u00e9rio da Administra\u00e7\u00e3o Interna: Outros dados das elei\u00e7\u00f5es europeias 2019: Inscritos: 240910 Votos brancos: 5,61% Votos nulos: 2,77% Votantes: 31,43% Absten\u00e7\u00e3o: 68,57% [&hellip;]\" \/>\n<meta property=\"og:url\" content=\"https:\/\/www.altominho.tv\/site\/2019\/05\/27\/ps-vence-eleicoes-europeias-no-alto-minho-com-3222-dos-votos\/\" \/>\n<meta property=\"og:site_name\" content=\"Altominho.tv\" \/>\n<meta property=\"article:publisher\" content=\"https:\/\/www.facebook.com\/altominhotv\" \/>\n<meta property=\"article:published_time\" content=\"2019-05-27T09:53:46+00:00\" \/>\n<meta property=\"article:modified_time\" content=\"2022-01-17T14:32:23+00:00\" \/>\n<meta property=\"og:image\" content=\"https:\/\/www.altominho.tv\/site\/wp-content\/uploads\/2019\/05\/mw-860-1.jpg\" \/>\n\t<meta property=\"og:image:width\" content=\"860\" \/>\n\t<meta property=\"og:image:height\" content=\"573\" \/>\n\t<meta property=\"og:image:type\" content=\"image\/jpeg\" \/>\n<meta name=\"author\" content=\"Andreia Ferreira\" \/>\n<meta name=\"twitter:card\" content=\"summary_large_image\" \/>\n<meta name=\"twitter:creator\" content=\"@altominhoTV\" \/>\n<meta name=\"twitter:site\" content=\"@altominhoTV\" \/>\n<meta name=\"twitter:label1\" content=\"Escrito por\" \/>\n\t<meta name=\"twitter:data1\" content=\"Andreia Ferreira\" \/>\n\t<meta name=\"twitter:label2\" content=\"Tempo estimado de leitura\" \/>\n\t<meta name=\"twitter:data2\" content=\"1 minuto\" \/>\n<script type=\"application\/ld+json\" class=\"yoast-schema-graph\">{\"@context\":\"https:\\\/\\\/schema.org\",\"@graph\":[{\"@type\":\"Article\",\"@id\":\"https:\\\/\\\/www.altominho.tv\\\/site\\\/2019\\\/05\\\/27\\\/ps-vence-eleicoes-europeias-no-alto-minho-com-3222-dos-votos\\\/#article\",\"isPartOf\":{\"@id\":\"https:\\\/\\\/www.altominho.tv\\\/site\\\/2019\\\/05\\\/27\\\/ps-vence-eleicoes-europeias-no-alto-minho-com-3222-dos-votos\\\/\"},\"author\":{\"name\":\"Andreia Ferreira\",\"@id\":\"https:\\\/\\\/www.altominho.tv\\\/site\\\/#\\\/schema\\\/person\\\/d9be4265364723f14ea8e0d56a1d38cd\"},\"headline\":\"PS vence elei\u00e7\u00f5es europeias no Alto Minho com 32,22% dos votos\",\"datePublished\":\"2019-05-27T09:53:46+00:00\",\"dateModified\":\"2022-01-17T14:32:23+00:00\",\"mainEntityOfPage\":{\"@id\":\"https:\\\/\\\/www.altominho.tv\\\/site\\\/2019\\\/05\\\/27\\\/ps-vence-eleicoes-europeias-no-alto-minho-com-3222-dos-votos\\\/\"},\"wordCount\":259,\"image\":{\"@id\":\"https:\\\/\\\/www.altominho.tv\\\/site\\\/2019\\\/05\\\/27\\\/ps-vence-eleicoes-europeias-no-alto-minho-com-3222-dos-votos\\\/#primaryimage\"},\"thumbnailUrl\":\"https:\\\/\\\/www.altominho.tv\\\/site\\\/wp-content\\\/uploads\\\/2019\\\/05\\\/mw-860-1.jpg\",\"keywords\":[\"Pol\u00edtica\"],\"articleSection\":[\"Alto Minho\"],\"inLanguage\":\"pt-PT\",\"copyrightYear\":\"2019\",\"copyrightHolder\":{\"@id\":\"https:\\\/\\\/www.altominho.tv\\\/site\\\/#organization\"}},{\"@type\":\"WebPage\",\"@id\":\"https:\\\/\\\/www.altominho.tv\\\/site\\\/2019\\\/05\\\/27\\\/ps-vence-eleicoes-europeias-no-alto-minho-com-3222-dos-votos\\\/\",\"url\":\"https:\\\/\\\/www.altominho.tv\\\/site\\\/2019\\\/05\\\/27\\\/ps-vence-eleicoes-europeias-no-alto-minho-com-3222-dos-votos\\\/\",\"name\":\"PS vence elei\u00e7\u00f5es europeias no Alto Minho com 32,22% dos votos\",\"isPartOf\":{\"@id\":\"https:\\\/\\\/www.altominho.tv\\\/site\\\/#website\"},\"primaryImageOfPage\":{\"@id\":\"https:\\\/\\\/www.altominho.tv\\\/site\\\/2019\\\/05\\\/27\\\/ps-vence-eleicoes-europeias-no-alto-minho-com-3222-dos-votos\\\/#primaryimage\"},\"image\":{\"@id\":\"https:\\\/\\\/www.altominho.tv\\\/site\\\/2019\\\/05\\\/27\\\/ps-vence-eleicoes-europeias-no-alto-minho-com-3222-dos-votos\\\/#primaryimage\"},\"thumbnailUrl\":\"https:\\\/\\\/www.altominho.tv\\\/site\\\/wp-content\\\/uploads\\\/2019\\\/05\\\/mw-860-1.jpg\",\"datePublished\":\"2019-05-27T09:53:46+00:00\",\"dateModified\":\"2022-01-17T14:32:23+00:00\",\"author\":{\"@id\":\"https:\\\/\\\/www.altominho.tv\\\/site\\\/#\\\/schema\\\/person\\\/d9be4265364723f14ea8e0d56a1d38cd\"},\"breadcrumb\":{\"@id\":\"https:\\\/\\\/www.altominho.tv\\\/site\\\/2019\\\/05\\\/27\\\/ps-vence-eleicoes-europeias-no-alto-minho-com-3222-dos-votos\\\/#breadcrumb\"},\"inLanguage\":\"pt-PT\",\"potentialAction\":[{\"@type\":\"ReadAction\",\"target\":[\"https:\\\/\\\/www.altominho.tv\\\/site\\\/2019\\\/05\\\/27\\\/ps-vence-eleicoes-europeias-no-alto-minho-com-3222-dos-votos\\\/\"]}]},{\"@type\":\"ImageObject\",\"inLanguage\":\"pt-PT\",\"@id\":\"https:\\\/\\\/www.altominho.tv\\\/site\\\/2019\\\/05\\\/27\\\/ps-vence-eleicoes-europeias-no-alto-minho-com-3222-dos-votos\\\/#primaryimage\",\"url\":\"https:\\\/\\\/www.altominho.tv\\\/site\\\/wp-content\\\/uploads\\\/2019\\\/05\\\/mw-860-1.jpg\",\"contentUrl\":\"https:\\\/\\\/www.altominho.tv\\\/site\\\/wp-content\\\/uploads\\\/2019\\\/05\\\/mw-860-1.jpg\",\"width\":860,\"height\":573,\"caption\":\"SIC NOT\u00cdCIAS\\\/MIGUEL LOPES\"},{\"@type\":\"BreadcrumbList\",\"@id\":\"https:\\\/\\\/www.altominho.tv\\\/site\\\/2019\\\/05\\\/27\\\/ps-vence-eleicoes-europeias-no-alto-minho-com-3222-dos-votos\\\/#breadcrumb\",\"itemListElement\":[{\"@type\":\"ListItem\",\"position\":1,\"name\":\"In\u00edcio\",\"item\":\"https:\\\/\\\/www.altominho.tv\\\/site\\\/\"},{\"@type\":\"ListItem\",\"position\":2,\"name\":\"PS vence elei\u00e7\u00f5es europeias no Alto Minho com 32,22% dos votos\"}]},{\"@type\":\"WebSite\",\"@id\":\"https:\\\/\\\/www.altominho.tv\\\/site\\\/#website\",\"url\":\"https:\\\/\\\/www.altominho.tv\\\/site\\\/\",\"name\":\"Altominho.tv\",\"description\":\"A sua regi\u00e3o \u00e0 dist\u00e2ncia de um clique...\",\"potentialAction\":[{\"@type\":\"SearchAction\",\"target\":{\"@type\":\"EntryPoint\",\"urlTemplate\":\"https:\\\/\\\/www.altominho.tv\\\/site\\\/?s={search_term_string}\"},\"query-input\":{\"@type\":\"PropertyValueSpecification\",\"valueRequired\":true,\"valueName\":\"search_term_string\"}}],\"inLanguage\":\"pt-PT\"},{\"@type\":\"Person\",\"@id\":\"https:\\\/\\\/www.altominho.tv\\\/site\\\/#\\\/schema\\\/person\\\/d9be4265364723f14ea8e0d56a1d38cd\",\"name\":\"Andreia Ferreira\",\"image\":{\"@type\":\"ImageObject\",\"inLanguage\":\"pt-PT\",\"@id\":\"https:\\\/\\\/www.altominho.tv\\\/site\\\/wp-content\\\/uploads\\\/2021\\\/01\\\/AndreiaFerreira-150x150.jpg\",\"url\":\"https:\\\/\\\/www.altominho.tv\\\/site\\\/wp-content\\\/uploads\\\/2021\\\/01\\\/AndreiaFerreira-150x150.jpg\",\"contentUrl\":\"https:\\\/\\\/www.altominho.tv\\\/site\\\/wp-content\\\/uploads\\\/2021\\\/01\\\/AndreiaFerreira-150x150.jpg\",\"caption\":\"Andreia Ferreira\"},\"url\":\"https:\\\/\\\/www.altominho.tv\\\/site\\\/author\\\/andreiaferreira\\\/\"}]}<\/script>\n<!-- \/ Yoast SEO Premium plugin. -->","yoast_head_json":{"title":"PS vence elei\u00e7\u00f5es europeias no Alto Minho com 32,22% dos votos","robots":{"index":"index","follow":"follow","max-snippet":"max-snippet:-1","max-image-preview":"max-image-preview:large","max-video-preview":"max-video-preview:-1"},"canonical":"https:\/\/www.altominho.tv\/site\/2019\/05\/27\/ps-vence-eleicoes-europeias-no-alto-minho-com-3222-dos-votos\/","og_locale":"pt_PT","og_type":"article","og_title":"PS vence elei\u00e7\u00f5es europeias no Alto Minho com 32,22% dos votos","og_description":"O PS foi o partido mais votado no distrito de Viana do Castelo nas elei\u00e7\u00f5es europeias deste domingo, com 32,22% dos votos, apurados os resultados das 208 freguesias. Dados oficiais da Secretaria-Geral do Minist\u00e9rio da Administra\u00e7\u00e3o Interna: Outros dados das elei\u00e7\u00f5es europeias 2019: Inscritos: 240910 Votos brancos: 5,61% Votos nulos: 2,77% Votantes: 31,43% Absten\u00e7\u00e3o: 68,57% [&hellip;]","og_url":"https:\/\/www.altominho.tv\/site\/2019\/05\/27\/ps-vence-eleicoes-europeias-no-alto-minho-com-3222-dos-votos\/","og_site_name":"Altominho.tv","article_publisher":"https:\/\/www.facebook.com\/altominhotv","article_published_time":"2019-05-27T09:53:46+00:00","article_modified_time":"2022-01-17T14:32:23+00:00","og_image":[{"width":860,"height":573,"url":"https:\/\/www.altominho.tv\/site\/wp-content\/uploads\/2019\/05\/mw-860-1.jpg","type":"image\/jpeg"}],"author":"Andreia Ferreira","twitter_card":"summary_large_image","twitter_creator":"@altominhoTV","twitter_site":"@altominhoTV","twitter_misc":{"Escrito por":"Andreia Ferreira","Tempo estimado de leitura":"1 minuto"},"schema":{"@context":"https:\/\/schema.org","@graph":[{"@type":"Article","@id":"https:\/\/www.altominho.tv\/site\/2019\/05\/27\/ps-vence-eleicoes-europeias-no-alto-minho-com-3222-dos-votos\/#article","isPartOf":{"@id":"https:\/\/www.altominho.tv\/site\/2019\/05\/27\/ps-vence-eleicoes-europeias-no-alto-minho-com-3222-dos-votos\/"},"author":{"name":"Andreia Ferreira","@id":"https:\/\/www.altominho.tv\/site\/#\/schema\/person\/d9be4265364723f14ea8e0d56a1d38cd"},"headline":"PS vence elei\u00e7\u00f5es europeias no Alto Minho com 32,22% dos votos","datePublished":"2019-05-27T09:53:46+00:00","dateModified":"2022-01-17T14:32:23+00:00","mainEntityOfPage":{"@id":"https:\/\/www.altominho.tv\/site\/2019\/05\/27\/ps-vence-eleicoes-europeias-no-alto-minho-com-3222-dos-votos\/"},"wordCount":259,"image":{"@id":"https:\/\/www.altominho.tv\/site\/2019\/05\/27\/ps-vence-eleicoes-europeias-no-alto-minho-com-3222-dos-votos\/#primaryimage"},"thumbnailUrl":"https:\/\/www.altominho.tv\/site\/wp-content\/uploads\/2019\/05\/mw-860-1.jpg","keywords":["Pol\u00edtica"],"articleSection":["Alto Minho"],"inLanguage":"pt-PT","copyrightYear":"2019","copyrightHolder":{"@id":"https:\/\/www.altominho.tv\/site\/#organization"}},{"@type":"WebPage","@id":"https:\/\/www.altominho.tv\/site\/2019\/05\/27\/ps-vence-eleicoes-europeias-no-alto-minho-com-3222-dos-votos\/","url":"https:\/\/www.altominho.tv\/site\/2019\/05\/27\/ps-vence-eleicoes-europeias-no-alto-minho-com-3222-dos-votos\/","name":"PS vence elei\u00e7\u00f5es europeias no Alto Minho com 32,22% dos votos","isPartOf":{"@id":"https:\/\/www.altominho.tv\/site\/#website"},"primaryImageOfPage":{"@id":"https:\/\/www.altominho.tv\/site\/2019\/05\/27\/ps-vence-eleicoes-europeias-no-alto-minho-com-3222-dos-votos\/#primaryimage"},"image":{"@id":"https:\/\/www.altominho.tv\/site\/2019\/05\/27\/ps-vence-eleicoes-europeias-no-alto-minho-com-3222-dos-votos\/#primaryimage"},"thumbnailUrl":"https:\/\/www.altominho.tv\/site\/wp-content\/uploads\/2019\/05\/mw-860-1.jpg","datePublished":"2019-05-27T09:53:46+00:00","dateModified":"2022-01-17T14:32:23+00:00","author":{"@id":"https:\/\/www.altominho.tv\/site\/#\/schema\/person\/d9be4265364723f14ea8e0d56a1d38cd"},"breadcrumb":{"@id":"https:\/\/www.altominho.tv\/site\/2019\/05\/27\/ps-vence-eleicoes-europeias-no-alto-minho-com-3222-dos-votos\/#breadcrumb"},"inLanguage":"pt-PT","potentialAction":[{"@type":"ReadAction","target":["https:\/\/www.altominho.tv\/site\/2019\/05\/27\/ps-vence-eleicoes-europeias-no-alto-minho-com-3222-dos-votos\/"]}]},{"@type":"ImageObject","inLanguage":"pt-PT","@id":"https:\/\/www.altominho.tv\/site\/2019\/05\/27\/ps-vence-eleicoes-europeias-no-alto-minho-com-3222-dos-votos\/#primaryimage","url":"https:\/\/www.altominho.tv\/site\/wp-content\/uploads\/2019\/05\/mw-860-1.jpg","contentUrl":"https:\/\/www.altominho.tv\/site\/wp-content\/uploads\/2019\/05\/mw-860-1.jpg","width":860,"height":573,"caption":"SIC NOT\u00cdCIAS\/MIGUEL LOPES"},{"@type":"BreadcrumbList","@id":"https:\/\/www.altominho.tv\/site\/2019\/05\/27\/ps-vence-eleicoes-europeias-no-alto-minho-com-3222-dos-votos\/#breadcrumb","itemListElement":[{"@type":"ListItem","position":1,"name":"In\u00edcio","item":"https:\/\/www.altominho.tv\/site\/"},{"@type":"ListItem","position":2,"name":"PS vence elei\u00e7\u00f5es europeias no Alto Minho com 32,22% dos votos"}]},{"@type":"WebSite","@id":"https:\/\/www.altominho.tv\/site\/#website","url":"https:\/\/www.altominho.tv\/site\/","name":"Altominho.tv","description":"A sua regi\u00e3o \u00e0 dist\u00e2ncia de um clique...","potentialAction":[{"@type":"SearchAction","target":{"@type":"EntryPoint","urlTemplate":"https:\/\/www.altominho.tv\/site\/?s={search_term_string}"},"query-input":{"@type":"PropertyValueSpecification","valueRequired":true,"valueName":"search_term_string"}}],"inLanguage":"pt-PT"},{"@type":"Person","@id":"https:\/\/www.altominho.tv\/site\/#\/schema\/person\/d9be4265364723f14ea8e0d56a1d38cd","name":"Andreia Ferreira","image":{"@type":"ImageObject","inLanguage":"pt-PT","@id":"https:\/\/www.altominho.tv\/site\/wp-content\/uploads\/2021\/01\/AndreiaFerreira-150x150.jpg","url":"https:\/\/www.altominho.tv\/site\/wp-content\/uploads\/2021\/01\/AndreiaFerreira-150x150.jpg","contentUrl":"https:\/\/www.altominho.tv\/site\/wp-content\/uploads\/2021\/01\/AndreiaFerreira-150x150.jpg","caption":"Andreia Ferreira"},"url":"https:\/\/www.altominho.tv\/site\/author\/andreiaferreira\/"}]}},"_links":{"self":[{"href":"https:\/\/www.altominho.tv\/site\/wp-json\/wp\/v2\/posts\/28843","targetHints":{"allow":["GET"]}}],"collection":[{"href":"https:\/\/www.altominho.tv\/site\/wp-json\/wp\/v2\/posts"}],"about":[{"href":"https:\/\/www.altominho.tv\/site\/wp-json\/wp\/v2\/types\/post"}],"author":[{"embeddable":true,"href":"https:\/\/www.altominho.tv\/site\/wp-json\/wp\/v2\/users\/12"}],"replies":[{"embeddable":true,"href":"https:\/\/www.altominho.tv\/site\/wp-json\/wp\/v2\/comments?post=28843"}],"version-history":[{"count":0,"href":"https:\/\/www.altominho.tv\/site\/wp-json\/wp\/v2\/posts\/28843\/revisions"}],"wp:featuredmedia":[{"embeddable":true,"href":"https:\/\/www.altominho.tv\/site\/wp-json\/wp\/v2\/media\/28846"}],"wp:attachment":[{"href":"https:\/\/www.altominho.tv\/site\/wp-json\/wp\/v2\/media?parent=28843"}],"wp:term":[{"taxonomy":"category","embeddable":true,"href":"https:\/\/www.altominho.tv\/site\/wp-json\/wp\/v2\/categories?post=28843"},{"taxonomy":"post_tag","embeddable":true,"href":"https:\/\/www.altominho.tv\/site\/wp-json\/wp\/v2\/tags?post=28843"}],"curies":[{"name":"wp","href":"https:\/\/api.w.org\/{rel}","templated":true}]}}