{"id":28676,"date":"2019-05-22T11:27:24","date_gmt":"2019-05-22T10:27:24","guid":{"rendered":"http:\/\/www.altominho.tv\/site\/?p=28676"},"modified":"2019-05-22T11:27:29","modified_gmt":"2019-05-22T10:27:29","slug":"encontro-reune-as-26-equipas-do-alto-minho-no-dia-nacional-do-sapador-florestal","status":"publish","type":"post","link":"https:\/\/www.altominho.tv\/site\/2019\/05\/22\/encontro-reune-as-26-equipas-do-alto-minho-no-dia-nacional-do-sapador-florestal\/","title":{"rendered":"Encontro re\u00fane as 26 equipas do Alto Minho no Dia Nacional do Sapador Florestal"},"content":{"rendered":"<p>Cerca de 130 sapadores florestais de 26 equipas do distrito de Viana do Castelo participaram, esta ter\u00e7a-feira, numa a\u00e7\u00e3o de forma\u00e7\u00e3o promovida pelo Instituto da Conserva\u00e7\u00e3o da Natureza e das Florestas (ICNF). A iniciativa decorreu no Dia Nacional do Sapador Florestal.<\/p>\n<p>O Aer\u00f3dromo de Cerval foi o palco escolhido para este encontro, dada a cria\u00e7\u00e3o do Centro Intermunicipal de Prote\u00e7\u00e3o Civil do Alto Minho.<\/p>\n<p>Por decis\u00e3o da Assembleia da Rep\u00fablica, a partir de 2004, o dia 21 de maio passou a ser considerado Dia Nacional dos Sapadores Florestais, reconhecendo a import\u00e2ncia e o papel ativo destas equipas na preserva\u00e7\u00e3o do patrim\u00f3nio floresta nacional.<\/p>\n<p>Este ano, o ICNF optou por dinamizar uma sess\u00e3o comemorativa no concelho de Vila Nova de Cerveira, reunindo todas as equipas de Sapadores Florestais do Alto Minho no futuro Centro Intermunicipal de Prote\u00e7\u00e3o Civil do Alto Minho.<\/p>\n<p>Ap\u00f3s recentemente ter dotado as equipas de Sapadores Florestais com r\u00e1dios SIRESP &#8211; complementando com os at\u00e9 ent\u00e3o emprestados pela GNR -, o ICNF aproveitou esta oportunidade para prestar esclarecimentos e dissipar d\u00favidas, para promover uma melhor utiliza\u00e7\u00e3o do equipamento.<\/p>\n<p>O representante do ICNF, Marcos Coutinho, sublinhou uma mais-valia para o trabalho dos sapadores florestais \u201cque est\u00e3o no terreno ao longo de todo o ano\u201d, anunciando ainda que, nos pr\u00f3ximos meses, a entidade vai proceder \u00e0 substitui\u00e7\u00e3o de seis viaturas das equipas que operam no distrito, entre a 9a e 15a, e assim sucessivamente\u201d.<\/p>\n\n\n<p><\/p>\n","protected":false},"excerpt":{"rendered":"<p>Cerca de 130 sapadores florestais de 26 equipas do distrito de Viana do Castelo participaram, esta ter\u00e7a-feira, numa a\u00e7\u00e3o de forma\u00e7\u00e3o promovida pelo Instituto da Conserva\u00e7\u00e3o da Natureza e das Florestas (ICNF). A iniciativa decorreu no Dia Nacional do Sapador Florestal. O Aer\u00f3dromo de Cerval foi o palco escolhido para este encontro, dada a cria\u00e7\u00e3o [&hellip;]<\/p>\n","protected":false},"author":12,"featured_media":28678,"comment_status":"closed","ping_status":"closed","sticky":false,"template":"","format":"standard","meta":{"_exactmetrics_skip_tracking":false,"_exactmetrics_sitenote_active":false,"_exactmetrics_sitenote_note":"","_exactmetrics_sitenote_category":0,"footnotes":""},"categories":[15],"tags":[27],"class_list":["post-28676","post","type-post","status-publish","format-standard","has-post-thumbnail","hentry","category-vila-nova-de-cerveira","tag-sociedade"],"yoast_head":"<!-- This site is optimized with the Yoast SEO Premium plugin v27.5 (Yoast SEO v27.5) - https:\/\/yoast.com\/product\/yoast-seo-premium-wordpress\/ -->\n<title>Encontro re\u00fane as 26 equipas do Alto Minho no Dia Nacional do Sapador Florestal<\/title>\n<meta name=\"robots\" content=\"index, follow, max-snippet:-1, max-image-preview:large, max-video-preview:-1\" \/>\n<link rel=\"canonical\" href=\"https:\/\/www.altominho.tv\/site\/2019\/05\/22\/encontro-reune-as-26-equipas-do-alto-minho-no-dia-nacional-do-sapador-florestal\/\" \/>\n<meta property=\"og:locale\" content=\"pt_PT\" \/>\n<meta property=\"og:type\" content=\"article\" \/>\n<meta property=\"og:title\" content=\"Encontro re\u00fane as 26 equipas do Alto Minho no Dia Nacional do Sapador Florestal\" \/>\n<meta property=\"og:description\" content=\"Cerca de 130 sapadores florestais de 26 equipas do distrito de Viana do Castelo participaram, esta ter\u00e7a-feira, numa a\u00e7\u00e3o de forma\u00e7\u00e3o promovida pelo Instituto da Conserva\u00e7\u00e3o da Natureza e das Florestas (ICNF). A iniciativa decorreu no Dia Nacional do Sapador Florestal. O Aer\u00f3dromo de Cerval foi o palco escolhido para este encontro, dada a cria\u00e7\u00e3o [&hellip;]\" \/>\n<meta property=\"og:url\" content=\"https:\/\/www.altominho.tv\/site\/2019\/05\/22\/encontro-reune-as-26-equipas-do-alto-minho-no-dia-nacional-do-sapador-florestal\/\" \/>\n<meta property=\"og:site_name\" content=\"Altominho.tv\" \/>\n<meta property=\"article:publisher\" content=\"https:\/\/www.facebook.com\/altominhotv\" \/>\n<meta property=\"article:published_time\" content=\"2019-05-22T10:27:24+00:00\" \/>\n<meta property=\"article:modified_time\" content=\"2019-05-22T10:27:29+00:00\" \/>\n<meta property=\"og:image\" content=\"https:\/\/www.altominho.tv\/site\/wp-content\/uploads\/2019\/05\/IMG_1541.jpg\" \/>\n\t<meta property=\"og:image:width\" content=\"3000\" \/>\n\t<meta property=\"og:image:height\" content=\"2000\" \/>\n\t<meta property=\"og:image:type\" content=\"image\/jpeg\" \/>\n<meta name=\"author\" content=\"Andreia Ferreira\" \/>\n<meta name=\"twitter:card\" content=\"summary_large_image\" \/>\n<meta name=\"twitter:creator\" content=\"@altominhoTV\" \/>\n<meta name=\"twitter:site\" content=\"@altominhoTV\" \/>\n<meta name=\"twitter:label1\" content=\"Escrito por\" \/>\n\t<meta name=\"twitter:data1\" content=\"Andreia Ferreira\" \/>\n\t<meta name=\"twitter:label2\" content=\"Tempo estimado de leitura\" \/>\n\t<meta name=\"twitter:data2\" content=\"1 minuto\" \/>\n<script type=\"application\/ld+json\" class=\"yoast-schema-graph\">{\"@context\":\"https:\\\/\\\/schema.org\",\"@graph\":[{\"@type\":\"Article\",\"@id\":\"https:\\\/\\\/www.altominho.tv\\\/site\\\/2019\\\/05\\\/22\\\/encontro-reune-as-26-equipas-do-alto-minho-no-dia-nacional-do-sapador-florestal\\\/#article\",\"isPartOf\":{\"@id\":\"https:\\\/\\\/www.altominho.tv\\\/site\\\/2019\\\/05\\\/22\\\/encontro-reune-as-26-equipas-do-alto-minho-no-dia-nacional-do-sapador-florestal\\\/\"},\"author\":{\"name\":\"Andreia Ferreira\",\"@id\":\"https:\\\/\\\/www.altominho.tv\\\/site\\\/#\\\/schema\\\/person\\\/d9be4265364723f14ea8e0d56a1d38cd\"},\"headline\":\"Encontro re\u00fane as 26 equipas do Alto Minho no Dia Nacional do Sapador Florestal\",\"datePublished\":\"2019-05-22T10:27:24+00:00\",\"dateModified\":\"2019-05-22T10:27:29+00:00\",\"mainEntityOfPage\":{\"@id\":\"https:\\\/\\\/www.altominho.tv\\\/site\\\/2019\\\/05\\\/22\\\/encontro-reune-as-26-equipas-do-alto-minho-no-dia-nacional-do-sapador-florestal\\\/\"},\"wordCount\":265,\"image\":{\"@id\":\"https:\\\/\\\/www.altominho.tv\\\/site\\\/2019\\\/05\\\/22\\\/encontro-reune-as-26-equipas-do-alto-minho-no-dia-nacional-do-sapador-florestal\\\/#primaryimage\"},\"thumbnailUrl\":\"https:\\\/\\\/www.altominho.tv\\\/site\\\/wp-content\\\/uploads\\\/2019\\\/05\\\/IMG_1541.jpg\",\"keywords\":[\"Sociedade\"],\"articleSection\":[\"Vila Nova de Cerveira\"],\"inLanguage\":\"pt-PT\",\"copyrightYear\":\"2019\",\"copyrightHolder\":{\"@id\":\"https:\\\/\\\/www.altominho.tv\\\/site\\\/#organization\"}},{\"@type\":\"WebPage\",\"@id\":\"https:\\\/\\\/www.altominho.tv\\\/site\\\/2019\\\/05\\\/22\\\/encontro-reune-as-26-equipas-do-alto-minho-no-dia-nacional-do-sapador-florestal\\\/\",\"url\":\"https:\\\/\\\/www.altominho.tv\\\/site\\\/2019\\\/05\\\/22\\\/encontro-reune-as-26-equipas-do-alto-minho-no-dia-nacional-do-sapador-florestal\\\/\",\"name\":\"Encontro re\u00fane as 26 equipas do Alto Minho no Dia Nacional do Sapador Florestal\",\"isPartOf\":{\"@id\":\"https:\\\/\\\/www.altominho.tv\\\/site\\\/#website\"},\"primaryImageOfPage\":{\"@id\":\"https:\\\/\\\/www.altominho.tv\\\/site\\\/2019\\\/05\\\/22\\\/encontro-reune-as-26-equipas-do-alto-minho-no-dia-nacional-do-sapador-florestal\\\/#primaryimage\"},\"image\":{\"@id\":\"https:\\\/\\\/www.altominho.tv\\\/site\\\/2019\\\/05\\\/22\\\/encontro-reune-as-26-equipas-do-alto-minho-no-dia-nacional-do-sapador-florestal\\\/#primaryimage\"},\"thumbnailUrl\":\"https:\\\/\\\/www.altominho.tv\\\/site\\\/wp-content\\\/uploads\\\/2019\\\/05\\\/IMG_1541.jpg\",\"datePublished\":\"2019-05-22T10:27:24+00:00\",\"dateModified\":\"2019-05-22T10:27:29+00:00\",\"author\":{\"@id\":\"https:\\\/\\\/www.altominho.tv\\\/site\\\/#\\\/schema\\\/person\\\/d9be4265364723f14ea8e0d56a1d38cd\"},\"breadcrumb\":{\"@id\":\"https:\\\/\\\/www.altominho.tv\\\/site\\\/2019\\\/05\\\/22\\\/encontro-reune-as-26-equipas-do-alto-minho-no-dia-nacional-do-sapador-florestal\\\/#breadcrumb\"},\"inLanguage\":\"pt-PT\",\"potentialAction\":[{\"@type\":\"ReadAction\",\"target\":[\"https:\\\/\\\/www.altominho.tv\\\/site\\\/2019\\\/05\\\/22\\\/encontro-reune-as-26-equipas-do-alto-minho-no-dia-nacional-do-sapador-florestal\\\/\"]}]},{\"@type\":\"ImageObject\",\"inLanguage\":\"pt-PT\",\"@id\":\"https:\\\/\\\/www.altominho.tv\\\/site\\\/2019\\\/05\\\/22\\\/encontro-reune-as-26-equipas-do-alto-minho-no-dia-nacional-do-sapador-florestal\\\/#primaryimage\",\"url\":\"https:\\\/\\\/www.altominho.tv\\\/site\\\/wp-content\\\/uploads\\\/2019\\\/05\\\/IMG_1541.jpg\",\"contentUrl\":\"https:\\\/\\\/www.altominho.tv\\\/site\\\/wp-content\\\/uploads\\\/2019\\\/05\\\/IMG_1541.jpg\",\"width\":3000,\"height\":2000},{\"@type\":\"BreadcrumbList\",\"@id\":\"https:\\\/\\\/www.altominho.tv\\\/site\\\/2019\\\/05\\\/22\\\/encontro-reune-as-26-equipas-do-alto-minho-no-dia-nacional-do-sapador-florestal\\\/#breadcrumb\",\"itemListElement\":[{\"@type\":\"ListItem\",\"position\":1,\"name\":\"In\u00edcio\",\"item\":\"https:\\\/\\\/www.altominho.tv\\\/site\\\/\"},{\"@type\":\"ListItem\",\"position\":2,\"name\":\"Encontro re\u00fane as 26 equipas do Alto Minho no Dia Nacional do Sapador Florestal\"}]},{\"@type\":\"WebSite\",\"@id\":\"https:\\\/\\\/www.altominho.tv\\\/site\\\/#website\",\"url\":\"https:\\\/\\\/www.altominho.tv\\\/site\\\/\",\"name\":\"Altominho.tv\",\"description\":\"A sua regi\u00e3o \u00e0 dist\u00e2ncia de um clique...\",\"potentialAction\":[{\"@type\":\"SearchAction\",\"target\":{\"@type\":\"EntryPoint\",\"urlTemplate\":\"https:\\\/\\\/www.altominho.tv\\\/site\\\/?s={search_term_string}\"},\"query-input\":{\"@type\":\"PropertyValueSpecification\",\"valueRequired\":true,\"valueName\":\"search_term_string\"}}],\"inLanguage\":\"pt-PT\"},{\"@type\":\"Person\",\"@id\":\"https:\\\/\\\/www.altominho.tv\\\/site\\\/#\\\/schema\\\/person\\\/d9be4265364723f14ea8e0d56a1d38cd\",\"name\":\"Andreia Ferreira\",\"image\":{\"@type\":\"ImageObject\",\"inLanguage\":\"pt-PT\",\"@id\":\"https:\\\/\\\/www.altominho.tv\\\/site\\\/wp-content\\\/uploads\\\/2021\\\/01\\\/AndreiaFerreira-150x150.jpg\",\"url\":\"https:\\\/\\\/www.altominho.tv\\\/site\\\/wp-content\\\/uploads\\\/2021\\\/01\\\/AndreiaFerreira-150x150.jpg\",\"contentUrl\":\"https:\\\/\\\/www.altominho.tv\\\/site\\\/wp-content\\\/uploads\\\/2021\\\/01\\\/AndreiaFerreira-150x150.jpg\",\"caption\":\"Andreia Ferreira\"},\"url\":\"https:\\\/\\\/www.altominho.tv\\\/site\\\/author\\\/andreiaferreira\\\/\"}]}<\/script>\n<!-- \/ Yoast SEO Premium plugin. -->","yoast_head_json":{"title":"Encontro re\u00fane as 26 equipas do Alto Minho no Dia Nacional do Sapador Florestal","robots":{"index":"index","follow":"follow","max-snippet":"max-snippet:-1","max-image-preview":"max-image-preview:large","max-video-preview":"max-video-preview:-1"},"canonical":"https:\/\/www.altominho.tv\/site\/2019\/05\/22\/encontro-reune-as-26-equipas-do-alto-minho-no-dia-nacional-do-sapador-florestal\/","og_locale":"pt_PT","og_type":"article","og_title":"Encontro re\u00fane as 26 equipas do Alto Minho no Dia Nacional do Sapador Florestal","og_description":"Cerca de 130 sapadores florestais de 26 equipas do distrito de Viana do Castelo participaram, esta ter\u00e7a-feira, numa a\u00e7\u00e3o de forma\u00e7\u00e3o promovida pelo Instituto da Conserva\u00e7\u00e3o da Natureza e das Florestas (ICNF). A iniciativa decorreu no Dia Nacional do Sapador Florestal. O Aer\u00f3dromo de Cerval foi o palco escolhido para este encontro, dada a cria\u00e7\u00e3o [&hellip;]","og_url":"https:\/\/www.altominho.tv\/site\/2019\/05\/22\/encontro-reune-as-26-equipas-do-alto-minho-no-dia-nacional-do-sapador-florestal\/","og_site_name":"Altominho.tv","article_publisher":"https:\/\/www.facebook.com\/altominhotv","article_published_time":"2019-05-22T10:27:24+00:00","article_modified_time":"2019-05-22T10:27:29+00:00","og_image":[{"width":3000,"height":2000,"url":"https:\/\/www.altominho.tv\/site\/wp-content\/uploads\/2019\/05\/IMG_1541.jpg","type":"image\/jpeg"}],"author":"Andreia Ferreira","twitter_card":"summary_large_image","twitter_creator":"@altominhoTV","twitter_site":"@altominhoTV","twitter_misc":{"Escrito por":"Andreia Ferreira","Tempo estimado de leitura":"1 minuto"},"schema":{"@context":"https:\/\/schema.org","@graph":[{"@type":"Article","@id":"https:\/\/www.altominho.tv\/site\/2019\/05\/22\/encontro-reune-as-26-equipas-do-alto-minho-no-dia-nacional-do-sapador-florestal\/#article","isPartOf":{"@id":"https:\/\/www.altominho.tv\/site\/2019\/05\/22\/encontro-reune-as-26-equipas-do-alto-minho-no-dia-nacional-do-sapador-florestal\/"},"author":{"name":"Andreia Ferreira","@id":"https:\/\/www.altominho.tv\/site\/#\/schema\/person\/d9be4265364723f14ea8e0d56a1d38cd"},"headline":"Encontro re\u00fane as 26 equipas do Alto Minho no Dia Nacional do Sapador Florestal","datePublished":"2019-05-22T10:27:24+00:00","dateModified":"2019-05-22T10:27:29+00:00","mainEntityOfPage":{"@id":"https:\/\/www.altominho.tv\/site\/2019\/05\/22\/encontro-reune-as-26-equipas-do-alto-minho-no-dia-nacional-do-sapador-florestal\/"},"wordCount":265,"image":{"@id":"https:\/\/www.altominho.tv\/site\/2019\/05\/22\/encontro-reune-as-26-equipas-do-alto-minho-no-dia-nacional-do-sapador-florestal\/#primaryimage"},"thumbnailUrl":"https:\/\/www.altominho.tv\/site\/wp-content\/uploads\/2019\/05\/IMG_1541.jpg","keywords":["Sociedade"],"articleSection":["Vila Nova de Cerveira"],"inLanguage":"pt-PT","copyrightYear":"2019","copyrightHolder":{"@id":"https:\/\/www.altominho.tv\/site\/#organization"}},{"@type":"WebPage","@id":"https:\/\/www.altominho.tv\/site\/2019\/05\/22\/encontro-reune-as-26-equipas-do-alto-minho-no-dia-nacional-do-sapador-florestal\/","url":"https:\/\/www.altominho.tv\/site\/2019\/05\/22\/encontro-reune-as-26-equipas-do-alto-minho-no-dia-nacional-do-sapador-florestal\/","name":"Encontro re\u00fane as 26 equipas do Alto Minho no Dia Nacional do Sapador Florestal","isPartOf":{"@id":"https:\/\/www.altominho.tv\/site\/#website"},"primaryImageOfPage":{"@id":"https:\/\/www.altominho.tv\/site\/2019\/05\/22\/encontro-reune-as-26-equipas-do-alto-minho-no-dia-nacional-do-sapador-florestal\/#primaryimage"},"image":{"@id":"https:\/\/www.altominho.tv\/site\/2019\/05\/22\/encontro-reune-as-26-equipas-do-alto-minho-no-dia-nacional-do-sapador-florestal\/#primaryimage"},"thumbnailUrl":"https:\/\/www.altominho.tv\/site\/wp-content\/uploads\/2019\/05\/IMG_1541.jpg","datePublished":"2019-05-22T10:27:24+00:00","dateModified":"2019-05-22T10:27:29+00:00","author":{"@id":"https:\/\/www.altominho.tv\/site\/#\/schema\/person\/d9be4265364723f14ea8e0d56a1d38cd"},"breadcrumb":{"@id":"https:\/\/www.altominho.tv\/site\/2019\/05\/22\/encontro-reune-as-26-equipas-do-alto-minho-no-dia-nacional-do-sapador-florestal\/#breadcrumb"},"inLanguage":"pt-PT","potentialAction":[{"@type":"ReadAction","target":["https:\/\/www.altominho.tv\/site\/2019\/05\/22\/encontro-reune-as-26-equipas-do-alto-minho-no-dia-nacional-do-sapador-florestal\/"]}]},{"@type":"ImageObject","inLanguage":"pt-PT","@id":"https:\/\/www.altominho.tv\/site\/2019\/05\/22\/encontro-reune-as-26-equipas-do-alto-minho-no-dia-nacional-do-sapador-florestal\/#primaryimage","url":"https:\/\/www.altominho.tv\/site\/wp-content\/uploads\/2019\/05\/IMG_1541.jpg","contentUrl":"https:\/\/www.altominho.tv\/site\/wp-content\/uploads\/2019\/05\/IMG_1541.jpg","width":3000,"height":2000},{"@type":"BreadcrumbList","@id":"https:\/\/www.altominho.tv\/site\/2019\/05\/22\/encontro-reune-as-26-equipas-do-alto-minho-no-dia-nacional-do-sapador-florestal\/#breadcrumb","itemListElement":[{"@type":"ListItem","position":1,"name":"In\u00edcio","item":"https:\/\/www.altominho.tv\/site\/"},{"@type":"ListItem","position":2,"name":"Encontro re\u00fane as 26 equipas do Alto Minho no Dia Nacional do Sapador Florestal"}]},{"@type":"WebSite","@id":"https:\/\/www.altominho.tv\/site\/#website","url":"https:\/\/www.altominho.tv\/site\/","name":"Altominho.tv","description":"A sua regi\u00e3o \u00e0 dist\u00e2ncia de um clique...","potentialAction":[{"@type":"SearchAction","target":{"@type":"EntryPoint","urlTemplate":"https:\/\/www.altominho.tv\/site\/?s={search_term_string}"},"query-input":{"@type":"PropertyValueSpecification","valueRequired":true,"valueName":"search_term_string"}}],"inLanguage":"pt-PT"},{"@type":"Person","@id":"https:\/\/www.altominho.tv\/site\/#\/schema\/person\/d9be4265364723f14ea8e0d56a1d38cd","name":"Andreia Ferreira","image":{"@type":"ImageObject","inLanguage":"pt-PT","@id":"https:\/\/www.altominho.tv\/site\/wp-content\/uploads\/2021\/01\/AndreiaFerreira-150x150.jpg","url":"https:\/\/www.altominho.tv\/site\/wp-content\/uploads\/2021\/01\/AndreiaFerreira-150x150.jpg","contentUrl":"https:\/\/www.altominho.tv\/site\/wp-content\/uploads\/2021\/01\/AndreiaFerreira-150x150.jpg","caption":"Andreia Ferreira"},"url":"https:\/\/www.altominho.tv\/site\/author\/andreiaferreira\/"}]}},"_links":{"self":[{"href":"https:\/\/www.altominho.tv\/site\/wp-json\/wp\/v2\/posts\/28676","targetHints":{"allow":["GET"]}}],"collection":[{"href":"https:\/\/www.altominho.tv\/site\/wp-json\/wp\/v2\/posts"}],"about":[{"href":"https:\/\/www.altominho.tv\/site\/wp-json\/wp\/v2\/types\/post"}],"author":[{"embeddable":true,"href":"https:\/\/www.altominho.tv\/site\/wp-json\/wp\/v2\/users\/12"}],"replies":[{"embeddable":true,"href":"https:\/\/www.altominho.tv\/site\/wp-json\/wp\/v2\/comments?post=28676"}],"version-history":[{"count":0,"href":"https:\/\/www.altominho.tv\/site\/wp-json\/wp\/v2\/posts\/28676\/revisions"}],"wp:featuredmedia":[{"embeddable":true,"href":"https:\/\/www.altominho.tv\/site\/wp-json\/wp\/v2\/media\/28678"}],"wp:attachment":[{"href":"https:\/\/www.altominho.tv\/site\/wp-json\/wp\/v2\/media?parent=28676"}],"wp:term":[{"taxonomy":"category","embeddable":true,"href":"https:\/\/www.altominho.tv\/site\/wp-json\/wp\/v2\/categories?post=28676"},{"taxonomy":"post_tag","embeddable":true,"href":"https:\/\/www.altominho.tv\/site\/wp-json\/wp\/v2\/tags?post=28676"}],"curies":[{"name":"wp","href":"https:\/\/api.w.org\/{rel}","templated":true}]}}