{"id":28171,"date":"2019-05-08T16:09:38","date_gmt":"2019-05-08T15:09:38","guid":{"rendered":"http:\/\/www.altominho.tv\/site\/?p=28171"},"modified":"2019-05-08T16:09:38","modified_gmt":"2019-05-08T15:09:38","slug":"dragagem-no-porto-de-vila-praia-de-ancora-avaliada-em-15-milhoes-de-euros-concurso-avanca-este-mes","status":"publish","type":"post","link":"https:\/\/www.altominho.tv\/site\/2019\/05\/08\/dragagem-no-porto-de-vila-praia-de-ancora-avaliada-em-15-milhoes-de-euros-concurso-avanca-este-mes\/","title":{"rendered":"Dragagem no porto de Vila Praia de \u00c2ncora avaliada em 1,5 milh\u00f5es de euros &#8211; concurso avan\u00e7a este m\u00eas"},"content":{"rendered":"<p>A ministra do Mar anunciou esta quarta-feira que o processo de dragagem no porto de Vila Praia de \u00c2ncora, em Caminha, est\u00e1 avaliado em 1,5 milh\u00f5es de euros e que o concurso avan\u00e7a este m\u00eas.<\/p>\n<p>\u201cA dragagem prevista \u00e9 no valor de 1,5 milh\u00f5es de euros e a Polis Litoral Norte vai lan\u00e7ar o concurso ainda em maio e vai ser da responsabilidade da DGRM [Dire\u00e7\u00e3o-Geral de Recursos Naturais, Seguran\u00e7a e Servi\u00e7os Mar\u00edtimos] assegurar o que vai competir \u00e0 parte nacional\u201d, disse Ana Paula Vitorino, em resposta aos deputados, durante uma audi\u00e7\u00e3o parlamentar na Comiss\u00e3o de Economia, Inova\u00e7\u00e3o e Obras P\u00fablicas.<\/p>\n<p>Ap\u00f3s a terceira ronda de interven\u00e7\u00f5es dos grupos parlamentares, a l\u00edder do Minist\u00e9rio do Mar sublinhou que, \u201ctendo em conta a orienta\u00e7\u00e3o da costa\u201d \u00e9 recorrente que nos pequenos portos seja necess\u00e1rio efetuar dragagens.<\/p>\n<p>\u201cN\u00e3o \u00e9 comport\u00e1vel, em todo o pa\u00eds, eliminar os portos que existem e fazer novos at\u00e9 porque a orienta\u00e7\u00e3o da costa fica a mesma\u201d vincou.<\/p>\n<p>Confrontada pela deputada Liliana Silva do PSD com imagens do estado do porto de Vila Praia de \u00c2ncora, a governante comprometeu-se ainda a insistir com a sociedade para a requalifica\u00e7\u00e3o e valoriza\u00e7\u00e3o (Polis) do Litoral Norte para que \u201cseja cumprida esta mat\u00e9ria\u201d.<\/p>\n<p>Fonte: Lusa<\/p>\n","protected":false},"excerpt":{"rendered":"<p>A ministra do Mar anunciou esta quarta-feira que o processo de dragagem no porto de Vila Praia de \u00c2ncora, em Caminha, est\u00e1 avaliado em 1,5 milh\u00f5es de euros e que o concurso avan\u00e7a este m\u00eas. \u201cA dragagem prevista \u00e9 no valor de 1,5 milh\u00f5es de euros e a Polis Litoral Norte vai lan\u00e7ar o concurso [&hellip;]<\/p>\n","protected":false},"author":12,"featured_media":28174,"comment_status":"closed","ping_status":"closed","sticky":false,"template":"","format":"standard","meta":{"_exactmetrics_skip_tracking":false,"_exactmetrics_sitenote_active":false,"_exactmetrics_sitenote_note":"","_exactmetrics_sitenote_category":0,"footnotes":""},"categories":[7],"tags":[27],"class_list":["post-28171","post","type-post","status-publish","format-standard","has-post-thumbnail","hentry","category-caminha","tag-sociedade"],"yoast_head":"<!-- This site is optimized with the Yoast SEO Premium plugin v27.5 (Yoast SEO v27.5) - https:\/\/yoast.com\/product\/yoast-seo-premium-wordpress\/ -->\n<title>Dragagem no porto de Vila Praia de \u00c2ncora avaliada em 1,5 milh\u00f5es de euros - concurso avan\u00e7a este m\u00eas<\/title>\n<meta name=\"robots\" content=\"index, follow, max-snippet:-1, max-image-preview:large, max-video-preview:-1\" \/>\n<link rel=\"canonical\" href=\"https:\/\/www.altominho.tv\/site\/2019\/05\/08\/dragagem-no-porto-de-vila-praia-de-ancora-avaliada-em-15-milhoes-de-euros-concurso-avanca-este-mes\/\" \/>\n<meta property=\"og:locale\" content=\"pt_PT\" \/>\n<meta property=\"og:type\" content=\"article\" \/>\n<meta property=\"og:title\" content=\"Dragagem no porto de Vila Praia de \u00c2ncora avaliada em 1,5 milh\u00f5es de euros - concurso avan\u00e7a este m\u00eas\" \/>\n<meta property=\"og:description\" content=\"A ministra do Mar anunciou esta quarta-feira que o processo de dragagem no porto de Vila Praia de \u00c2ncora, em Caminha, est\u00e1 avaliado em 1,5 milh\u00f5es de euros e que o concurso avan\u00e7a este m\u00eas. \u201cA dragagem prevista \u00e9 no valor de 1,5 milh\u00f5es de euros e a Polis Litoral Norte vai lan\u00e7ar o concurso [&hellip;]\" \/>\n<meta property=\"og:url\" content=\"https:\/\/www.altominho.tv\/site\/2019\/05\/08\/dragagem-no-porto-de-vila-praia-de-ancora-avaliada-em-15-milhoes-de-euros-concurso-avanca-este-mes\/\" \/>\n<meta property=\"og:site_name\" content=\"Altominho.tv\" \/>\n<meta property=\"article:publisher\" content=\"https:\/\/www.facebook.com\/altominhotv\" \/>\n<meta property=\"article:published_time\" content=\"2019-05-08T15:09:38+00:00\" \/>\n<meta property=\"og:image\" content=\"https:\/\/www.altominho.tv\/site\/wp-content\/uploads\/2019\/05\/Porto-Ancora-800x500.jpg\" \/>\n\t<meta property=\"og:image:width\" content=\"800\" \/>\n\t<meta property=\"og:image:height\" content=\"500\" \/>\n\t<meta property=\"og:image:type\" content=\"image\/jpeg\" \/>\n<meta name=\"author\" content=\"Andreia Ferreira\" \/>\n<meta name=\"twitter:card\" content=\"summary_large_image\" \/>\n<meta name=\"twitter:creator\" content=\"@altominhoTV\" \/>\n<meta name=\"twitter:site\" content=\"@altominhoTV\" \/>\n<meta name=\"twitter:label1\" content=\"Escrito por\" \/>\n\t<meta name=\"twitter:data1\" content=\"Andreia Ferreira\" \/>\n\t<meta name=\"twitter:label2\" content=\"Tempo estimado de leitura\" \/>\n\t<meta name=\"twitter:data2\" content=\"1 minuto\" \/>\n<script type=\"application\/ld+json\" class=\"yoast-schema-graph\">{\"@context\":\"https:\\\/\\\/schema.org\",\"@graph\":[{\"@type\":\"Article\",\"@id\":\"https:\\\/\\\/www.altominho.tv\\\/site\\\/2019\\\/05\\\/08\\\/dragagem-no-porto-de-vila-praia-de-ancora-avaliada-em-15-milhoes-de-euros-concurso-avanca-este-mes\\\/#article\",\"isPartOf\":{\"@id\":\"https:\\\/\\\/www.altominho.tv\\\/site\\\/2019\\\/05\\\/08\\\/dragagem-no-porto-de-vila-praia-de-ancora-avaliada-em-15-milhoes-de-euros-concurso-avanca-este-mes\\\/\"},\"author\":{\"name\":\"Andreia Ferreira\",\"@id\":\"https:\\\/\\\/www.altominho.tv\\\/site\\\/#\\\/schema\\\/person\\\/d9be4265364723f14ea8e0d56a1d38cd\"},\"headline\":\"Dragagem no porto de Vila Praia de \u00c2ncora avaliada em 1,5 milh\u00f5es de euros &#8211; concurso avan\u00e7a este m\u00eas\",\"datePublished\":\"2019-05-08T15:09:38+00:00\",\"mainEntityOfPage\":{\"@id\":\"https:\\\/\\\/www.altominho.tv\\\/site\\\/2019\\\/05\\\/08\\\/dragagem-no-porto-de-vila-praia-de-ancora-avaliada-em-15-milhoes-de-euros-concurso-avanca-este-mes\\\/\"},\"wordCount\":245,\"image\":{\"@id\":\"https:\\\/\\\/www.altominho.tv\\\/site\\\/2019\\\/05\\\/08\\\/dragagem-no-porto-de-vila-praia-de-ancora-avaliada-em-15-milhoes-de-euros-concurso-avanca-este-mes\\\/#primaryimage\"},\"thumbnailUrl\":\"https:\\\/\\\/www.altominho.tv\\\/site\\\/wp-content\\\/uploads\\\/2019\\\/05\\\/Porto-Ancora-800x500.jpg\",\"keywords\":[\"Sociedade\"],\"articleSection\":[\"Caminha\"],\"inLanguage\":\"pt-PT\",\"copyrightYear\":\"2019\",\"copyrightHolder\":{\"@id\":\"https:\\\/\\\/www.altominho.tv\\\/site\\\/#organization\"}},{\"@type\":\"WebPage\",\"@id\":\"https:\\\/\\\/www.altominho.tv\\\/site\\\/2019\\\/05\\\/08\\\/dragagem-no-porto-de-vila-praia-de-ancora-avaliada-em-15-milhoes-de-euros-concurso-avanca-este-mes\\\/\",\"url\":\"https:\\\/\\\/www.altominho.tv\\\/site\\\/2019\\\/05\\\/08\\\/dragagem-no-porto-de-vila-praia-de-ancora-avaliada-em-15-milhoes-de-euros-concurso-avanca-este-mes\\\/\",\"name\":\"Dragagem no porto de Vila Praia de \u00c2ncora avaliada em 1,5 milh\u00f5es de euros - concurso avan\u00e7a este m\u00eas\",\"isPartOf\":{\"@id\":\"https:\\\/\\\/www.altominho.tv\\\/site\\\/#website\"},\"primaryImageOfPage\":{\"@id\":\"https:\\\/\\\/www.altominho.tv\\\/site\\\/2019\\\/05\\\/08\\\/dragagem-no-porto-de-vila-praia-de-ancora-avaliada-em-15-milhoes-de-euros-concurso-avanca-este-mes\\\/#primaryimage\"},\"image\":{\"@id\":\"https:\\\/\\\/www.altominho.tv\\\/site\\\/2019\\\/05\\\/08\\\/dragagem-no-porto-de-vila-praia-de-ancora-avaliada-em-15-milhoes-de-euros-concurso-avanca-este-mes\\\/#primaryimage\"},\"thumbnailUrl\":\"https:\\\/\\\/www.altominho.tv\\\/site\\\/wp-content\\\/uploads\\\/2019\\\/05\\\/Porto-Ancora-800x500.jpg\",\"datePublished\":\"2019-05-08T15:09:38+00:00\",\"author\":{\"@id\":\"https:\\\/\\\/www.altominho.tv\\\/site\\\/#\\\/schema\\\/person\\\/d9be4265364723f14ea8e0d56a1d38cd\"},\"breadcrumb\":{\"@id\":\"https:\\\/\\\/www.altominho.tv\\\/site\\\/2019\\\/05\\\/08\\\/dragagem-no-porto-de-vila-praia-de-ancora-avaliada-em-15-milhoes-de-euros-concurso-avanca-este-mes\\\/#breadcrumb\"},\"inLanguage\":\"pt-PT\",\"potentialAction\":[{\"@type\":\"ReadAction\",\"target\":[\"https:\\\/\\\/www.altominho.tv\\\/site\\\/2019\\\/05\\\/08\\\/dragagem-no-porto-de-vila-praia-de-ancora-avaliada-em-15-milhoes-de-euros-concurso-avanca-este-mes\\\/\"]}]},{\"@type\":\"ImageObject\",\"inLanguage\":\"pt-PT\",\"@id\":\"https:\\\/\\\/www.altominho.tv\\\/site\\\/2019\\\/05\\\/08\\\/dragagem-no-porto-de-vila-praia-de-ancora-avaliada-em-15-milhoes-de-euros-concurso-avanca-este-mes\\\/#primaryimage\",\"url\":\"https:\\\/\\\/www.altominho.tv\\\/site\\\/wp-content\\\/uploads\\\/2019\\\/05\\\/Porto-Ancora-800x500.jpg\",\"contentUrl\":\"https:\\\/\\\/www.altominho.tv\\\/site\\\/wp-content\\\/uploads\\\/2019\\\/05\\\/Porto-Ancora-800x500.jpg\",\"width\":800,\"height\":500},{\"@type\":\"BreadcrumbList\",\"@id\":\"https:\\\/\\\/www.altominho.tv\\\/site\\\/2019\\\/05\\\/08\\\/dragagem-no-porto-de-vila-praia-de-ancora-avaliada-em-15-milhoes-de-euros-concurso-avanca-este-mes\\\/#breadcrumb\",\"itemListElement\":[{\"@type\":\"ListItem\",\"position\":1,\"name\":\"In\u00edcio\",\"item\":\"https:\\\/\\\/www.altominho.tv\\\/site\\\/\"},{\"@type\":\"ListItem\",\"position\":2,\"name\":\"Dragagem no porto de Vila Praia de \u00c2ncora avaliada em 1,5 milh\u00f5es de euros &#8211; concurso avan\u00e7a este m\u00eas\"}]},{\"@type\":\"WebSite\",\"@id\":\"https:\\\/\\\/www.altominho.tv\\\/site\\\/#website\",\"url\":\"https:\\\/\\\/www.altominho.tv\\\/site\\\/\",\"name\":\"Altominho.tv\",\"description\":\"A sua regi\u00e3o \u00e0 dist\u00e2ncia de um clique...\",\"potentialAction\":[{\"@type\":\"SearchAction\",\"target\":{\"@type\":\"EntryPoint\",\"urlTemplate\":\"https:\\\/\\\/www.altominho.tv\\\/site\\\/?s={search_term_string}\"},\"query-input\":{\"@type\":\"PropertyValueSpecification\",\"valueRequired\":true,\"valueName\":\"search_term_string\"}}],\"inLanguage\":\"pt-PT\"},{\"@type\":\"Person\",\"@id\":\"https:\\\/\\\/www.altominho.tv\\\/site\\\/#\\\/schema\\\/person\\\/d9be4265364723f14ea8e0d56a1d38cd\",\"name\":\"Andreia Ferreira\",\"image\":{\"@type\":\"ImageObject\",\"inLanguage\":\"pt-PT\",\"@id\":\"https:\\\/\\\/www.altominho.tv\\\/site\\\/wp-content\\\/uploads\\\/2021\\\/01\\\/AndreiaFerreira-150x150.jpg\",\"url\":\"https:\\\/\\\/www.altominho.tv\\\/site\\\/wp-content\\\/uploads\\\/2021\\\/01\\\/AndreiaFerreira-150x150.jpg\",\"contentUrl\":\"https:\\\/\\\/www.altominho.tv\\\/site\\\/wp-content\\\/uploads\\\/2021\\\/01\\\/AndreiaFerreira-150x150.jpg\",\"caption\":\"Andreia Ferreira\"},\"url\":\"https:\\\/\\\/www.altominho.tv\\\/site\\\/author\\\/andreiaferreira\\\/\"}]}<\/script>\n<!-- \/ Yoast SEO Premium plugin. -->","yoast_head_json":{"title":"Dragagem no porto de Vila Praia de \u00c2ncora avaliada em 1,5 milh\u00f5es de euros - concurso avan\u00e7a este m\u00eas","robots":{"index":"index","follow":"follow","max-snippet":"max-snippet:-1","max-image-preview":"max-image-preview:large","max-video-preview":"max-video-preview:-1"},"canonical":"https:\/\/www.altominho.tv\/site\/2019\/05\/08\/dragagem-no-porto-de-vila-praia-de-ancora-avaliada-em-15-milhoes-de-euros-concurso-avanca-este-mes\/","og_locale":"pt_PT","og_type":"article","og_title":"Dragagem no porto de Vila Praia de \u00c2ncora avaliada em 1,5 milh\u00f5es de euros - concurso avan\u00e7a este m\u00eas","og_description":"A ministra do Mar anunciou esta quarta-feira que o processo de dragagem no porto de Vila Praia de \u00c2ncora, em Caminha, est\u00e1 avaliado em 1,5 milh\u00f5es de euros e que o concurso avan\u00e7a este m\u00eas. \u201cA dragagem prevista \u00e9 no valor de 1,5 milh\u00f5es de euros e a Polis Litoral Norte vai lan\u00e7ar o concurso [&hellip;]","og_url":"https:\/\/www.altominho.tv\/site\/2019\/05\/08\/dragagem-no-porto-de-vila-praia-de-ancora-avaliada-em-15-milhoes-de-euros-concurso-avanca-este-mes\/","og_site_name":"Altominho.tv","article_publisher":"https:\/\/www.facebook.com\/altominhotv","article_published_time":"2019-05-08T15:09:38+00:00","og_image":[{"width":800,"height":500,"url":"https:\/\/www.altominho.tv\/site\/wp-content\/uploads\/2019\/05\/Porto-Ancora-800x500.jpg","type":"image\/jpeg"}],"author":"Andreia Ferreira","twitter_card":"summary_large_image","twitter_creator":"@altominhoTV","twitter_site":"@altominhoTV","twitter_misc":{"Escrito por":"Andreia Ferreira","Tempo estimado de leitura":"1 minuto"},"schema":{"@context":"https:\/\/schema.org","@graph":[{"@type":"Article","@id":"https:\/\/www.altominho.tv\/site\/2019\/05\/08\/dragagem-no-porto-de-vila-praia-de-ancora-avaliada-em-15-milhoes-de-euros-concurso-avanca-este-mes\/#article","isPartOf":{"@id":"https:\/\/www.altominho.tv\/site\/2019\/05\/08\/dragagem-no-porto-de-vila-praia-de-ancora-avaliada-em-15-milhoes-de-euros-concurso-avanca-este-mes\/"},"author":{"name":"Andreia Ferreira","@id":"https:\/\/www.altominho.tv\/site\/#\/schema\/person\/d9be4265364723f14ea8e0d56a1d38cd"},"headline":"Dragagem no porto de Vila Praia de \u00c2ncora avaliada em 1,5 milh\u00f5es de euros &#8211; concurso avan\u00e7a este m\u00eas","datePublished":"2019-05-08T15:09:38+00:00","mainEntityOfPage":{"@id":"https:\/\/www.altominho.tv\/site\/2019\/05\/08\/dragagem-no-porto-de-vila-praia-de-ancora-avaliada-em-15-milhoes-de-euros-concurso-avanca-este-mes\/"},"wordCount":245,"image":{"@id":"https:\/\/www.altominho.tv\/site\/2019\/05\/08\/dragagem-no-porto-de-vila-praia-de-ancora-avaliada-em-15-milhoes-de-euros-concurso-avanca-este-mes\/#primaryimage"},"thumbnailUrl":"https:\/\/www.altominho.tv\/site\/wp-content\/uploads\/2019\/05\/Porto-Ancora-800x500.jpg","keywords":["Sociedade"],"articleSection":["Caminha"],"inLanguage":"pt-PT","copyrightYear":"2019","copyrightHolder":{"@id":"https:\/\/www.altominho.tv\/site\/#organization"}},{"@type":"WebPage","@id":"https:\/\/www.altominho.tv\/site\/2019\/05\/08\/dragagem-no-porto-de-vila-praia-de-ancora-avaliada-em-15-milhoes-de-euros-concurso-avanca-este-mes\/","url":"https:\/\/www.altominho.tv\/site\/2019\/05\/08\/dragagem-no-porto-de-vila-praia-de-ancora-avaliada-em-15-milhoes-de-euros-concurso-avanca-este-mes\/","name":"Dragagem no porto de Vila Praia de \u00c2ncora avaliada em 1,5 milh\u00f5es de euros - concurso avan\u00e7a este m\u00eas","isPartOf":{"@id":"https:\/\/www.altominho.tv\/site\/#website"},"primaryImageOfPage":{"@id":"https:\/\/www.altominho.tv\/site\/2019\/05\/08\/dragagem-no-porto-de-vila-praia-de-ancora-avaliada-em-15-milhoes-de-euros-concurso-avanca-este-mes\/#primaryimage"},"image":{"@id":"https:\/\/www.altominho.tv\/site\/2019\/05\/08\/dragagem-no-porto-de-vila-praia-de-ancora-avaliada-em-15-milhoes-de-euros-concurso-avanca-este-mes\/#primaryimage"},"thumbnailUrl":"https:\/\/www.altominho.tv\/site\/wp-content\/uploads\/2019\/05\/Porto-Ancora-800x500.jpg","datePublished":"2019-05-08T15:09:38+00:00","author":{"@id":"https:\/\/www.altominho.tv\/site\/#\/schema\/person\/d9be4265364723f14ea8e0d56a1d38cd"},"breadcrumb":{"@id":"https:\/\/www.altominho.tv\/site\/2019\/05\/08\/dragagem-no-porto-de-vila-praia-de-ancora-avaliada-em-15-milhoes-de-euros-concurso-avanca-este-mes\/#breadcrumb"},"inLanguage":"pt-PT","potentialAction":[{"@type":"ReadAction","target":["https:\/\/www.altominho.tv\/site\/2019\/05\/08\/dragagem-no-porto-de-vila-praia-de-ancora-avaliada-em-15-milhoes-de-euros-concurso-avanca-este-mes\/"]}]},{"@type":"ImageObject","inLanguage":"pt-PT","@id":"https:\/\/www.altominho.tv\/site\/2019\/05\/08\/dragagem-no-porto-de-vila-praia-de-ancora-avaliada-em-15-milhoes-de-euros-concurso-avanca-este-mes\/#primaryimage","url":"https:\/\/www.altominho.tv\/site\/wp-content\/uploads\/2019\/05\/Porto-Ancora-800x500.jpg","contentUrl":"https:\/\/www.altominho.tv\/site\/wp-content\/uploads\/2019\/05\/Porto-Ancora-800x500.jpg","width":800,"height":500},{"@type":"BreadcrumbList","@id":"https:\/\/www.altominho.tv\/site\/2019\/05\/08\/dragagem-no-porto-de-vila-praia-de-ancora-avaliada-em-15-milhoes-de-euros-concurso-avanca-este-mes\/#breadcrumb","itemListElement":[{"@type":"ListItem","position":1,"name":"In\u00edcio","item":"https:\/\/www.altominho.tv\/site\/"},{"@type":"ListItem","position":2,"name":"Dragagem no porto de Vila Praia de \u00c2ncora avaliada em 1,5 milh\u00f5es de euros &#8211; concurso avan\u00e7a este m\u00eas"}]},{"@type":"WebSite","@id":"https:\/\/www.altominho.tv\/site\/#website","url":"https:\/\/www.altominho.tv\/site\/","name":"Altominho.tv","description":"A sua regi\u00e3o \u00e0 dist\u00e2ncia de um clique...","potentialAction":[{"@type":"SearchAction","target":{"@type":"EntryPoint","urlTemplate":"https:\/\/www.altominho.tv\/site\/?s={search_term_string}"},"query-input":{"@type":"PropertyValueSpecification","valueRequired":true,"valueName":"search_term_string"}}],"inLanguage":"pt-PT"},{"@type":"Person","@id":"https:\/\/www.altominho.tv\/site\/#\/schema\/person\/d9be4265364723f14ea8e0d56a1d38cd","name":"Andreia Ferreira","image":{"@type":"ImageObject","inLanguage":"pt-PT","@id":"https:\/\/www.altominho.tv\/site\/wp-content\/uploads\/2021\/01\/AndreiaFerreira-150x150.jpg","url":"https:\/\/www.altominho.tv\/site\/wp-content\/uploads\/2021\/01\/AndreiaFerreira-150x150.jpg","contentUrl":"https:\/\/www.altominho.tv\/site\/wp-content\/uploads\/2021\/01\/AndreiaFerreira-150x150.jpg","caption":"Andreia Ferreira"},"url":"https:\/\/www.altominho.tv\/site\/author\/andreiaferreira\/"}]}},"_links":{"self":[{"href":"https:\/\/www.altominho.tv\/site\/wp-json\/wp\/v2\/posts\/28171","targetHints":{"allow":["GET"]}}],"collection":[{"href":"https:\/\/www.altominho.tv\/site\/wp-json\/wp\/v2\/posts"}],"about":[{"href":"https:\/\/www.altominho.tv\/site\/wp-json\/wp\/v2\/types\/post"}],"author":[{"embeddable":true,"href":"https:\/\/www.altominho.tv\/site\/wp-json\/wp\/v2\/users\/12"}],"replies":[{"embeddable":true,"href":"https:\/\/www.altominho.tv\/site\/wp-json\/wp\/v2\/comments?post=28171"}],"version-history":[{"count":0,"href":"https:\/\/www.altominho.tv\/site\/wp-json\/wp\/v2\/posts\/28171\/revisions"}],"wp:featuredmedia":[{"embeddable":true,"href":"https:\/\/www.altominho.tv\/site\/wp-json\/wp\/v2\/media\/28174"}],"wp:attachment":[{"href":"https:\/\/www.altominho.tv\/site\/wp-json\/wp\/v2\/media?parent=28171"}],"wp:term":[{"taxonomy":"category","embeddable":true,"href":"https:\/\/www.altominho.tv\/site\/wp-json\/wp\/v2\/categories?post=28171"},{"taxonomy":"post_tag","embeddable":true,"href":"https:\/\/www.altominho.tv\/site\/wp-json\/wp\/v2\/tags?post=28171"}],"curies":[{"name":"wp","href":"https:\/\/api.w.org\/{rel}","templated":true}]}}